{"id":1877,"date":"2024-05-21T02:46:57","date_gmt":"2024-05-21T02:46:57","guid":{"rendered":"https:\/\/novawebmaster.com\/uniagraria\/?p=1877"},"modified":"2024-10-25T02:48:08","modified_gmt":"2024-10-25T02:48:08","slug":"celebracion-del-trigesimo-aniversario-del-programa-de-contaduria-publica-de-uniagraria","status":"publish","type":"post","link":"https:\/\/uniagraria.edu.co\/en\/celebracion-del-trigesimo-aniversario-del-programa-de-contaduria-publica-de-uniagraria\/","title":{"rendered":"Celebraci\u00f3n del Trig\u00e9simo Aniversario del Programa de Contadur\u00eda P\u00fablica de UNIAGRARIA"},"content":{"rendered":"<h4 id=\"mce_0\" class=\"uk-container uk-container-xsmall\"><em><strong>Direcci\u00f3n de Comunicaciones UNIAGRARIA<\/strong><\/em><\/h4>\n<p class=\"uk-container uk-container-xsmall\">En el marco de la celebraci\u00f3n del Trig\u00e9simo Aniversario del Programa de Contadur\u00eda P\u00fablica, UNIAGRARIA agradece la destacada asistencia y participaci\u00f3n de nuestros estudiantes, egresados y cuerpo acad\u00e9mico. Este evento acad\u00e9mico, que tuvo lugar en nuestra sede de Bogot\u00e1, fue un espacio para reflexionar sobre los logros del programa y su impacto en la formaci\u00f3n de contadores p\u00fablicos comprometidos con el desarrollo sostenible y la responsabilidad social.<\/p>\n<p class=\"uk-container uk-container-xsmall\">Durante la celebraci\u00f3n, se hizo un reconocimiento especial al Dr. \u00c1lvaro Z\u00fa\u00f1iga Garc\u00eda, fundador y creador del Programa de Contadur\u00eda P\u00fablica, cuya visi\u00f3n y dedicaci\u00f3n han sido fundamentales para consolidar un programa de alta calidad acad\u00e9mica y pertinencia social.<\/p>\n<p class=\"uk-container uk-container-xsmall\">El evento tambi\u00e9n incluy\u00f3 un concurso de p\u00f3sters, donde los estudiantes del programa presentaron sus proyectos y propuestas innovadoras, demostrando su talento y creatividad en la aplicaci\u00f3n de conocimientos contables a problemas reales.<\/p>\n<p class=\"uk-container uk-container-xsmall\">Uno de los momentos m\u00e1s destacados fue la conferencia del docente Fabi\u00e1n Quinche, quien abord\u00f3 el tema central \u201cSostenibilidad y Conflictos Socioambientales desde la Perspectiva Contable en Colombia\u201d. La charla del Profesor Quinche ofreci\u00f3 valiosas reflexiones sobre c\u00f3mo la contabilidad puede contribuir a la resoluci\u00f3n de conflictos socioambientales y promover pr\u00e1cticas sostenibles en el \u00e1mbito empresarial y comunitario.<\/p>\n<p class=\"uk-container uk-container-xsmall\">Agradecemos a todos los asistentes por su compromiso y entusiasmo, y esperamos seguir contando con su participaci\u00f3n en futuras actividades acad\u00e9micas y celebraciones. Este aniversario no solo celebra el pasado y el presente del programa, sino que tambi\u00e9n nos impulsa a continuar formando profesionales que lideren con \u00e9tica y responsabilidad los desaf\u00edos del futuro.<\/p>\n<div class=\"uk-container uk-margin-large uk-position-relative uk-overflow-hidden uk-visible-toggle uk-light uk-slideshow\">\n<ul class=\"uk-slideshow-items\">\n<li class=\"blocks-gallery-item uk-active uk-transition-active\"><\/li>\n<\/ul>\n<\/div>","protected":false},"excerpt":{"rendered":"<p>Direcci\u00f3n de Comunicaciones UNIAGRARIA En el marco de la celebraci\u00f3n del Trig\u00e9simo Aniversario del Programa de Contadur\u00eda P\u00fablica, UNIAGRARIA agradece la destacada asistencia y participaci\u00f3n de nuestros estudiantes, egresados y cuerpo acad\u00e9mico. Este evento acad\u00e9mico, que tuvo lugar en nuestra sede de Bogot\u00e1, fue un espacio para reflexionar sobre los logros del programa y su [&hellip;]<\/p>\n","protected":false},"author":1,"featured_media":1878,"comment_status":"open","ping_status":"open","sticky":false,"template":"","format":"standard","meta":{"_acf_changed":false,"site-sidebar-layout":"default","site-content-layout":"","ast-site-content-layout":"default","site-content-style":"default","site-sidebar-style":"default","ast-global-header-display":"","ast-banner-title-visibility":"","ast-main-header-display":"","ast-hfb-above-header-display":"","ast-hfb-below-header-display":"","ast-hfb-mobile-header-display":"","site-post-title":"","ast-breadcrumbs-content":"","ast-featured-img":"","footer-sml-layout":"","ast-disable-related-posts":"","theme-transparent-header-meta":"default","adv-header-id-meta":"","stick-header-meta":"default","header-above-stick-meta":"","header-main-stick-meta":"","header-below-stick-meta":"","astra-migrate-meta-layouts":"set","ast-page-background-enabled":"default","ast-page-background-meta":{"desktop":{"background-color":"var(--ast-global-color-4)","background-image":"","background-repeat":"repeat","background-position":"center center","background-size":"auto","background-attachment":"scroll","background-type":"","background-media":"","overlay-type":"","overlay-color":"","overlay-opacity":"","overlay-gradient":""},"tablet":{"background-color":"","background-image":"","background-repeat":"repeat","background-position":"center center","background-size":"auto","background-attachment":"scroll","background-type":"","background-media":"","overlay-type":"","overlay-color":"","overlay-opacity":"","overlay-gradient":""},"mobile":{"background-color":"","background-image":"","background-repeat":"repeat","background-position":"center center","background-size":"auto","background-attachment":"scroll","background-type":"","background-media":"","overlay-type":"","overlay-color":"","overlay-opacity":"","overlay-gradient":""}},"ast-content-background-meta":{"desktop":{"background-color":"var(--ast-global-color-5)","background-image":"","background-repeat":"repeat","background-position":"center center","background-size":"auto","background-attachment":"scroll","background-type":"","background-media":"","overlay-type":"","overlay-color":"","overlay-opacity":"","overlay-gradient":""},"tablet":{"background-color":"var(--ast-global-color-5)","background-image":"","background-repeat":"repeat","background-position":"center center","background-size":"auto","background-attachment":"scroll","background-type":"","background-media":"","overlay-type":"","overlay-color":"","overlay-opacity":"","overlay-gradient":""},"mobile":{"background-color":"var(--ast-global-color-5)","background-image":"","background-repeat":"repeat","background-position":"center center","background-size":"auto","background-attachment":"scroll","background-type":"","background-media":"","overlay-type":"","overlay-color":"","overlay-opacity":"","overlay-gradient":""}},"footnotes":""},"categories":[23],"tags":[],"class_list":["post-1877","post","type-post","status-publish","format-standard","has-post-thumbnail","hentry","category-noticias-de-contaduria-publica"],"acf":[],"yoast_head":"<!-- This site is optimized with the Yoast SEO plugin v27.5 - https:\/\/yoast.com\/product\/yoast-seo-wordpress\/ -->\n<title>Celebraci\u00f3n del Trig\u00e9simo Aniversario del Programa de Contadur\u00eda P\u00fablica de UNIAGRARIA - UNIAGRARIA<\/title>\n<meta name=\"robots\" content=\"index, follow, max-snippet:-1, max-image-preview:large, max-video-preview:-1\" \/>\n<link rel=\"canonical\" href=\"https:\/\/uniagraria.edu.co\/en\/celebracion-del-trigesimo-aniversario-del-programa-de-contaduria-publica-de-uniagraria\/\" \/>\n<meta property=\"og:locale\" content=\"en_US\" \/>\n<meta property=\"og:type\" content=\"article\" \/>\n<meta property=\"og:title\" content=\"Celebraci\u00f3n del Trig\u00e9simo Aniversario del Programa de Contadur\u00eda P\u00fablica de UNIAGRARIA - UNIAGRARIA\" \/>\n<meta property=\"og:description\" content=\"Direcci\u00f3n de Comunicaciones UNIAGRARIA En el marco de la celebraci\u00f3n del Trig\u00e9simo Aniversario del Programa de Contadur\u00eda P\u00fablica, UNIAGRARIA agradece la destacada asistencia y participaci\u00f3n de nuestros estudiantes, egresados y cuerpo acad\u00e9mico. Este evento acad\u00e9mico, que tuvo lugar en nuestra sede de Bogot\u00e1, fue un espacio para reflexionar sobre los logros del programa y su [&hellip;]\" \/>\n<meta property=\"og:url\" content=\"https:\/\/uniagraria.edu.co\/en\/celebracion-del-trigesimo-aniversario-del-programa-de-contaduria-publica-de-uniagraria\/\" \/>\n<meta property=\"og:site_name\" content=\"UNIAGRARIA\" \/>\n<meta property=\"article:publisher\" content=\"https:\/\/www.facebook.com\/uagraria\/?locale=es_LA\" \/>\n<meta property=\"article:published_time\" content=\"2024-05-21T02:46:57+00:00\" \/>\n<meta property=\"article:modified_time\" content=\"2024-10-25T02:48:08+00:00\" \/>\n<meta property=\"og:image\" content=\"https:\/\/uniagraria.edu.co\/wp-content\/uploads\/2024\/10\/TrigesimoAniversarioDelProgramadeContaduriaPublica-11-1024x709-1.jpeg\" \/>\n\t<meta property=\"og:image:width\" content=\"1024\" \/>\n\t<meta property=\"og:image:height\" content=\"709\" \/>\n\t<meta property=\"og:image:type\" content=\"image\/jpeg\" \/>\n<meta name=\"author\" content=\"Comunicaciones UNIAGRARIA\" \/>\n<meta name=\"twitter:card\" content=\"summary_large_image\" \/>\n<meta name=\"twitter:creator\" content=\"@UNIAGRARIA\" \/>\n<meta name=\"twitter:site\" content=\"@UNIAGRARIA\" \/>\n<meta name=\"twitter:label1\" content=\"Written by\" \/>\n\t<meta name=\"twitter:data1\" content=\"Comunicaciones UNIAGRARIA\" \/>\n\t<meta name=\"twitter:label2\" content=\"Est. reading time\" \/>\n\t<meta name=\"twitter:data2\" content=\"1 minute\" \/>\n<script type=\"application\/ld+json\" class=\"yoast-schema-graph\">{\"@context\":\"https:\\\/\\\/schema.org\",\"@graph\":[{\"@type\":\"Article\",\"@id\":\"https:\\\/\\\/uniagraria.edu.co\\\/en\\\/celebracion-del-trigesimo-aniversario-del-programa-de-contaduria-publica-de-uniagraria\\\/#article\",\"isPartOf\":{\"@id\":\"https:\\\/\\\/uniagraria.edu.co\\\/en\\\/celebracion-del-trigesimo-aniversario-del-programa-de-contaduria-publica-de-uniagraria\\\/\"},\"author\":{\"name\":\"Comunicaciones UNIAGRARIA\",\"@id\":\"https:\\\/\\\/uniagraria.edu.co\\\/es\\\/#\\\/schema\\\/person\\\/01453e528214fd1dec28dd2635466339\"},\"headline\":\"Celebraci\u00f3n del Trig\u00e9simo Aniversario del Programa de Contadur\u00eda P\u00fablica de UNIAGRARIA\",\"datePublished\":\"2024-05-21T02:46:57+00:00\",\"dateModified\":\"2024-10-25T02:48:08+00:00\",\"mainEntityOfPage\":{\"@id\":\"https:\\\/\\\/uniagraria.edu.co\\\/en\\\/celebracion-del-trigesimo-aniversario-del-programa-de-contaduria-publica-de-uniagraria\\\/\"},\"wordCount\":300,\"commentCount\":0,\"publisher\":{\"@id\":\"https:\\\/\\\/uniagraria.edu.co\\\/es\\\/#organization\"},\"image\":{\"@id\":\"https:\\\/\\\/uniagraria.edu.co\\\/en\\\/celebracion-del-trigesimo-aniversario-del-programa-de-contaduria-publica-de-uniagraria\\\/#primaryimage\"},\"thumbnailUrl\":\"https:\\\/\\\/uniagraria.edu.co\\\/wp-content\\\/uploads\\\/2024\\\/10\\\/TrigesimoAniversarioDelProgramadeContaduriaPublica-11-1024x709-1.jpeg\",\"articleSection\":[\"Noticias de Contadur\u00eda P\u00fablica\"],\"inLanguage\":\"en-US\",\"potentialAction\":[{\"@type\":\"CommentAction\",\"name\":\"Comment\",\"target\":[\"https:\\\/\\\/uniagraria.edu.co\\\/en\\\/celebracion-del-trigesimo-aniversario-del-programa-de-contaduria-publica-de-uniagraria\\\/#respond\"]}]},{\"@type\":\"WebPage\",\"@id\":\"https:\\\/\\\/uniagraria.edu.co\\\/en\\\/celebracion-del-trigesimo-aniversario-del-programa-de-contaduria-publica-de-uniagraria\\\/\",\"url\":\"https:\\\/\\\/uniagraria.edu.co\\\/en\\\/celebracion-del-trigesimo-aniversario-del-programa-de-contaduria-publica-de-uniagraria\\\/\",\"name\":\"Celebraci\u00f3n del Trig\u00e9simo Aniversario del Programa de Contadur\u00eda P\u00fablica de UNIAGRARIA - UNIAGRARIA\",\"isPartOf\":{\"@id\":\"https:\\\/\\\/uniagraria.edu.co\\\/es\\\/#website\"},\"primaryImageOfPage\":{\"@id\":\"https:\\\/\\\/uniagraria.edu.co\\\/en\\\/celebracion-del-trigesimo-aniversario-del-programa-de-contaduria-publica-de-uniagraria\\\/#primaryimage\"},\"image\":{\"@id\":\"https:\\\/\\\/uniagraria.edu.co\\\/en\\\/celebracion-del-trigesimo-aniversario-del-programa-de-contaduria-publica-de-uniagraria\\\/#primaryimage\"},\"thumbnailUrl\":\"https:\\\/\\\/uniagraria.edu.co\\\/wp-content\\\/uploads\\\/2024\\\/10\\\/TrigesimoAniversarioDelProgramadeContaduriaPublica-11-1024x709-1.jpeg\",\"datePublished\":\"2024-05-21T02:46:57+00:00\",\"dateModified\":\"2024-10-25T02:48:08+00:00\",\"breadcrumb\":{\"@id\":\"https:\\\/\\\/uniagraria.edu.co\\\/en\\\/celebracion-del-trigesimo-aniversario-del-programa-de-contaduria-publica-de-uniagraria\\\/#breadcrumb\"},\"inLanguage\":\"en-US\",\"potentialAction\":[{\"@type\":\"ReadAction\",\"target\":[\"https:\\\/\\\/uniagraria.edu.co\\\/en\\\/celebracion-del-trigesimo-aniversario-del-programa-de-contaduria-publica-de-uniagraria\\\/\"]}]},{\"@type\":\"ImageObject\",\"inLanguage\":\"en-US\",\"@id\":\"https:\\\/\\\/uniagraria.edu.co\\\/en\\\/celebracion-del-trigesimo-aniversario-del-programa-de-contaduria-publica-de-uniagraria\\\/#primaryimage\",\"url\":\"https:\\\/\\\/uniagraria.edu.co\\\/wp-content\\\/uploads\\\/2024\\\/10\\\/TrigesimoAniversarioDelProgramadeContaduriaPublica-11-1024x709-1.jpeg\",\"contentUrl\":\"https:\\\/\\\/uniagraria.edu.co\\\/wp-content\\\/uploads\\\/2024\\\/10\\\/TrigesimoAniversarioDelProgramadeContaduriaPublica-11-1024x709-1.jpeg\",\"width\":1024,\"height\":709},{\"@type\":\"BreadcrumbList\",\"@id\":\"https:\\\/\\\/uniagraria.edu.co\\\/en\\\/celebracion-del-trigesimo-aniversario-del-programa-de-contaduria-publica-de-uniagraria\\\/#breadcrumb\",\"itemListElement\":[{\"@type\":\"ListItem\",\"position\":1,\"name\":\"Inicio\",\"item\":\"https:\\\/\\\/uniagraria.edu.co\\\/\"},{\"@type\":\"ListItem\",\"position\":2,\"name\":\"Noticias de Contadur\u00eda P\u00fablica\",\"item\":\"https:\\\/\\\/uniagraria.edu.co\\\/en\\\/category\\\/noticias-de-contaduria-publica\\\/\"},{\"@type\":\"ListItem\",\"position\":3,\"name\":\"Celebraci\u00f3n del Trig\u00e9simo Aniversario del Programa de Contadur\u00eda P\u00fablica de UNIAGRARIA\"}]},{\"@type\":\"WebSite\",\"@id\":\"https:\\\/\\\/uniagraria.edu.co\\\/es\\\/#website\",\"url\":\"https:\\\/\\\/uniagraria.edu.co\\\/es\\\/\",\"name\":\"UNIAGRARIA\",\"description\":\"FUNDACION UNIVERSITARIA AGRARIA DE COLOMBIA\",\"publisher\":{\"@id\":\"https:\\\/\\\/uniagraria.edu.co\\\/es\\\/#organization\"},\"potentialAction\":[{\"@type\":\"SearchAction\",\"target\":{\"@type\":\"EntryPoint\",\"urlTemplate\":\"https:\\\/\\\/uniagraria.edu.co\\\/es\\\/?s={search_term_string}\"},\"query-input\":{\"@type\":\"PropertyValueSpecification\",\"valueRequired\":true,\"valueName\":\"search_term_string\"}}],\"inLanguage\":\"en-US\"},{\"@type\":\"Organization\",\"@id\":\"https:\\\/\\\/uniagraria.edu.co\\\/es\\\/#organization\",\"name\":\"UNIAGRARIA\",\"url\":\"https:\\\/\\\/uniagraria.edu.co\\\/es\\\/\",\"logo\":{\"@type\":\"ImageObject\",\"inLanguage\":\"en-US\",\"@id\":\"https:\\\/\\\/uniagraria.edu.co\\\/es\\\/#\\\/schema\\\/logo\\\/image\\\/\",\"url\":\"https:\\\/\\\/novawebmaster.com\\\/uniagraria\\\/wp-content\\\/uploads\\\/2025\\\/02\\\/LogoUa2023Vertical.png\",\"contentUrl\":\"https:\\\/\\\/novawebmaster.com\\\/uniagraria\\\/wp-content\\\/uploads\\\/2025\\\/02\\\/LogoUa2023Vertical.png\",\"width\":3300,\"height\":2550,\"caption\":\"UNIAGRARIA\"},\"image\":{\"@id\":\"https:\\\/\\\/uniagraria.edu.co\\\/es\\\/#\\\/schema\\\/logo\\\/image\\\/\"},\"sameAs\":[\"https:\\\/\\\/www.facebook.com\\\/uagraria\\\/?locale=es_LA\",\"https:\\\/\\\/x.com\\\/UNIAGRARIA\",\"https:\\\/\\\/www.instagram.com\\\/uniagraria\\\/profilecard\\\/?igsh=MXI2bTFlMWsxNzNjOA\",\"https:\\\/\\\/www.tiktok.com\\\/discover\\\/uniagraria?lang=es\",\"https:\\\/\\\/www.linkedin.com\\\/school\\\/uniagraria\\\/?originalSubdomain=co\",\"https:\\\/\\\/www.youtube.com\\\/user\\\/UniagrariaUverde?themeRefresh=1\",\"https:\\\/\\\/api.whatsapp.com\\\/send?phone=3134230649\"]},{\"@type\":\"Person\",\"@id\":\"https:\\\/\\\/uniagraria.edu.co\\\/es\\\/#\\\/schema\\\/person\\\/01453e528214fd1dec28dd2635466339\",\"name\":\"Comunicaciones UNIAGRARIA\",\"image\":{\"@type\":\"ImageObject\",\"inLanguage\":\"en-US\",\"@id\":\"https:\\\/\\\/secure.gravatar.com\\\/avatar\\\/22848db97f9d118afc98d8dcdd514c89cd5bfc8e6cb5bd62678f646f5a3d506e?s=96&d=mm&r=g\",\"url\":\"https:\\\/\\\/secure.gravatar.com\\\/avatar\\\/22848db97f9d118afc98d8dcdd514c89cd5bfc8e6cb5bd62678f646f5a3d506e?s=96&d=mm&r=g\",\"contentUrl\":\"https:\\\/\\\/secure.gravatar.com\\\/avatar\\\/22848db97f9d118afc98d8dcdd514c89cd5bfc8e6cb5bd62678f646f5a3d506e?s=96&d=mm&r=g\",\"caption\":\"Comunicaciones UNIAGRARIA\"},\"sameAs\":[\"https:\\\/\\\/novawebmaster.com\\\/uniagraria\"],\"url\":\"https:\\\/\\\/uniagraria.edu.co\\\/en\\\/author\\\/miguelantoniocespedes\\\/\"}]}<\/script>\n<!-- \/ Yoast SEO plugin. -->","yoast_head_json":{"title":"Celebraci\u00f3n del Trig\u00e9simo Aniversario del Programa de Contadur\u00eda P\u00fablica de UNIAGRARIA - UNIAGRARIA","robots":{"index":"index","follow":"follow","max-snippet":"max-snippet:-1","max-image-preview":"max-image-preview:large","max-video-preview":"max-video-preview:-1"},"canonical":"https:\/\/uniagraria.edu.co\/en\/celebracion-del-trigesimo-aniversario-del-programa-de-contaduria-publica-de-uniagraria\/","og_locale":"en_US","og_type":"article","og_title":"Celebraci\u00f3n del Trig\u00e9simo Aniversario del Programa de Contadur\u00eda P\u00fablica de UNIAGRARIA - UNIAGRARIA","og_description":"Direcci\u00f3n de Comunicaciones UNIAGRARIA En el marco de la celebraci\u00f3n del Trig\u00e9simo Aniversario del Programa de Contadur\u00eda P\u00fablica, UNIAGRARIA agradece la destacada asistencia y participaci\u00f3n de nuestros estudiantes, egresados y cuerpo acad\u00e9mico. Este evento acad\u00e9mico, que tuvo lugar en nuestra sede de Bogot\u00e1, fue un espacio para reflexionar sobre los logros del programa y su [&hellip;]","og_url":"https:\/\/uniagraria.edu.co\/en\/celebracion-del-trigesimo-aniversario-del-programa-de-contaduria-publica-de-uniagraria\/","og_site_name":"UNIAGRARIA","article_publisher":"https:\/\/www.facebook.com\/uagraria\/?locale=es_LA","article_published_time":"2024-05-21T02:46:57+00:00","article_modified_time":"2024-10-25T02:48:08+00:00","og_image":[{"width":1024,"height":709,"url":"https:\/\/uniagraria.edu.co\/wp-content\/uploads\/2024\/10\/TrigesimoAniversarioDelProgramadeContaduriaPublica-11-1024x709-1.jpeg","type":"image\/jpeg"}],"author":"Comunicaciones UNIAGRARIA","twitter_card":"summary_large_image","twitter_creator":"@UNIAGRARIA","twitter_site":"@UNIAGRARIA","twitter_misc":{"Written by":"Comunicaciones UNIAGRARIA","Est. reading time":"1 minute"},"schema":{"@context":"https:\/\/schema.org","@graph":[{"@type":"Article","@id":"https:\/\/uniagraria.edu.co\/en\/celebracion-del-trigesimo-aniversario-del-programa-de-contaduria-publica-de-uniagraria\/#article","isPartOf":{"@id":"https:\/\/uniagraria.edu.co\/en\/celebracion-del-trigesimo-aniversario-del-programa-de-contaduria-publica-de-uniagraria\/"},"author":{"name":"Comunicaciones UNIAGRARIA","@id":"https:\/\/uniagraria.edu.co\/es\/#\/schema\/person\/01453e528214fd1dec28dd2635466339"},"headline":"Celebraci\u00f3n del Trig\u00e9simo Aniversario del Programa de Contadur\u00eda P\u00fablica de UNIAGRARIA","datePublished":"2024-05-21T02:46:57+00:00","dateModified":"2024-10-25T02:48:08+00:00","mainEntityOfPage":{"@id":"https:\/\/uniagraria.edu.co\/en\/celebracion-del-trigesimo-aniversario-del-programa-de-contaduria-publica-de-uniagraria\/"},"wordCount":300,"commentCount":0,"publisher":{"@id":"https:\/\/uniagraria.edu.co\/es\/#organization"},"image":{"@id":"https:\/\/uniagraria.edu.co\/en\/celebracion-del-trigesimo-aniversario-del-programa-de-contaduria-publica-de-uniagraria\/#primaryimage"},"thumbnailUrl":"https:\/\/uniagraria.edu.co\/wp-content\/uploads\/2024\/10\/TrigesimoAniversarioDelProgramadeContaduriaPublica-11-1024x709-1.jpeg","articleSection":["Noticias de Contadur\u00eda P\u00fablica"],"inLanguage":"en-US","potentialAction":[{"@type":"CommentAction","name":"Comment","target":["https:\/\/uniagraria.edu.co\/en\/celebracion-del-trigesimo-aniversario-del-programa-de-contaduria-publica-de-uniagraria\/#respond"]}]},{"@type":"WebPage","@id":"https:\/\/uniagraria.edu.co\/en\/celebracion-del-trigesimo-aniversario-del-programa-de-contaduria-publica-de-uniagraria\/","url":"https:\/\/uniagraria.edu.co\/en\/celebracion-del-trigesimo-aniversario-del-programa-de-contaduria-publica-de-uniagraria\/","name":"Celebraci\u00f3n del Trig\u00e9simo Aniversario del Programa de Contadur\u00eda P\u00fablica de UNIAGRARIA - UNIAGRARIA","isPartOf":{"@id":"https:\/\/uniagraria.edu.co\/es\/#website"},"primaryImageOfPage":{"@id":"https:\/\/uniagraria.edu.co\/en\/celebracion-del-trigesimo-aniversario-del-programa-de-contaduria-publica-de-uniagraria\/#primaryimage"},"image":{"@id":"https:\/\/uniagraria.edu.co\/en\/celebracion-del-trigesimo-aniversario-del-programa-de-contaduria-publica-de-uniagraria\/#primaryimage"},"thumbnailUrl":"https:\/\/uniagraria.edu.co\/wp-content\/uploads\/2024\/10\/TrigesimoAniversarioDelProgramadeContaduriaPublica-11-1024x709-1.jpeg","datePublished":"2024-05-21T02:46:57+00:00","dateModified":"2024-10-25T02:48:08+00:00","breadcrumb":{"@id":"https:\/\/uniagraria.edu.co\/en\/celebracion-del-trigesimo-aniversario-del-programa-de-contaduria-publica-de-uniagraria\/#breadcrumb"},"inLanguage":"en-US","potentialAction":[{"@type":"ReadAction","target":["https:\/\/uniagraria.edu.co\/en\/celebracion-del-trigesimo-aniversario-del-programa-de-contaduria-publica-de-uniagraria\/"]}]},{"@type":"ImageObject","inLanguage":"en-US","@id":"https:\/\/uniagraria.edu.co\/en\/celebracion-del-trigesimo-aniversario-del-programa-de-contaduria-publica-de-uniagraria\/#primaryimage","url":"https:\/\/uniagraria.edu.co\/wp-content\/uploads\/2024\/10\/TrigesimoAniversarioDelProgramadeContaduriaPublica-11-1024x709-1.jpeg","contentUrl":"https:\/\/uniagraria.edu.co\/wp-content\/uploads\/2024\/10\/TrigesimoAniversarioDelProgramadeContaduriaPublica-11-1024x709-1.jpeg","width":1024,"height":709},{"@type":"BreadcrumbList","@id":"https:\/\/uniagraria.edu.co\/en\/celebracion-del-trigesimo-aniversario-del-programa-de-contaduria-publica-de-uniagraria\/#breadcrumb","itemListElement":[{"@type":"ListItem","position":1,"name":"Inicio","item":"https:\/\/uniagraria.edu.co\/"},{"@type":"ListItem","position":2,"name":"Noticias de Contadur\u00eda P\u00fablica","item":"https:\/\/uniagraria.edu.co\/en\/category\/noticias-de-contaduria-publica\/"},{"@type":"ListItem","position":3,"name":"Celebraci\u00f3n del Trig\u00e9simo Aniversario del Programa de Contadur\u00eda P\u00fablica de UNIAGRARIA"}]},{"@type":"WebSite","@id":"https:\/\/uniagraria.edu.co\/es\/#website","url":"https:\/\/uniagraria.edu.co\/es\/","name":"Experience the experience and discover the education of","description":"FUNDACION UNIVERSITARIA AGRARIA DE COLOMBIA","publisher":{"@id":"https:\/\/uniagraria.edu.co\/es\/#organization"},"potentialAction":[{"@type":"SearchAction","target":{"@type":"EntryPoint","urlTemplate":"https:\/\/uniagraria.edu.co\/es\/?s={search_term_string}"},"query-input":{"@type":"PropertyValueSpecification","valueRequired":true,"valueName":"search_term_string"}}],"inLanguage":"en-US"},{"@type":"Organization","@id":"https:\/\/uniagraria.edu.co\/es\/#organization","name":"Experience the experience and discover the education of","url":"https:\/\/uniagraria.edu.co\/es\/","logo":{"@type":"ImageObject","inLanguage":"en-US","@id":"https:\/\/uniagraria.edu.co\/es\/#\/schema\/logo\/image\/","url":"https:\/\/novawebmaster.com\/uniagraria\/wp-content\/uploads\/2025\/02\/LogoUa2023Vertical.png","contentUrl":"https:\/\/novawebmaster.com\/uniagraria\/wp-content\/uploads\/2025\/02\/LogoUa2023Vertical.png","width":3300,"height":2550,"caption":"UNIAGRARIA"},"image":{"@id":"https:\/\/uniagraria.edu.co\/es\/#\/schema\/logo\/image\/"},"sameAs":["https:\/\/www.facebook.com\/uagraria\/?locale=es_LA","https:\/\/x.com\/UNIAGRARIA","https:\/\/www.instagram.com\/uniagraria\/profilecard\/?igsh=MXI2bTFlMWsxNzNjOA","https:\/\/www.tiktok.com\/discover\/uniagraria?lang=es","https:\/\/www.linkedin.com\/school\/uniagraria\/?originalSubdomain=co","https:\/\/www.youtube.com\/user\/UniagrariaUverde?themeRefresh=1","https:\/\/api.whatsapp.com\/send?phone=3134230649"]},{"@type":"Person","@id":"https:\/\/uniagraria.edu.co\/es\/#\/schema\/person\/01453e528214fd1dec28dd2635466339","name":"Communications UNIAGRARIA","image":{"@type":"ImageObject","inLanguage":"en-US","@id":"https:\/\/secure.gravatar.com\/avatar\/22848db97f9d118afc98d8dcdd514c89cd5bfc8e6cb5bd62678f646f5a3d506e?s=96&d=mm&r=g","url":"https:\/\/secure.gravatar.com\/avatar\/22848db97f9d118afc98d8dcdd514c89cd5bfc8e6cb5bd62678f646f5a3d506e?s=96&d=mm&r=g","contentUrl":"https:\/\/secure.gravatar.com\/avatar\/22848db97f9d118afc98d8dcdd514c89cd5bfc8e6cb5bd62678f646f5a3d506e?s=96&d=mm&r=g","caption":"Comunicaciones UNIAGRARIA"},"sameAs":["https:\/\/novawebmaster.com\/uniagraria"],"url":"https:\/\/uniagraria.edu.co\/en\/author\/miguelantoniocespedes\/"}]}},"_links":{"self":[{"href":"https:\/\/uniagraria.edu.co\/en\/wp-json\/wp\/v2\/posts\/1877","targetHints":{"allow":["GET"]}}],"collection":[{"href":"https:\/\/uniagraria.edu.co\/en\/wp-json\/wp\/v2\/posts"}],"about":[{"href":"https:\/\/uniagraria.edu.co\/en\/wp-json\/wp\/v2\/types\/post"}],"author":[{"embeddable":true,"href":"https:\/\/uniagraria.edu.co\/en\/wp-json\/wp\/v2\/users\/1"}],"replies":[{"embeddable":true,"href":"https:\/\/uniagraria.edu.co\/en\/wp-json\/wp\/v2\/comments?post=1877"}],"version-history":[{"count":0,"href":"https:\/\/uniagraria.edu.co\/en\/wp-json\/wp\/v2\/posts\/1877\/revisions"}],"wp:featuredmedia":[{"embeddable":true,"href":"https:\/\/uniagraria.edu.co\/en\/wp-json\/wp\/v2\/media\/1878"}],"wp:attachment":[{"href":"https:\/\/uniagraria.edu.co\/en\/wp-json\/wp\/v2\/media?parent=1877"}],"wp:term":[{"taxonomy":"category","embeddable":true,"href":"https:\/\/uniagraria.edu.co\/en\/wp-json\/wp\/v2\/categories?post=1877"},{"taxonomy":"post_tag","embeddable":true,"href":"https:\/\/uniagraria.edu.co\/en\/wp-json\/wp\/v2\/tags?post=1877"}],"curies":[{"name":"wp","href":"https:\/\/api.w.org\/{rel}","templated":true}]}}