{"id":38949,"date":"2023-09-23T11:32:51","date_gmt":"2023-09-23T16:32:51","guid":{"rendered":"https:\/\/www.uniagraria.edu.co\/?p=38949"},"modified":"2023-09-23T11:32:51","modified_gmt":"2023-09-23T16:32:51","slug":"uniagraria-le-cumplio-la-cita-a-la-democracia-en-facatativa-debate-de-candidatos-a-la-alcaldia-se-realizo-con-gran-acogida","status":"publish","type":"post","link":"https:\/\/uniagraria.edu.co\/en\/uniagraria-le-cumplio-la-cita-a-la-democracia-en-facatativa-debate-de-candidatos-a-la-alcaldia-se-realizo-con-gran-acogida\/","title":{"rendered":"Uniagraria le cumpli\u00f3 la cita a la democracia en Facatativ\u00e1: debate de candidatos a la Alcald\u00eda se realiz\u00f3 con gran acogida"},"content":{"rendered":"<h4 class=\"wp-block-heading\" id=\"mce_0\"><em><strong>Direcci\u00f3n de Comunicaciones UNIAGRARIA<\/strong><\/em><\/h4>\n\n\n\n<p style=\"text-align: justify;\">El pasado jueves 21 de septiembre, en las instalaciones de la C\u00e1mara de Comercio de Facatativ\u00e1, se llev\u00f3 a cabo un hist\u00f3rico debate entre los candidatos a la Alcald\u00eda de Facatativ\u00e1. El evento, organizado por la Fundaci\u00f3n Universitaria Agraria de Colombia, Uniagraria, se convirti\u00f3 en un espacio democr\u00e1tico crucial para el municipio, permitiendo que la ciudadan\u00eda conociera de primera mano las propuestas de cada uno de los aspirantes.<\/p>\n\n\n\n<p style=\"text-align: justify;\">El sal\u00f3n de la C\u00e1mara de Comercio estuvo lleno a capacidad con un p\u00fablico \u00e1vido por conocer las visiones y propuestas de los candidatos. Adem\u00e1s, a trav\u00e9s de la transmisi\u00f3n en vivo por medio de las redes sociales de Uniagraria, m\u00e1s de 300 usuarios siguieron el debate de manera virtual, evidenciando el inter\u00e9s de la comunidad en este proceso democr\u00e1tico.<\/p>\n\n\n\n<p style=\"text-align: justify;\">La din\u00e1mica del debate fue precisa y equilibrada. Se formularon un total de ocho preguntas, dos por cada uno de los temas centrales: medio ambiente, sostenibilidad, ruralidad y patrimonio cultural. Los candidatos tuvieron la oportunidad de expresar sus puntos de vista y propuestas en relaci\u00f3n con estos temas cruciales para el futuro de Facatativ\u00e1.<\/p>\n\n\n\n<p style=\"text-align: justify;\">Los candidatos que participaron en este trascendental debate fueron: \u00c1lvaro Bernal, Pablo Bernal, Luis Carlos Casas, \u00c1lvaro Fajardo, Diego Garz\u00f3n, Cristian Le\u00f3n, David Olaya, \u00c1lvaro Rivera y Oscar Villalba. Todos ellos demostraron un compromiso claro con el desarrollo y el bienestar del municipio. La candidata Luz Marina Gait\u00e1n no pudo asistir por temas personales.<\/p>\n\n\n\n<p style=\"text-align: justify;\">La doctora Silvia Mor\u00f3n Casta\u00f1eda, coordinadora del Programa de Derecho Facatativ\u00e1, desempe\u00f1\u00f3 un papel destacado como moderadora del evento, asegurando que el debate transcurriera de manera ordenada y que todas las voces tuvieran la oportunidad de ser escuchadas. Adem\u00e1s, la Dra. Esmeralda, directora de la sede Facatativ\u00e1 de Uniagraria &#8220;Beatriz Gait\u00e1n Azuero de Romero&#8221;, dio las palabras de bienvenida y apertura al debate. En su discurso, resalt\u00f3 el compromiso de Uniagraria con la democracia del pa\u00eds y su dedicaci\u00f3n a Facatativ\u00e1, donde la instituci\u00f3n est\u00e1 pr\u00f3xima a cumplir 10 a\u00f1os de presencia, sum\u00e1ndose a sus m\u00e1s de 38 a\u00f1os de historia en Bogot\u00e1.<\/p>\n\n\n\n<p style=\"text-align: justify;\">El debate de candidatos a la Alcald\u00eda de Facatativ\u00e1, organizado por Uniagraria, se erige como un hito en la vida pol\u00edtica del municipio, proporcionando a los ciudadanos un valioso espacio para conocer las propuestas de quienes aspiran a liderar el destino de la comunidad. La participaci\u00f3n de la ciudadan\u00eda, tanto presencial como virtual, refleja el inter\u00e9s y el compromiso de los habitantes de Facatativ\u00e1 con su futuro.<\/p>\n\n\n\n<ul class=\"wp-block-gallery columns-3 is-cropped wp-block-gallery-1 is-layout-flex wp-block-gallery-is-layout-flex\"><li class=\"blocks-gallery-item\"><figure><img decoding=\"async\" src=\"https:\/\/www.uniagraria.edu.co\/wp-content\/uploads\/2023\/09\/DebateDeCandidatosAlcaldiaFacatativa-02-1024x630.jpeg\" alt=\"\" data-id=\"38947\" data-link=\"https:\/\/www.uniagraria.edu.co\/debatedecandidatosalcaldiafacatativa-02\/\" class=\"wp-image-38947\"\/><\/figure><\/li><li class=\"blocks-gallery-item\"><figure><img decoding=\"async\" src=\"https:\/\/www.uniagraria.edu.co\/wp-content\/uploads\/2023\/09\/DebateDeCandidatosAlcaldiaFacatativa-06-1024x577.jpeg\" alt=\"\" data-id=\"38943\" data-link=\"https:\/\/www.uniagraria.edu.co\/debatedecandidatosalcaldiafacatativa-06\/\" class=\"wp-image-38943\"\/><\/figure><\/li><li class=\"blocks-gallery-item\"><figure><img decoding=\"async\" src=\"https:\/\/www.uniagraria.edu.co\/wp-content\/uploads\/2023\/09\/DebateDeCandidatosAlcaldiaFacatativa-05-1024x577.jpeg\" alt=\"\" data-id=\"38944\" data-link=\"https:\/\/www.uniagraria.edu.co\/debatedecandidatosalcaldiafacatativa-05\/\" class=\"wp-image-38944\"\/><\/figure><\/li><li class=\"blocks-gallery-item\"><figure><img decoding=\"async\" src=\"https:\/\/www.uniagraria.edu.co\/wp-content\/uploads\/2023\/09\/DebateDeCandidatosAlcaldiaFacatativa-04-1024x577.jpeg\" alt=\"\" data-id=\"38945\" data-link=\"https:\/\/www.uniagraria.edu.co\/debatedecandidatosalcaldiafacatativa-04\/\" class=\"wp-image-38945\"\/><\/figure><\/li><li class=\"blocks-gallery-item\"><figure><img decoding=\"async\" src=\"https:\/\/www.uniagraria.edu.co\/wp-content\/uploads\/2023\/09\/DebateDeCandidatosAlcaldiaFacatativa-03-1024x577.jpeg\" alt=\"\" data-id=\"38946\" data-link=\"https:\/\/www.uniagraria.edu.co\/debatedecandidatosalcaldiafacatativa-03\/\" class=\"wp-image-38946\"\/><\/figure><\/li><li class=\"blocks-gallery-item\"><figure><img decoding=\"async\" src=\"https:\/\/www.uniagraria.edu.co\/wp-content\/uploads\/2023\/09\/DebateDeCandidatosAlcaldiaFacatativa-01-1024x577.jpeg\" alt=\"\" data-id=\"38948\" data-link=\"https:\/\/www.uniagraria.edu.co\/debatedecandidatosalcaldiafacatativa-01\/\" class=\"wp-image-38948\"\/><\/figure><\/li><\/ul>","protected":false},"excerpt":{"rendered":"<p>Direcci\u00f3n de Comunicaciones UNIAGRARIA\ufeff El pasado jueves 21 de septiembre, en las instalaciones de la C\u00e1mara de Comercio de Facatativ\u00e1, se llev\u00f3 a cabo un hist\u00f3rico debate entre los candidatos a la Alcald\u00eda de Facatativ\u00e1. El evento, organizado por la Fundaci\u00f3n Universitaria Agraria de Colombia, Uniagraria, se convirti\u00f3 en un espacio democr\u00e1tico crucial para el [&hellip;]<\/p>\n","protected":false},"author":8,"featured_media":38946,"comment_status":"closed","ping_status":"closed","sticky":false,"template":"","format":"standard","meta":{"_acf_changed":false,"site-sidebar-layout":"default","site-content-layout":"","ast-site-content-layout":"default","site-content-style":"default","site-sidebar-style":"default","ast-global-header-display":"","ast-banner-title-visibility":"","ast-main-header-display":"","ast-hfb-above-header-display":"","ast-hfb-below-header-display":"","ast-hfb-mobile-header-display":"","site-post-title":"","ast-breadcrumbs-content":"","ast-featured-img":"","footer-sml-layout":"","ast-disable-related-posts":"","theme-transparent-header-meta":"","adv-header-id-meta":"","stick-header-meta":"","header-above-stick-meta":"","header-main-stick-meta":"","header-below-stick-meta":"","astra-migrate-meta-layouts":"default","ast-page-background-enabled":"default","ast-page-background-meta":{"desktop":{"background-color":"var(--ast-global-color-4)","background-image":"","background-repeat":"repeat","background-position":"center center","background-size":"auto","background-attachment":"scroll","background-type":"","background-media":"","overlay-type":"","overlay-color":"","overlay-opacity":"","overlay-gradient":""},"tablet":{"background-color":"","background-image":"","background-repeat":"repeat","background-position":"center center","background-size":"auto","background-attachment":"scroll","background-type":"","background-media":"","overlay-type":"","overlay-color":"","overlay-opacity":"","overlay-gradient":""},"mobile":{"background-color":"","background-image":"","background-repeat":"repeat","background-position":"center center","background-size":"auto","background-attachment":"scroll","background-type":"","background-media":"","overlay-type":"","overlay-color":"","overlay-opacity":"","overlay-gradient":""}},"ast-content-background-meta":{"desktop":{"background-color":"var(--ast-global-color-5)","background-image":"","background-repeat":"repeat","background-position":"center center","background-size":"auto","background-attachment":"scroll","background-type":"","background-media":"","overlay-type":"","overlay-color":"","overlay-opacity":"","overlay-gradient":""},"tablet":{"background-color":"var(--ast-global-color-5)","background-image":"","background-repeat":"repeat","background-position":"center center","background-size":"auto","background-attachment":"scroll","background-type":"","background-media":"","overlay-type":"","overlay-color":"","overlay-opacity":"","overlay-gradient":""},"mobile":{"background-color":"var(--ast-global-color-5)","background-image":"","background-repeat":"repeat","background-position":"center center","background-size":"auto","background-attachment":"scroll","background-type":"","background-media":"","overlay-type":"","overlay-color":"","overlay-opacity":"","overlay-gradient":""}},"footnotes":""},"categories":[35],"tags":[],"class_list":["post-38949","post","type-post","status-publish","format-standard","has-post-thumbnail","hentry","category-noticias"],"acf":[],"yoast_head":"<!-- This site is optimized with the Yoast SEO plugin v27.5 - https:\/\/yoast.com\/product\/yoast-seo-wordpress\/ -->\n<title>Uniagraria le cumpli\u00f3 la cita a la democracia en Facatativ\u00e1: debate de candidatos a la Alcald\u00eda se realiz\u00f3 con gran acogida - UNIAGRARIA<\/title>\n<meta name=\"robots\" content=\"index, follow, max-snippet:-1, max-image-preview:large, max-video-preview:-1\" \/>\n<link rel=\"canonical\" href=\"https:\/\/uniagraria.edu.co\/en\/uniagraria-le-cumplio-la-cita-a-la-democracia-en-facatativa-debate-de-candidatos-a-la-alcaldia-se-realizo-con-gran-acogida\/\" \/>\n<meta property=\"og:locale\" content=\"en_US\" \/>\n<meta property=\"og:type\" content=\"article\" \/>\n<meta property=\"og:title\" content=\"Uniagraria le cumpli\u00f3 la cita a la democracia en Facatativ\u00e1: debate de candidatos a la Alcald\u00eda se realiz\u00f3 con gran acogida - UNIAGRARIA\" \/>\n<meta property=\"og:description\" content=\"Direcci\u00f3n de Comunicaciones UNIAGRARIA\ufeff El pasado jueves 21 de septiembre, en las instalaciones de la C\u00e1mara de Comercio de Facatativ\u00e1, se llev\u00f3 a cabo un hist\u00f3rico debate entre los candidatos a la Alcald\u00eda de Facatativ\u00e1. El evento, organizado por la Fundaci\u00f3n Universitaria Agraria de Colombia, Uniagraria, se convirti\u00f3 en un espacio democr\u00e1tico crucial para el [&hellip;]\" \/>\n<meta property=\"og:url\" content=\"https:\/\/uniagraria.edu.co\/en\/uniagraria-le-cumplio-la-cita-a-la-democracia-en-facatativa-debate-de-candidatos-a-la-alcaldia-se-realizo-con-gran-acogida\/\" \/>\n<meta property=\"og:site_name\" content=\"UNIAGRARIA\" \/>\n<meta property=\"article:publisher\" content=\"https:\/\/www.facebook.com\/uagraria\/?locale=es_LA\" \/>\n<meta property=\"article:published_time\" content=\"2023-09-23T16:32:51+00:00\" \/>\n<meta name=\"author\" content=\"Comunicaciones UNIAGRARIA\" \/>\n<meta name=\"twitter:card\" content=\"summary_large_image\" \/>\n<meta name=\"twitter:creator\" content=\"@UNIAGRARIA\" \/>\n<meta name=\"twitter:site\" content=\"@UNIAGRARIA\" \/>\n<meta name=\"twitter:label1\" content=\"Written by\" \/>\n\t<meta name=\"twitter:data1\" content=\"Comunicaciones UNIAGRARIA\" \/>\n\t<meta name=\"twitter:label2\" content=\"Est. reading time\" \/>\n\t<meta name=\"twitter:data2\" content=\"2 minutes\" \/>\n<script type=\"application\/ld+json\" class=\"yoast-schema-graph\">{\"@context\":\"https:\\\/\\\/schema.org\",\"@graph\":[{\"@type\":\"Article\",\"@id\":\"https:\\\/\\\/uniagraria.edu.co\\\/es\\\/uniagraria-le-cumplio-la-cita-a-la-democracia-en-facatativa-debate-de-candidatos-a-la-alcaldia-se-realizo-con-gran-acogida\\\/#article\",\"isPartOf\":{\"@id\":\"https:\\\/\\\/uniagraria.edu.co\\\/es\\\/uniagraria-le-cumplio-la-cita-a-la-democracia-en-facatativa-debate-de-candidatos-a-la-alcaldia-se-realizo-con-gran-acogida\\\/\"},\"author\":{\"name\":\"Comunicaciones UNIAGRARIA\",\"@id\":\"https:\\\/\\\/uniagraria.edu.co\\\/es\\\/#\\\/schema\\\/person\\\/f2ff0c07d9addb88b935755100b8db03\"},\"headline\":\"Uniagraria le cumpli\u00f3 la cita a la democracia en Facatativ\u00e1: debate de candidatos a la Alcald\u00eda se realiz\u00f3 con gran acogida\",\"datePublished\":\"2023-09-23T16:32:51+00:00\",\"mainEntityOfPage\":{\"@id\":\"https:\\\/\\\/uniagraria.edu.co\\\/es\\\/uniagraria-le-cumplio-la-cita-a-la-democracia-en-facatativa-debate-de-candidatos-a-la-alcaldia-se-realizo-con-gran-acogida\\\/\"},\"wordCount\":466,\"publisher\":{\"@id\":\"https:\\\/\\\/uniagraria.edu.co\\\/es\\\/#organization\"},\"image\":{\"@id\":\"https:\\\/\\\/uniagraria.edu.co\\\/es\\\/uniagraria-le-cumplio-la-cita-a-la-democracia-en-facatativa-debate-de-candidatos-a-la-alcaldia-se-realizo-con-gran-acogida\\\/#primaryimage\"},\"thumbnailUrl\":\"\",\"articleSection\":[\"Noticias\"],\"inLanguage\":\"en-US\"},{\"@type\":\"WebPage\",\"@id\":\"https:\\\/\\\/uniagraria.edu.co\\\/es\\\/uniagraria-le-cumplio-la-cita-a-la-democracia-en-facatativa-debate-de-candidatos-a-la-alcaldia-se-realizo-con-gran-acogida\\\/\",\"url\":\"https:\\\/\\\/uniagraria.edu.co\\\/es\\\/uniagraria-le-cumplio-la-cita-a-la-democracia-en-facatativa-debate-de-candidatos-a-la-alcaldia-se-realizo-con-gran-acogida\\\/\",\"name\":\"Uniagraria le cumpli\u00f3 la cita a la democracia en Facatativ\u00e1: debate de candidatos a la Alcald\u00eda se realiz\u00f3 con gran acogida - UNIAGRARIA\",\"isPartOf\":{\"@id\":\"https:\\\/\\\/uniagraria.edu.co\\\/es\\\/#website\"},\"primaryImageOfPage\":{\"@id\":\"https:\\\/\\\/uniagraria.edu.co\\\/es\\\/uniagraria-le-cumplio-la-cita-a-la-democracia-en-facatativa-debate-de-candidatos-a-la-alcaldia-se-realizo-con-gran-acogida\\\/#primaryimage\"},\"image\":{\"@id\":\"https:\\\/\\\/uniagraria.edu.co\\\/es\\\/uniagraria-le-cumplio-la-cita-a-la-democracia-en-facatativa-debate-de-candidatos-a-la-alcaldia-se-realizo-con-gran-acogida\\\/#primaryimage\"},\"thumbnailUrl\":\"\",\"datePublished\":\"2023-09-23T16:32:51+00:00\",\"breadcrumb\":{\"@id\":\"https:\\\/\\\/uniagraria.edu.co\\\/es\\\/uniagraria-le-cumplio-la-cita-a-la-democracia-en-facatativa-debate-de-candidatos-a-la-alcaldia-se-realizo-con-gran-acogida\\\/#breadcrumb\"},\"inLanguage\":\"en-US\",\"potentialAction\":[{\"@type\":\"ReadAction\",\"target\":[\"https:\\\/\\\/uniagraria.edu.co\\\/es\\\/uniagraria-le-cumplio-la-cita-a-la-democracia-en-facatativa-debate-de-candidatos-a-la-alcaldia-se-realizo-con-gran-acogida\\\/\"]}]},{\"@type\":\"ImageObject\",\"inLanguage\":\"en-US\",\"@id\":\"https:\\\/\\\/uniagraria.edu.co\\\/es\\\/uniagraria-le-cumplio-la-cita-a-la-democracia-en-facatativa-debate-de-candidatos-a-la-alcaldia-se-realizo-con-gran-acogida\\\/#primaryimage\",\"url\":\"\",\"contentUrl\":\"\"},{\"@type\":\"BreadcrumbList\",\"@id\":\"https:\\\/\\\/uniagraria.edu.co\\\/es\\\/uniagraria-le-cumplio-la-cita-a-la-democracia-en-facatativa-debate-de-candidatos-a-la-alcaldia-se-realizo-con-gran-acogida\\\/#breadcrumb\",\"itemListElement\":[{\"@type\":\"ListItem\",\"position\":1,\"name\":\"Inicio\",\"item\":\"https:\\\/\\\/uniagraria.edu.co\\\/\"},{\"@type\":\"ListItem\",\"position\":2,\"name\":\"Noticias\",\"item\":\"https:\\\/\\\/uniagraria.edu.co\\\/es\\\/category\\\/noticias\\\/\"},{\"@type\":\"ListItem\",\"position\":3,\"name\":\"Uniagraria le cumpli\u00f3 la cita a la democracia en Facatativ\u00e1: debate de candidatos a la Alcald\u00eda se realiz\u00f3 con gran acogida\"}]},{\"@type\":\"WebSite\",\"@id\":\"https:\\\/\\\/uniagraria.edu.co\\\/es\\\/#website\",\"url\":\"https:\\\/\\\/uniagraria.edu.co\\\/es\\\/\",\"name\":\"UNIAGRARIA\",\"description\":\"FUNDACION UNIVERSITARIA AGRARIA DE COLOMBIA\",\"publisher\":{\"@id\":\"https:\\\/\\\/uniagraria.edu.co\\\/es\\\/#organization\"},\"potentialAction\":[{\"@type\":\"SearchAction\",\"target\":{\"@type\":\"EntryPoint\",\"urlTemplate\":\"https:\\\/\\\/uniagraria.edu.co\\\/es\\\/?s={search_term_string}\"},\"query-input\":{\"@type\":\"PropertyValueSpecification\",\"valueRequired\":true,\"valueName\":\"search_term_string\"}}],\"inLanguage\":\"en-US\"},{\"@type\":\"Organization\",\"@id\":\"https:\\\/\\\/uniagraria.edu.co\\\/es\\\/#organization\",\"name\":\"UNIAGRARIA\",\"url\":\"https:\\\/\\\/uniagraria.edu.co\\\/es\\\/\",\"logo\":{\"@type\":\"ImageObject\",\"inLanguage\":\"en-US\",\"@id\":\"https:\\\/\\\/uniagraria.edu.co\\\/es\\\/#\\\/schema\\\/logo\\\/image\\\/\",\"url\":\"https:\\\/\\\/novawebmaster.com\\\/uniagraria\\\/wp-content\\\/uploads\\\/2025\\\/02\\\/LogoUa2023Vertical.png\",\"contentUrl\":\"https:\\\/\\\/novawebmaster.com\\\/uniagraria\\\/wp-content\\\/uploads\\\/2025\\\/02\\\/LogoUa2023Vertical.png\",\"width\":3300,\"height\":2550,\"caption\":\"UNIAGRARIA\"},\"image\":{\"@id\":\"https:\\\/\\\/uniagraria.edu.co\\\/es\\\/#\\\/schema\\\/logo\\\/image\\\/\"},\"sameAs\":[\"https:\\\/\\\/www.facebook.com\\\/uagraria\\\/?locale=es_LA\",\"https:\\\/\\\/x.com\\\/UNIAGRARIA\",\"https:\\\/\\\/www.instagram.com\\\/uniagraria\\\/profilecard\\\/?igsh=MXI2bTFlMWsxNzNjOA\",\"https:\\\/\\\/www.tiktok.com\\\/discover\\\/uniagraria?lang=es\",\"https:\\\/\\\/www.linkedin.com\\\/school\\\/uniagraria\\\/?originalSubdomain=co\",\"https:\\\/\\\/www.youtube.com\\\/user\\\/UniagrariaUverde?themeRefresh=1\",\"https:\\\/\\\/api.whatsapp.com\\\/send?phone=3134230649\"]},{\"@type\":\"Person\",\"@id\":\"https:\\\/\\\/uniagraria.edu.co\\\/es\\\/#\\\/schema\\\/person\\\/f2ff0c07d9addb88b935755100b8db03\",\"name\":\"Comunicaciones UNIAGRARIA\",\"image\":{\"@type\":\"ImageObject\",\"inLanguage\":\"en-US\",\"@id\":\"https:\\\/\\\/secure.gravatar.com\\\/avatar\\\/5c34977f632fe7cabe2da5a1818394efca9475d46ad9f02e8eab7fd408884103?s=96&d=mm&r=g\",\"url\":\"https:\\\/\\\/secure.gravatar.com\\\/avatar\\\/5c34977f632fe7cabe2da5a1818394efca9475d46ad9f02e8eab7fd408884103?s=96&d=mm&r=g\",\"contentUrl\":\"https:\\\/\\\/secure.gravatar.com\\\/avatar\\\/5c34977f632fe7cabe2da5a1818394efca9475d46ad9f02e8eab7fd408884103?s=96&d=mm&r=g\",\"caption\":\"Comunicaciones UNIAGRARIA\"},\"url\":\"https:\\\/\\\/uniagraria.edu.co\\\/en\\\/author\\\/4ndr3sf371p3\\\/\"}]}<\/script>\n<!-- \/ Yoast SEO plugin. -->","yoast_head_json":{"title":"Uniagraria le cumpli\u00f3 la cita a la democracia en Facatativ\u00e1: debate de candidatos a la Alcald\u00eda se realiz\u00f3 con gran acogida - UNIAGRARIA","robots":{"index":"index","follow":"follow","max-snippet":"max-snippet:-1","max-image-preview":"max-image-preview:large","max-video-preview":"max-video-preview:-1"},"canonical":"https:\/\/uniagraria.edu.co\/en\/uniagraria-le-cumplio-la-cita-a-la-democracia-en-facatativa-debate-de-candidatos-a-la-alcaldia-se-realizo-con-gran-acogida\/","og_locale":"en_US","og_type":"article","og_title":"Uniagraria le cumpli\u00f3 la cita a la democracia en Facatativ\u00e1: debate de candidatos a la Alcald\u00eda se realiz\u00f3 con gran acogida - UNIAGRARIA","og_description":"Direcci\u00f3n de Comunicaciones UNIAGRARIA\ufeff El pasado jueves 21 de septiembre, en las instalaciones de la C\u00e1mara de Comercio de Facatativ\u00e1, se llev\u00f3 a cabo un hist\u00f3rico debate entre los candidatos a la Alcald\u00eda de Facatativ\u00e1. El evento, organizado por la Fundaci\u00f3n Universitaria Agraria de Colombia, Uniagraria, se convirti\u00f3 en un espacio democr\u00e1tico crucial para el [&hellip;]","og_url":"https:\/\/uniagraria.edu.co\/en\/uniagraria-le-cumplio-la-cita-a-la-democracia-en-facatativa-debate-de-candidatos-a-la-alcaldia-se-realizo-con-gran-acogida\/","og_site_name":"UNIAGRARIA","article_publisher":"https:\/\/www.facebook.com\/uagraria\/?locale=es_LA","article_published_time":"2023-09-23T16:32:51+00:00","author":"Comunicaciones UNIAGRARIA","twitter_card":"summary_large_image","twitter_creator":"@UNIAGRARIA","twitter_site":"@UNIAGRARIA","twitter_misc":{"Written by":"Comunicaciones UNIAGRARIA","Est. reading time":"2 minutes"},"schema":{"@context":"https:\/\/schema.org","@graph":[{"@type":"Article","@id":"https:\/\/uniagraria.edu.co\/es\/uniagraria-le-cumplio-la-cita-a-la-democracia-en-facatativa-debate-de-candidatos-a-la-alcaldia-se-realizo-con-gran-acogida\/#article","isPartOf":{"@id":"https:\/\/uniagraria.edu.co\/es\/uniagraria-le-cumplio-la-cita-a-la-democracia-en-facatativa-debate-de-candidatos-a-la-alcaldia-se-realizo-con-gran-acogida\/"},"author":{"name":"Comunicaciones UNIAGRARIA","@id":"https:\/\/uniagraria.edu.co\/es\/#\/schema\/person\/f2ff0c07d9addb88b935755100b8db03"},"headline":"Uniagraria le cumpli\u00f3 la cita a la democracia en Facatativ\u00e1: debate de candidatos a la Alcald\u00eda se realiz\u00f3 con gran acogida","datePublished":"2023-09-23T16:32:51+00:00","mainEntityOfPage":{"@id":"https:\/\/uniagraria.edu.co\/es\/uniagraria-le-cumplio-la-cita-a-la-democracia-en-facatativa-debate-de-candidatos-a-la-alcaldia-se-realizo-con-gran-acogida\/"},"wordCount":466,"publisher":{"@id":"https:\/\/uniagraria.edu.co\/es\/#organization"},"image":{"@id":"https:\/\/uniagraria.edu.co\/es\/uniagraria-le-cumplio-la-cita-a-la-democracia-en-facatativa-debate-de-candidatos-a-la-alcaldia-se-realizo-con-gran-acogida\/#primaryimage"},"thumbnailUrl":"","articleSection":["Noticias"],"inLanguage":"en-US"},{"@type":"WebPage","@id":"https:\/\/uniagraria.edu.co\/es\/uniagraria-le-cumplio-la-cita-a-la-democracia-en-facatativa-debate-de-candidatos-a-la-alcaldia-se-realizo-con-gran-acogida\/","url":"https:\/\/uniagraria.edu.co\/es\/uniagraria-le-cumplio-la-cita-a-la-democracia-en-facatativa-debate-de-candidatos-a-la-alcaldia-se-realizo-con-gran-acogida\/","name":"Uniagraria le cumpli\u00f3 la cita a la democracia en Facatativ\u00e1: debate de candidatos a la Alcald\u00eda se realiz\u00f3 con gran acogida - UNIAGRARIA","isPartOf":{"@id":"https:\/\/uniagraria.edu.co\/es\/#website"},"primaryImageOfPage":{"@id":"https:\/\/uniagraria.edu.co\/es\/uniagraria-le-cumplio-la-cita-a-la-democracia-en-facatativa-debate-de-candidatos-a-la-alcaldia-se-realizo-con-gran-acogida\/#primaryimage"},"image":{"@id":"https:\/\/uniagraria.edu.co\/es\/uniagraria-le-cumplio-la-cita-a-la-democracia-en-facatativa-debate-de-candidatos-a-la-alcaldia-se-realizo-con-gran-acogida\/#primaryimage"},"thumbnailUrl":"","datePublished":"2023-09-23T16:32:51+00:00","breadcrumb":{"@id":"https:\/\/uniagraria.edu.co\/es\/uniagraria-le-cumplio-la-cita-a-la-democracia-en-facatativa-debate-de-candidatos-a-la-alcaldia-se-realizo-con-gran-acogida\/#breadcrumb"},"inLanguage":"en-US","potentialAction":[{"@type":"ReadAction","target":["https:\/\/uniagraria.edu.co\/es\/uniagraria-le-cumplio-la-cita-a-la-democracia-en-facatativa-debate-de-candidatos-a-la-alcaldia-se-realizo-con-gran-acogida\/"]}]},{"@type":"ImageObject","inLanguage":"en-US","@id":"https:\/\/uniagraria.edu.co\/es\/uniagraria-le-cumplio-la-cita-a-la-democracia-en-facatativa-debate-de-candidatos-a-la-alcaldia-se-realizo-con-gran-acogida\/#primaryimage","url":"","contentUrl":""},{"@type":"BreadcrumbList","@id":"https:\/\/uniagraria.edu.co\/es\/uniagraria-le-cumplio-la-cita-a-la-democracia-en-facatativa-debate-de-candidatos-a-la-alcaldia-se-realizo-con-gran-acogida\/#breadcrumb","itemListElement":[{"@type":"ListItem","position":1,"name":"Inicio","item":"https:\/\/uniagraria.edu.co\/"},{"@type":"ListItem","position":2,"name":"Noticias","item":"https:\/\/uniagraria.edu.co\/es\/category\/noticias\/"},{"@type":"ListItem","position":3,"name":"Uniagraria le cumpli\u00f3 la cita a la democracia en Facatativ\u00e1: debate de candidatos a la Alcald\u00eda se realiz\u00f3 con gran acogida"}]},{"@type":"WebSite","@id":"https:\/\/uniagraria.edu.co\/es\/#website","url":"https:\/\/uniagraria.edu.co\/es\/","name":"Experience the experience and discover the education of","description":"FUNDACION UNIVERSITARIA AGRARIA DE COLOMBIA","publisher":{"@id":"https:\/\/uniagraria.edu.co\/es\/#organization"},"potentialAction":[{"@type":"SearchAction","target":{"@type":"EntryPoint","urlTemplate":"https:\/\/uniagraria.edu.co\/es\/?s={search_term_string}"},"query-input":{"@type":"PropertyValueSpecification","valueRequired":true,"valueName":"search_term_string"}}],"inLanguage":"en-US"},{"@type":"Organization","@id":"https:\/\/uniagraria.edu.co\/es\/#organization","name":"Experience the experience and discover the education of","url":"https:\/\/uniagraria.edu.co\/es\/","logo":{"@type":"ImageObject","inLanguage":"en-US","@id":"https:\/\/uniagraria.edu.co\/es\/#\/schema\/logo\/image\/","url":"https:\/\/novawebmaster.com\/uniagraria\/wp-content\/uploads\/2025\/02\/LogoUa2023Vertical.png","contentUrl":"https:\/\/novawebmaster.com\/uniagraria\/wp-content\/uploads\/2025\/02\/LogoUa2023Vertical.png","width":3300,"height":2550,"caption":"UNIAGRARIA"},"image":{"@id":"https:\/\/uniagraria.edu.co\/es\/#\/schema\/logo\/image\/"},"sameAs":["https:\/\/www.facebook.com\/uagraria\/?locale=es_LA","https:\/\/x.com\/UNIAGRARIA","https:\/\/www.instagram.com\/uniagraria\/profilecard\/?igsh=MXI2bTFlMWsxNzNjOA","https:\/\/www.tiktok.com\/discover\/uniagraria?lang=es","https:\/\/www.linkedin.com\/school\/uniagraria\/?originalSubdomain=co","https:\/\/www.youtube.com\/user\/UniagrariaUverde?themeRefresh=1","https:\/\/api.whatsapp.com\/send?phone=3134230649"]},{"@type":"Person","@id":"https:\/\/uniagraria.edu.co\/es\/#\/schema\/person\/f2ff0c07d9addb88b935755100b8db03","name":"Communications UNIAGRARIA","image":{"@type":"ImageObject","inLanguage":"en-US","@id":"https:\/\/secure.gravatar.com\/avatar\/5c34977f632fe7cabe2da5a1818394efca9475d46ad9f02e8eab7fd408884103?s=96&d=mm&r=g","url":"https:\/\/secure.gravatar.com\/avatar\/5c34977f632fe7cabe2da5a1818394efca9475d46ad9f02e8eab7fd408884103?s=96&d=mm&r=g","contentUrl":"https:\/\/secure.gravatar.com\/avatar\/5c34977f632fe7cabe2da5a1818394efca9475d46ad9f02e8eab7fd408884103?s=96&d=mm&r=g","caption":"Comunicaciones UNIAGRARIA"},"url":"https:\/\/uniagraria.edu.co\/en\/author\/4ndr3sf371p3\/"}]}},"_links":{"self":[{"href":"https:\/\/uniagraria.edu.co\/en\/wp-json\/wp\/v2\/posts\/38949","targetHints":{"allow":["GET"]}}],"collection":[{"href":"https:\/\/uniagraria.edu.co\/en\/wp-json\/wp\/v2\/posts"}],"about":[{"href":"https:\/\/uniagraria.edu.co\/en\/wp-json\/wp\/v2\/types\/post"}],"author":[{"embeddable":true,"href":"https:\/\/uniagraria.edu.co\/en\/wp-json\/wp\/v2\/users\/8"}],"replies":[{"embeddable":true,"href":"https:\/\/uniagraria.edu.co\/en\/wp-json\/wp\/v2\/comments?post=38949"}],"version-history":[{"count":0,"href":"https:\/\/uniagraria.edu.co\/en\/wp-json\/wp\/v2\/posts\/38949\/revisions"}],"wp:featuredmedia":[{"embeddable":true,"href":"https:\/\/uniagraria.edu.co\/en\/wp-json\/"}],"wp:attachment":[{"href":"https:\/\/uniagraria.edu.co\/en\/wp-json\/wp\/v2\/media?parent=38949"}],"wp:term":[{"taxonomy":"category","embeddable":true,"href":"https:\/\/uniagraria.edu.co\/en\/wp-json\/wp\/v2\/categories?post=38949"},{"taxonomy":"post_tag","embeddable":true,"href":"https:\/\/uniagraria.edu.co\/en\/wp-json\/wp\/v2\/tags?post=38949"}],"curies":[{"name":"wp","href":"https:\/\/api.w.org\/{rel}","templated":true}]}}