{"id":39724,"date":"2023-10-23T09:47:57","date_gmt":"2023-10-23T14:47:57","guid":{"rendered":"https:\/\/www.uniagraria.edu.co\/?p=39724"},"modified":"2023-10-23T09:47:57","modified_gmt":"2023-10-23T14:47:57","slug":"exitosa-jornada-de-actualizacion-profesional-para-egresados-en-uniagraria-facatativa","status":"publish","type":"post","link":"https:\/\/uniagraria.edu.co\/en\/exitosa-jornada-de-actualizacion-profesional-para-egresados-en-uniagraria-facatativa\/","title":{"rendered":"Exitosa Jornada de Actualizaci\u00f3n Profesional para Egresados en Uniagraria Facatativ\u00e1"},"content":{"rendered":"<h4 class=\"wp-block-heading\" id=\"mce_0\"><em><strong>Direcci\u00f3n de Comunicaciones UNIAGRARIA<\/strong><\/em><\/h4>\n\n\n\n<p style=\"text-align: justify;\">La Coordinaci\u00f3n de Integraci\u00f3n con el Egresado y los Departamentos de Derecho, Ingenier\u00eda Civil e Ingenier\u00eda Mecatr\u00f3nica de Uniagraria Facatativ\u00e1 se enorgullecen de anunciar el rotundo \u00e9xito de la Jornada de Actualizaci\u00f3n Profesional para Egresados en esa sede, un evento que marc\u00f3 el punto culminante de la celebraci\u00f3n del d\u00e9cimo aniversario de Uniagraria Facatativ\u00e1<\/p>\n\n\n\n<p style=\"text-align: justify;\">El evento, que cont\u00f3 con la participaci\u00f3n entusiasta de 68 egresados, se llev\u00f3 a cabo con el objetivo de proporcionar a los graduados una valiosa oportunidad de seguir aprendiendo y creciendo en sus respectivas \u00e1reas de expertise. La jornada ofreci\u00f3 una serie de actualizaciones profesionales impartidas por expertos en campos clave, brindando a los egresados una ventaja competitiva en sus carreras.<\/p>\n\n\n\n<p style=\"text-align: justify;\">Los egresados de Derecho tuvieron la oportunidad de explorar los \u00faltimos avances en Derecho Digital y Legal Tech gracias a la experiencia compartida por los Dres. Johnny Uribe, Decano de la Facultad de Ciencias Jur\u00eddicas y Sociales, y Ricardo Ariza, Docente de Derecho de Uniagraria. Sus conocimientos y perspectivas enriquecieron la comprensi\u00f3n de los egresados sobre estos temas en constante evoluci\u00f3n.<\/p>\n\n\n\n<p style=\"text-align: justify;\">Por otro lado, los profesionales de la Ingenier\u00eda Civil se beneficiaron de las tendencias actuales en el campo, con un enfoque especial en la estabilizaci\u00f3n de muros de contenci\u00f3n. El experto tem\u00e1tico, Ing. Juli\u00e1n Gonzalo G\u00f3mez de Pavco \u2013 Wavin, comparti\u00f3 valiosos conocimientos que ayudar\u00e1n a los egresados a enfrentar los desaf\u00edos de la industria de la construcci\u00f3n.<\/p>\n\n\n\n<p style=\"text-align: justify;\">Finalmente, la Industria 4.0 fue el centro de atenci\u00f3n para los egresados de Ingenier\u00eda Mecatr\u00f3nica. El experto tem\u00e1tico Ing. Sebasti\u00e1n Boh\u00f3rquez Quintero de Festo brind\u00f3 informaci\u00f3n clave sobre la cuarta revoluci\u00f3n industrial y su impacto en la automatizaci\u00f3n y la tecnolog\u00eda.<\/p>\n\n\n\n<p style=\"text-align: justify;\">Adem\u00e1s de la actualizaci\u00f3n profesional, los egresados tuvieron la oportunidad de celebrar los 10 a\u00f1os de la sede de Uniagraria en Facatativ\u00e1. Este evento no solo sirvi\u00f3 para conmemorar una d\u00e9cada de excelencia acad\u00e9mica, sino tambi\u00e9n para fortalecer las redes de contacto profesionales entre los egresados. La jornada cont\u00f3 con la amena representaci\u00f3n de la Tuna de la Secretar\u00eda de Cultura y Juventud de Facatativ\u00e1, que enriqueci\u00f3 a\u00fan m\u00e1s la experiencia.<\/p>\n\n\n\n<p style=\"text-align: justify;\">Uniagraria Facatativ\u00e1 se enorgullece de brindar a sus egresados oportunidades continuas de aprendizaje y desarrollo profesional. Esta jornada no solo ha fortalecido la formaci\u00f3n de los egresados, sino que tambi\u00e9n ha impulsado su desempe\u00f1o y su impacto en la sociedad. La instituci\u00f3n espera continuar ofreciendo eventos educativos y enriquecedores en el futuro, fortaleciendo as\u00ed la relaci\u00f3n con sus graduados y contribuyendo al \u00e9xito de la comunidad profesional en constante crecimiento.<\/p>\n\n\n\n<ul class=\"wp-block-gallery columns-3 is-cropped wp-block-gallery-1 is-layout-flex wp-block-gallery-is-layout-flex\"><li class=\"blocks-gallery-item\"><figure><img decoding=\"async\" src=\"https:\/\/www.uniagraria.edu.co\/wp-content\/uploads\/2023\/10\/JornadaEgresadosFacatativa-03-1024x472.jpeg\" alt=\"\" data-id=\"39721\" data-link=\"https:\/\/www.uniagraria.edu.co\/jornadaegresadosfacatativa-03\/\" class=\"wp-image-39721\"\/><\/figure><\/li><li class=\"blocks-gallery-item\"><figure><img decoding=\"async\" src=\"https:\/\/www.uniagraria.edu.co\/wp-content\/uploads\/2023\/10\/JornadaEgresadosFacatativa-02-1024x768.jpg\" alt=\"\" data-id=\"39722\" data-link=\"https:\/\/www.uniagraria.edu.co\/jornadaegresadosfacatativa-02\/\" class=\"wp-image-39722\"\/><\/figure><\/li><li class=\"blocks-gallery-item\"><figure><img decoding=\"async\" src=\"https:\/\/www.uniagraria.edu.co\/wp-content\/uploads\/2023\/10\/JornadaEgresadosFacatativa-01-1024x767.jpeg\" alt=\"\" data-id=\"39723\" data-link=\"https:\/\/www.uniagraria.edu.co\/jornadaegresadosfacatativa-01\/\" class=\"wp-image-39723\"\/><\/figure><\/li><li class=\"blocks-gallery-item\"><figure><img decoding=\"async\" src=\"https:\/\/www.uniagraria.edu.co\/wp-content\/uploads\/2023\/10\/JornadaEgresadosFacatativa-04-1024x460.jpeg\" alt=\"\" data-id=\"39720\" data-link=\"https:\/\/www.uniagraria.edu.co\/jornadaegresadosfacatativa-04\/\" class=\"wp-image-39720\"\/><\/figure><\/li><li class=\"blocks-gallery-item\"><figure><img decoding=\"async\" src=\"https:\/\/www.uniagraria.edu.co\/wp-content\/uploads\/2023\/10\/JornadaEgresadosFacatativa-05-1024x778.jpeg\" alt=\"\" data-id=\"39719\" data-link=\"https:\/\/www.uniagraria.edu.co\/jornadaegresadosfacatativa-05\/\" class=\"wp-image-39719\"\/><\/figure><\/li><li class=\"blocks-gallery-item\"><figure><img decoding=\"async\" src=\"https:\/\/www.uniagraria.edu.co\/wp-content\/uploads\/2023\/10\/JornadaEgresadosFacatativa-06-767x1024.jpeg\" alt=\"\" data-id=\"39718\" data-link=\"https:\/\/www.uniagraria.edu.co\/jornadaegresadosfacatativa-06\/\" class=\"wp-image-39718\"\/><\/figure><\/li><\/ul>","protected":false},"excerpt":{"rendered":"<p>Direcci\u00f3n de Comunicaciones UNIAGRARIA\ufeff La Coordinaci\u00f3n de Integraci\u00f3n con el Egresado y los Departamentos de Derecho, Ingenier\u00eda Civil e Ingenier\u00eda Mecatr\u00f3nica de Uniagraria Facatativ\u00e1 se enorgullecen de anunciar el rotundo \u00e9xito de la Jornada de Actualizaci\u00f3n Profesional para Egresados en esa sede, un evento que marc\u00f3 el punto culminante de la celebraci\u00f3n del d\u00e9cimo aniversario [&hellip;]<\/p>\n","protected":false},"author":8,"featured_media":39723,"comment_status":"closed","ping_status":"closed","sticky":false,"template":"","format":"standard","meta":{"_acf_changed":false,"site-sidebar-layout":"default","site-content-layout":"","ast-site-content-layout":"default","site-content-style":"default","site-sidebar-style":"default","ast-global-header-display":"","ast-banner-title-visibility":"","ast-main-header-display":"","ast-hfb-above-header-display":"","ast-hfb-below-header-display":"","ast-hfb-mobile-header-display":"","site-post-title":"","ast-breadcrumbs-content":"","ast-featured-img":"","footer-sml-layout":"","ast-disable-related-posts":"","theme-transparent-header-meta":"","adv-header-id-meta":"","stick-header-meta":"","header-above-stick-meta":"","header-main-stick-meta":"","header-below-stick-meta":"","astra-migrate-meta-layouts":"default","ast-page-background-enabled":"default","ast-page-background-meta":{"desktop":{"background-color":"var(--ast-global-color-4)","background-image":"","background-repeat":"repeat","background-position":"center center","background-size":"auto","background-attachment":"scroll","background-type":"","background-media":"","overlay-type":"","overlay-color":"","overlay-opacity":"","overlay-gradient":""},"tablet":{"background-color":"","background-image":"","background-repeat":"repeat","background-position":"center center","background-size":"auto","background-attachment":"scroll","background-type":"","background-media":"","overlay-type":"","overlay-color":"","overlay-opacity":"","overlay-gradient":""},"mobile":{"background-color":"","background-image":"","background-repeat":"repeat","background-position":"center center","background-size":"auto","background-attachment":"scroll","background-type":"","background-media":"","overlay-type":"","overlay-color":"","overlay-opacity":"","overlay-gradient":""}},"ast-content-background-meta":{"desktop":{"background-color":"var(--ast-global-color-5)","background-image":"","background-repeat":"repeat","background-position":"center center","background-size":"auto","background-attachment":"scroll","background-type":"","background-media":"","overlay-type":"","overlay-color":"","overlay-opacity":"","overlay-gradient":""},"tablet":{"background-color":"var(--ast-global-color-5)","background-image":"","background-repeat":"repeat","background-position":"center center","background-size":"auto","background-attachment":"scroll","background-type":"","background-media":"","overlay-type":"","overlay-color":"","overlay-opacity":"","overlay-gradient":""},"mobile":{"background-color":"var(--ast-global-color-5)","background-image":"","background-repeat":"repeat","background-position":"center center","background-size":"auto","background-attachment":"scroll","background-type":"","background-media":"","overlay-type":"","overlay-color":"","overlay-opacity":"","overlay-gradient":""}},"footnotes":""},"categories":[35],"tags":[],"class_list":["post-39724","post","type-post","status-publish","format-standard","has-post-thumbnail","hentry","category-noticias"],"acf":[],"yoast_head":"<!-- This site is optimized with the Yoast SEO plugin v27.5 - https:\/\/yoast.com\/product\/yoast-seo-wordpress\/ -->\n<title>Exitosa Jornada de Actualizaci\u00f3n Profesional para Egresados en Uniagraria Facatativ\u00e1 - UNIAGRARIA<\/title>\n<meta name=\"robots\" content=\"index, follow, max-snippet:-1, max-image-preview:large, max-video-preview:-1\" \/>\n<link rel=\"canonical\" href=\"https:\/\/uniagraria.edu.co\/en\/exitosa-jornada-de-actualizacion-profesional-para-egresados-en-uniagraria-facatativa\/\" \/>\n<meta property=\"og:locale\" content=\"en_US\" \/>\n<meta property=\"og:type\" content=\"article\" \/>\n<meta property=\"og:title\" content=\"Exitosa Jornada de Actualizaci\u00f3n Profesional para Egresados en Uniagraria Facatativ\u00e1 - UNIAGRARIA\" \/>\n<meta property=\"og:description\" content=\"Direcci\u00f3n de Comunicaciones UNIAGRARIA\ufeff La Coordinaci\u00f3n de Integraci\u00f3n con el Egresado y los Departamentos de Derecho, Ingenier\u00eda Civil e Ingenier\u00eda Mecatr\u00f3nica de Uniagraria Facatativ\u00e1 se enorgullecen de anunciar el rotundo \u00e9xito de la Jornada de Actualizaci\u00f3n Profesional para Egresados en esa sede, un evento que marc\u00f3 el punto culminante de la celebraci\u00f3n del d\u00e9cimo aniversario [&hellip;]\" \/>\n<meta property=\"og:url\" content=\"https:\/\/uniagraria.edu.co\/en\/exitosa-jornada-de-actualizacion-profesional-para-egresados-en-uniagraria-facatativa\/\" \/>\n<meta property=\"og:site_name\" content=\"UNIAGRARIA\" \/>\n<meta property=\"article:publisher\" content=\"https:\/\/www.facebook.com\/uagraria\/?locale=es_LA\" \/>\n<meta property=\"article:published_time\" content=\"2023-10-23T14:47:57+00:00\" \/>\n<meta name=\"author\" content=\"Comunicaciones UNIAGRARIA\" \/>\n<meta name=\"twitter:card\" content=\"summary_large_image\" \/>\n<meta name=\"twitter:creator\" content=\"@UNIAGRARIA\" \/>\n<meta name=\"twitter:site\" content=\"@UNIAGRARIA\" \/>\n<meta name=\"twitter:label1\" content=\"Written by\" \/>\n\t<meta name=\"twitter:data1\" content=\"Comunicaciones UNIAGRARIA\" \/>\n\t<meta name=\"twitter:label2\" content=\"Est. reading time\" \/>\n\t<meta name=\"twitter:data2\" content=\"2 minutes\" \/>\n<script type=\"application\/ld+json\" class=\"yoast-schema-graph\">{\"@context\":\"https:\\\/\\\/schema.org\",\"@graph\":[{\"@type\":\"Article\",\"@id\":\"https:\\\/\\\/uniagraria.edu.co\\\/es\\\/exitosa-jornada-de-actualizacion-profesional-para-egresados-en-uniagraria-facatativa\\\/#article\",\"isPartOf\":{\"@id\":\"https:\\\/\\\/uniagraria.edu.co\\\/es\\\/exitosa-jornada-de-actualizacion-profesional-para-egresados-en-uniagraria-facatativa\\\/\"},\"author\":{\"name\":\"Comunicaciones UNIAGRARIA\",\"@id\":\"https:\\\/\\\/uniagraria.edu.co\\\/es\\\/#\\\/schema\\\/person\\\/f2ff0c07d9addb88b935755100b8db03\"},\"headline\":\"Exitosa Jornada de Actualizaci\u00f3n Profesional para Egresados en Uniagraria Facatativ\u00e1\",\"datePublished\":\"2023-10-23T14:47:57+00:00\",\"mainEntityOfPage\":{\"@id\":\"https:\\\/\\\/uniagraria.edu.co\\\/es\\\/exitosa-jornada-de-actualizacion-profesional-para-egresados-en-uniagraria-facatativa\\\/\"},\"wordCount\":474,\"publisher\":{\"@id\":\"https:\\\/\\\/uniagraria.edu.co\\\/es\\\/#organization\"},\"image\":{\"@id\":\"https:\\\/\\\/uniagraria.edu.co\\\/es\\\/exitosa-jornada-de-actualizacion-profesional-para-egresados-en-uniagraria-facatativa\\\/#primaryimage\"},\"thumbnailUrl\":\"\",\"articleSection\":[\"Noticias\"],\"inLanguage\":\"en-US\"},{\"@type\":\"WebPage\",\"@id\":\"https:\\\/\\\/uniagraria.edu.co\\\/es\\\/exitosa-jornada-de-actualizacion-profesional-para-egresados-en-uniagraria-facatativa\\\/\",\"url\":\"https:\\\/\\\/uniagraria.edu.co\\\/es\\\/exitosa-jornada-de-actualizacion-profesional-para-egresados-en-uniagraria-facatativa\\\/\",\"name\":\"Exitosa Jornada de Actualizaci\u00f3n Profesional para Egresados en Uniagraria Facatativ\u00e1 - UNIAGRARIA\",\"isPartOf\":{\"@id\":\"https:\\\/\\\/uniagraria.edu.co\\\/es\\\/#website\"},\"primaryImageOfPage\":{\"@id\":\"https:\\\/\\\/uniagraria.edu.co\\\/es\\\/exitosa-jornada-de-actualizacion-profesional-para-egresados-en-uniagraria-facatativa\\\/#primaryimage\"},\"image\":{\"@id\":\"https:\\\/\\\/uniagraria.edu.co\\\/es\\\/exitosa-jornada-de-actualizacion-profesional-para-egresados-en-uniagraria-facatativa\\\/#primaryimage\"},\"thumbnailUrl\":\"\",\"datePublished\":\"2023-10-23T14:47:57+00:00\",\"breadcrumb\":{\"@id\":\"https:\\\/\\\/uniagraria.edu.co\\\/es\\\/exitosa-jornada-de-actualizacion-profesional-para-egresados-en-uniagraria-facatativa\\\/#breadcrumb\"},\"inLanguage\":\"en-US\",\"potentialAction\":[{\"@type\":\"ReadAction\",\"target\":[\"https:\\\/\\\/uniagraria.edu.co\\\/es\\\/exitosa-jornada-de-actualizacion-profesional-para-egresados-en-uniagraria-facatativa\\\/\"]}]},{\"@type\":\"ImageObject\",\"inLanguage\":\"en-US\",\"@id\":\"https:\\\/\\\/uniagraria.edu.co\\\/es\\\/exitosa-jornada-de-actualizacion-profesional-para-egresados-en-uniagraria-facatativa\\\/#primaryimage\",\"url\":\"\",\"contentUrl\":\"\"},{\"@type\":\"BreadcrumbList\",\"@id\":\"https:\\\/\\\/uniagraria.edu.co\\\/es\\\/exitosa-jornada-de-actualizacion-profesional-para-egresados-en-uniagraria-facatativa\\\/#breadcrumb\",\"itemListElement\":[{\"@type\":\"ListItem\",\"position\":1,\"name\":\"Inicio\",\"item\":\"https:\\\/\\\/uniagraria.edu.co\\\/\"},{\"@type\":\"ListItem\",\"position\":2,\"name\":\"Noticias\",\"item\":\"https:\\\/\\\/uniagraria.edu.co\\\/es\\\/category\\\/noticias\\\/\"},{\"@type\":\"ListItem\",\"position\":3,\"name\":\"Exitosa Jornada de Actualizaci\u00f3n Profesional para Egresados en Uniagraria Facatativ\u00e1\"}]},{\"@type\":\"WebSite\",\"@id\":\"https:\\\/\\\/uniagraria.edu.co\\\/es\\\/#website\",\"url\":\"https:\\\/\\\/uniagraria.edu.co\\\/es\\\/\",\"name\":\"UNIAGRARIA\",\"description\":\"FUNDACION UNIVERSITARIA AGRARIA DE COLOMBIA\",\"publisher\":{\"@id\":\"https:\\\/\\\/uniagraria.edu.co\\\/es\\\/#organization\"},\"potentialAction\":[{\"@type\":\"SearchAction\",\"target\":{\"@type\":\"EntryPoint\",\"urlTemplate\":\"https:\\\/\\\/uniagraria.edu.co\\\/es\\\/?s={search_term_string}\"},\"query-input\":{\"@type\":\"PropertyValueSpecification\",\"valueRequired\":true,\"valueName\":\"search_term_string\"}}],\"inLanguage\":\"en-US\"},{\"@type\":\"Organization\",\"@id\":\"https:\\\/\\\/uniagraria.edu.co\\\/es\\\/#organization\",\"name\":\"UNIAGRARIA\",\"url\":\"https:\\\/\\\/uniagraria.edu.co\\\/es\\\/\",\"logo\":{\"@type\":\"ImageObject\",\"inLanguage\":\"en-US\",\"@id\":\"https:\\\/\\\/uniagraria.edu.co\\\/es\\\/#\\\/schema\\\/logo\\\/image\\\/\",\"url\":\"https:\\\/\\\/novawebmaster.com\\\/uniagraria\\\/wp-content\\\/uploads\\\/2025\\\/02\\\/LogoUa2023Vertical.png\",\"contentUrl\":\"https:\\\/\\\/novawebmaster.com\\\/uniagraria\\\/wp-content\\\/uploads\\\/2025\\\/02\\\/LogoUa2023Vertical.png\",\"width\":3300,\"height\":2550,\"caption\":\"UNIAGRARIA\"},\"image\":{\"@id\":\"https:\\\/\\\/uniagraria.edu.co\\\/es\\\/#\\\/schema\\\/logo\\\/image\\\/\"},\"sameAs\":[\"https:\\\/\\\/www.facebook.com\\\/uagraria\\\/?locale=es_LA\",\"https:\\\/\\\/x.com\\\/UNIAGRARIA\",\"https:\\\/\\\/www.instagram.com\\\/uniagraria\\\/profilecard\\\/?igsh=MXI2bTFlMWsxNzNjOA\",\"https:\\\/\\\/www.tiktok.com\\\/discover\\\/uniagraria?lang=es\",\"https:\\\/\\\/www.linkedin.com\\\/school\\\/uniagraria\\\/?originalSubdomain=co\",\"https:\\\/\\\/www.youtube.com\\\/user\\\/UniagrariaUverde?themeRefresh=1\",\"https:\\\/\\\/api.whatsapp.com\\\/send?phone=3134230649\"]},{\"@type\":\"Person\",\"@id\":\"https:\\\/\\\/uniagraria.edu.co\\\/es\\\/#\\\/schema\\\/person\\\/f2ff0c07d9addb88b935755100b8db03\",\"name\":\"Comunicaciones UNIAGRARIA\",\"image\":{\"@type\":\"ImageObject\",\"inLanguage\":\"en-US\",\"@id\":\"https:\\\/\\\/secure.gravatar.com\\\/avatar\\\/5c34977f632fe7cabe2da5a1818394efca9475d46ad9f02e8eab7fd408884103?s=96&d=mm&r=g\",\"url\":\"https:\\\/\\\/secure.gravatar.com\\\/avatar\\\/5c34977f632fe7cabe2da5a1818394efca9475d46ad9f02e8eab7fd408884103?s=96&d=mm&r=g\",\"contentUrl\":\"https:\\\/\\\/secure.gravatar.com\\\/avatar\\\/5c34977f632fe7cabe2da5a1818394efca9475d46ad9f02e8eab7fd408884103?s=96&d=mm&r=g\",\"caption\":\"Comunicaciones UNIAGRARIA\"},\"url\":\"https:\\\/\\\/uniagraria.edu.co\\\/en\\\/author\\\/4ndr3sf371p3\\\/\"}]}<\/script>\n<!-- \/ Yoast SEO plugin. -->","yoast_head_json":{"title":"Exitosa Jornada de Actualizaci\u00f3n Profesional para Egresados en Uniagraria Facatativ\u00e1 - UNIAGRARIA","robots":{"index":"index","follow":"follow","max-snippet":"max-snippet:-1","max-image-preview":"max-image-preview:large","max-video-preview":"max-video-preview:-1"},"canonical":"https:\/\/uniagraria.edu.co\/en\/exitosa-jornada-de-actualizacion-profesional-para-egresados-en-uniagraria-facatativa\/","og_locale":"en_US","og_type":"article","og_title":"Exitosa Jornada de Actualizaci\u00f3n Profesional para Egresados en Uniagraria Facatativ\u00e1 - UNIAGRARIA","og_description":"Direcci\u00f3n de Comunicaciones UNIAGRARIA\ufeff La Coordinaci\u00f3n de Integraci\u00f3n con el Egresado y los Departamentos de Derecho, Ingenier\u00eda Civil e Ingenier\u00eda Mecatr\u00f3nica de Uniagraria Facatativ\u00e1 se enorgullecen de anunciar el rotundo \u00e9xito de la Jornada de Actualizaci\u00f3n Profesional para Egresados en esa sede, un evento que marc\u00f3 el punto culminante de la celebraci\u00f3n del d\u00e9cimo aniversario [&hellip;]","og_url":"https:\/\/uniagraria.edu.co\/en\/exitosa-jornada-de-actualizacion-profesional-para-egresados-en-uniagraria-facatativa\/","og_site_name":"UNIAGRARIA","article_publisher":"https:\/\/www.facebook.com\/uagraria\/?locale=es_LA","article_published_time":"2023-10-23T14:47:57+00:00","author":"Comunicaciones UNIAGRARIA","twitter_card":"summary_large_image","twitter_creator":"@UNIAGRARIA","twitter_site":"@UNIAGRARIA","twitter_misc":{"Written by":"Comunicaciones UNIAGRARIA","Est. reading time":"2 minutes"},"schema":{"@context":"https:\/\/schema.org","@graph":[{"@type":"Article","@id":"https:\/\/uniagraria.edu.co\/es\/exitosa-jornada-de-actualizacion-profesional-para-egresados-en-uniagraria-facatativa\/#article","isPartOf":{"@id":"https:\/\/uniagraria.edu.co\/es\/exitosa-jornada-de-actualizacion-profesional-para-egresados-en-uniagraria-facatativa\/"},"author":{"name":"Comunicaciones UNIAGRARIA","@id":"https:\/\/uniagraria.edu.co\/es\/#\/schema\/person\/f2ff0c07d9addb88b935755100b8db03"},"headline":"Exitosa Jornada de Actualizaci\u00f3n Profesional para Egresados en Uniagraria Facatativ\u00e1","datePublished":"2023-10-23T14:47:57+00:00","mainEntityOfPage":{"@id":"https:\/\/uniagraria.edu.co\/es\/exitosa-jornada-de-actualizacion-profesional-para-egresados-en-uniagraria-facatativa\/"},"wordCount":474,"publisher":{"@id":"https:\/\/uniagraria.edu.co\/es\/#organization"},"image":{"@id":"https:\/\/uniagraria.edu.co\/es\/exitosa-jornada-de-actualizacion-profesional-para-egresados-en-uniagraria-facatativa\/#primaryimage"},"thumbnailUrl":"","articleSection":["Noticias"],"inLanguage":"en-US"},{"@type":"WebPage","@id":"https:\/\/uniagraria.edu.co\/es\/exitosa-jornada-de-actualizacion-profesional-para-egresados-en-uniagraria-facatativa\/","url":"https:\/\/uniagraria.edu.co\/es\/exitosa-jornada-de-actualizacion-profesional-para-egresados-en-uniagraria-facatativa\/","name":"Exitosa Jornada de Actualizaci\u00f3n Profesional para Egresados en Uniagraria Facatativ\u00e1 - UNIAGRARIA","isPartOf":{"@id":"https:\/\/uniagraria.edu.co\/es\/#website"},"primaryImageOfPage":{"@id":"https:\/\/uniagraria.edu.co\/es\/exitosa-jornada-de-actualizacion-profesional-para-egresados-en-uniagraria-facatativa\/#primaryimage"},"image":{"@id":"https:\/\/uniagraria.edu.co\/es\/exitosa-jornada-de-actualizacion-profesional-para-egresados-en-uniagraria-facatativa\/#primaryimage"},"thumbnailUrl":"","datePublished":"2023-10-23T14:47:57+00:00","breadcrumb":{"@id":"https:\/\/uniagraria.edu.co\/es\/exitosa-jornada-de-actualizacion-profesional-para-egresados-en-uniagraria-facatativa\/#breadcrumb"},"inLanguage":"en-US","potentialAction":[{"@type":"ReadAction","target":["https:\/\/uniagraria.edu.co\/es\/exitosa-jornada-de-actualizacion-profesional-para-egresados-en-uniagraria-facatativa\/"]}]},{"@type":"ImageObject","inLanguage":"en-US","@id":"https:\/\/uniagraria.edu.co\/es\/exitosa-jornada-de-actualizacion-profesional-para-egresados-en-uniagraria-facatativa\/#primaryimage","url":"","contentUrl":""},{"@type":"BreadcrumbList","@id":"https:\/\/uniagraria.edu.co\/es\/exitosa-jornada-de-actualizacion-profesional-para-egresados-en-uniagraria-facatativa\/#breadcrumb","itemListElement":[{"@type":"ListItem","position":1,"name":"Inicio","item":"https:\/\/uniagraria.edu.co\/"},{"@type":"ListItem","position":2,"name":"Noticias","item":"https:\/\/uniagraria.edu.co\/es\/category\/noticias\/"},{"@type":"ListItem","position":3,"name":"Exitosa Jornada de Actualizaci\u00f3n Profesional para Egresados en Uniagraria Facatativ\u00e1"}]},{"@type":"WebSite","@id":"https:\/\/uniagraria.edu.co\/es\/#website","url":"https:\/\/uniagraria.edu.co\/es\/","name":"Experience the experience and discover the education of","description":"FUNDACION UNIVERSITARIA AGRARIA DE COLOMBIA","publisher":{"@id":"https:\/\/uniagraria.edu.co\/es\/#organization"},"potentialAction":[{"@type":"SearchAction","target":{"@type":"EntryPoint","urlTemplate":"https:\/\/uniagraria.edu.co\/es\/?s={search_term_string}"},"query-input":{"@type":"PropertyValueSpecification","valueRequired":true,"valueName":"search_term_string"}}],"inLanguage":"en-US"},{"@type":"Organization","@id":"https:\/\/uniagraria.edu.co\/es\/#organization","name":"Experience the experience and discover the education of","url":"https:\/\/uniagraria.edu.co\/es\/","logo":{"@type":"ImageObject","inLanguage":"en-US","@id":"https:\/\/uniagraria.edu.co\/es\/#\/schema\/logo\/image\/","url":"https:\/\/novawebmaster.com\/uniagraria\/wp-content\/uploads\/2025\/02\/LogoUa2023Vertical.png","contentUrl":"https:\/\/novawebmaster.com\/uniagraria\/wp-content\/uploads\/2025\/02\/LogoUa2023Vertical.png","width":3300,"height":2550,"caption":"UNIAGRARIA"},"image":{"@id":"https:\/\/uniagraria.edu.co\/es\/#\/schema\/logo\/image\/"},"sameAs":["https:\/\/www.facebook.com\/uagraria\/?locale=es_LA","https:\/\/x.com\/UNIAGRARIA","https:\/\/www.instagram.com\/uniagraria\/profilecard\/?igsh=MXI2bTFlMWsxNzNjOA","https:\/\/www.tiktok.com\/discover\/uniagraria?lang=es","https:\/\/www.linkedin.com\/school\/uniagraria\/?originalSubdomain=co","https:\/\/www.youtube.com\/user\/UniagrariaUverde?themeRefresh=1","https:\/\/api.whatsapp.com\/send?phone=3134230649"]},{"@type":"Person","@id":"https:\/\/uniagraria.edu.co\/es\/#\/schema\/person\/f2ff0c07d9addb88b935755100b8db03","name":"Communications UNIAGRARIA","image":{"@type":"ImageObject","inLanguage":"en-US","@id":"https:\/\/secure.gravatar.com\/avatar\/5c34977f632fe7cabe2da5a1818394efca9475d46ad9f02e8eab7fd408884103?s=96&d=mm&r=g","url":"https:\/\/secure.gravatar.com\/avatar\/5c34977f632fe7cabe2da5a1818394efca9475d46ad9f02e8eab7fd408884103?s=96&d=mm&r=g","contentUrl":"https:\/\/secure.gravatar.com\/avatar\/5c34977f632fe7cabe2da5a1818394efca9475d46ad9f02e8eab7fd408884103?s=96&d=mm&r=g","caption":"Comunicaciones UNIAGRARIA"},"url":"https:\/\/uniagraria.edu.co\/en\/author\/4ndr3sf371p3\/"}]}},"_links":{"self":[{"href":"https:\/\/uniagraria.edu.co\/en\/wp-json\/wp\/v2\/posts\/39724","targetHints":{"allow":["GET"]}}],"collection":[{"href":"https:\/\/uniagraria.edu.co\/en\/wp-json\/wp\/v2\/posts"}],"about":[{"href":"https:\/\/uniagraria.edu.co\/en\/wp-json\/wp\/v2\/types\/post"}],"author":[{"embeddable":true,"href":"https:\/\/uniagraria.edu.co\/en\/wp-json\/wp\/v2\/users\/8"}],"replies":[{"embeddable":true,"href":"https:\/\/uniagraria.edu.co\/en\/wp-json\/wp\/v2\/comments?post=39724"}],"version-history":[{"count":0,"href":"https:\/\/uniagraria.edu.co\/en\/wp-json\/wp\/v2\/posts\/39724\/revisions"}],"wp:featuredmedia":[{"embeddable":true,"href":"https:\/\/uniagraria.edu.co\/en\/wp-json\/"}],"wp:attachment":[{"href":"https:\/\/uniagraria.edu.co\/en\/wp-json\/wp\/v2\/media?parent=39724"}],"wp:term":[{"taxonomy":"category","embeddable":true,"href":"https:\/\/uniagraria.edu.co\/en\/wp-json\/wp\/v2\/categories?post=39724"},{"taxonomy":"post_tag","embeddable":true,"href":"https:\/\/uniagraria.edu.co\/en\/wp-json\/wp\/v2\/tags?post=39724"}],"curies":[{"name":"wp","href":"https:\/\/api.w.org\/{rel}","templated":true}]}}