{"id":40795,"date":"2023-12-04T10:00:13","date_gmt":"2023-12-04T15:00:13","guid":{"rendered":"https:\/\/www.uniagraria.edu.co\/?p=40795"},"modified":"2023-12-04T10:00:13","modified_gmt":"2023-12-04T15:00:13","slug":"ceremonia-de-grados-en-uniagraria-celebrando-el-exito-academico","status":"publish","type":"post","link":"https:\/\/uniagraria.edu.co\/en\/ceremonia-de-grados-en-uniagraria-celebrando-el-exito-academico\/","title":{"rendered":"Ceremonia de Grados en UNIAGRARIA: celebrando el \u00c9xito Acad\u00e9mico"},"content":{"rendered":"<h4 class=\"wp-block-heading\" id=\"mce_0\"><em><strong>Direcci\u00f3n de Comunicaciones UNIAGRARIA<\/strong><\/em><\/h4>\n\n\n\n<p style=\"text-align: justify;\">La Fundaci\u00f3n Universitaria Agraria de Colombia -UNIAGRARIA- se complace en compartir el emocionante acontecimiento de los grados solemnes que tuvieron lugar el pasado viernes 1 de diciembre. La ceremonia se llev\u00f3 acabo en el auditorio Jorge Arango Tamayo.<\/p>\n\n\n\n<p style=\"text-align: justify;\">La jornada comenz\u00f3 a las 10:30 a.m., con la bienvenida a todos los asistentes por parte de UNIAGRARIA, extendiendo el saludo tanto a los presentes en el evento como a aquellos que siguieron la transmisi\u00f3n en vivo a trav\u00e9s de YouTube.<\/p>\n\n\n\n<p style=\"text-align: justify;\">Un detalle importante se destac\u00f3 para los graduandos virtuales de posgrado, quienes debieron contar con un dispositivo adicional para conectarse por Teams. Se agradeci\u00f3 a todos mantener encendidas sus c\u00e1maras durante toda la ceremonia, la cual fue transmitida en vivo a trav\u00e9s de YouTube, asumiendo que todos los participantes aceptaban la pol\u00edtica de tratamiento de datos de Uniagraria.<\/p>\n\n\n\n<p style=\"text-align: justify;\">La mesa directiva estuvo conformada por el Dr. Juan Carlos Reyes, vicerrector Acad\u00e9mico; el Dr. Albino Segura Penagos, secretario general; y la Dr. Esmeralda Rom\u00e1n Gonz\u00e1lez, directora de Dependencias Facatativ\u00e1.<\/p>\n\n\n\n<p style=\"text-align: justify;\">Acompa\u00f1aron a la mesa directiva los decanos y directores de programas acad\u00e9micos de pregrado y posgrado, quienes fueron presentados y reconocidos durante la ceremonia.<\/p>\n\n\n\n<p>El programa de la ceremonia se dividi\u00f3 en varios momentos destacados:<\/p>\n\n\n\n<p style=\"text-align: justify;\"><strong>Ingreso de los Graduandos: <\/strong>se recibi\u00f3 a los graduandos con un fuerte aplauso, siguiendo el protocolo del auditorio con la proyecci\u00f3n del correspondiente video de seguridad.<\/p>\n\n\n\n<p style=\"text-align: justify;\"><strong>Himnos Nacional de la Rep\u00fablica de Colombia y de UNIAGRARIA:<\/strong> se proyectaron los himnos, generando un ambiente lleno de patriotismo y orgullo institucional.<\/p>\n\n\n\n<p><p style=\"text-align: justify;\"><strong>Palabras del rector:<\/strong> a trav\u00e9s de un video, el se\u00f1or rector, Dr. Jorge Orlando Gait\u00e1n, dirigi\u00f3 un saludo y unas palabras a los presentes.<\/p><\/p>\n\n\n\n<p><p style=\"text-align: justify;\"><strong>Palabras del vicerrector Acad\u00e9mico:<\/strong> el Doctor Juan Carlos Reyes comparti\u00f3 reflexiones sobre el significado de este d\u00eda tan especial.<\/p><\/p>\n\n\n\n<p><p style=\"text-align: justify;\"><strong>Palabras por los egresados<\/strong>: Natalia Hurtado Fajardo, egresada de la especializaci\u00f3n en Educaci\u00f3n en Contextos Rurales, comparti\u00f3 sus experiencias y agradecimientos.<\/p><\/p>\n\n\n\n<p><p style=\"text-align: justify;\">La ceremonia continu\u00f3 con la lectura de la Resoluci\u00f3n de Rector\u00eda, la toma de juramento a los graduandos, y el otorgamiento de t\u00edtulos tanto de pregrado como de posgrado.<\/p><\/p>\n\n\n\n<p><p style=\"text-align: justify;\">En este \u00faltimo punto, se otorgaron distinciones a aquellos graduandos que destacaron por trabajos de grados meritorios, cum Laude y por excelencia. Estas distinciones, adem\u00e1s de reconocer el esfuerzo y la dedicaci\u00f3n, les otorgan becas parciales en doble programa y en posgrados ofrecidos por UNIAGRARIA.<\/p><\/p>\n\n\n\n<p style=\"text-align: justify;\">La ceremonia culmin\u00f3 con la lectura del acta de graduaci\u00f3n por parte del secretario general, Dr. Albino Segura Penagos, y un emotivo cierre que incluy\u00f3 la despedida y felicitaci\u00f3n a los graduados y sus familias.<\/p>\n\n\n\n<p><p style=\"text-align: justify;\">UNIAGRARIA agradeci\u00f3 la presencia de todos los asistentes y cerr\u00f3 la ceremonia con un llamado a construir una sociedad m\u00e1s justa y un pa\u00eds m\u00e1s s\u00f3lido, competitivo y eficiente.<\/p><\/p>\n\n\n\n<p>En total se graduaron 351 estudiantes de la siguiente manera:<\/p>\n\n\n\n<ul class=\"wp-block-list\"><li><strong>undergraduate<\/strong><\/li><\/ul>\n\n\n\n<ul class=\"wp-block-list\"><li>Ingenier\u00eda de Alimentos: 86.<\/li><li>Ingenier\u00eda Ambiental: 2.<\/li><li>Ingenier\u00eda Industrial: 8.<\/li><li>Ingenier\u00eda Mecatr\u00f3nica: 7.<\/li><li>Administraci\u00f3n Financiera y de Sistemas: 14.<\/li><li>Contadur\u00eda P\u00fablica: 17.<\/li><li>Derecho Facatativ\u00e1: 21.<\/li><li>Derecho Bogot\u00e1: 19.<\/li><li>Zootecnia: 11.<\/li><li>Medicina Veterinaria: 57.<\/li><\/ul>\n\n\n\n<ul class=\"wp-block-list\"><li><strong>Postgraduate courses<\/strong><\/li><\/ul>\n\n\n\n<ul class=\"wp-block-list\"><li>Especializaci\u00f3n en Sistemas de Gesti\u00f3n Integrado de la Calidad, Medio ambiente y Prevenci\u00f3n de Riesgos Laborales: 8.<\/li><li>Especializaci\u00f3n en Seguridad Industrial, Higiene y Gesti\u00f3n Ambiental: 6.<\/li><li>Especializaci\u00f3n en Gesti\u00f3n de Agronegocios: 23.<\/li><li>Especializaci\u00f3n en Educaci\u00f3n en Contextos Rurales: 10.<\/li><li>Especializaci\u00f3n en Bienestar Animal y etolog\u00eda: 27.<\/li><li>Especializaci\u00f3n en Salud P\u00fablica Veterinaria: 14.<\/li><li>Especializaci\u00f3n en Legislaci\u00f3n Rural y Ordenamiento Territorial:7.<\/li><li>Especializaci\u00f3n en Responsabilidad Ambiental y Sostenibilidad:6.<\/li><li>Maestr\u00eda en Ingenier\u00eda: 6.<\/li><\/ul>\n\n\n\n<p>Cabe anotar que 10 estudiantes recibieron doble titulaci\u00f3n al cursar dos programas como: Ingenier\u00eda de Alimentos e Ingenier\u00eda Agroindustrial, Ingenier\u00eda Civil e Ingenier\u00eda Ambiental, Ingenier\u00eda Mecatr\u00f3nica e Ingenier\u00eda Industrial.<\/p>\n\n\n\n<p>\u00a1Felicidades a los graduados de UNIAGRARIA y sus familias por este logro acad\u00e9mico!<\/p>\n\n\n\n<ul class=\"wp-block-gallery columns-3 is-cropped wp-block-gallery-1 is-layout-flex wp-block-gallery-is-layout-flex\"><li class=\"blocks-gallery-item\"><figure><img decoding=\"async\" src=\"https:\/\/www.uniagraria.edu.co\/wp-content\/uploads\/2023\/12\/CeremoniaDeGrados-2023-06-1024x683.jpg\" alt=\"\" data-id=\"40801\" data-link=\"https:\/\/www.uniagraria.edu.co\/ceremoniadegrados-2023-06\/\" class=\"wp-image-40801\"\/><\/figure><\/li><li class=\"blocks-gallery-item\"><figure><img decoding=\"async\" src=\"https:\/\/www.uniagraria.edu.co\/wp-content\/uploads\/2023\/12\/CeremoniaDeGrados-2023-05-1024x683.jpg\" alt=\"\" data-id=\"40800\" data-link=\"https:\/\/www.uniagraria.edu.co\/ceremoniadegrados-2023-05\/\" class=\"wp-image-40800\"\/><\/figure><\/li><li class=\"blocks-gallery-item\"><figure><img decoding=\"async\" src=\"https:\/\/www.uniagraria.edu.co\/wp-content\/uploads\/2023\/12\/CeremoniaDeGrados-2023-03-1024x683.jpg\" alt=\"\" data-id=\"40798\" data-link=\"https:\/\/www.uniagraria.edu.co\/ceremoniadegrados-2023-03\/\" class=\"wp-image-40798\"\/><\/figure><\/li><li class=\"blocks-gallery-item\"><figure><img decoding=\"async\" src=\"https:\/\/www.uniagraria.edu.co\/wp-content\/uploads\/2023\/12\/CeremoniaDeGrados-2023-04-1024x683.jpg\" alt=\"\" data-id=\"40799\" data-link=\"https:\/\/www.uniagraria.edu.co\/ceremoniadegrados-2023-04\/\" class=\"wp-image-40799\"\/><\/figure><\/li><li class=\"blocks-gallery-item\"><figure><img decoding=\"async\" src=\"https:\/\/www.uniagraria.edu.co\/wp-content\/uploads\/2023\/12\/CeremoniaDeGrados-2023-02-1024x683.jpg\" alt=\"\" data-id=\"40797\" data-link=\"https:\/\/www.uniagraria.edu.co\/ceremoniadegrados-2023-02\/\" class=\"wp-image-40797\"\/><\/figure><\/li><li class=\"blocks-gallery-item\"><figure><img decoding=\"async\" src=\"https:\/\/www.uniagraria.edu.co\/wp-content\/uploads\/2023\/12\/CeremoniaDeGrados-2023-01-1024x683.jpg\" alt=\"\" data-id=\"40796\" data-link=\"https:\/\/www.uniagraria.edu.co\/ceremoniadegrados-2023-01\/\" class=\"wp-image-40796\"\/><\/figure><\/li><\/ul>","protected":false},"excerpt":{"rendered":"<p>Direcci\u00f3n de Comunicaciones UNIAGRARIA La Fundaci\u00f3n Universitaria Agraria de Colombia -UNIAGRARIA- se complace en compartir el emocionante acontecimiento de los grados solemnes que tuvieron lugar el pasado viernes 1 de diciembre. La ceremonia se llev\u00f3 acabo en el auditorio Jorge Arango Tamayo. La jornada comenz\u00f3 a las 10:30 a.m., con la bienvenida a todos los [&hellip;]<\/p>\n","protected":false},"author":8,"featured_media":40800,"comment_status":"closed","ping_status":"closed","sticky":false,"template":"","format":"standard","meta":{"_acf_changed":false,"site-sidebar-layout":"default","site-content-layout":"","ast-site-content-layout":"default","site-content-style":"default","site-sidebar-style":"default","ast-global-header-display":"","ast-banner-title-visibility":"","ast-main-header-display":"","ast-hfb-above-header-display":"","ast-hfb-below-header-display":"","ast-hfb-mobile-header-display":"","site-post-title":"","ast-breadcrumbs-content":"","ast-featured-img":"","footer-sml-layout":"","ast-disable-related-posts":"","theme-transparent-header-meta":"","adv-header-id-meta":"","stick-header-meta":"","header-above-stick-meta":"","header-main-stick-meta":"","header-below-stick-meta":"","astra-migrate-meta-layouts":"default","ast-page-background-enabled":"default","ast-page-background-meta":{"desktop":{"background-color":"var(--ast-global-color-4)","background-image":"","background-repeat":"repeat","background-position":"center center","background-size":"auto","background-attachment":"scroll","background-type":"","background-media":"","overlay-type":"","overlay-color":"","overlay-opacity":"","overlay-gradient":""},"tablet":{"background-color":"","background-image":"","background-repeat":"repeat","background-position":"center center","background-size":"auto","background-attachment":"scroll","background-type":"","background-media":"","overlay-type":"","overlay-color":"","overlay-opacity":"","overlay-gradient":""},"mobile":{"background-color":"","background-image":"","background-repeat":"repeat","background-position":"center center","background-size":"auto","background-attachment":"scroll","background-type":"","background-media":"","overlay-type":"","overlay-color":"","overlay-opacity":"","overlay-gradient":""}},"ast-content-background-meta":{"desktop":{"background-color":"var(--ast-global-color-5)","background-image":"","background-repeat":"repeat","background-position":"center center","background-size":"auto","background-attachment":"scroll","background-type":"","background-media":"","overlay-type":"","overlay-color":"","overlay-opacity":"","overlay-gradient":""},"tablet":{"background-color":"var(--ast-global-color-5)","background-image":"","background-repeat":"repeat","background-position":"center center","background-size":"auto","background-attachment":"scroll","background-type":"","background-media":"","overlay-type":"","overlay-color":"","overlay-opacity":"","overlay-gradient":""},"mobile":{"background-color":"var(--ast-global-color-5)","background-image":"","background-repeat":"repeat","background-position":"center center","background-size":"auto","background-attachment":"scroll","background-type":"","background-media":"","overlay-type":"","overlay-color":"","overlay-opacity":"","overlay-gradient":""}},"footnotes":""},"categories":[35],"tags":[],"class_list":["post-40795","post","type-post","status-publish","format-standard","has-post-thumbnail","hentry","category-noticias"],"acf":[],"yoast_head":"<!-- This site is optimized with the Yoast SEO plugin v27.5 - https:\/\/yoast.com\/product\/yoast-seo-wordpress\/ -->\n<title>Ceremonia de Grados en UNIAGRARIA: celebrando el \u00c9xito Acad\u00e9mico - UNIAGRARIA<\/title>\n<meta name=\"robots\" content=\"index, follow, max-snippet:-1, max-image-preview:large, max-video-preview:-1\" \/>\n<link rel=\"canonical\" href=\"https:\/\/uniagraria.edu.co\/en\/ceremonia-de-grados-en-uniagraria-celebrando-el-exito-academico\/\" \/>\n<meta property=\"og:locale\" content=\"en_US\" \/>\n<meta property=\"og:type\" content=\"article\" \/>\n<meta property=\"og:title\" content=\"Ceremonia de Grados en UNIAGRARIA: celebrando el \u00c9xito Acad\u00e9mico - UNIAGRARIA\" \/>\n<meta property=\"og:description\" content=\"Direcci\u00f3n de Comunicaciones UNIAGRARIA La Fundaci\u00f3n Universitaria Agraria de Colombia -UNIAGRARIA- se complace en compartir el emocionante acontecimiento de los grados solemnes que tuvieron lugar el pasado viernes 1 de diciembre. La ceremonia se llev\u00f3 acabo en el auditorio Jorge Arango Tamayo. La jornada comenz\u00f3 a las 10:30 a.m., con la bienvenida a todos los [&hellip;]\" \/>\n<meta property=\"og:url\" content=\"https:\/\/uniagraria.edu.co\/en\/ceremonia-de-grados-en-uniagraria-celebrando-el-exito-academico\/\" \/>\n<meta property=\"og:site_name\" content=\"UNIAGRARIA\" \/>\n<meta property=\"article:publisher\" content=\"https:\/\/www.facebook.com\/uagraria\/?locale=es_LA\" \/>\n<meta property=\"article:published_time\" content=\"2023-12-04T15:00:13+00:00\" \/>\n<meta name=\"author\" content=\"Comunicaciones UNIAGRARIA\" \/>\n<meta name=\"twitter:card\" content=\"summary_large_image\" \/>\n<meta name=\"twitter:creator\" content=\"@UNIAGRARIA\" \/>\n<meta name=\"twitter:site\" content=\"@UNIAGRARIA\" \/>\n<meta name=\"twitter:label1\" content=\"Written by\" \/>\n\t<meta name=\"twitter:data1\" content=\"Comunicaciones UNIAGRARIA\" \/>\n\t<meta name=\"twitter:label2\" content=\"Est. reading time\" \/>\n\t<meta name=\"twitter:data2\" content=\"3 minutes\" \/>\n<script type=\"application\/ld+json\" class=\"yoast-schema-graph\">{\"@context\":\"https:\\\/\\\/schema.org\",\"@graph\":[{\"@type\":\"Article\",\"@id\":\"https:\\\/\\\/uniagraria.edu.co\\\/es\\\/ceremonia-de-grados-en-uniagraria-celebrando-el-exito-academico\\\/#article\",\"isPartOf\":{\"@id\":\"https:\\\/\\\/uniagraria.edu.co\\\/es\\\/ceremonia-de-grados-en-uniagraria-celebrando-el-exito-academico\\\/\"},\"author\":{\"name\":\"Comunicaciones UNIAGRARIA\",\"@id\":\"https:\\\/\\\/uniagraria.edu.co\\\/es\\\/#\\\/schema\\\/person\\\/f2ff0c07d9addb88b935755100b8db03\"},\"headline\":\"Ceremonia de Grados en UNIAGRARIA: celebrando el \u00c9xito Acad\u00e9mico\",\"datePublished\":\"2023-12-04T15:00:13+00:00\",\"mainEntityOfPage\":{\"@id\":\"https:\\\/\\\/uniagraria.edu.co\\\/es\\\/ceremonia-de-grados-en-uniagraria-celebrando-el-exito-academico\\\/\"},\"wordCount\":670,\"publisher\":{\"@id\":\"https:\\\/\\\/uniagraria.edu.co\\\/es\\\/#organization\"},\"image\":{\"@id\":\"https:\\\/\\\/uniagraria.edu.co\\\/es\\\/ceremonia-de-grados-en-uniagraria-celebrando-el-exito-academico\\\/#primaryimage\"},\"thumbnailUrl\":\"\",\"articleSection\":[\"Noticias\"],\"inLanguage\":\"en-US\"},{\"@type\":\"WebPage\",\"@id\":\"https:\\\/\\\/uniagraria.edu.co\\\/es\\\/ceremonia-de-grados-en-uniagraria-celebrando-el-exito-academico\\\/\",\"url\":\"https:\\\/\\\/uniagraria.edu.co\\\/es\\\/ceremonia-de-grados-en-uniagraria-celebrando-el-exito-academico\\\/\",\"name\":\"Ceremonia de Grados en UNIAGRARIA: celebrando el \u00c9xito Acad\u00e9mico - UNIAGRARIA\",\"isPartOf\":{\"@id\":\"https:\\\/\\\/uniagraria.edu.co\\\/es\\\/#website\"},\"primaryImageOfPage\":{\"@id\":\"https:\\\/\\\/uniagraria.edu.co\\\/es\\\/ceremonia-de-grados-en-uniagraria-celebrando-el-exito-academico\\\/#primaryimage\"},\"image\":{\"@id\":\"https:\\\/\\\/uniagraria.edu.co\\\/es\\\/ceremonia-de-grados-en-uniagraria-celebrando-el-exito-academico\\\/#primaryimage\"},\"thumbnailUrl\":\"\",\"datePublished\":\"2023-12-04T15:00:13+00:00\",\"breadcrumb\":{\"@id\":\"https:\\\/\\\/uniagraria.edu.co\\\/es\\\/ceremonia-de-grados-en-uniagraria-celebrando-el-exito-academico\\\/#breadcrumb\"},\"inLanguage\":\"en-US\",\"potentialAction\":[{\"@type\":\"ReadAction\",\"target\":[\"https:\\\/\\\/uniagraria.edu.co\\\/es\\\/ceremonia-de-grados-en-uniagraria-celebrando-el-exito-academico\\\/\"]}]},{\"@type\":\"ImageObject\",\"inLanguage\":\"en-US\",\"@id\":\"https:\\\/\\\/uniagraria.edu.co\\\/es\\\/ceremonia-de-grados-en-uniagraria-celebrando-el-exito-academico\\\/#primaryimage\",\"url\":\"\",\"contentUrl\":\"\"},{\"@type\":\"BreadcrumbList\",\"@id\":\"https:\\\/\\\/uniagraria.edu.co\\\/es\\\/ceremonia-de-grados-en-uniagraria-celebrando-el-exito-academico\\\/#breadcrumb\",\"itemListElement\":[{\"@type\":\"ListItem\",\"position\":1,\"name\":\"Inicio\",\"item\":\"https:\\\/\\\/uniagraria.edu.co\\\/\"},{\"@type\":\"ListItem\",\"position\":2,\"name\":\"Noticias\",\"item\":\"https:\\\/\\\/uniagraria.edu.co\\\/es\\\/category\\\/noticias\\\/\"},{\"@type\":\"ListItem\",\"position\":3,\"name\":\"Ceremonia de Grados en UNIAGRARIA: celebrando el \u00c9xito Acad\u00e9mico\"}]},{\"@type\":\"WebSite\",\"@id\":\"https:\\\/\\\/uniagraria.edu.co\\\/es\\\/#website\",\"url\":\"https:\\\/\\\/uniagraria.edu.co\\\/es\\\/\",\"name\":\"UNIAGRARIA\",\"description\":\"FUNDACION UNIVERSITARIA AGRARIA DE COLOMBIA\",\"publisher\":{\"@id\":\"https:\\\/\\\/uniagraria.edu.co\\\/es\\\/#organization\"},\"potentialAction\":[{\"@type\":\"SearchAction\",\"target\":{\"@type\":\"EntryPoint\",\"urlTemplate\":\"https:\\\/\\\/uniagraria.edu.co\\\/es\\\/?s={search_term_string}\"},\"query-input\":{\"@type\":\"PropertyValueSpecification\",\"valueRequired\":true,\"valueName\":\"search_term_string\"}}],\"inLanguage\":\"en-US\"},{\"@type\":\"Organization\",\"@id\":\"https:\\\/\\\/uniagraria.edu.co\\\/es\\\/#organization\",\"name\":\"UNIAGRARIA\",\"url\":\"https:\\\/\\\/uniagraria.edu.co\\\/es\\\/\",\"logo\":{\"@type\":\"ImageObject\",\"inLanguage\":\"en-US\",\"@id\":\"https:\\\/\\\/uniagraria.edu.co\\\/es\\\/#\\\/schema\\\/logo\\\/image\\\/\",\"url\":\"https:\\\/\\\/novawebmaster.com\\\/uniagraria\\\/wp-content\\\/uploads\\\/2025\\\/02\\\/LogoUa2023Vertical.png\",\"contentUrl\":\"https:\\\/\\\/novawebmaster.com\\\/uniagraria\\\/wp-content\\\/uploads\\\/2025\\\/02\\\/LogoUa2023Vertical.png\",\"width\":3300,\"height\":2550,\"caption\":\"UNIAGRARIA\"},\"image\":{\"@id\":\"https:\\\/\\\/uniagraria.edu.co\\\/es\\\/#\\\/schema\\\/logo\\\/image\\\/\"},\"sameAs\":[\"https:\\\/\\\/www.facebook.com\\\/uagraria\\\/?locale=es_LA\",\"https:\\\/\\\/x.com\\\/UNIAGRARIA\",\"https:\\\/\\\/www.instagram.com\\\/uniagraria\\\/profilecard\\\/?igsh=MXI2bTFlMWsxNzNjOA\",\"https:\\\/\\\/www.tiktok.com\\\/discover\\\/uniagraria?lang=es\",\"https:\\\/\\\/www.linkedin.com\\\/school\\\/uniagraria\\\/?originalSubdomain=co\",\"https:\\\/\\\/www.youtube.com\\\/user\\\/UniagrariaUverde?themeRefresh=1\",\"https:\\\/\\\/api.whatsapp.com\\\/send?phone=3134230649\"]},{\"@type\":\"Person\",\"@id\":\"https:\\\/\\\/uniagraria.edu.co\\\/es\\\/#\\\/schema\\\/person\\\/f2ff0c07d9addb88b935755100b8db03\",\"name\":\"Comunicaciones UNIAGRARIA\",\"image\":{\"@type\":\"ImageObject\",\"inLanguage\":\"en-US\",\"@id\":\"https:\\\/\\\/secure.gravatar.com\\\/avatar\\\/5c34977f632fe7cabe2da5a1818394efca9475d46ad9f02e8eab7fd408884103?s=96&d=mm&r=g\",\"url\":\"https:\\\/\\\/secure.gravatar.com\\\/avatar\\\/5c34977f632fe7cabe2da5a1818394efca9475d46ad9f02e8eab7fd408884103?s=96&d=mm&r=g\",\"contentUrl\":\"https:\\\/\\\/secure.gravatar.com\\\/avatar\\\/5c34977f632fe7cabe2da5a1818394efca9475d46ad9f02e8eab7fd408884103?s=96&d=mm&r=g\",\"caption\":\"Comunicaciones UNIAGRARIA\"},\"url\":\"https:\\\/\\\/uniagraria.edu.co\\\/en\\\/author\\\/4ndr3sf371p3\\\/\"}]}<\/script>\n<!-- \/ Yoast SEO plugin. -->","yoast_head_json":{"title":"Ceremonia de Grados en UNIAGRARIA: celebrando el \u00c9xito Acad\u00e9mico - UNIAGRARIA","robots":{"index":"index","follow":"follow","max-snippet":"max-snippet:-1","max-image-preview":"max-image-preview:large","max-video-preview":"max-video-preview:-1"},"canonical":"https:\/\/uniagraria.edu.co\/en\/ceremonia-de-grados-en-uniagraria-celebrando-el-exito-academico\/","og_locale":"en_US","og_type":"article","og_title":"Ceremonia de Grados en UNIAGRARIA: celebrando el \u00c9xito Acad\u00e9mico - UNIAGRARIA","og_description":"Direcci\u00f3n de Comunicaciones UNIAGRARIA La Fundaci\u00f3n Universitaria Agraria de Colombia -UNIAGRARIA- se complace en compartir el emocionante acontecimiento de los grados solemnes que tuvieron lugar el pasado viernes 1 de diciembre. La ceremonia se llev\u00f3 acabo en el auditorio Jorge Arango Tamayo. La jornada comenz\u00f3 a las 10:30 a.m., con la bienvenida a todos los [&hellip;]","og_url":"https:\/\/uniagraria.edu.co\/en\/ceremonia-de-grados-en-uniagraria-celebrando-el-exito-academico\/","og_site_name":"UNIAGRARIA","article_publisher":"https:\/\/www.facebook.com\/uagraria\/?locale=es_LA","article_published_time":"2023-12-04T15:00:13+00:00","author":"Comunicaciones UNIAGRARIA","twitter_card":"summary_large_image","twitter_creator":"@UNIAGRARIA","twitter_site":"@UNIAGRARIA","twitter_misc":{"Written by":"Comunicaciones UNIAGRARIA","Est. reading time":"3 minutes"},"schema":{"@context":"https:\/\/schema.org","@graph":[{"@type":"Article","@id":"https:\/\/uniagraria.edu.co\/es\/ceremonia-de-grados-en-uniagraria-celebrando-el-exito-academico\/#article","isPartOf":{"@id":"https:\/\/uniagraria.edu.co\/es\/ceremonia-de-grados-en-uniagraria-celebrando-el-exito-academico\/"},"author":{"name":"Comunicaciones UNIAGRARIA","@id":"https:\/\/uniagraria.edu.co\/es\/#\/schema\/person\/f2ff0c07d9addb88b935755100b8db03"},"headline":"Ceremonia de Grados en UNIAGRARIA: celebrando el \u00c9xito Acad\u00e9mico","datePublished":"2023-12-04T15:00:13+00:00","mainEntityOfPage":{"@id":"https:\/\/uniagraria.edu.co\/es\/ceremonia-de-grados-en-uniagraria-celebrando-el-exito-academico\/"},"wordCount":670,"publisher":{"@id":"https:\/\/uniagraria.edu.co\/es\/#organization"},"image":{"@id":"https:\/\/uniagraria.edu.co\/es\/ceremonia-de-grados-en-uniagraria-celebrando-el-exito-academico\/#primaryimage"},"thumbnailUrl":"","articleSection":["Noticias"],"inLanguage":"en-US"},{"@type":"WebPage","@id":"https:\/\/uniagraria.edu.co\/es\/ceremonia-de-grados-en-uniagraria-celebrando-el-exito-academico\/","url":"https:\/\/uniagraria.edu.co\/es\/ceremonia-de-grados-en-uniagraria-celebrando-el-exito-academico\/","name":"Ceremonia de Grados en UNIAGRARIA: celebrando el \u00c9xito Acad\u00e9mico - UNIAGRARIA","isPartOf":{"@id":"https:\/\/uniagraria.edu.co\/es\/#website"},"primaryImageOfPage":{"@id":"https:\/\/uniagraria.edu.co\/es\/ceremonia-de-grados-en-uniagraria-celebrando-el-exito-academico\/#primaryimage"},"image":{"@id":"https:\/\/uniagraria.edu.co\/es\/ceremonia-de-grados-en-uniagraria-celebrando-el-exito-academico\/#primaryimage"},"thumbnailUrl":"","datePublished":"2023-12-04T15:00:13+00:00","breadcrumb":{"@id":"https:\/\/uniagraria.edu.co\/es\/ceremonia-de-grados-en-uniagraria-celebrando-el-exito-academico\/#breadcrumb"},"inLanguage":"en-US","potentialAction":[{"@type":"ReadAction","target":["https:\/\/uniagraria.edu.co\/es\/ceremonia-de-grados-en-uniagraria-celebrando-el-exito-academico\/"]}]},{"@type":"ImageObject","inLanguage":"en-US","@id":"https:\/\/uniagraria.edu.co\/es\/ceremonia-de-grados-en-uniagraria-celebrando-el-exito-academico\/#primaryimage","url":"","contentUrl":""},{"@type":"BreadcrumbList","@id":"https:\/\/uniagraria.edu.co\/es\/ceremonia-de-grados-en-uniagraria-celebrando-el-exito-academico\/#breadcrumb","itemListElement":[{"@type":"ListItem","position":1,"name":"Inicio","item":"https:\/\/uniagraria.edu.co\/"},{"@type":"ListItem","position":2,"name":"Noticias","item":"https:\/\/uniagraria.edu.co\/es\/category\/noticias\/"},{"@type":"ListItem","position":3,"name":"Ceremonia de Grados en UNIAGRARIA: celebrando el \u00c9xito Acad\u00e9mico"}]},{"@type":"WebSite","@id":"https:\/\/uniagraria.edu.co\/es\/#website","url":"https:\/\/uniagraria.edu.co\/es\/","name":"Experience the experience and discover the education of","description":"FUNDACION UNIVERSITARIA AGRARIA DE COLOMBIA","publisher":{"@id":"https:\/\/uniagraria.edu.co\/es\/#organization"},"potentialAction":[{"@type":"SearchAction","target":{"@type":"EntryPoint","urlTemplate":"https:\/\/uniagraria.edu.co\/es\/?s={search_term_string}"},"query-input":{"@type":"PropertyValueSpecification","valueRequired":true,"valueName":"search_term_string"}}],"inLanguage":"en-US"},{"@type":"Organization","@id":"https:\/\/uniagraria.edu.co\/es\/#organization","name":"Experience the experience and discover the education of","url":"https:\/\/uniagraria.edu.co\/es\/","logo":{"@type":"ImageObject","inLanguage":"en-US","@id":"https:\/\/uniagraria.edu.co\/es\/#\/schema\/logo\/image\/","url":"https:\/\/novawebmaster.com\/uniagraria\/wp-content\/uploads\/2025\/02\/LogoUa2023Vertical.png","contentUrl":"https:\/\/novawebmaster.com\/uniagraria\/wp-content\/uploads\/2025\/02\/LogoUa2023Vertical.png","width":3300,"height":2550,"caption":"UNIAGRARIA"},"image":{"@id":"https:\/\/uniagraria.edu.co\/es\/#\/schema\/logo\/image\/"},"sameAs":["https:\/\/www.facebook.com\/uagraria\/?locale=es_LA","https:\/\/x.com\/UNIAGRARIA","https:\/\/www.instagram.com\/uniagraria\/profilecard\/?igsh=MXI2bTFlMWsxNzNjOA","https:\/\/www.tiktok.com\/discover\/uniagraria?lang=es","https:\/\/www.linkedin.com\/school\/uniagraria\/?originalSubdomain=co","https:\/\/www.youtube.com\/user\/UniagrariaUverde?themeRefresh=1","https:\/\/api.whatsapp.com\/send?phone=3134230649"]},{"@type":"Person","@id":"https:\/\/uniagraria.edu.co\/es\/#\/schema\/person\/f2ff0c07d9addb88b935755100b8db03","name":"Communications UNIAGRARIA","image":{"@type":"ImageObject","inLanguage":"en-US","@id":"https:\/\/secure.gravatar.com\/avatar\/5c34977f632fe7cabe2da5a1818394efca9475d46ad9f02e8eab7fd408884103?s=96&d=mm&r=g","url":"https:\/\/secure.gravatar.com\/avatar\/5c34977f632fe7cabe2da5a1818394efca9475d46ad9f02e8eab7fd408884103?s=96&d=mm&r=g","contentUrl":"https:\/\/secure.gravatar.com\/avatar\/5c34977f632fe7cabe2da5a1818394efca9475d46ad9f02e8eab7fd408884103?s=96&d=mm&r=g","caption":"Comunicaciones UNIAGRARIA"},"url":"https:\/\/uniagraria.edu.co\/en\/author\/4ndr3sf371p3\/"}]}},"_links":{"self":[{"href":"https:\/\/uniagraria.edu.co\/en\/wp-json\/wp\/v2\/posts\/40795","targetHints":{"allow":["GET"]}}],"collection":[{"href":"https:\/\/uniagraria.edu.co\/en\/wp-json\/wp\/v2\/posts"}],"about":[{"href":"https:\/\/uniagraria.edu.co\/en\/wp-json\/wp\/v2\/types\/post"}],"author":[{"embeddable":true,"href":"https:\/\/uniagraria.edu.co\/en\/wp-json\/wp\/v2\/users\/8"}],"replies":[{"embeddable":true,"href":"https:\/\/uniagraria.edu.co\/en\/wp-json\/wp\/v2\/comments?post=40795"}],"version-history":[{"count":0,"href":"https:\/\/uniagraria.edu.co\/en\/wp-json\/wp\/v2\/posts\/40795\/revisions"}],"wp:featuredmedia":[{"embeddable":true,"href":"https:\/\/uniagraria.edu.co\/en\/wp-json\/"}],"wp:attachment":[{"href":"https:\/\/uniagraria.edu.co\/en\/wp-json\/wp\/v2\/media?parent=40795"}],"wp:term":[{"taxonomy":"category","embeddable":true,"href":"https:\/\/uniagraria.edu.co\/en\/wp-json\/wp\/v2\/categories?post=40795"},{"taxonomy":"post_tag","embeddable":true,"href":"https:\/\/uniagraria.edu.co\/en\/wp-json\/wp\/v2\/tags?post=40795"}],"curies":[{"name":"wp","href":"https:\/\/api.w.org\/{rel}","templated":true}]}}