{"id":44575,"date":"2024-07-24T10:54:40","date_gmt":"2024-07-24T15:54:40","guid":{"rendered":"https:\/\/www.uniagraria.edu.co\/?p=44575"},"modified":"2024-07-24T10:54:40","modified_gmt":"2024-07-24T15:54:40","slug":"un-dia-increible-con-los-futuros-profesionales-de-colombia","status":"publish","type":"post","link":"https:\/\/uniagraria.edu.co\/en\/un-dia-increible-con-los-futuros-profesionales-de-colombia\/","title":{"rendered":"\u00a1Un d\u00eda incre\u00edble con los futuros profesionales de Colombia!"},"content":{"rendered":"<h4 class=\"wp-block-heading\" id=\"mce_0\"><em><strong>Direcci\u00f3n de Comunicaciones UNIAGRARIA<\/strong><\/em><\/h4>\n\n\n\n<p style=\"text-align: justify;\">El martes 23 de julio de 2024, los programas de Ingenier\u00eda Ambiental, Ingenier\u00eda Industrial, Ingenier\u00eda de Alimentos, Ingenier\u00eda Agroindustrial e Ingenier\u00eda Civil de UNIAGRARIA tuvieron el honor de compartir un espacio de orientaci\u00f3n vocacional con los estudiantes de los grados d\u00e9cimo y once del Liceo de Ciencia y Cultura Harvard, ubicado en la localidad de Suba, Bogot\u00e1. Durante el evento, se discutieron las experiencias y desaf\u00edos que enfrentar\u00e1n en esta nueva etapa de sus vidas al salir del colegio.<\/p>\n\n\n\n<p style=\"text-align: justify;\">Los futuros ingenieros recibieron informaci\u00f3n valiosa sobre los programas que ofrece \u00b4La U Verde de Colombia\u00b4. Se brind\u00f3 una visi\u00f3n detallada de los proyectos realizados en los programas de Ingenier\u00eda Ambiental, Ingenier\u00eda Industrial, Ingenier\u00eda de Alimentos, Ingenier\u00eda Agroindustrial e Ingenier\u00eda Civil. Este encuentro permiti\u00f3 a los estudiantes conocer de cerca las oportunidades y retos que conlleva cada carrera.<\/p>\n\n\n\n<p style=\"text-align: justify;\">UNIAGRARIA se enorgullece de haber sido parte de este evento inspirador y espera ver los grandes logros de estos futuros profesionales. \u00a1Estamos emocionados de ver todo lo que lograr\u00e1n en el futuro!<\/p>\n\n\n\n<ul class=\"wp-block-gallery columns-3 is-cropped wp-block-gallery-1 is-layout-flex wp-block-gallery-is-layout-flex\"><li class=\"blocks-gallery-item\"><figure><img decoding=\"async\" src=\"https:\/\/www.uniagraria.edu.co\/wp-content\/uploads\/2024\/07\/UnDiaIncre\u00edbleConLosFuturosProfesionalesDeColombia-02-1024x576.jpg\" alt=\"\" data-id=\"44572\" data-link=\"https:\/\/www.uniagraria.edu.co\/undiaincreibleconlosfuturosprofesionalesdecolombia-02\/\" class=\"wp-image-44572\"\/><\/figure><\/li><li class=\"blocks-gallery-item\"><figure><img decoding=\"async\" src=\"https:\/\/www.uniagraria.edu.co\/wp-content\/uploads\/2024\/07\/UnDiaIncre\u00edbleConLosFuturosProfesionalesDeColombia-01-1024x576.jpg\" alt=\"\" data-id=\"44571\" data-link=\"https:\/\/www.uniagraria.edu.co\/undiaincreibleconlosfuturosprofesionalesdecolombia-01\/\" class=\"wp-image-44571\"\/><\/figure><\/li><li class=\"blocks-gallery-item\"><figure><img decoding=\"async\" src=\"https:\/\/www.uniagraria.edu.co\/wp-content\/uploads\/2024\/07\/UnDiaIncre\u00edbleConLosFuturosProfesionalesDeColombia-04-1024x576.jpg\" alt=\"\" data-id=\"44574\" data-link=\"https:\/\/www.uniagraria.edu.co\/undiaincreibleconlosfuturosprofesionalesdecolombia-04\/\" class=\"wp-image-44574\"\/><\/figure><\/li><li class=\"blocks-gallery-item\"><figure><img decoding=\"async\" src=\"https:\/\/www.uniagraria.edu.co\/wp-content\/uploads\/2024\/07\/UnDiaIncre\u00edbleConLosFuturosProfesionalesDeColombia-03-1024x576.jpg\" alt=\"\" data-id=\"44573\" data-link=\"https:\/\/www.uniagraria.edu.co\/undiaincreibleconlosfuturosprofesionalesdecolombia-03\/\" class=\"wp-image-44573\"\/><\/figure><\/li><\/ul>","protected":false},"excerpt":{"rendered":"<p>Direcci\u00f3n de Comunicaciones UNIAGRARIA El martes 23 de julio de 2024, los programas de Ingenier\u00eda Ambiental, Ingenier\u00eda Industrial, Ingenier\u00eda de Alimentos, Ingenier\u00eda Agroindustrial e Ingenier\u00eda Civil de UNIAGRARIA tuvieron el honor de compartir un espacio de orientaci\u00f3n vocacional con los estudiantes de los grados d\u00e9cimo y once del Liceo de Ciencia y Cultura Harvard, ubicado [&hellip;]<\/p>\n","protected":false},"author":8,"featured_media":44572,"comment_status":"closed","ping_status":"closed","sticky":false,"template":"","format":"standard","meta":{"_acf_changed":false,"site-sidebar-layout":"default","site-content-layout":"","ast-site-content-layout":"default","site-content-style":"default","site-sidebar-style":"default","ast-global-header-display":"","ast-banner-title-visibility":"","ast-main-header-display":"","ast-hfb-above-header-display":"","ast-hfb-below-header-display":"","ast-hfb-mobile-header-display":"","site-post-title":"","ast-breadcrumbs-content":"","ast-featured-img":"","footer-sml-layout":"","ast-disable-related-posts":"","theme-transparent-header-meta":"","adv-header-id-meta":"","stick-header-meta":"","header-above-stick-meta":"","header-main-stick-meta":"","header-below-stick-meta":"","astra-migrate-meta-layouts":"default","ast-page-background-enabled":"default","ast-page-background-meta":{"desktop":{"background-color":"var(--ast-global-color-4)","background-image":"","background-repeat":"repeat","background-position":"center center","background-size":"auto","background-attachment":"scroll","background-type":"","background-media":"","overlay-type":"","overlay-color":"","overlay-opacity":"","overlay-gradient":""},"tablet":{"background-color":"","background-image":"","background-repeat":"repeat","background-position":"center center","background-size":"auto","background-attachment":"scroll","background-type":"","background-media":"","overlay-type":"","overlay-color":"","overlay-opacity":"","overlay-gradient":""},"mobile":{"background-color":"","background-image":"","background-repeat":"repeat","background-position":"center center","background-size":"auto","background-attachment":"scroll","background-type":"","background-media":"","overlay-type":"","overlay-color":"","overlay-opacity":"","overlay-gradient":""}},"ast-content-background-meta":{"desktop":{"background-color":"var(--ast-global-color-5)","background-image":"","background-repeat":"repeat","background-position":"center center","background-size":"auto","background-attachment":"scroll","background-type":"","background-media":"","overlay-type":"","overlay-color":"","overlay-opacity":"","overlay-gradient":""},"tablet":{"background-color":"var(--ast-global-color-5)","background-image":"","background-repeat":"repeat","background-position":"center center","background-size":"auto","background-attachment":"scroll","background-type":"","background-media":"","overlay-type":"","overlay-color":"","overlay-opacity":"","overlay-gradient":""},"mobile":{"background-color":"var(--ast-global-color-5)","background-image":"","background-repeat":"repeat","background-position":"center center","background-size":"auto","background-attachment":"scroll","background-type":"","background-media":"","overlay-type":"","overlay-color":"","overlay-opacity":"","overlay-gradient":""}},"footnotes":""},"categories":[35],"tags":[36,43,42,104,120],"class_list":["post-44575","post","type-post","status-publish","format-standard","has-post-thumbnail","hentry","category-noticias","tag-ingenieria-agroindustrial","tag-ingenieria-ambiental","tag-ingenieria-civil","tag-ingenieria-de-alimentos","tag-ingenieria-industrial"],"acf":[],"yoast_head":"<!-- This site is optimized with the Yoast SEO plugin v27.5 - https:\/\/yoast.com\/product\/yoast-seo-wordpress\/ -->\n<title>\u00a1Un d\u00eda incre\u00edble con los futuros profesionales de Colombia! - UNIAGRARIA<\/title>\n<meta name=\"robots\" content=\"index, follow, max-snippet:-1, max-image-preview:large, max-video-preview:-1\" \/>\n<link rel=\"canonical\" href=\"https:\/\/uniagraria.edu.co\/en\/un-dia-increible-con-los-futuros-profesionales-de-colombia\/\" \/>\n<meta property=\"og:locale\" content=\"en_US\" \/>\n<meta property=\"og:type\" content=\"article\" \/>\n<meta property=\"og:title\" content=\"\u00a1Un d\u00eda incre\u00edble con los futuros profesionales de Colombia! - UNIAGRARIA\" \/>\n<meta property=\"og:description\" content=\"Direcci\u00f3n de Comunicaciones UNIAGRARIA El martes 23 de julio de 2024, los programas de Ingenier\u00eda Ambiental, Ingenier\u00eda Industrial, Ingenier\u00eda de Alimentos, Ingenier\u00eda Agroindustrial e Ingenier\u00eda Civil de UNIAGRARIA tuvieron el honor de compartir un espacio de orientaci\u00f3n vocacional con los estudiantes de los grados d\u00e9cimo y once del Liceo de Ciencia y Cultura Harvard, ubicado [&hellip;]\" \/>\n<meta property=\"og:url\" content=\"https:\/\/uniagraria.edu.co\/en\/un-dia-increible-con-los-futuros-profesionales-de-colombia\/\" \/>\n<meta property=\"og:site_name\" content=\"UNIAGRARIA\" \/>\n<meta property=\"article:publisher\" content=\"https:\/\/www.facebook.com\/uagraria\/?locale=es_LA\" \/>\n<meta property=\"article:published_time\" content=\"2024-07-24T15:54:40+00:00\" \/>\n<meta name=\"author\" content=\"Comunicaciones UNIAGRARIA\" \/>\n<meta name=\"twitter:card\" content=\"summary_large_image\" \/>\n<meta name=\"twitter:creator\" content=\"@UNIAGRARIA\" \/>\n<meta name=\"twitter:site\" content=\"@UNIAGRARIA\" \/>\n<meta name=\"twitter:label1\" content=\"Written by\" \/>\n\t<meta name=\"twitter:data1\" content=\"Comunicaciones UNIAGRARIA\" \/>\n\t<meta name=\"twitter:label2\" content=\"Est. reading time\" \/>\n\t<meta name=\"twitter:data2\" content=\"1 minute\" \/>\n<script type=\"application\/ld+json\" class=\"yoast-schema-graph\">{\"@context\":\"https:\\\/\\\/schema.org\",\"@graph\":[{\"@type\":\"Article\",\"@id\":\"https:\\\/\\\/uniagraria.edu.co\\\/es\\\/un-dia-increible-con-los-futuros-profesionales-de-colombia\\\/#article\",\"isPartOf\":{\"@id\":\"https:\\\/\\\/uniagraria.edu.co\\\/es\\\/un-dia-increible-con-los-futuros-profesionales-de-colombia\\\/\"},\"author\":{\"name\":\"Comunicaciones UNIAGRARIA\",\"@id\":\"https:\\\/\\\/uniagraria.edu.co\\\/es\\\/#\\\/schema\\\/person\\\/f2ff0c07d9addb88b935755100b8db03\"},\"headline\":\"\u00a1Un d\u00eda incre\u00edble con los futuros profesionales de Colombia!\",\"datePublished\":\"2024-07-24T15:54:40+00:00\",\"mainEntityOfPage\":{\"@id\":\"https:\\\/\\\/uniagraria.edu.co\\\/es\\\/un-dia-increible-con-los-futuros-profesionales-de-colombia\\\/\"},\"wordCount\":200,\"publisher\":{\"@id\":\"https:\\\/\\\/uniagraria.edu.co\\\/es\\\/#organization\"},\"image\":{\"@id\":\"https:\\\/\\\/uniagraria.edu.co\\\/es\\\/un-dia-increible-con-los-futuros-profesionales-de-colombia\\\/#primaryimage\"},\"thumbnailUrl\":\"\",\"keywords\":[\"Ingenier\u00eda Agroindustrial\",\"Ingenier\u00eda Ambiental\",\"Ingenier\u00eda Civil\",\"Ingenier\u00eda de Alimentos\",\"Ingenier\u00eda Industrial\"],\"articleSection\":[\"Noticias\"],\"inLanguage\":\"en-US\"},{\"@type\":\"WebPage\",\"@id\":\"https:\\\/\\\/uniagraria.edu.co\\\/es\\\/un-dia-increible-con-los-futuros-profesionales-de-colombia\\\/\",\"url\":\"https:\\\/\\\/uniagraria.edu.co\\\/es\\\/un-dia-increible-con-los-futuros-profesionales-de-colombia\\\/\",\"name\":\"\u00a1Un d\u00eda incre\u00edble con los futuros profesionales de Colombia! - UNIAGRARIA\",\"isPartOf\":{\"@id\":\"https:\\\/\\\/uniagraria.edu.co\\\/es\\\/#website\"},\"primaryImageOfPage\":{\"@id\":\"https:\\\/\\\/uniagraria.edu.co\\\/es\\\/un-dia-increible-con-los-futuros-profesionales-de-colombia\\\/#primaryimage\"},\"image\":{\"@id\":\"https:\\\/\\\/uniagraria.edu.co\\\/es\\\/un-dia-increible-con-los-futuros-profesionales-de-colombia\\\/#primaryimage\"},\"thumbnailUrl\":\"\",\"datePublished\":\"2024-07-24T15:54:40+00:00\",\"breadcrumb\":{\"@id\":\"https:\\\/\\\/uniagraria.edu.co\\\/es\\\/un-dia-increible-con-los-futuros-profesionales-de-colombia\\\/#breadcrumb\"},\"inLanguage\":\"en-US\",\"potentialAction\":[{\"@type\":\"ReadAction\",\"target\":[\"https:\\\/\\\/uniagraria.edu.co\\\/es\\\/un-dia-increible-con-los-futuros-profesionales-de-colombia\\\/\"]}]},{\"@type\":\"ImageObject\",\"inLanguage\":\"en-US\",\"@id\":\"https:\\\/\\\/uniagraria.edu.co\\\/es\\\/un-dia-increible-con-los-futuros-profesionales-de-colombia\\\/#primaryimage\",\"url\":\"\",\"contentUrl\":\"\"},{\"@type\":\"BreadcrumbList\",\"@id\":\"https:\\\/\\\/uniagraria.edu.co\\\/es\\\/un-dia-increible-con-los-futuros-profesionales-de-colombia\\\/#breadcrumb\",\"itemListElement\":[{\"@type\":\"ListItem\",\"position\":1,\"name\":\"Inicio\",\"item\":\"https:\\\/\\\/uniagraria.edu.co\\\/\"},{\"@type\":\"ListItem\",\"position\":2,\"name\":\"Noticias\",\"item\":\"https:\\\/\\\/uniagraria.edu.co\\\/es\\\/category\\\/noticias\\\/\"},{\"@type\":\"ListItem\",\"position\":3,\"name\":\"\u00a1Un d\u00eda incre\u00edble con los futuros profesionales de Colombia!\"}]},{\"@type\":\"WebSite\",\"@id\":\"https:\\\/\\\/uniagraria.edu.co\\\/es\\\/#website\",\"url\":\"https:\\\/\\\/uniagraria.edu.co\\\/es\\\/\",\"name\":\"UNIAGRARIA\",\"description\":\"FUNDACION UNIVERSITARIA AGRARIA DE COLOMBIA\",\"publisher\":{\"@id\":\"https:\\\/\\\/uniagraria.edu.co\\\/es\\\/#organization\"},\"potentialAction\":[{\"@type\":\"SearchAction\",\"target\":{\"@type\":\"EntryPoint\",\"urlTemplate\":\"https:\\\/\\\/uniagraria.edu.co\\\/es\\\/?s={search_term_string}\"},\"query-input\":{\"@type\":\"PropertyValueSpecification\",\"valueRequired\":true,\"valueName\":\"search_term_string\"}}],\"inLanguage\":\"en-US\"},{\"@type\":\"Organization\",\"@id\":\"https:\\\/\\\/uniagraria.edu.co\\\/es\\\/#organization\",\"name\":\"UNIAGRARIA\",\"url\":\"https:\\\/\\\/uniagraria.edu.co\\\/es\\\/\",\"logo\":{\"@type\":\"ImageObject\",\"inLanguage\":\"en-US\",\"@id\":\"https:\\\/\\\/uniagraria.edu.co\\\/es\\\/#\\\/schema\\\/logo\\\/image\\\/\",\"url\":\"https:\\\/\\\/novawebmaster.com\\\/uniagraria\\\/wp-content\\\/uploads\\\/2025\\\/02\\\/LogoUa2023Vertical.png\",\"contentUrl\":\"https:\\\/\\\/novawebmaster.com\\\/uniagraria\\\/wp-content\\\/uploads\\\/2025\\\/02\\\/LogoUa2023Vertical.png\",\"width\":3300,\"height\":2550,\"caption\":\"UNIAGRARIA\"},\"image\":{\"@id\":\"https:\\\/\\\/uniagraria.edu.co\\\/es\\\/#\\\/schema\\\/logo\\\/image\\\/\"},\"sameAs\":[\"https:\\\/\\\/www.facebook.com\\\/uagraria\\\/?locale=es_LA\",\"https:\\\/\\\/x.com\\\/UNIAGRARIA\",\"https:\\\/\\\/www.instagram.com\\\/uniagraria\\\/profilecard\\\/?igsh=MXI2bTFlMWsxNzNjOA\",\"https:\\\/\\\/www.tiktok.com\\\/discover\\\/uniagraria?lang=es\",\"https:\\\/\\\/www.linkedin.com\\\/school\\\/uniagraria\\\/?originalSubdomain=co\",\"https:\\\/\\\/www.youtube.com\\\/user\\\/UniagrariaUverde?themeRefresh=1\",\"https:\\\/\\\/api.whatsapp.com\\\/send?phone=3134230649\"]},{\"@type\":\"Person\",\"@id\":\"https:\\\/\\\/uniagraria.edu.co\\\/es\\\/#\\\/schema\\\/person\\\/f2ff0c07d9addb88b935755100b8db03\",\"name\":\"Comunicaciones UNIAGRARIA\",\"image\":{\"@type\":\"ImageObject\",\"inLanguage\":\"en-US\",\"@id\":\"https:\\\/\\\/secure.gravatar.com\\\/avatar\\\/5c34977f632fe7cabe2da5a1818394efca9475d46ad9f02e8eab7fd408884103?s=96&d=mm&r=g\",\"url\":\"https:\\\/\\\/secure.gravatar.com\\\/avatar\\\/5c34977f632fe7cabe2da5a1818394efca9475d46ad9f02e8eab7fd408884103?s=96&d=mm&r=g\",\"contentUrl\":\"https:\\\/\\\/secure.gravatar.com\\\/avatar\\\/5c34977f632fe7cabe2da5a1818394efca9475d46ad9f02e8eab7fd408884103?s=96&d=mm&r=g\",\"caption\":\"Comunicaciones UNIAGRARIA\"},\"url\":\"https:\\\/\\\/uniagraria.edu.co\\\/en\\\/author\\\/4ndr3sf371p3\\\/\"}]}<\/script>\n<!-- \/ Yoast SEO plugin. -->","yoast_head_json":{"title":"\u00a1Un d\u00eda incre\u00edble con los futuros profesionales de Colombia! - UNIAGRARIA","robots":{"index":"index","follow":"follow","max-snippet":"max-snippet:-1","max-image-preview":"max-image-preview:large","max-video-preview":"max-video-preview:-1"},"canonical":"https:\/\/uniagraria.edu.co\/en\/un-dia-increible-con-los-futuros-profesionales-de-colombia\/","og_locale":"en_US","og_type":"article","og_title":"\u00a1Un d\u00eda incre\u00edble con los futuros profesionales de Colombia! - UNIAGRARIA","og_description":"Direcci\u00f3n de Comunicaciones UNIAGRARIA El martes 23 de julio de 2024, los programas de Ingenier\u00eda Ambiental, Ingenier\u00eda Industrial, Ingenier\u00eda de Alimentos, Ingenier\u00eda Agroindustrial e Ingenier\u00eda Civil de UNIAGRARIA tuvieron el honor de compartir un espacio de orientaci\u00f3n vocacional con los estudiantes de los grados d\u00e9cimo y once del Liceo de Ciencia y Cultura Harvard, ubicado [&hellip;]","og_url":"https:\/\/uniagraria.edu.co\/en\/un-dia-increible-con-los-futuros-profesionales-de-colombia\/","og_site_name":"UNIAGRARIA","article_publisher":"https:\/\/www.facebook.com\/uagraria\/?locale=es_LA","article_published_time":"2024-07-24T15:54:40+00:00","author":"Comunicaciones UNIAGRARIA","twitter_card":"summary_large_image","twitter_creator":"@UNIAGRARIA","twitter_site":"@UNIAGRARIA","twitter_misc":{"Written by":"Comunicaciones UNIAGRARIA","Est. reading time":"1 minute"},"schema":{"@context":"https:\/\/schema.org","@graph":[{"@type":"Article","@id":"https:\/\/uniagraria.edu.co\/es\/un-dia-increible-con-los-futuros-profesionales-de-colombia\/#article","isPartOf":{"@id":"https:\/\/uniagraria.edu.co\/es\/un-dia-increible-con-los-futuros-profesionales-de-colombia\/"},"author":{"name":"Comunicaciones UNIAGRARIA","@id":"https:\/\/uniagraria.edu.co\/es\/#\/schema\/person\/f2ff0c07d9addb88b935755100b8db03"},"headline":"\u00a1Un d\u00eda incre\u00edble con los futuros profesionales de Colombia!","datePublished":"2024-07-24T15:54:40+00:00","mainEntityOfPage":{"@id":"https:\/\/uniagraria.edu.co\/es\/un-dia-increible-con-los-futuros-profesionales-de-colombia\/"},"wordCount":200,"publisher":{"@id":"https:\/\/uniagraria.edu.co\/es\/#organization"},"image":{"@id":"https:\/\/uniagraria.edu.co\/es\/un-dia-increible-con-los-futuros-profesionales-de-colombia\/#primaryimage"},"thumbnailUrl":"","keywords":["Ingenier\u00eda Agroindustrial","Ingenier\u00eda Ambiental","Ingenier\u00eda Civil","Ingenier\u00eda de Alimentos","Ingenier\u00eda Industrial"],"articleSection":["Noticias"],"inLanguage":"en-US"},{"@type":"WebPage","@id":"https:\/\/uniagraria.edu.co\/es\/un-dia-increible-con-los-futuros-profesionales-de-colombia\/","url":"https:\/\/uniagraria.edu.co\/es\/un-dia-increible-con-los-futuros-profesionales-de-colombia\/","name":"\u00a1Un d\u00eda incre\u00edble con los futuros profesionales de Colombia! - UNIAGRARIA","isPartOf":{"@id":"https:\/\/uniagraria.edu.co\/es\/#website"},"primaryImageOfPage":{"@id":"https:\/\/uniagraria.edu.co\/es\/un-dia-increible-con-los-futuros-profesionales-de-colombia\/#primaryimage"},"image":{"@id":"https:\/\/uniagraria.edu.co\/es\/un-dia-increible-con-los-futuros-profesionales-de-colombia\/#primaryimage"},"thumbnailUrl":"","datePublished":"2024-07-24T15:54:40+00:00","breadcrumb":{"@id":"https:\/\/uniagraria.edu.co\/es\/un-dia-increible-con-los-futuros-profesionales-de-colombia\/#breadcrumb"},"inLanguage":"en-US","potentialAction":[{"@type":"ReadAction","target":["https:\/\/uniagraria.edu.co\/es\/un-dia-increible-con-los-futuros-profesionales-de-colombia\/"]}]},{"@type":"ImageObject","inLanguage":"en-US","@id":"https:\/\/uniagraria.edu.co\/es\/un-dia-increible-con-los-futuros-profesionales-de-colombia\/#primaryimage","url":"","contentUrl":""},{"@type":"BreadcrumbList","@id":"https:\/\/uniagraria.edu.co\/es\/un-dia-increible-con-los-futuros-profesionales-de-colombia\/#breadcrumb","itemListElement":[{"@type":"ListItem","position":1,"name":"Inicio","item":"https:\/\/uniagraria.edu.co\/"},{"@type":"ListItem","position":2,"name":"Noticias","item":"https:\/\/uniagraria.edu.co\/es\/category\/noticias\/"},{"@type":"ListItem","position":3,"name":"\u00a1Un d\u00eda incre\u00edble con los futuros profesionales de Colombia!"}]},{"@type":"WebSite","@id":"https:\/\/uniagraria.edu.co\/es\/#website","url":"https:\/\/uniagraria.edu.co\/es\/","name":"Experience the experience and discover the education of","description":"FUNDACION UNIVERSITARIA AGRARIA DE COLOMBIA","publisher":{"@id":"https:\/\/uniagraria.edu.co\/es\/#organization"},"potentialAction":[{"@type":"SearchAction","target":{"@type":"EntryPoint","urlTemplate":"https:\/\/uniagraria.edu.co\/es\/?s={search_term_string}"},"query-input":{"@type":"PropertyValueSpecification","valueRequired":true,"valueName":"search_term_string"}}],"inLanguage":"en-US"},{"@type":"Organization","@id":"https:\/\/uniagraria.edu.co\/es\/#organization","name":"Experience the experience and discover the education of","url":"https:\/\/uniagraria.edu.co\/es\/","logo":{"@type":"ImageObject","inLanguage":"en-US","@id":"https:\/\/uniagraria.edu.co\/es\/#\/schema\/logo\/image\/","url":"https:\/\/novawebmaster.com\/uniagraria\/wp-content\/uploads\/2025\/02\/LogoUa2023Vertical.png","contentUrl":"https:\/\/novawebmaster.com\/uniagraria\/wp-content\/uploads\/2025\/02\/LogoUa2023Vertical.png","width":3300,"height":2550,"caption":"UNIAGRARIA"},"image":{"@id":"https:\/\/uniagraria.edu.co\/es\/#\/schema\/logo\/image\/"},"sameAs":["https:\/\/www.facebook.com\/uagraria\/?locale=es_LA","https:\/\/x.com\/UNIAGRARIA","https:\/\/www.instagram.com\/uniagraria\/profilecard\/?igsh=MXI2bTFlMWsxNzNjOA","https:\/\/www.tiktok.com\/discover\/uniagraria?lang=es","https:\/\/www.linkedin.com\/school\/uniagraria\/?originalSubdomain=co","https:\/\/www.youtube.com\/user\/UniagrariaUverde?themeRefresh=1","https:\/\/api.whatsapp.com\/send?phone=3134230649"]},{"@type":"Person","@id":"https:\/\/uniagraria.edu.co\/es\/#\/schema\/person\/f2ff0c07d9addb88b935755100b8db03","name":"Communications UNIAGRARIA","image":{"@type":"ImageObject","inLanguage":"en-US","@id":"https:\/\/secure.gravatar.com\/avatar\/5c34977f632fe7cabe2da5a1818394efca9475d46ad9f02e8eab7fd408884103?s=96&d=mm&r=g","url":"https:\/\/secure.gravatar.com\/avatar\/5c34977f632fe7cabe2da5a1818394efca9475d46ad9f02e8eab7fd408884103?s=96&d=mm&r=g","contentUrl":"https:\/\/secure.gravatar.com\/avatar\/5c34977f632fe7cabe2da5a1818394efca9475d46ad9f02e8eab7fd408884103?s=96&d=mm&r=g","caption":"Comunicaciones UNIAGRARIA"},"url":"https:\/\/uniagraria.edu.co\/en\/author\/4ndr3sf371p3\/"}]}},"_links":{"self":[{"href":"https:\/\/uniagraria.edu.co\/en\/wp-json\/wp\/v2\/posts\/44575","targetHints":{"allow":["GET"]}}],"collection":[{"href":"https:\/\/uniagraria.edu.co\/en\/wp-json\/wp\/v2\/posts"}],"about":[{"href":"https:\/\/uniagraria.edu.co\/en\/wp-json\/wp\/v2\/types\/post"}],"author":[{"embeddable":true,"href":"https:\/\/uniagraria.edu.co\/en\/wp-json\/wp\/v2\/users\/8"}],"replies":[{"embeddable":true,"href":"https:\/\/uniagraria.edu.co\/en\/wp-json\/wp\/v2\/comments?post=44575"}],"version-history":[{"count":0,"href":"https:\/\/uniagraria.edu.co\/en\/wp-json\/wp\/v2\/posts\/44575\/revisions"}],"wp:featuredmedia":[{"embeddable":true,"href":"https:\/\/uniagraria.edu.co\/en\/wp-json\/"}],"wp:attachment":[{"href":"https:\/\/uniagraria.edu.co\/en\/wp-json\/wp\/v2\/media?parent=44575"}],"wp:term":[{"taxonomy":"category","embeddable":true,"href":"https:\/\/uniagraria.edu.co\/en\/wp-json\/wp\/v2\/categories?post=44575"},{"taxonomy":"post_tag","embeddable":true,"href":"https:\/\/uniagraria.edu.co\/en\/wp-json\/wp\/v2\/tags?post=44575"}],"curies":[{"name":"wp","href":"https:\/\/api.w.org\/{rel}","templated":true}]}}