{"id":44691,"date":"2024-08-02T12:28:40","date_gmt":"2024-08-02T17:28:40","guid":{"rendered":"https:\/\/www.uniagraria.edu.co\/?p=44691"},"modified":"2024-08-02T12:28:40","modified_gmt":"2024-08-02T17:28:40","slug":"encuentro-academico-internacional-ciencia-en-accion-generacion-cientifica-para-el-sector-productivo-en-america-latina","status":"publish","type":"post","link":"https:\/\/uniagraria.edu.co\/en\/encuentro-academico-internacional-ciencia-en-accion-generacion-cientifica-para-el-sector-productivo-en-america-latina\/","title":{"rendered":"Encuentro Acad\u00e9mico Internacional: &#8220;CIENCIA EN ACCI\u00d3N: generaci\u00f3n cient\u00edfica para el sector productivo en Am\u00e9rica Latina&#8221;"},"content":{"rendered":"<h4 class=\"wp-block-heading\" id=\"mce_0\"><em><strong>Direcci\u00f3n de Comunicaciones UNIAGRARIA<\/strong><\/em><\/h4>\n\n\n\n<p style=\"text-align: justify;\">En el marco de la AGENDA ACAD\u00c9MICA LATINOAM\u00c9RICA, se llev\u00f3 a cabo, del 29 de julio al 2 de agosto de 2024, el Encuentro Acad\u00e9mico Internacional &#8220;CIENCIA EN ACCI\u00d3N: generaci\u00f3n cient\u00edfica para el sector productivo en Am\u00e9rica Latina&#8221;. Este evento organizado por Kluster Latam, tuvo como objetivo propiciar el desarrollo de actividades que fortalezcan la transferencia y gesti\u00f3n del conocimiento en ciencia, tecnolog\u00eda e innovaci\u00f3n, con un enfoque en la protecci\u00f3n ambiental sostenible y la promoci\u00f3n de proyectos innovadores. Participaron instituciones acad\u00e9micas y empresas privadas para intercambiar informaci\u00f3n y establecer alianzas estrat\u00e9gicas entre entidades de Colombia y Centroam\u00e9rica, consolidando ruedas de negocios, foros de investigaci\u00f3n y visitas a nodos de producci\u00f3n.<\/p>\n\n\n\n<p style=\"text-align: justify;\">Como objetivos principales, la agenda busc\u00f3 establecer convenios de cooperaci\u00f3n: determinar requisitos jur\u00eddicos y t\u00e9cnicos para la implementaci\u00f3n de proyectos con enfoque de sostenibilidad ambiental que generen unidades productivas, las cuales pueden ser trasladadas al sector gubernamental en Latinoam\u00e9rica y Centroam\u00e9rica; adem\u00e1s de, hacer un intercambio de experiencias: facilitar el intercambio de conocimientos entre grupos de investigaci\u00f3n de diversas instituciones educativas sobre desarrollos tecnol\u00f3gicos y procesos ambientales. As\u00ed mismo, la agenda busc\u00f3 dinamizar actividades de cooperaci\u00f3n acad\u00e9mica, evaluando alternativas para establecer acuerdos de investigaci\u00f3n, extensi\u00f3n y proyecci\u00f3n social, as\u00ed como movilidades acad\u00e9micas e inicio de actividades para programas de doble titulaci\u00f3n entre instituciones educativas.<\/p>\n\n\n\n<h4 class=\"wp-block-heading\"><strong>Cronograma del Encuentro<\/strong><\/h4>\n\n\n\n<p style=\"text-align: justify;\">El lunes 29 de julio inici\u00f3 el Encuentro con una reuni\u00f3n de presentaci\u00f3n de la misi\u00f3n del evento, seguida por una sesi\u00f3n para empresas tecnol\u00f3gicas el martes 30 de julio.<\/p>\n\n\n\n<p style=\"text-align: justify;\">El mi\u00e9rcoles 31 de julio, las instalaciones de UNIAGRARIA en Bogot\u00e1 acogieron un d\u00eda completo de presentaciones y debates, la jornada comenz\u00f3 con la apertura a cargo de la Dra. Luisa Fernanda Guasca, seguida por un panel de experiencias en investigaci\u00f3n liderado por el Dr. \u00c1lvaro Mauricio Z\u00fa\u00f1iga Morales, Vicerrector de Investigaci\u00f3n de UNIAGRARIA. Los participantes tambi\u00e9n escucharon a la Dra. Zobeida Garibaldi sobre competencias ling\u00fc\u00edsticas en la educaci\u00f3n superior y al Dr. Pablo Romero Ib\u00e1\u00f1ez, quien habl\u00f3 sobre did\u00e1ctica esencial. Otros destacados ponentes incluyeron al Dr. Luis Carlos Guti\u00e9rrez, el Dr. Luis Alfonso P\u00e9rez Guerra, el Dr. Luis David Garnica, y el Dr. Octavio Libreros, quienes discutieron temas como neo educaci\u00f3n, innovaci\u00f3n en entornos rurales y urbanos, modelos de negocio educativos, y educaci\u00f3n para comunidades ind\u00edgenas. El evento concluy\u00f3 con una intervenci\u00f3n del Dr. Carlos Rodr\u00edguez Bocanegra, Embajador de Colombia en El Salvador, y del Dr. Augusto Moreno, director de Emprendimiento y Nuevos Negocios de KATALAB e invitados como C\u00e1mara de Comercio de Bogot\u00e1, Fundaci\u00f3n a trabajar por Colombia, Inmersus, Coomeva entre otros.<\/p>\n\n\n\n<p style=\"text-align: justify;\">La asistencia a dichas conversaciones la conformaron: Equipo KL, Universidad de Panam\u00e1, UNIAGRARIA, INFOTEP, Universidad de San Jos\u00e9, Universidad Cooperativa, instituciones de educaci\u00f3n b\u00e1sica, empresas privadas y entidades p\u00fablicas.<\/p>\n\n\n\n<p style=\"text-align: justify;\">Al finalizar las conferencias, se entregaron reconocimientos a los participantes y se llev\u00f3 a cabo un Foro de grupos de investigaci\u00f3n, promoviendo el intercambio de ideas y colaboraciones futuras entre las instituciones y entidades presentes.<\/p>\n\n\n\n<p style=\"text-align: justify;\">El jueves 1 de agosto, se llev\u00f3 a cabo, en las instalaciones de la C\u00e1mara de Comercio de Ch\u00eda, una Rueda de negocios entre empresa y academia, donde se realiz\u00f3 una presentaci\u00f3n de bienes y servicios de empresas altamente innovadoras y, el viernes 2 de agosto, finaliz\u00f3 el evento con una sesi\u00f3n para la agenda de conclusiones.<\/p>\n\n\n\n<p style=\"text-align: justify;\">Este Encuentro Acad\u00e9mico Internacional resalta el compromiso de UNIAGRARIA con el fortalecimiento de la educaci\u00f3n, la investigaci\u00f3n y la cooperaci\u00f3n internacional, promoviendo el desarrollo sostenible y la innovaci\u00f3n en la regi\u00f3n.<\/p>\n\n\n\n<ul class=\"wp-block-gallery columns-3 is-cropped wp-block-gallery-1 is-layout-flex wp-block-gallery-is-layout-flex\"><li class=\"blocks-gallery-item\"><figure><img decoding=\"async\" src=\"https:\/\/www.uniagraria.edu.co\/wp-content\/uploads\/2024\/08\/EncuentroAcademicoInternacionalCienciaEnAccion-01-1024x678.jpeg\" alt=\"\" data-id=\"44695\" data-link=\"https:\/\/www.uniagraria.edu.co\/encuentroacademicointernacionalcienciaenaccion-01\/\" class=\"wp-image-44695\"\/><\/figure><\/li><li class=\"blocks-gallery-item\"><figure><img decoding=\"async\" src=\"https:\/\/www.uniagraria.edu.co\/wp-content\/uploads\/2024\/08\/EncuentroAcademicoInternacionalCienciaEnAccion-03-1024x678.jpeg\" alt=\"\" data-id=\"44697\" data-link=\"https:\/\/www.uniagraria.edu.co\/encuentroacademicointernacionalcienciaenaccion-03\/\" class=\"wp-image-44697\"\/><\/figure><\/li><li class=\"blocks-gallery-item\"><figure><img decoding=\"async\" src=\"https:\/\/www.uniagraria.edu.co\/wp-content\/uploads\/2024\/08\/EncuentroAcademicoInternacionalCienciaEnAccion-02-1024x678.jpeg\" alt=\"\" data-id=\"44696\" data-link=\"https:\/\/www.uniagraria.edu.co\/encuentroacademicointernacionalcienciaenaccion-02\/\" class=\"wp-image-44696\"\/><\/figure><\/li><li class=\"blocks-gallery-item\"><figure><img decoding=\"async\" src=\"https:\/\/www.uniagraria.edu.co\/wp-content\/uploads\/2024\/08\/EncuentroAcademicoInternacionalCienciaEnAccion-04-1024x678.jpeg\" alt=\"\" data-id=\"44698\" data-link=\"https:\/\/www.uniagraria.edu.co\/encuentroacademicointernacionalcienciaenaccion-04\/\" class=\"wp-image-44698\"\/><\/figure><\/li><li class=\"blocks-gallery-item\"><figure><img decoding=\"async\" src=\"https:\/\/www.uniagraria.edu.co\/wp-content\/uploads\/2024\/08\/EncuentroAcademicoInternacionalCienciaEnAccion-07-1024x678.jpeg\" alt=\"\" data-id=\"44694\" data-link=\"https:\/\/www.uniagraria.edu.co\/encuentroacademicointernacionalcienciaenaccion-07\/\" class=\"wp-image-44694\"\/><\/figure><\/li><li class=\"blocks-gallery-item\"><figure><img decoding=\"async\" src=\"https:\/\/www.uniagraria.edu.co\/wp-content\/uploads\/2024\/08\/EncuentroAcademicoInternacionalCienciaEnAccion-06-1024x678.jpeg\" alt=\"\" data-id=\"44693\" data-link=\"https:\/\/www.uniagraria.edu.co\/encuentroacademicointernacionalcienciaenaccion-06\/\" class=\"wp-image-44693\"\/><\/figure><\/li><li class=\"blocks-gallery-item\"><figure><img decoding=\"async\" src=\"https:\/\/www.uniagraria.edu.co\/wp-content\/uploads\/2024\/08\/EncuentroAcademicoInternacionalCienciaEnAccion-05-1024x692.jpeg\" alt=\"\" data-id=\"44692\" data-link=\"https:\/\/www.uniagraria.edu.co\/encuentroacademicointernacionalcienciaenaccion-05\/\" class=\"wp-image-44692\"\/><\/figure><\/li><\/ul>","protected":false},"excerpt":{"rendered":"<p>Direcci\u00f3n de Comunicaciones UNIAGRARIA\ufeff En el marco de la AGENDA ACAD\u00c9MICA LATINOAM\u00c9RICA, se llev\u00f3 a cabo, del 29 de julio al 2 de agosto de 2024, el Encuentro Acad\u00e9mico Internacional &#8220;CIENCIA EN ACCI\u00d3N: generaci\u00f3n cient\u00edfica para el sector productivo en Am\u00e9rica Latina&#8221;. Este evento organizado por Kluster Latam, tuvo como objetivo propiciar el desarrollo de [&hellip;]<\/p>\n","protected":false},"author":8,"featured_media":44697,"comment_status":"closed","ping_status":"closed","sticky":false,"template":"","format":"standard","meta":{"_acf_changed":false,"site-sidebar-layout":"default","site-content-layout":"","ast-site-content-layout":"default","site-content-style":"default","site-sidebar-style":"default","ast-global-header-display":"","ast-banner-title-visibility":"","ast-main-header-display":"","ast-hfb-above-header-display":"","ast-hfb-below-header-display":"","ast-hfb-mobile-header-display":"","site-post-title":"","ast-breadcrumbs-content":"","ast-featured-img":"","footer-sml-layout":"","ast-disable-related-posts":"","theme-transparent-header-meta":"","adv-header-id-meta":"","stick-header-meta":"","header-above-stick-meta":"","header-main-stick-meta":"","header-below-stick-meta":"","astra-migrate-meta-layouts":"default","ast-page-background-enabled":"default","ast-page-background-meta":{"desktop":{"background-color":"var(--ast-global-color-4)","background-image":"","background-repeat":"repeat","background-position":"center center","background-size":"auto","background-attachment":"scroll","background-type":"","background-media":"","overlay-type":"","overlay-color":"","overlay-opacity":"","overlay-gradient":""},"tablet":{"background-color":"","background-image":"","background-repeat":"repeat","background-position":"center center","background-size":"auto","background-attachment":"scroll","background-type":"","background-media":"","overlay-type":"","overlay-color":"","overlay-opacity":"","overlay-gradient":""},"mobile":{"background-color":"","background-image":"","background-repeat":"repeat","background-position":"center center","background-size":"auto","background-attachment":"scroll","background-type":"","background-media":"","overlay-type":"","overlay-color":"","overlay-opacity":"","overlay-gradient":""}},"ast-content-background-meta":{"desktop":{"background-color":"var(--ast-global-color-5)","background-image":"","background-repeat":"repeat","background-position":"center center","background-size":"auto","background-attachment":"scroll","background-type":"","background-media":"","overlay-type":"","overlay-color":"","overlay-opacity":"","overlay-gradient":""},"tablet":{"background-color":"var(--ast-global-color-5)","background-image":"","background-repeat":"repeat","background-position":"center center","background-size":"auto","background-attachment":"scroll","background-type":"","background-media":"","overlay-type":"","overlay-color":"","overlay-opacity":"","overlay-gradient":""},"mobile":{"background-color":"var(--ast-global-color-5)","background-image":"","background-repeat":"repeat","background-position":"center center","background-size":"auto","background-attachment":"scroll","background-type":"","background-media":"","overlay-type":"","overlay-color":"","overlay-opacity":"","overlay-gradient":""}},"footnotes":""},"categories":[35],"tags":[],"class_list":["post-44691","post","type-post","status-publish","format-standard","has-post-thumbnail","hentry","category-noticias"],"acf":[],"yoast_head":"<!-- This site is optimized with the Yoast SEO plugin v27.5 - https:\/\/yoast.com\/product\/yoast-seo-wordpress\/ -->\n<title>Encuentro Acad\u00e9mico Internacional: &quot;CIENCIA EN ACCI\u00d3N: generaci\u00f3n cient\u00edfica para el sector productivo en Am\u00e9rica Latina&quot; - UNIAGRARIA<\/title>\n<meta name=\"robots\" content=\"index, follow, max-snippet:-1, max-image-preview:large, max-video-preview:-1\" \/>\n<link rel=\"canonical\" href=\"https:\/\/uniagraria.edu.co\/en\/encuentro-academico-internacional-ciencia-en-accion-generacion-cientifica-para-el-sector-productivo-en-america-latina\/\" \/>\n<meta property=\"og:locale\" content=\"en_US\" \/>\n<meta property=\"og:type\" content=\"article\" \/>\n<meta property=\"og:title\" content=\"Encuentro Acad\u00e9mico Internacional: &quot;CIENCIA EN ACCI\u00d3N: generaci\u00f3n cient\u00edfica para el sector productivo en Am\u00e9rica Latina&quot; - UNIAGRARIA\" \/>\n<meta property=\"og:description\" content=\"Direcci\u00f3n de Comunicaciones UNIAGRARIA\ufeff En el marco de la AGENDA ACAD\u00c9MICA LATINOAM\u00c9RICA, se llev\u00f3 a cabo, del 29 de julio al 2 de agosto de 2024, el Encuentro Acad\u00e9mico Internacional &#8220;CIENCIA EN ACCI\u00d3N: generaci\u00f3n cient\u00edfica para el sector productivo en Am\u00e9rica Latina&#8221;. Este evento organizado por Kluster Latam, tuvo como objetivo propiciar el desarrollo de [&hellip;]\" \/>\n<meta property=\"og:url\" content=\"https:\/\/uniagraria.edu.co\/en\/encuentro-academico-internacional-ciencia-en-accion-generacion-cientifica-para-el-sector-productivo-en-america-latina\/\" \/>\n<meta property=\"og:site_name\" content=\"UNIAGRARIA\" \/>\n<meta property=\"article:publisher\" content=\"https:\/\/www.facebook.com\/uagraria\/?locale=es_LA\" \/>\n<meta property=\"article:published_time\" content=\"2024-08-02T17:28:40+00:00\" \/>\n<meta name=\"author\" content=\"Comunicaciones UNIAGRARIA\" \/>\n<meta name=\"twitter:card\" content=\"summary_large_image\" \/>\n<meta name=\"twitter:creator\" content=\"@UNIAGRARIA\" \/>\n<meta name=\"twitter:site\" content=\"@UNIAGRARIA\" \/>\n<meta name=\"twitter:label1\" content=\"Written by\" \/>\n\t<meta name=\"twitter:data1\" content=\"Comunicaciones UNIAGRARIA\" \/>\n\t<meta name=\"twitter:label2\" content=\"Est. reading time\" \/>\n\t<meta name=\"twitter:data2\" content=\"3 minutes\" \/>\n<script type=\"application\/ld+json\" class=\"yoast-schema-graph\">{\"@context\":\"https:\\\/\\\/schema.org\",\"@graph\":[{\"@type\":\"Article\",\"@id\":\"https:\\\/\\\/uniagraria.edu.co\\\/es\\\/encuentro-academico-internacional-ciencia-en-accion-generacion-cientifica-para-el-sector-productivo-en-america-latina\\\/#article\",\"isPartOf\":{\"@id\":\"https:\\\/\\\/uniagraria.edu.co\\\/es\\\/encuentro-academico-internacional-ciencia-en-accion-generacion-cientifica-para-el-sector-productivo-en-america-latina\\\/\"},\"author\":{\"name\":\"Comunicaciones UNIAGRARIA\",\"@id\":\"https:\\\/\\\/uniagraria.edu.co\\\/es\\\/#\\\/schema\\\/person\\\/f2ff0c07d9addb88b935755100b8db03\"},\"headline\":\"Encuentro Acad\u00e9mico Internacional: &#8220;CIENCIA EN ACCI\u00d3N: generaci\u00f3n cient\u00edfica para el sector productivo en Am\u00e9rica Latina&#8221;\",\"datePublished\":\"2024-08-02T17:28:40+00:00\",\"mainEntityOfPage\":{\"@id\":\"https:\\\/\\\/uniagraria.edu.co\\\/es\\\/encuentro-academico-internacional-ciencia-en-accion-generacion-cientifica-para-el-sector-productivo-en-america-latina\\\/\"},\"wordCount\":664,\"publisher\":{\"@id\":\"https:\\\/\\\/uniagraria.edu.co\\\/es\\\/#organization\"},\"image\":{\"@id\":\"https:\\\/\\\/uniagraria.edu.co\\\/es\\\/encuentro-academico-internacional-ciencia-en-accion-generacion-cientifica-para-el-sector-productivo-en-america-latina\\\/#primaryimage\"},\"thumbnailUrl\":\"\",\"articleSection\":[\"Noticias\"],\"inLanguage\":\"en-US\"},{\"@type\":\"WebPage\",\"@id\":\"https:\\\/\\\/uniagraria.edu.co\\\/es\\\/encuentro-academico-internacional-ciencia-en-accion-generacion-cientifica-para-el-sector-productivo-en-america-latina\\\/\",\"url\":\"https:\\\/\\\/uniagraria.edu.co\\\/es\\\/encuentro-academico-internacional-ciencia-en-accion-generacion-cientifica-para-el-sector-productivo-en-america-latina\\\/\",\"name\":\"Encuentro Acad\u00e9mico Internacional: \\\"CIENCIA EN ACCI\u00d3N: generaci\u00f3n cient\u00edfica para el sector productivo en Am\u00e9rica Latina\\\" - UNIAGRARIA\",\"isPartOf\":{\"@id\":\"https:\\\/\\\/uniagraria.edu.co\\\/es\\\/#website\"},\"primaryImageOfPage\":{\"@id\":\"https:\\\/\\\/uniagraria.edu.co\\\/es\\\/encuentro-academico-internacional-ciencia-en-accion-generacion-cientifica-para-el-sector-productivo-en-america-latina\\\/#primaryimage\"},\"image\":{\"@id\":\"https:\\\/\\\/uniagraria.edu.co\\\/es\\\/encuentro-academico-internacional-ciencia-en-accion-generacion-cientifica-para-el-sector-productivo-en-america-latina\\\/#primaryimage\"},\"thumbnailUrl\":\"\",\"datePublished\":\"2024-08-02T17:28:40+00:00\",\"breadcrumb\":{\"@id\":\"https:\\\/\\\/uniagraria.edu.co\\\/es\\\/encuentro-academico-internacional-ciencia-en-accion-generacion-cientifica-para-el-sector-productivo-en-america-latina\\\/#breadcrumb\"},\"inLanguage\":\"en-US\",\"potentialAction\":[{\"@type\":\"ReadAction\",\"target\":[\"https:\\\/\\\/uniagraria.edu.co\\\/es\\\/encuentro-academico-internacional-ciencia-en-accion-generacion-cientifica-para-el-sector-productivo-en-america-latina\\\/\"]}]},{\"@type\":\"ImageObject\",\"inLanguage\":\"en-US\",\"@id\":\"https:\\\/\\\/uniagraria.edu.co\\\/es\\\/encuentro-academico-internacional-ciencia-en-accion-generacion-cientifica-para-el-sector-productivo-en-america-latina\\\/#primaryimage\",\"url\":\"\",\"contentUrl\":\"\"},{\"@type\":\"BreadcrumbList\",\"@id\":\"https:\\\/\\\/uniagraria.edu.co\\\/es\\\/encuentro-academico-internacional-ciencia-en-accion-generacion-cientifica-para-el-sector-productivo-en-america-latina\\\/#breadcrumb\",\"itemListElement\":[{\"@type\":\"ListItem\",\"position\":1,\"name\":\"Inicio\",\"item\":\"https:\\\/\\\/uniagraria.edu.co\\\/\"},{\"@type\":\"ListItem\",\"position\":2,\"name\":\"Noticias\",\"item\":\"https:\\\/\\\/uniagraria.edu.co\\\/es\\\/category\\\/noticias\\\/\"},{\"@type\":\"ListItem\",\"position\":3,\"name\":\"Encuentro Acad\u00e9mico Internacional: &#8220;CIENCIA EN ACCI\u00d3N: generaci\u00f3n cient\u00edfica para el sector productivo en Am\u00e9rica Latina&#8221;\"}]},{\"@type\":\"WebSite\",\"@id\":\"https:\\\/\\\/uniagraria.edu.co\\\/es\\\/#website\",\"url\":\"https:\\\/\\\/uniagraria.edu.co\\\/es\\\/\",\"name\":\"UNIAGRARIA\",\"description\":\"FUNDACION UNIVERSITARIA AGRARIA DE COLOMBIA\",\"publisher\":{\"@id\":\"https:\\\/\\\/uniagraria.edu.co\\\/es\\\/#organization\"},\"potentialAction\":[{\"@type\":\"SearchAction\",\"target\":{\"@type\":\"EntryPoint\",\"urlTemplate\":\"https:\\\/\\\/uniagraria.edu.co\\\/es\\\/?s={search_term_string}\"},\"query-input\":{\"@type\":\"PropertyValueSpecification\",\"valueRequired\":true,\"valueName\":\"search_term_string\"}}],\"inLanguage\":\"en-US\"},{\"@type\":\"Organization\",\"@id\":\"https:\\\/\\\/uniagraria.edu.co\\\/es\\\/#organization\",\"name\":\"UNIAGRARIA\",\"url\":\"https:\\\/\\\/uniagraria.edu.co\\\/es\\\/\",\"logo\":{\"@type\":\"ImageObject\",\"inLanguage\":\"en-US\",\"@id\":\"https:\\\/\\\/uniagraria.edu.co\\\/es\\\/#\\\/schema\\\/logo\\\/image\\\/\",\"url\":\"https:\\\/\\\/novawebmaster.com\\\/uniagraria\\\/wp-content\\\/uploads\\\/2025\\\/02\\\/LogoUa2023Vertical.png\",\"contentUrl\":\"https:\\\/\\\/novawebmaster.com\\\/uniagraria\\\/wp-content\\\/uploads\\\/2025\\\/02\\\/LogoUa2023Vertical.png\",\"width\":3300,\"height\":2550,\"caption\":\"UNIAGRARIA\"},\"image\":{\"@id\":\"https:\\\/\\\/uniagraria.edu.co\\\/es\\\/#\\\/schema\\\/logo\\\/image\\\/\"},\"sameAs\":[\"https:\\\/\\\/www.facebook.com\\\/uagraria\\\/?locale=es_LA\",\"https:\\\/\\\/x.com\\\/UNIAGRARIA\",\"https:\\\/\\\/www.instagram.com\\\/uniagraria\\\/profilecard\\\/?igsh=MXI2bTFlMWsxNzNjOA\",\"https:\\\/\\\/www.tiktok.com\\\/discover\\\/uniagraria?lang=es\",\"https:\\\/\\\/www.linkedin.com\\\/school\\\/uniagraria\\\/?originalSubdomain=co\",\"https:\\\/\\\/www.youtube.com\\\/user\\\/UniagrariaUverde?themeRefresh=1\",\"https:\\\/\\\/api.whatsapp.com\\\/send?phone=3134230649\"]},{\"@type\":\"Person\",\"@id\":\"https:\\\/\\\/uniagraria.edu.co\\\/es\\\/#\\\/schema\\\/person\\\/f2ff0c07d9addb88b935755100b8db03\",\"name\":\"Comunicaciones UNIAGRARIA\",\"image\":{\"@type\":\"ImageObject\",\"inLanguage\":\"en-US\",\"@id\":\"https:\\\/\\\/secure.gravatar.com\\\/avatar\\\/5c34977f632fe7cabe2da5a1818394efca9475d46ad9f02e8eab7fd408884103?s=96&d=mm&r=g\",\"url\":\"https:\\\/\\\/secure.gravatar.com\\\/avatar\\\/5c34977f632fe7cabe2da5a1818394efca9475d46ad9f02e8eab7fd408884103?s=96&d=mm&r=g\",\"contentUrl\":\"https:\\\/\\\/secure.gravatar.com\\\/avatar\\\/5c34977f632fe7cabe2da5a1818394efca9475d46ad9f02e8eab7fd408884103?s=96&d=mm&r=g\",\"caption\":\"Comunicaciones UNIAGRARIA\"},\"url\":\"https:\\\/\\\/uniagraria.edu.co\\\/en\\\/author\\\/4ndr3sf371p3\\\/\"}]}<\/script>\n<!-- \/ Yoast SEO plugin. -->","yoast_head_json":{"title":"Encuentro Acad\u00e9mico Internacional: \"CIENCIA EN ACCI\u00d3N: generaci\u00f3n cient\u00edfica para el sector productivo en Am\u00e9rica Latina\" - UNIAGRARIA","robots":{"index":"index","follow":"follow","max-snippet":"max-snippet:-1","max-image-preview":"max-image-preview:large","max-video-preview":"max-video-preview:-1"},"canonical":"https:\/\/uniagraria.edu.co\/en\/encuentro-academico-internacional-ciencia-en-accion-generacion-cientifica-para-el-sector-productivo-en-america-latina\/","og_locale":"en_US","og_type":"article","og_title":"Encuentro Acad\u00e9mico Internacional: \"CIENCIA EN ACCI\u00d3N: generaci\u00f3n cient\u00edfica para el sector productivo en Am\u00e9rica Latina\" - UNIAGRARIA","og_description":"Direcci\u00f3n de Comunicaciones UNIAGRARIA\ufeff En el marco de la AGENDA ACAD\u00c9MICA LATINOAM\u00c9RICA, se llev\u00f3 a cabo, del 29 de julio al 2 de agosto de 2024, el Encuentro Acad\u00e9mico Internacional &#8220;CIENCIA EN ACCI\u00d3N: generaci\u00f3n cient\u00edfica para el sector productivo en Am\u00e9rica Latina&#8221;. Este evento organizado por Kluster Latam, tuvo como objetivo propiciar el desarrollo de [&hellip;]","og_url":"https:\/\/uniagraria.edu.co\/en\/encuentro-academico-internacional-ciencia-en-accion-generacion-cientifica-para-el-sector-productivo-en-america-latina\/","og_site_name":"UNIAGRARIA","article_publisher":"https:\/\/www.facebook.com\/uagraria\/?locale=es_LA","article_published_time":"2024-08-02T17:28:40+00:00","author":"Comunicaciones UNIAGRARIA","twitter_card":"summary_large_image","twitter_creator":"@UNIAGRARIA","twitter_site":"@UNIAGRARIA","twitter_misc":{"Written by":"Comunicaciones UNIAGRARIA","Est. reading time":"3 minutes"},"schema":{"@context":"https:\/\/schema.org","@graph":[{"@type":"Article","@id":"https:\/\/uniagraria.edu.co\/es\/encuentro-academico-internacional-ciencia-en-accion-generacion-cientifica-para-el-sector-productivo-en-america-latina\/#article","isPartOf":{"@id":"https:\/\/uniagraria.edu.co\/es\/encuentro-academico-internacional-ciencia-en-accion-generacion-cientifica-para-el-sector-productivo-en-america-latina\/"},"author":{"name":"Comunicaciones UNIAGRARIA","@id":"https:\/\/uniagraria.edu.co\/es\/#\/schema\/person\/f2ff0c07d9addb88b935755100b8db03"},"headline":"Encuentro Acad\u00e9mico Internacional: &#8220;CIENCIA EN ACCI\u00d3N: generaci\u00f3n cient\u00edfica para el sector productivo en Am\u00e9rica Latina&#8221;","datePublished":"2024-08-02T17:28:40+00:00","mainEntityOfPage":{"@id":"https:\/\/uniagraria.edu.co\/es\/encuentro-academico-internacional-ciencia-en-accion-generacion-cientifica-para-el-sector-productivo-en-america-latina\/"},"wordCount":664,"publisher":{"@id":"https:\/\/uniagraria.edu.co\/es\/#organization"},"image":{"@id":"https:\/\/uniagraria.edu.co\/es\/encuentro-academico-internacional-ciencia-en-accion-generacion-cientifica-para-el-sector-productivo-en-america-latina\/#primaryimage"},"thumbnailUrl":"","articleSection":["Noticias"],"inLanguage":"en-US"},{"@type":"WebPage","@id":"https:\/\/uniagraria.edu.co\/es\/encuentro-academico-internacional-ciencia-en-accion-generacion-cientifica-para-el-sector-productivo-en-america-latina\/","url":"https:\/\/uniagraria.edu.co\/es\/encuentro-academico-internacional-ciencia-en-accion-generacion-cientifica-para-el-sector-productivo-en-america-latina\/","name":"Encuentro Acad\u00e9mico Internacional: \"CIENCIA EN ACCI\u00d3N: generaci\u00f3n cient\u00edfica para el sector productivo en Am\u00e9rica Latina\" - UNIAGRARIA","isPartOf":{"@id":"https:\/\/uniagraria.edu.co\/es\/#website"},"primaryImageOfPage":{"@id":"https:\/\/uniagraria.edu.co\/es\/encuentro-academico-internacional-ciencia-en-accion-generacion-cientifica-para-el-sector-productivo-en-america-latina\/#primaryimage"},"image":{"@id":"https:\/\/uniagraria.edu.co\/es\/encuentro-academico-internacional-ciencia-en-accion-generacion-cientifica-para-el-sector-productivo-en-america-latina\/#primaryimage"},"thumbnailUrl":"","datePublished":"2024-08-02T17:28:40+00:00","breadcrumb":{"@id":"https:\/\/uniagraria.edu.co\/es\/encuentro-academico-internacional-ciencia-en-accion-generacion-cientifica-para-el-sector-productivo-en-america-latina\/#breadcrumb"},"inLanguage":"en-US","potentialAction":[{"@type":"ReadAction","target":["https:\/\/uniagraria.edu.co\/es\/encuentro-academico-internacional-ciencia-en-accion-generacion-cientifica-para-el-sector-productivo-en-america-latina\/"]}]},{"@type":"ImageObject","inLanguage":"en-US","@id":"https:\/\/uniagraria.edu.co\/es\/encuentro-academico-internacional-ciencia-en-accion-generacion-cientifica-para-el-sector-productivo-en-america-latina\/#primaryimage","url":"","contentUrl":""},{"@type":"BreadcrumbList","@id":"https:\/\/uniagraria.edu.co\/es\/encuentro-academico-internacional-ciencia-en-accion-generacion-cientifica-para-el-sector-productivo-en-america-latina\/#breadcrumb","itemListElement":[{"@type":"ListItem","position":1,"name":"Inicio","item":"https:\/\/uniagraria.edu.co\/"},{"@type":"ListItem","position":2,"name":"Noticias","item":"https:\/\/uniagraria.edu.co\/es\/category\/noticias\/"},{"@type":"ListItem","position":3,"name":"Encuentro Acad\u00e9mico Internacional: &#8220;CIENCIA EN ACCI\u00d3N: generaci\u00f3n cient\u00edfica para el sector productivo en Am\u00e9rica Latina&#8221;"}]},{"@type":"WebSite","@id":"https:\/\/uniagraria.edu.co\/es\/#website","url":"https:\/\/uniagraria.edu.co\/es\/","name":"Experience the experience and discover the education of","description":"FUNDACION UNIVERSITARIA AGRARIA DE COLOMBIA","publisher":{"@id":"https:\/\/uniagraria.edu.co\/es\/#organization"},"potentialAction":[{"@type":"SearchAction","target":{"@type":"EntryPoint","urlTemplate":"https:\/\/uniagraria.edu.co\/es\/?s={search_term_string}"},"query-input":{"@type":"PropertyValueSpecification","valueRequired":true,"valueName":"search_term_string"}}],"inLanguage":"en-US"},{"@type":"Organization","@id":"https:\/\/uniagraria.edu.co\/es\/#organization","name":"Experience the experience and discover the education of","url":"https:\/\/uniagraria.edu.co\/es\/","logo":{"@type":"ImageObject","inLanguage":"en-US","@id":"https:\/\/uniagraria.edu.co\/es\/#\/schema\/logo\/image\/","url":"https:\/\/novawebmaster.com\/uniagraria\/wp-content\/uploads\/2025\/02\/LogoUa2023Vertical.png","contentUrl":"https:\/\/novawebmaster.com\/uniagraria\/wp-content\/uploads\/2025\/02\/LogoUa2023Vertical.png","width":3300,"height":2550,"caption":"UNIAGRARIA"},"image":{"@id":"https:\/\/uniagraria.edu.co\/es\/#\/schema\/logo\/image\/"},"sameAs":["https:\/\/www.facebook.com\/uagraria\/?locale=es_LA","https:\/\/x.com\/UNIAGRARIA","https:\/\/www.instagram.com\/uniagraria\/profilecard\/?igsh=MXI2bTFlMWsxNzNjOA","https:\/\/www.tiktok.com\/discover\/uniagraria?lang=es","https:\/\/www.linkedin.com\/school\/uniagraria\/?originalSubdomain=co","https:\/\/www.youtube.com\/user\/UniagrariaUverde?themeRefresh=1","https:\/\/api.whatsapp.com\/send?phone=3134230649"]},{"@type":"Person","@id":"https:\/\/uniagraria.edu.co\/es\/#\/schema\/person\/f2ff0c07d9addb88b935755100b8db03","name":"Communications UNIAGRARIA","image":{"@type":"ImageObject","inLanguage":"en-US","@id":"https:\/\/secure.gravatar.com\/avatar\/5c34977f632fe7cabe2da5a1818394efca9475d46ad9f02e8eab7fd408884103?s=96&d=mm&r=g","url":"https:\/\/secure.gravatar.com\/avatar\/5c34977f632fe7cabe2da5a1818394efca9475d46ad9f02e8eab7fd408884103?s=96&d=mm&r=g","contentUrl":"https:\/\/secure.gravatar.com\/avatar\/5c34977f632fe7cabe2da5a1818394efca9475d46ad9f02e8eab7fd408884103?s=96&d=mm&r=g","caption":"Comunicaciones UNIAGRARIA"},"url":"https:\/\/uniagraria.edu.co\/en\/author\/4ndr3sf371p3\/"}]}},"_links":{"self":[{"href":"https:\/\/uniagraria.edu.co\/en\/wp-json\/wp\/v2\/posts\/44691","targetHints":{"allow":["GET"]}}],"collection":[{"href":"https:\/\/uniagraria.edu.co\/en\/wp-json\/wp\/v2\/posts"}],"about":[{"href":"https:\/\/uniagraria.edu.co\/en\/wp-json\/wp\/v2\/types\/post"}],"author":[{"embeddable":true,"href":"https:\/\/uniagraria.edu.co\/en\/wp-json\/wp\/v2\/users\/8"}],"replies":[{"embeddable":true,"href":"https:\/\/uniagraria.edu.co\/en\/wp-json\/wp\/v2\/comments?post=44691"}],"version-history":[{"count":0,"href":"https:\/\/uniagraria.edu.co\/en\/wp-json\/wp\/v2\/posts\/44691\/revisions"}],"wp:featuredmedia":[{"embeddable":true,"href":"https:\/\/uniagraria.edu.co\/en\/wp-json\/"}],"wp:attachment":[{"href":"https:\/\/uniagraria.edu.co\/en\/wp-json\/wp\/v2\/media?parent=44691"}],"wp:term":[{"taxonomy":"category","embeddable":true,"href":"https:\/\/uniagraria.edu.co\/en\/wp-json\/wp\/v2\/categories?post=44691"},{"taxonomy":"post_tag","embeddable":true,"href":"https:\/\/uniagraria.edu.co\/en\/wp-json\/wp\/v2\/tags?post=44691"}],"curies":[{"name":"wp","href":"https:\/\/api.w.org\/{rel}","templated":true}]}}