{"id":45306,"date":"2024-09-19T11:30:30","date_gmt":"2024-09-19T16:30:30","guid":{"rendered":"https:\/\/www.uniagraria.edu.co\/?p=45306"},"modified":"2024-09-19T11:30:30","modified_gmt":"2024-09-19T16:30:30","slug":"estudiante-de-uniagraria-recibe-reconocimiento-por-su-destacado-desempeno-academico-en-el-programa-jovenes-a-la-e","status":"publish","type":"post","link":"https:\/\/uniagraria.edu.co\/en\/estudiante-de-uniagraria-recibe-reconocimiento-por-su-destacado-desempeno-academico-en-el-programa-jovenes-a-la-e\/","title":{"rendered":"Estudiante de UNIAGRARIA recibe reconocimiento por su destacado desempe\u00f1o acad\u00e9mico en el programa &#8216;J\u00f3venes a la E&#8217;"},"content":{"rendered":"<h4 class=\"wp-block-heading\" id=\"mce_0\"><strong>Direcci\u00f3n de Comunicaciones UNIAGRARIA<\/strong><\/h4>\n\n\n\n<p style=\"text-align: justify;\">El mi\u00e9rcoles 18 de septiembre de 2024, Cindy Katerine Moya Enr\u00edquez, estudiante de tercer semestre del programa de Derecho de la Facultad de Ciencias Jur\u00eddicas y Derecho de UNIAGRARIA, fue reconocida por la Alcald\u00eda de Bogot\u00e1 por su sobresaliente rendimiento acad\u00e9mico en el programa &#8220;J\u00f3venes a la E&#8221;. La ceremonia tuvo lugar en el prestigioso Hotel Tequendama, en la ciudad de Bogot\u00e1.<\/p>\n\n\n\n<p style=\"text-align: justify;\">Este reconocimiento destaca el compromiso y esfuerzo de Cindy Katerine, quien ha demostrado excelencia en su formaci\u00f3n acad\u00e9mica, logrando ubicarse entre los 120 estudiantes condecorados de los 30.000 que forman parte del programa &#8220;J\u00f3venes a la E&#8221;. Esta iniciativa busca promover la educaci\u00f3n superior entre los j\u00f3venes de la capital, apoyando su desarrollo acad\u00e9mico y brind\u00e1ndoles oportunidades para alcanzar sus metas.<\/p>\n\n\n\n<p style=\"text-align: justify;\">UNIAGRARIA felicita a Cindy Katerine Moya Enr\u00edquez por este importante logro, que no solo refleja su dedicaci\u00f3n personal, sino tambi\u00e9n el compromiso de la instituci\u00f3n en la formaci\u00f3n de profesionales \u00edntegros y competentes. Este reconocimiento es un ejemplo del impacto positivo que los estudiantes de UNIAGRARIA est\u00e1n generando en la sociedad, y un motivo de orgullo para toda la comunidad acad\u00e9mica.<\/p>\n\n\n\n<ul class=\"wp-block-gallery columns-3 is-cropped wp-block-gallery-1 is-layout-flex wp-block-gallery-is-layout-flex\"><li class=\"blocks-gallery-item\"><figure><img decoding=\"async\" src=\"https:\/\/www.uniagraria.edu.co\/wp-content\/uploads\/2024\/09\/EstudianteRecibeReconocimientoAcad\u00e9micoEnElProgramaJovenesAlaE-02-1024x768.jpeg\" alt=\"\" data-id=\"45304\" data-link=\"https:\/\/www.uniagraria.edu.co\/estudianterecibereconocimientoacademicoenelprogramajovenesalae-02\/\" class=\"wp-image-45304\"\/><\/figure><\/li><li class=\"blocks-gallery-item\"><figure><img decoding=\"async\" src=\"https:\/\/www.uniagraria.edu.co\/wp-content\/uploads\/2024\/09\/EstudianteRecibeReconocimientoAcad\u00e9micoEnElProgramaJovenesAlaE-03-1024x768.jpeg\" alt=\"\" data-id=\"45305\" data-link=\"https:\/\/www.uniagraria.edu.co\/estudianterecibereconocimientoacademicoenelprogramajovenesalae-03\/\" class=\"wp-image-45305\"\/><\/figure><\/li><li class=\"blocks-gallery-item\"><figure><img decoding=\"async\" src=\"https:\/\/www.uniagraria.edu.co\/wp-content\/uploads\/2024\/09\/EstudianteRecibeReconocimientoAcad\u00e9micoEnElProgramaJovenesAlaE-01-576x1024.jpeg\" alt=\"\" data-id=\"45303\" data-link=\"https:\/\/www.uniagraria.edu.co\/estudianterecibereconocimientoacademicoenelprogramajovenesalae-01\/\" class=\"wp-image-45303\"\/><\/figure><\/li><\/ul>","protected":false},"excerpt":{"rendered":"<p>Direcci\u00f3n de Comunicaciones UNIAGRARIA\ufeff El mi\u00e9rcoles 18 de septiembre de 2024, Cindy Katerine Moya Enr\u00edquez, estudiante de tercer semestre del programa de Derecho de la Facultad de Ciencias Jur\u00eddicas y Derecho de UNIAGRARIA, fue reconocida por la Alcald\u00eda de Bogot\u00e1 por su sobresaliente rendimiento acad\u00e9mico en el programa &#8220;J\u00f3venes a la E&#8221;. La ceremonia tuvo [&hellip;]<\/p>\n","protected":false},"author":8,"featured_media":45304,"comment_status":"closed","ping_status":"closed","sticky":false,"template":"","format":"standard","meta":{"_acf_changed":false,"site-sidebar-layout":"default","site-content-layout":"","ast-site-content-layout":"default","site-content-style":"default","site-sidebar-style":"default","ast-global-header-display":"","ast-banner-title-visibility":"","ast-main-header-display":"","ast-hfb-above-header-display":"","ast-hfb-below-header-display":"","ast-hfb-mobile-header-display":"","site-post-title":"","ast-breadcrumbs-content":"","ast-featured-img":"","footer-sml-layout":"","ast-disable-related-posts":"","theme-transparent-header-meta":"","adv-header-id-meta":"","stick-header-meta":"","header-above-stick-meta":"","header-main-stick-meta":"","header-below-stick-meta":"","astra-migrate-meta-layouts":"default","ast-page-background-enabled":"default","ast-page-background-meta":{"desktop":{"background-color":"var(--ast-global-color-4)","background-image":"","background-repeat":"repeat","background-position":"center center","background-size":"auto","background-attachment":"scroll","background-type":"","background-media":"","overlay-type":"","overlay-color":"","overlay-opacity":"","overlay-gradient":""},"tablet":{"background-color":"","background-image":"","background-repeat":"repeat","background-position":"center center","background-size":"auto","background-attachment":"scroll","background-type":"","background-media":"","overlay-type":"","overlay-color":"","overlay-opacity":"","overlay-gradient":""},"mobile":{"background-color":"","background-image":"","background-repeat":"repeat","background-position":"center center","background-size":"auto","background-attachment":"scroll","background-type":"","background-media":"","overlay-type":"","overlay-color":"","overlay-opacity":"","overlay-gradient":""}},"ast-content-background-meta":{"desktop":{"background-color":"var(--ast-global-color-5)","background-image":"","background-repeat":"repeat","background-position":"center center","background-size":"auto","background-attachment":"scroll","background-type":"","background-media":"","overlay-type":"","overlay-color":"","overlay-opacity":"","overlay-gradient":""},"tablet":{"background-color":"var(--ast-global-color-5)","background-image":"","background-repeat":"repeat","background-position":"center center","background-size":"auto","background-attachment":"scroll","background-type":"","background-media":"","overlay-type":"","overlay-color":"","overlay-opacity":"","overlay-gradient":""},"mobile":{"background-color":"var(--ast-global-color-5)","background-image":"","background-repeat":"repeat","background-position":"center center","background-size":"auto","background-attachment":"scroll","background-type":"","background-media":"","overlay-type":"","overlay-color":"","overlay-opacity":"","overlay-gradient":""}},"footnotes":""},"categories":[35],"tags":[112],"class_list":["post-45306","post","type-post","status-publish","format-standard","has-post-thumbnail","hentry","category-noticias","tag-derecho"],"acf":[],"yoast_head":"<!-- This site is optimized with the Yoast SEO plugin v27.5 - https:\/\/yoast.com\/product\/yoast-seo-wordpress\/ -->\n<title>Estudiante de UNIAGRARIA recibe reconocimiento por su destacado desempe\u00f1o acad\u00e9mico en el programa &#039;J\u00f3venes a la E&#039; - UNIAGRARIA<\/title>\n<meta name=\"robots\" content=\"index, follow, max-snippet:-1, max-image-preview:large, max-video-preview:-1\" \/>\n<link rel=\"canonical\" href=\"https:\/\/uniagraria.edu.co\/en\/estudiante-de-uniagraria-recibe-reconocimiento-por-su-destacado-desempeno-academico-en-el-programa-jovenes-a-la-e\/\" \/>\n<meta property=\"og:locale\" content=\"en_US\" \/>\n<meta property=\"og:type\" content=\"article\" \/>\n<meta property=\"og:title\" content=\"Estudiante de UNIAGRARIA recibe reconocimiento por su destacado desempe\u00f1o acad\u00e9mico en el programa &#039;J\u00f3venes a la E&#039; - UNIAGRARIA\" \/>\n<meta property=\"og:description\" content=\"Direcci\u00f3n de Comunicaciones UNIAGRARIA\ufeff El mi\u00e9rcoles 18 de septiembre de 2024, Cindy Katerine Moya Enr\u00edquez, estudiante de tercer semestre del programa de Derecho de la Facultad de Ciencias Jur\u00eddicas y Derecho de UNIAGRARIA, fue reconocida por la Alcald\u00eda de Bogot\u00e1 por su sobresaliente rendimiento acad\u00e9mico en el programa &#8220;J\u00f3venes a la E&#8221;. La ceremonia tuvo [&hellip;]\" \/>\n<meta property=\"og:url\" content=\"https:\/\/uniagraria.edu.co\/en\/estudiante-de-uniagraria-recibe-reconocimiento-por-su-destacado-desempeno-academico-en-el-programa-jovenes-a-la-e\/\" \/>\n<meta property=\"og:site_name\" content=\"UNIAGRARIA\" \/>\n<meta property=\"article:publisher\" content=\"https:\/\/www.facebook.com\/uagraria\/?locale=es_LA\" \/>\n<meta property=\"article:published_time\" content=\"2024-09-19T16:30:30+00:00\" \/>\n<meta name=\"author\" content=\"Comunicaciones UNIAGRARIA\" \/>\n<meta name=\"twitter:card\" content=\"summary_large_image\" \/>\n<meta name=\"twitter:creator\" content=\"@UNIAGRARIA\" \/>\n<meta name=\"twitter:site\" content=\"@UNIAGRARIA\" \/>\n<meta name=\"twitter:label1\" content=\"Written by\" \/>\n\t<meta name=\"twitter:data1\" content=\"Comunicaciones UNIAGRARIA\" \/>\n\t<meta name=\"twitter:label2\" content=\"Est. reading time\" \/>\n\t<meta name=\"twitter:data2\" content=\"1 minute\" \/>\n<script type=\"application\/ld+json\" class=\"yoast-schema-graph\">{\"@context\":\"https:\\\/\\\/schema.org\",\"@graph\":[{\"@type\":\"Article\",\"@id\":\"https:\\\/\\\/uniagraria.edu.co\\\/es\\\/estudiante-de-uniagraria-recibe-reconocimiento-por-su-destacado-desempeno-academico-en-el-programa-jovenes-a-la-e\\\/#article\",\"isPartOf\":{\"@id\":\"https:\\\/\\\/uniagraria.edu.co\\\/es\\\/estudiante-de-uniagraria-recibe-reconocimiento-por-su-destacado-desempeno-academico-en-el-programa-jovenes-a-la-e\\\/\"},\"author\":{\"name\":\"Comunicaciones UNIAGRARIA\",\"@id\":\"https:\\\/\\\/uniagraria.edu.co\\\/es\\\/#\\\/schema\\\/person\\\/f2ff0c07d9addb88b935755100b8db03\"},\"headline\":\"Estudiante de UNIAGRARIA recibe reconocimiento por su destacado desempe\u00f1o acad\u00e9mico en el programa &#8216;J\u00f3venes a la E&#8217;\",\"datePublished\":\"2024-09-19T16:30:30+00:00\",\"mainEntityOfPage\":{\"@id\":\"https:\\\/\\\/uniagraria.edu.co\\\/es\\\/estudiante-de-uniagraria-recibe-reconocimiento-por-su-destacado-desempeno-academico-en-el-programa-jovenes-a-la-e\\\/\"},\"wordCount\":225,\"publisher\":{\"@id\":\"https:\\\/\\\/uniagraria.edu.co\\\/es\\\/#organization\"},\"image\":{\"@id\":\"https:\\\/\\\/uniagraria.edu.co\\\/es\\\/estudiante-de-uniagraria-recibe-reconocimiento-por-su-destacado-desempeno-academico-en-el-programa-jovenes-a-la-e\\\/#primaryimage\"},\"thumbnailUrl\":\"\",\"keywords\":[\"Derecho\"],\"articleSection\":[\"Noticias\"],\"inLanguage\":\"en-US\"},{\"@type\":\"WebPage\",\"@id\":\"https:\\\/\\\/uniagraria.edu.co\\\/es\\\/estudiante-de-uniagraria-recibe-reconocimiento-por-su-destacado-desempeno-academico-en-el-programa-jovenes-a-la-e\\\/\",\"url\":\"https:\\\/\\\/uniagraria.edu.co\\\/es\\\/estudiante-de-uniagraria-recibe-reconocimiento-por-su-destacado-desempeno-academico-en-el-programa-jovenes-a-la-e\\\/\",\"name\":\"Estudiante de UNIAGRARIA recibe reconocimiento por su destacado desempe\u00f1o acad\u00e9mico en el programa 'J\u00f3venes a la E' - UNIAGRARIA\",\"isPartOf\":{\"@id\":\"https:\\\/\\\/uniagraria.edu.co\\\/es\\\/#website\"},\"primaryImageOfPage\":{\"@id\":\"https:\\\/\\\/uniagraria.edu.co\\\/es\\\/estudiante-de-uniagraria-recibe-reconocimiento-por-su-destacado-desempeno-academico-en-el-programa-jovenes-a-la-e\\\/#primaryimage\"},\"image\":{\"@id\":\"https:\\\/\\\/uniagraria.edu.co\\\/es\\\/estudiante-de-uniagraria-recibe-reconocimiento-por-su-destacado-desempeno-academico-en-el-programa-jovenes-a-la-e\\\/#primaryimage\"},\"thumbnailUrl\":\"\",\"datePublished\":\"2024-09-19T16:30:30+00:00\",\"breadcrumb\":{\"@id\":\"https:\\\/\\\/uniagraria.edu.co\\\/es\\\/estudiante-de-uniagraria-recibe-reconocimiento-por-su-destacado-desempeno-academico-en-el-programa-jovenes-a-la-e\\\/#breadcrumb\"},\"inLanguage\":\"en-US\",\"potentialAction\":[{\"@type\":\"ReadAction\",\"target\":[\"https:\\\/\\\/uniagraria.edu.co\\\/es\\\/estudiante-de-uniagraria-recibe-reconocimiento-por-su-destacado-desempeno-academico-en-el-programa-jovenes-a-la-e\\\/\"]}]},{\"@type\":\"ImageObject\",\"inLanguage\":\"en-US\",\"@id\":\"https:\\\/\\\/uniagraria.edu.co\\\/es\\\/estudiante-de-uniagraria-recibe-reconocimiento-por-su-destacado-desempeno-academico-en-el-programa-jovenes-a-la-e\\\/#primaryimage\",\"url\":\"\",\"contentUrl\":\"\"},{\"@type\":\"BreadcrumbList\",\"@id\":\"https:\\\/\\\/uniagraria.edu.co\\\/es\\\/estudiante-de-uniagraria-recibe-reconocimiento-por-su-destacado-desempeno-academico-en-el-programa-jovenes-a-la-e\\\/#breadcrumb\",\"itemListElement\":[{\"@type\":\"ListItem\",\"position\":1,\"name\":\"Inicio\",\"item\":\"https:\\\/\\\/uniagraria.edu.co\\\/\"},{\"@type\":\"ListItem\",\"position\":2,\"name\":\"Noticias\",\"item\":\"https:\\\/\\\/uniagraria.edu.co\\\/es\\\/category\\\/noticias\\\/\"},{\"@type\":\"ListItem\",\"position\":3,\"name\":\"Estudiante de UNIAGRARIA recibe reconocimiento por su destacado desempe\u00f1o acad\u00e9mico en el programa &#8216;J\u00f3venes a la E&#8217;\"}]},{\"@type\":\"WebSite\",\"@id\":\"https:\\\/\\\/uniagraria.edu.co\\\/es\\\/#website\",\"url\":\"https:\\\/\\\/uniagraria.edu.co\\\/es\\\/\",\"name\":\"UNIAGRARIA\",\"description\":\"FUNDACION UNIVERSITARIA AGRARIA DE COLOMBIA\",\"publisher\":{\"@id\":\"https:\\\/\\\/uniagraria.edu.co\\\/es\\\/#organization\"},\"potentialAction\":[{\"@type\":\"SearchAction\",\"target\":{\"@type\":\"EntryPoint\",\"urlTemplate\":\"https:\\\/\\\/uniagraria.edu.co\\\/es\\\/?s={search_term_string}\"},\"query-input\":{\"@type\":\"PropertyValueSpecification\",\"valueRequired\":true,\"valueName\":\"search_term_string\"}}],\"inLanguage\":\"en-US\"},{\"@type\":\"Organization\",\"@id\":\"https:\\\/\\\/uniagraria.edu.co\\\/es\\\/#organization\",\"name\":\"UNIAGRARIA\",\"url\":\"https:\\\/\\\/uniagraria.edu.co\\\/es\\\/\",\"logo\":{\"@type\":\"ImageObject\",\"inLanguage\":\"en-US\",\"@id\":\"https:\\\/\\\/uniagraria.edu.co\\\/es\\\/#\\\/schema\\\/logo\\\/image\\\/\",\"url\":\"https:\\\/\\\/novawebmaster.com\\\/uniagraria\\\/wp-content\\\/uploads\\\/2025\\\/02\\\/LogoUa2023Vertical.png\",\"contentUrl\":\"https:\\\/\\\/novawebmaster.com\\\/uniagraria\\\/wp-content\\\/uploads\\\/2025\\\/02\\\/LogoUa2023Vertical.png\",\"width\":3300,\"height\":2550,\"caption\":\"UNIAGRARIA\"},\"image\":{\"@id\":\"https:\\\/\\\/uniagraria.edu.co\\\/es\\\/#\\\/schema\\\/logo\\\/image\\\/\"},\"sameAs\":[\"https:\\\/\\\/www.facebook.com\\\/uagraria\\\/?locale=es_LA\",\"https:\\\/\\\/x.com\\\/UNIAGRARIA\",\"https:\\\/\\\/www.instagram.com\\\/uniagraria\\\/profilecard\\\/?igsh=MXI2bTFlMWsxNzNjOA\",\"https:\\\/\\\/www.tiktok.com\\\/discover\\\/uniagraria?lang=es\",\"https:\\\/\\\/www.linkedin.com\\\/school\\\/uniagraria\\\/?originalSubdomain=co\",\"https:\\\/\\\/www.youtube.com\\\/user\\\/UniagrariaUverde?themeRefresh=1\",\"https:\\\/\\\/api.whatsapp.com\\\/send?phone=3134230649\"]},{\"@type\":\"Person\",\"@id\":\"https:\\\/\\\/uniagraria.edu.co\\\/es\\\/#\\\/schema\\\/person\\\/f2ff0c07d9addb88b935755100b8db03\",\"name\":\"Comunicaciones UNIAGRARIA\",\"image\":{\"@type\":\"ImageObject\",\"inLanguage\":\"en-US\",\"@id\":\"https:\\\/\\\/secure.gravatar.com\\\/avatar\\\/5c34977f632fe7cabe2da5a1818394efca9475d46ad9f02e8eab7fd408884103?s=96&d=mm&r=g\",\"url\":\"https:\\\/\\\/secure.gravatar.com\\\/avatar\\\/5c34977f632fe7cabe2da5a1818394efca9475d46ad9f02e8eab7fd408884103?s=96&d=mm&r=g\",\"contentUrl\":\"https:\\\/\\\/secure.gravatar.com\\\/avatar\\\/5c34977f632fe7cabe2da5a1818394efca9475d46ad9f02e8eab7fd408884103?s=96&d=mm&r=g\",\"caption\":\"Comunicaciones UNIAGRARIA\"},\"url\":\"https:\\\/\\\/uniagraria.edu.co\\\/en\\\/author\\\/4ndr3sf371p3\\\/\"}]}<\/script>\n<!-- \/ Yoast SEO plugin. -->","yoast_head_json":{"title":"Estudiante de UNIAGRARIA recibe reconocimiento por su destacado desempe\u00f1o acad\u00e9mico en el programa 'J\u00f3venes a la E' - UNIAGRARIA","robots":{"index":"index","follow":"follow","max-snippet":"max-snippet:-1","max-image-preview":"max-image-preview:large","max-video-preview":"max-video-preview:-1"},"canonical":"https:\/\/uniagraria.edu.co\/en\/estudiante-de-uniagraria-recibe-reconocimiento-por-su-destacado-desempeno-academico-en-el-programa-jovenes-a-la-e\/","og_locale":"en_US","og_type":"article","og_title":"Estudiante de UNIAGRARIA recibe reconocimiento por su destacado desempe\u00f1o acad\u00e9mico en el programa 'J\u00f3venes a la E' - UNIAGRARIA","og_description":"Direcci\u00f3n de Comunicaciones UNIAGRARIA\ufeff El mi\u00e9rcoles 18 de septiembre de 2024, Cindy Katerine Moya Enr\u00edquez, estudiante de tercer semestre del programa de Derecho de la Facultad de Ciencias Jur\u00eddicas y Derecho de UNIAGRARIA, fue reconocida por la Alcald\u00eda de Bogot\u00e1 por su sobresaliente rendimiento acad\u00e9mico en el programa &#8220;J\u00f3venes a la E&#8221;. La ceremonia tuvo [&hellip;]","og_url":"https:\/\/uniagraria.edu.co\/en\/estudiante-de-uniagraria-recibe-reconocimiento-por-su-destacado-desempeno-academico-en-el-programa-jovenes-a-la-e\/","og_site_name":"UNIAGRARIA","article_publisher":"https:\/\/www.facebook.com\/uagraria\/?locale=es_LA","article_published_time":"2024-09-19T16:30:30+00:00","author":"Comunicaciones UNIAGRARIA","twitter_card":"summary_large_image","twitter_creator":"@UNIAGRARIA","twitter_site":"@UNIAGRARIA","twitter_misc":{"Written by":"Comunicaciones UNIAGRARIA","Est. reading time":"1 minute"},"schema":{"@context":"https:\/\/schema.org","@graph":[{"@type":"Article","@id":"https:\/\/uniagraria.edu.co\/es\/estudiante-de-uniagraria-recibe-reconocimiento-por-su-destacado-desempeno-academico-en-el-programa-jovenes-a-la-e\/#article","isPartOf":{"@id":"https:\/\/uniagraria.edu.co\/es\/estudiante-de-uniagraria-recibe-reconocimiento-por-su-destacado-desempeno-academico-en-el-programa-jovenes-a-la-e\/"},"author":{"name":"Comunicaciones UNIAGRARIA","@id":"https:\/\/uniagraria.edu.co\/es\/#\/schema\/person\/f2ff0c07d9addb88b935755100b8db03"},"headline":"Estudiante de UNIAGRARIA recibe reconocimiento por su destacado desempe\u00f1o acad\u00e9mico en el programa &#8216;J\u00f3venes a la E&#8217;","datePublished":"2024-09-19T16:30:30+00:00","mainEntityOfPage":{"@id":"https:\/\/uniagraria.edu.co\/es\/estudiante-de-uniagraria-recibe-reconocimiento-por-su-destacado-desempeno-academico-en-el-programa-jovenes-a-la-e\/"},"wordCount":225,"publisher":{"@id":"https:\/\/uniagraria.edu.co\/es\/#organization"},"image":{"@id":"https:\/\/uniagraria.edu.co\/es\/estudiante-de-uniagraria-recibe-reconocimiento-por-su-destacado-desempeno-academico-en-el-programa-jovenes-a-la-e\/#primaryimage"},"thumbnailUrl":"","keywords":["Derecho"],"articleSection":["Noticias"],"inLanguage":"en-US"},{"@type":"WebPage","@id":"https:\/\/uniagraria.edu.co\/es\/estudiante-de-uniagraria-recibe-reconocimiento-por-su-destacado-desempeno-academico-en-el-programa-jovenes-a-la-e\/","url":"https:\/\/uniagraria.edu.co\/es\/estudiante-de-uniagraria-recibe-reconocimiento-por-su-destacado-desempeno-academico-en-el-programa-jovenes-a-la-e\/","name":"Estudiante de UNIAGRARIA recibe reconocimiento por su destacado desempe\u00f1o acad\u00e9mico en el programa 'J\u00f3venes a la E' - UNIAGRARIA","isPartOf":{"@id":"https:\/\/uniagraria.edu.co\/es\/#website"},"primaryImageOfPage":{"@id":"https:\/\/uniagraria.edu.co\/es\/estudiante-de-uniagraria-recibe-reconocimiento-por-su-destacado-desempeno-academico-en-el-programa-jovenes-a-la-e\/#primaryimage"},"image":{"@id":"https:\/\/uniagraria.edu.co\/es\/estudiante-de-uniagraria-recibe-reconocimiento-por-su-destacado-desempeno-academico-en-el-programa-jovenes-a-la-e\/#primaryimage"},"thumbnailUrl":"","datePublished":"2024-09-19T16:30:30+00:00","breadcrumb":{"@id":"https:\/\/uniagraria.edu.co\/es\/estudiante-de-uniagraria-recibe-reconocimiento-por-su-destacado-desempeno-academico-en-el-programa-jovenes-a-la-e\/#breadcrumb"},"inLanguage":"en-US","potentialAction":[{"@type":"ReadAction","target":["https:\/\/uniagraria.edu.co\/es\/estudiante-de-uniagraria-recibe-reconocimiento-por-su-destacado-desempeno-academico-en-el-programa-jovenes-a-la-e\/"]}]},{"@type":"ImageObject","inLanguage":"en-US","@id":"https:\/\/uniagraria.edu.co\/es\/estudiante-de-uniagraria-recibe-reconocimiento-por-su-destacado-desempeno-academico-en-el-programa-jovenes-a-la-e\/#primaryimage","url":"","contentUrl":""},{"@type":"BreadcrumbList","@id":"https:\/\/uniagraria.edu.co\/es\/estudiante-de-uniagraria-recibe-reconocimiento-por-su-destacado-desempeno-academico-en-el-programa-jovenes-a-la-e\/#breadcrumb","itemListElement":[{"@type":"ListItem","position":1,"name":"Inicio","item":"https:\/\/uniagraria.edu.co\/"},{"@type":"ListItem","position":2,"name":"Noticias","item":"https:\/\/uniagraria.edu.co\/es\/category\/noticias\/"},{"@type":"ListItem","position":3,"name":"Estudiante de UNIAGRARIA recibe reconocimiento por su destacado desempe\u00f1o acad\u00e9mico en el programa &#8216;J\u00f3venes a la E&#8217;"}]},{"@type":"WebSite","@id":"https:\/\/uniagraria.edu.co\/es\/#website","url":"https:\/\/uniagraria.edu.co\/es\/","name":"Experience the experience and discover the education of","description":"FUNDACION UNIVERSITARIA AGRARIA DE COLOMBIA","publisher":{"@id":"https:\/\/uniagraria.edu.co\/es\/#organization"},"potentialAction":[{"@type":"SearchAction","target":{"@type":"EntryPoint","urlTemplate":"https:\/\/uniagraria.edu.co\/es\/?s={search_term_string}"},"query-input":{"@type":"PropertyValueSpecification","valueRequired":true,"valueName":"search_term_string"}}],"inLanguage":"en-US"},{"@type":"Organization","@id":"https:\/\/uniagraria.edu.co\/es\/#organization","name":"Experience the experience and discover the education of","url":"https:\/\/uniagraria.edu.co\/es\/","logo":{"@type":"ImageObject","inLanguage":"en-US","@id":"https:\/\/uniagraria.edu.co\/es\/#\/schema\/logo\/image\/","url":"https:\/\/novawebmaster.com\/uniagraria\/wp-content\/uploads\/2025\/02\/LogoUa2023Vertical.png","contentUrl":"https:\/\/novawebmaster.com\/uniagraria\/wp-content\/uploads\/2025\/02\/LogoUa2023Vertical.png","width":3300,"height":2550,"caption":"UNIAGRARIA"},"image":{"@id":"https:\/\/uniagraria.edu.co\/es\/#\/schema\/logo\/image\/"},"sameAs":["https:\/\/www.facebook.com\/uagraria\/?locale=es_LA","https:\/\/x.com\/UNIAGRARIA","https:\/\/www.instagram.com\/uniagraria\/profilecard\/?igsh=MXI2bTFlMWsxNzNjOA","https:\/\/www.tiktok.com\/discover\/uniagraria?lang=es","https:\/\/www.linkedin.com\/school\/uniagraria\/?originalSubdomain=co","https:\/\/www.youtube.com\/user\/UniagrariaUverde?themeRefresh=1","https:\/\/api.whatsapp.com\/send?phone=3134230649"]},{"@type":"Person","@id":"https:\/\/uniagraria.edu.co\/es\/#\/schema\/person\/f2ff0c07d9addb88b935755100b8db03","name":"Communications UNIAGRARIA","image":{"@type":"ImageObject","inLanguage":"en-US","@id":"https:\/\/secure.gravatar.com\/avatar\/5c34977f632fe7cabe2da5a1818394efca9475d46ad9f02e8eab7fd408884103?s=96&d=mm&r=g","url":"https:\/\/secure.gravatar.com\/avatar\/5c34977f632fe7cabe2da5a1818394efca9475d46ad9f02e8eab7fd408884103?s=96&d=mm&r=g","contentUrl":"https:\/\/secure.gravatar.com\/avatar\/5c34977f632fe7cabe2da5a1818394efca9475d46ad9f02e8eab7fd408884103?s=96&d=mm&r=g","caption":"Comunicaciones UNIAGRARIA"},"url":"https:\/\/uniagraria.edu.co\/en\/author\/4ndr3sf371p3\/"}]}},"_links":{"self":[{"href":"https:\/\/uniagraria.edu.co\/en\/wp-json\/wp\/v2\/posts\/45306","targetHints":{"allow":["GET"]}}],"collection":[{"href":"https:\/\/uniagraria.edu.co\/en\/wp-json\/wp\/v2\/posts"}],"about":[{"href":"https:\/\/uniagraria.edu.co\/en\/wp-json\/wp\/v2\/types\/post"}],"author":[{"embeddable":true,"href":"https:\/\/uniagraria.edu.co\/en\/wp-json\/wp\/v2\/users\/8"}],"replies":[{"embeddable":true,"href":"https:\/\/uniagraria.edu.co\/en\/wp-json\/wp\/v2\/comments?post=45306"}],"version-history":[{"count":0,"href":"https:\/\/uniagraria.edu.co\/en\/wp-json\/wp\/v2\/posts\/45306\/revisions"}],"wp:featuredmedia":[{"embeddable":true,"href":"https:\/\/uniagraria.edu.co\/en\/wp-json\/"}],"wp:attachment":[{"href":"https:\/\/uniagraria.edu.co\/en\/wp-json\/wp\/v2\/media?parent=45306"}],"wp:term":[{"taxonomy":"category","embeddable":true,"href":"https:\/\/uniagraria.edu.co\/en\/wp-json\/wp\/v2\/categories?post=45306"},{"taxonomy":"post_tag","embeddable":true,"href":"https:\/\/uniagraria.edu.co\/en\/wp-json\/wp\/v2\/tags?post=45306"}],"curies":[{"name":"wp","href":"https:\/\/api.w.org\/{rel}","templated":true}]}}