{"id":45540,"date":"2024-10-05T12:20:20","date_gmt":"2024-10-05T17:20:20","guid":{"rendered":"https:\/\/www.uniagraria.edu.co\/?p=45540"},"modified":"2024-10-05T12:20:20","modified_gmt":"2024-10-05T17:20:20","slug":"uniagraria-participa-en-el-foro-sectorial-de-cop16-en-pereira-y-se-prepara-para-el-gran-encuentro-ambiental-en-cali","status":"publish","type":"post","link":"https:\/\/uniagraria.edu.co\/en\/uniagraria-participa-en-el-foro-sectorial-de-cop16-en-pereira-y-se-prepara-para-el-gran-encuentro-ambiental-en-cali\/","title":{"rendered":"UNIAGRARIA participa en el Foro Sectorial de COP16 en Pereira y se prepara para el gran Encuentro Ambiental en Cali"},"content":{"rendered":"<h4 class=\"wp-block-heading\" id=\"mce_0\"><strong>Direcci\u00f3n de Comunicaciones UNIAGRARIA<\/strong><\/h4>\n\n\n\n<p style=\"text-align: justify;\">Desde el Observatorio de Derecho Agrario de la Facultad de Derecho de UNIAGRARIA, nuestra instituci\u00f3n tiene el honor de participar en el Foro Sectorial de COP16 que se lleva a cabo el 5 de octubre en la ciudad de Pereira. Este importante evento cuenta con el apoyo de la Confederaci\u00f3n Nacional de Acci\u00f3n Comunal, el Ministerio del Interior y el Ministerio del Medio Ambiente, y se enmarca en los preparativos para la Conferencia de las Partes (COP16) sobre biodiversidad.<\/p>\n\n\n\n<p style=\"text-align: justify;\">En representaci\u00f3n de UNIAGRARIA, 10 estudiantes fueron invitados a desempe\u00f1ar funciones clave como relatores y moderadores en las mesas de trabajo del foro, donde se discuten propuestas y soluciones para el manejo sostenible de los recursos naturales y la biodiversidad en Colombia.<\/p>\n\n\n\n<p style=\"text-align: justify;\">Adem\u00e1s, UNIAGRARIA reafirma su compromiso con el desarrollo sostenible y la protecci\u00f3n del medio ambiente al confirmar su participaci\u00f3n en el gran Encuentro Ambiental de la COP16, que se realizar\u00e1 pr\u00f3ximamente en la ciudad de Cali. En este evento, 10 estudiantes de nuestra instituci\u00f3n tendr\u00e1n la oportunidad de involucrarse activamente en las din\u00e1micas de discusi\u00f3n y aprendizaje en torno a la biodiversidad y el cambio clim\u00e1tico.<\/p>\n\n\n\n<p style=\"text-align: justify;\">Estas participaciones fortalecen la visi\u00f3n de UNIAGRARIA como una instituci\u00f3n comprometida con la formaci\u00f3n de l\u00edderes que aportan soluciones innovadoras para los retos ambientales actuales, contribuyendo al desarrollo de un futuro m\u00e1s sostenible.<\/p>\n\n\n\n<ul class=\"wp-block-gallery columns-3 is-cropped wp-block-gallery-1 is-layout-flex wp-block-gallery-is-layout-flex\"><li class=\"blocks-gallery-item\"><figure><img decoding=\"async\" src=\"https:\/\/www.uniagraria.edu.co\/wp-content\/uploads\/2024\/10\/ForoSectorialDeCOP16EnPereira-10-1024x768.jpeg\" alt=\"\" data-id=\"45550\" data-link=\"https:\/\/www.uniagraria.edu.co\/forosectorialdecop16enpereira-10\/\" class=\"wp-image-45550\"\/><\/figure><\/li><li class=\"blocks-gallery-item\"><figure><img decoding=\"async\" src=\"https:\/\/www.uniagraria.edu.co\/wp-content\/uploads\/2024\/10\/ForoSectorialDeCOP16EnPereira-02-1024x766.jpeg\" alt=\"\" data-id=\"45548\" data-link=\"https:\/\/www.uniagraria.edu.co\/forosectorialdecop16enpereira-02\/\" class=\"wp-image-45548\"\/><\/figure><\/li><li class=\"blocks-gallery-item\"><figure><img decoding=\"async\" src=\"https:\/\/www.uniagraria.edu.co\/wp-content\/uploads\/2024\/10\/ForoSectorialDeCOP16EnPereira-03-768x1024.jpeg\" alt=\"\" data-id=\"45547\" data-link=\"https:\/\/www.uniagraria.edu.co\/forosectorialdecop16enpereira-03\/\" class=\"wp-image-45547\"\/><\/figure><\/li><li class=\"blocks-gallery-item\"><figure><img decoding=\"async\" src=\"https:\/\/www.uniagraria.edu.co\/wp-content\/uploads\/2024\/10\/ForoSectorialDeCOP16EnPereira-04-1024x768.jpeg\" alt=\"\" data-id=\"45546\" data-link=\"https:\/\/www.uniagraria.edu.co\/forosectorialdecop16enpereira-04\/\" class=\"wp-image-45546\"\/><\/figure><\/li><li class=\"blocks-gallery-item\"><figure><img decoding=\"async\" src=\"https:\/\/www.uniagraria.edu.co\/wp-content\/uploads\/2024\/10\/ForoSectorialDeCOP16EnPereira-05-1024x768.jpeg\" alt=\"\" data-id=\"45545\" data-link=\"https:\/\/www.uniagraria.edu.co\/forosectorialdecop16enpereira-05\/\" class=\"wp-image-45545\"\/><\/figure><\/li><li class=\"blocks-gallery-item\"><figure><img decoding=\"async\" src=\"https:\/\/www.uniagraria.edu.co\/wp-content\/uploads\/2024\/10\/ForoSectorialDeCOP16EnPereira-07-472x1024.jpeg\" alt=\"\" data-id=\"45543\" data-link=\"https:\/\/www.uniagraria.edu.co\/forosectorialdecop16enpereira-07\/\" class=\"wp-image-45543\"\/><\/figure><\/li><li class=\"blocks-gallery-item\"><figure><img decoding=\"async\" src=\"https:\/\/www.uniagraria.edu.co\/wp-content\/uploads\/2024\/10\/ForoSectorialDeCOP16EnPereira-08-1024x768.jpeg\" alt=\"\" data-id=\"45542\" data-link=\"https:\/\/www.uniagraria.edu.co\/forosectorialdecop16enpereira-08\/\" class=\"wp-image-45542\"\/><\/figure><\/li><li class=\"blocks-gallery-item\"><figure><img decoding=\"async\" src=\"https:\/\/www.uniagraria.edu.co\/wp-content\/uploads\/2024\/10\/ForoSectorialDeCOP16EnPereira-09-1024x766.jpeg\" alt=\"\" data-id=\"45541\" data-link=\"https:\/\/www.uniagraria.edu.co\/forosectorialdecop16enpereira-09\/\" class=\"wp-image-45541\"\/><\/figure><\/li><li class=\"blocks-gallery-item\"><figure><img decoding=\"async\" src=\"https:\/\/www.uniagraria.edu.co\/wp-content\/uploads\/2024\/10\/ForoSectorialDeCOP16EnPereira-01-1024x766.jpeg\" alt=\"\" data-id=\"45549\" data-link=\"https:\/\/www.uniagraria.edu.co\/forosectorialdecop16enpereira-01\/\" class=\"wp-image-45549\"\/><\/figure><\/li><\/ul>","protected":false},"excerpt":{"rendered":"<p>Direcci\u00f3n de Comunicaciones UNIAGRARIA\ufeff Desde el Observatorio de Derecho Agrario de la Facultad de Derecho de UNIAGRARIA, nuestra instituci\u00f3n tiene el honor de participar en el Foro Sectorial de COP16 que se lleva a cabo el 5 de octubre en la ciudad de Pereira. Este importante evento cuenta con el apoyo de la Confederaci\u00f3n Nacional [&hellip;]<\/p>\n","protected":false},"author":8,"featured_media":45546,"comment_status":"closed","ping_status":"closed","sticky":false,"template":"","format":"standard","meta":{"_acf_changed":false,"site-sidebar-layout":"default","site-content-layout":"","ast-site-content-layout":"default","site-content-style":"default","site-sidebar-style":"default","ast-global-header-display":"","ast-banner-title-visibility":"","ast-main-header-display":"","ast-hfb-above-header-display":"","ast-hfb-below-header-display":"","ast-hfb-mobile-header-display":"","site-post-title":"","ast-breadcrumbs-content":"","ast-featured-img":"","footer-sml-layout":"","ast-disable-related-posts":"","theme-transparent-header-meta":"","adv-header-id-meta":"","stick-header-meta":"","header-above-stick-meta":"","header-main-stick-meta":"","header-below-stick-meta":"","astra-migrate-meta-layouts":"default","ast-page-background-enabled":"default","ast-page-background-meta":{"desktop":{"background-color":"var(--ast-global-color-4)","background-image":"","background-repeat":"repeat","background-position":"center center","background-size":"auto","background-attachment":"scroll","background-type":"","background-media":"","overlay-type":"","overlay-color":"","overlay-opacity":"","overlay-gradient":""},"tablet":{"background-color":"","background-image":"","background-repeat":"repeat","background-position":"center center","background-size":"auto","background-attachment":"scroll","background-type":"","background-media":"","overlay-type":"","overlay-color":"","overlay-opacity":"","overlay-gradient":""},"mobile":{"background-color":"","background-image":"","background-repeat":"repeat","background-position":"center center","background-size":"auto","background-attachment":"scroll","background-type":"","background-media":"","overlay-type":"","overlay-color":"","overlay-opacity":"","overlay-gradient":""}},"ast-content-background-meta":{"desktop":{"background-color":"var(--ast-global-color-5)","background-image":"","background-repeat":"repeat","background-position":"center center","background-size":"auto","background-attachment":"scroll","background-type":"","background-media":"","overlay-type":"","overlay-color":"","overlay-opacity":"","overlay-gradient":""},"tablet":{"background-color":"var(--ast-global-color-5)","background-image":"","background-repeat":"repeat","background-position":"center center","background-size":"auto","background-attachment":"scroll","background-type":"","background-media":"","overlay-type":"","overlay-color":"","overlay-opacity":"","overlay-gradient":""},"mobile":{"background-color":"var(--ast-global-color-5)","background-image":"","background-repeat":"repeat","background-position":"center center","background-size":"auto","background-attachment":"scroll","background-type":"","background-media":"","overlay-type":"","overlay-color":"","overlay-opacity":"","overlay-gradient":""}},"footnotes":""},"categories":[35],"tags":[],"class_list":["post-45540","post","type-post","status-publish","format-standard","has-post-thumbnail","hentry","category-noticias"],"acf":[],"yoast_head":"<!-- This site is optimized with the Yoast SEO plugin v27.5 - https:\/\/yoast.com\/product\/yoast-seo-wordpress\/ -->\n<title>UNIAGRARIA participa en el Foro Sectorial de COP16 en Pereira y se prepara para el gran Encuentro Ambiental en Cali - UNIAGRARIA<\/title>\n<meta name=\"robots\" content=\"index, follow, max-snippet:-1, max-image-preview:large, max-video-preview:-1\" \/>\n<link rel=\"canonical\" href=\"https:\/\/uniagraria.edu.co\/en\/uniagraria-participa-en-el-foro-sectorial-de-cop16-en-pereira-y-se-prepara-para-el-gran-encuentro-ambiental-en-cali\/\" \/>\n<meta property=\"og:locale\" content=\"en_US\" \/>\n<meta property=\"og:type\" content=\"article\" \/>\n<meta property=\"og:title\" content=\"UNIAGRARIA participa en el Foro Sectorial de COP16 en Pereira y se prepara para el gran Encuentro Ambiental en Cali - UNIAGRARIA\" \/>\n<meta property=\"og:description\" content=\"Direcci\u00f3n de Comunicaciones UNIAGRARIA\ufeff Desde el Observatorio de Derecho Agrario de la Facultad de Derecho de UNIAGRARIA, nuestra instituci\u00f3n tiene el honor de participar en el Foro Sectorial de COP16 que se lleva a cabo el 5 de octubre en la ciudad de Pereira. Este importante evento cuenta con el apoyo de la Confederaci\u00f3n Nacional [&hellip;]\" \/>\n<meta property=\"og:url\" content=\"https:\/\/uniagraria.edu.co\/en\/uniagraria-participa-en-el-foro-sectorial-de-cop16-en-pereira-y-se-prepara-para-el-gran-encuentro-ambiental-en-cali\/\" \/>\n<meta property=\"og:site_name\" content=\"UNIAGRARIA\" \/>\n<meta property=\"article:publisher\" content=\"https:\/\/www.facebook.com\/uagraria\/?locale=es_LA\" \/>\n<meta property=\"article:published_time\" content=\"2024-10-05T17:20:20+00:00\" \/>\n<meta name=\"author\" content=\"Comunicaciones UNIAGRARIA\" \/>\n<meta name=\"twitter:card\" content=\"summary_large_image\" \/>\n<meta name=\"twitter:creator\" content=\"@UNIAGRARIA\" \/>\n<meta name=\"twitter:site\" content=\"@UNIAGRARIA\" \/>\n<meta name=\"twitter:label1\" content=\"Written by\" \/>\n\t<meta name=\"twitter:data1\" content=\"Comunicaciones UNIAGRARIA\" \/>\n\t<meta name=\"twitter:label2\" content=\"Est. reading time\" \/>\n\t<meta name=\"twitter:data2\" content=\"1 minute\" \/>\n<script type=\"application\/ld+json\" class=\"yoast-schema-graph\">{\"@context\":\"https:\\\/\\\/schema.org\",\"@graph\":[{\"@type\":\"Article\",\"@id\":\"https:\\\/\\\/uniagraria.edu.co\\\/es\\\/uniagraria-participa-en-el-foro-sectorial-de-cop16-en-pereira-y-se-prepara-para-el-gran-encuentro-ambiental-en-cali\\\/#article\",\"isPartOf\":{\"@id\":\"https:\\\/\\\/uniagraria.edu.co\\\/es\\\/uniagraria-participa-en-el-foro-sectorial-de-cop16-en-pereira-y-se-prepara-para-el-gran-encuentro-ambiental-en-cali\\\/\"},\"author\":{\"name\":\"Comunicaciones UNIAGRARIA\",\"@id\":\"https:\\\/\\\/uniagraria.edu.co\\\/es\\\/#\\\/schema\\\/person\\\/f2ff0c07d9addb88b935755100b8db03\"},\"headline\":\"UNIAGRARIA participa en el Foro Sectorial de COP16 en Pereira y se prepara para el gran Encuentro Ambiental en Cali\",\"datePublished\":\"2024-10-05T17:20:20+00:00\",\"mainEntityOfPage\":{\"@id\":\"https:\\\/\\\/uniagraria.edu.co\\\/es\\\/uniagraria-participa-en-el-foro-sectorial-de-cop16-en-pereira-y-se-prepara-para-el-gran-encuentro-ambiental-en-cali\\\/\"},\"wordCount\":261,\"publisher\":{\"@id\":\"https:\\\/\\\/uniagraria.edu.co\\\/es\\\/#organization\"},\"image\":{\"@id\":\"https:\\\/\\\/uniagraria.edu.co\\\/es\\\/uniagraria-participa-en-el-foro-sectorial-de-cop16-en-pereira-y-se-prepara-para-el-gran-encuentro-ambiental-en-cali\\\/#primaryimage\"},\"thumbnailUrl\":\"\",\"articleSection\":[\"Noticias\"],\"inLanguage\":\"en-US\"},{\"@type\":\"WebPage\",\"@id\":\"https:\\\/\\\/uniagraria.edu.co\\\/es\\\/uniagraria-participa-en-el-foro-sectorial-de-cop16-en-pereira-y-se-prepara-para-el-gran-encuentro-ambiental-en-cali\\\/\",\"url\":\"https:\\\/\\\/uniagraria.edu.co\\\/es\\\/uniagraria-participa-en-el-foro-sectorial-de-cop16-en-pereira-y-se-prepara-para-el-gran-encuentro-ambiental-en-cali\\\/\",\"name\":\"UNIAGRARIA participa en el Foro Sectorial de COP16 en Pereira y se prepara para el gran Encuentro Ambiental en Cali - UNIAGRARIA\",\"isPartOf\":{\"@id\":\"https:\\\/\\\/uniagraria.edu.co\\\/es\\\/#website\"},\"primaryImageOfPage\":{\"@id\":\"https:\\\/\\\/uniagraria.edu.co\\\/es\\\/uniagraria-participa-en-el-foro-sectorial-de-cop16-en-pereira-y-se-prepara-para-el-gran-encuentro-ambiental-en-cali\\\/#primaryimage\"},\"image\":{\"@id\":\"https:\\\/\\\/uniagraria.edu.co\\\/es\\\/uniagraria-participa-en-el-foro-sectorial-de-cop16-en-pereira-y-se-prepara-para-el-gran-encuentro-ambiental-en-cali\\\/#primaryimage\"},\"thumbnailUrl\":\"\",\"datePublished\":\"2024-10-05T17:20:20+00:00\",\"breadcrumb\":{\"@id\":\"https:\\\/\\\/uniagraria.edu.co\\\/es\\\/uniagraria-participa-en-el-foro-sectorial-de-cop16-en-pereira-y-se-prepara-para-el-gran-encuentro-ambiental-en-cali\\\/#breadcrumb\"},\"inLanguage\":\"en-US\",\"potentialAction\":[{\"@type\":\"ReadAction\",\"target\":[\"https:\\\/\\\/uniagraria.edu.co\\\/es\\\/uniagraria-participa-en-el-foro-sectorial-de-cop16-en-pereira-y-se-prepara-para-el-gran-encuentro-ambiental-en-cali\\\/\"]}]},{\"@type\":\"ImageObject\",\"inLanguage\":\"en-US\",\"@id\":\"https:\\\/\\\/uniagraria.edu.co\\\/es\\\/uniagraria-participa-en-el-foro-sectorial-de-cop16-en-pereira-y-se-prepara-para-el-gran-encuentro-ambiental-en-cali\\\/#primaryimage\",\"url\":\"\",\"contentUrl\":\"\"},{\"@type\":\"BreadcrumbList\",\"@id\":\"https:\\\/\\\/uniagraria.edu.co\\\/es\\\/uniagraria-participa-en-el-foro-sectorial-de-cop16-en-pereira-y-se-prepara-para-el-gran-encuentro-ambiental-en-cali\\\/#breadcrumb\",\"itemListElement\":[{\"@type\":\"ListItem\",\"position\":1,\"name\":\"Inicio\",\"item\":\"https:\\\/\\\/uniagraria.edu.co\\\/\"},{\"@type\":\"ListItem\",\"position\":2,\"name\":\"Noticias\",\"item\":\"https:\\\/\\\/uniagraria.edu.co\\\/es\\\/category\\\/noticias\\\/\"},{\"@type\":\"ListItem\",\"position\":3,\"name\":\"UNIAGRARIA participa en el Foro Sectorial de COP16 en Pereira y se prepara para el gran Encuentro Ambiental en Cali\"}]},{\"@type\":\"WebSite\",\"@id\":\"https:\\\/\\\/uniagraria.edu.co\\\/es\\\/#website\",\"url\":\"https:\\\/\\\/uniagraria.edu.co\\\/es\\\/\",\"name\":\"UNIAGRARIA\",\"description\":\"FUNDACION UNIVERSITARIA AGRARIA DE COLOMBIA\",\"publisher\":{\"@id\":\"https:\\\/\\\/uniagraria.edu.co\\\/es\\\/#organization\"},\"potentialAction\":[{\"@type\":\"SearchAction\",\"target\":{\"@type\":\"EntryPoint\",\"urlTemplate\":\"https:\\\/\\\/uniagraria.edu.co\\\/es\\\/?s={search_term_string}\"},\"query-input\":{\"@type\":\"PropertyValueSpecification\",\"valueRequired\":true,\"valueName\":\"search_term_string\"}}],\"inLanguage\":\"en-US\"},{\"@type\":\"Organization\",\"@id\":\"https:\\\/\\\/uniagraria.edu.co\\\/es\\\/#organization\",\"name\":\"UNIAGRARIA\",\"url\":\"https:\\\/\\\/uniagraria.edu.co\\\/es\\\/\",\"logo\":{\"@type\":\"ImageObject\",\"inLanguage\":\"en-US\",\"@id\":\"https:\\\/\\\/uniagraria.edu.co\\\/es\\\/#\\\/schema\\\/logo\\\/image\\\/\",\"url\":\"https:\\\/\\\/novawebmaster.com\\\/uniagraria\\\/wp-content\\\/uploads\\\/2025\\\/02\\\/LogoUa2023Vertical.png\",\"contentUrl\":\"https:\\\/\\\/novawebmaster.com\\\/uniagraria\\\/wp-content\\\/uploads\\\/2025\\\/02\\\/LogoUa2023Vertical.png\",\"width\":3300,\"height\":2550,\"caption\":\"UNIAGRARIA\"},\"image\":{\"@id\":\"https:\\\/\\\/uniagraria.edu.co\\\/es\\\/#\\\/schema\\\/logo\\\/image\\\/\"},\"sameAs\":[\"https:\\\/\\\/www.facebook.com\\\/uagraria\\\/?locale=es_LA\",\"https:\\\/\\\/x.com\\\/UNIAGRARIA\",\"https:\\\/\\\/www.instagram.com\\\/uniagraria\\\/profilecard\\\/?igsh=MXI2bTFlMWsxNzNjOA\",\"https:\\\/\\\/www.tiktok.com\\\/discover\\\/uniagraria?lang=es\",\"https:\\\/\\\/www.linkedin.com\\\/school\\\/uniagraria\\\/?originalSubdomain=co\",\"https:\\\/\\\/www.youtube.com\\\/user\\\/UniagrariaUverde?themeRefresh=1\",\"https:\\\/\\\/api.whatsapp.com\\\/send?phone=3134230649\"]},{\"@type\":\"Person\",\"@id\":\"https:\\\/\\\/uniagraria.edu.co\\\/es\\\/#\\\/schema\\\/person\\\/f2ff0c07d9addb88b935755100b8db03\",\"name\":\"Comunicaciones UNIAGRARIA\",\"image\":{\"@type\":\"ImageObject\",\"inLanguage\":\"en-US\",\"@id\":\"https:\\\/\\\/secure.gravatar.com\\\/avatar\\\/5c34977f632fe7cabe2da5a1818394efca9475d46ad9f02e8eab7fd408884103?s=96&d=mm&r=g\",\"url\":\"https:\\\/\\\/secure.gravatar.com\\\/avatar\\\/5c34977f632fe7cabe2da5a1818394efca9475d46ad9f02e8eab7fd408884103?s=96&d=mm&r=g\",\"contentUrl\":\"https:\\\/\\\/secure.gravatar.com\\\/avatar\\\/5c34977f632fe7cabe2da5a1818394efca9475d46ad9f02e8eab7fd408884103?s=96&d=mm&r=g\",\"caption\":\"Comunicaciones UNIAGRARIA\"},\"url\":\"https:\\\/\\\/uniagraria.edu.co\\\/en\\\/author\\\/4ndr3sf371p3\\\/\"}]}<\/script>\n<!-- \/ Yoast SEO plugin. -->","yoast_head_json":{"title":"UNIAGRARIA participa en el Foro Sectorial de COP16 en Pereira y se prepara para el gran Encuentro Ambiental en Cali - UNIAGRARIA","robots":{"index":"index","follow":"follow","max-snippet":"max-snippet:-1","max-image-preview":"max-image-preview:large","max-video-preview":"max-video-preview:-1"},"canonical":"https:\/\/uniagraria.edu.co\/en\/uniagraria-participa-en-el-foro-sectorial-de-cop16-en-pereira-y-se-prepara-para-el-gran-encuentro-ambiental-en-cali\/","og_locale":"en_US","og_type":"article","og_title":"UNIAGRARIA participa en el Foro Sectorial de COP16 en Pereira y se prepara para el gran Encuentro Ambiental en Cali - UNIAGRARIA","og_description":"Direcci\u00f3n de Comunicaciones UNIAGRARIA\ufeff Desde el Observatorio de Derecho Agrario de la Facultad de Derecho de UNIAGRARIA, nuestra instituci\u00f3n tiene el honor de participar en el Foro Sectorial de COP16 que se lleva a cabo el 5 de octubre en la ciudad de Pereira. Este importante evento cuenta con el apoyo de la Confederaci\u00f3n Nacional [&hellip;]","og_url":"https:\/\/uniagraria.edu.co\/en\/uniagraria-participa-en-el-foro-sectorial-de-cop16-en-pereira-y-se-prepara-para-el-gran-encuentro-ambiental-en-cali\/","og_site_name":"UNIAGRARIA","article_publisher":"https:\/\/www.facebook.com\/uagraria\/?locale=es_LA","article_published_time":"2024-10-05T17:20:20+00:00","author":"Comunicaciones UNIAGRARIA","twitter_card":"summary_large_image","twitter_creator":"@UNIAGRARIA","twitter_site":"@UNIAGRARIA","twitter_misc":{"Written by":"Comunicaciones UNIAGRARIA","Est. reading time":"1 minute"},"schema":{"@context":"https:\/\/schema.org","@graph":[{"@type":"Article","@id":"https:\/\/uniagraria.edu.co\/es\/uniagraria-participa-en-el-foro-sectorial-de-cop16-en-pereira-y-se-prepara-para-el-gran-encuentro-ambiental-en-cali\/#article","isPartOf":{"@id":"https:\/\/uniagraria.edu.co\/es\/uniagraria-participa-en-el-foro-sectorial-de-cop16-en-pereira-y-se-prepara-para-el-gran-encuentro-ambiental-en-cali\/"},"author":{"name":"Comunicaciones UNIAGRARIA","@id":"https:\/\/uniagraria.edu.co\/es\/#\/schema\/person\/f2ff0c07d9addb88b935755100b8db03"},"headline":"UNIAGRARIA participa en el Foro Sectorial de COP16 en Pereira y se prepara para el gran Encuentro Ambiental en Cali","datePublished":"2024-10-05T17:20:20+00:00","mainEntityOfPage":{"@id":"https:\/\/uniagraria.edu.co\/es\/uniagraria-participa-en-el-foro-sectorial-de-cop16-en-pereira-y-se-prepara-para-el-gran-encuentro-ambiental-en-cali\/"},"wordCount":261,"publisher":{"@id":"https:\/\/uniagraria.edu.co\/es\/#organization"},"image":{"@id":"https:\/\/uniagraria.edu.co\/es\/uniagraria-participa-en-el-foro-sectorial-de-cop16-en-pereira-y-se-prepara-para-el-gran-encuentro-ambiental-en-cali\/#primaryimage"},"thumbnailUrl":"","articleSection":["Noticias"],"inLanguage":"en-US"},{"@type":"WebPage","@id":"https:\/\/uniagraria.edu.co\/es\/uniagraria-participa-en-el-foro-sectorial-de-cop16-en-pereira-y-se-prepara-para-el-gran-encuentro-ambiental-en-cali\/","url":"https:\/\/uniagraria.edu.co\/es\/uniagraria-participa-en-el-foro-sectorial-de-cop16-en-pereira-y-se-prepara-para-el-gran-encuentro-ambiental-en-cali\/","name":"UNIAGRARIA participa en el Foro Sectorial de COP16 en Pereira y se prepara para el gran Encuentro Ambiental en Cali - UNIAGRARIA","isPartOf":{"@id":"https:\/\/uniagraria.edu.co\/es\/#website"},"primaryImageOfPage":{"@id":"https:\/\/uniagraria.edu.co\/es\/uniagraria-participa-en-el-foro-sectorial-de-cop16-en-pereira-y-se-prepara-para-el-gran-encuentro-ambiental-en-cali\/#primaryimage"},"image":{"@id":"https:\/\/uniagraria.edu.co\/es\/uniagraria-participa-en-el-foro-sectorial-de-cop16-en-pereira-y-se-prepara-para-el-gran-encuentro-ambiental-en-cali\/#primaryimage"},"thumbnailUrl":"","datePublished":"2024-10-05T17:20:20+00:00","breadcrumb":{"@id":"https:\/\/uniagraria.edu.co\/es\/uniagraria-participa-en-el-foro-sectorial-de-cop16-en-pereira-y-se-prepara-para-el-gran-encuentro-ambiental-en-cali\/#breadcrumb"},"inLanguage":"en-US","potentialAction":[{"@type":"ReadAction","target":["https:\/\/uniagraria.edu.co\/es\/uniagraria-participa-en-el-foro-sectorial-de-cop16-en-pereira-y-se-prepara-para-el-gran-encuentro-ambiental-en-cali\/"]}]},{"@type":"ImageObject","inLanguage":"en-US","@id":"https:\/\/uniagraria.edu.co\/es\/uniagraria-participa-en-el-foro-sectorial-de-cop16-en-pereira-y-se-prepara-para-el-gran-encuentro-ambiental-en-cali\/#primaryimage","url":"","contentUrl":""},{"@type":"BreadcrumbList","@id":"https:\/\/uniagraria.edu.co\/es\/uniagraria-participa-en-el-foro-sectorial-de-cop16-en-pereira-y-se-prepara-para-el-gran-encuentro-ambiental-en-cali\/#breadcrumb","itemListElement":[{"@type":"ListItem","position":1,"name":"Inicio","item":"https:\/\/uniagraria.edu.co\/"},{"@type":"ListItem","position":2,"name":"Noticias","item":"https:\/\/uniagraria.edu.co\/es\/category\/noticias\/"},{"@type":"ListItem","position":3,"name":"UNIAGRARIA participa en el Foro Sectorial de COP16 en Pereira y se prepara para el gran Encuentro Ambiental en Cali"}]},{"@type":"WebSite","@id":"https:\/\/uniagraria.edu.co\/es\/#website","url":"https:\/\/uniagraria.edu.co\/es\/","name":"Experience the experience and discover the education of","description":"FUNDACION UNIVERSITARIA AGRARIA DE COLOMBIA","publisher":{"@id":"https:\/\/uniagraria.edu.co\/es\/#organization"},"potentialAction":[{"@type":"SearchAction","target":{"@type":"EntryPoint","urlTemplate":"https:\/\/uniagraria.edu.co\/es\/?s={search_term_string}"},"query-input":{"@type":"PropertyValueSpecification","valueRequired":true,"valueName":"search_term_string"}}],"inLanguage":"en-US"},{"@type":"Organization","@id":"https:\/\/uniagraria.edu.co\/es\/#organization","name":"Experience the experience and discover the education of","url":"https:\/\/uniagraria.edu.co\/es\/","logo":{"@type":"ImageObject","inLanguage":"en-US","@id":"https:\/\/uniagraria.edu.co\/es\/#\/schema\/logo\/image\/","url":"https:\/\/novawebmaster.com\/uniagraria\/wp-content\/uploads\/2025\/02\/LogoUa2023Vertical.png","contentUrl":"https:\/\/novawebmaster.com\/uniagraria\/wp-content\/uploads\/2025\/02\/LogoUa2023Vertical.png","width":3300,"height":2550,"caption":"UNIAGRARIA"},"image":{"@id":"https:\/\/uniagraria.edu.co\/es\/#\/schema\/logo\/image\/"},"sameAs":["https:\/\/www.facebook.com\/uagraria\/?locale=es_LA","https:\/\/x.com\/UNIAGRARIA","https:\/\/www.instagram.com\/uniagraria\/profilecard\/?igsh=MXI2bTFlMWsxNzNjOA","https:\/\/www.tiktok.com\/discover\/uniagraria?lang=es","https:\/\/www.linkedin.com\/school\/uniagraria\/?originalSubdomain=co","https:\/\/www.youtube.com\/user\/UniagrariaUverde?themeRefresh=1","https:\/\/api.whatsapp.com\/send?phone=3134230649"]},{"@type":"Person","@id":"https:\/\/uniagraria.edu.co\/es\/#\/schema\/person\/f2ff0c07d9addb88b935755100b8db03","name":"Communications UNIAGRARIA","image":{"@type":"ImageObject","inLanguage":"en-US","@id":"https:\/\/secure.gravatar.com\/avatar\/5c34977f632fe7cabe2da5a1818394efca9475d46ad9f02e8eab7fd408884103?s=96&d=mm&r=g","url":"https:\/\/secure.gravatar.com\/avatar\/5c34977f632fe7cabe2da5a1818394efca9475d46ad9f02e8eab7fd408884103?s=96&d=mm&r=g","contentUrl":"https:\/\/secure.gravatar.com\/avatar\/5c34977f632fe7cabe2da5a1818394efca9475d46ad9f02e8eab7fd408884103?s=96&d=mm&r=g","caption":"Comunicaciones UNIAGRARIA"},"url":"https:\/\/uniagraria.edu.co\/en\/author\/4ndr3sf371p3\/"}]}},"_links":{"self":[{"href":"https:\/\/uniagraria.edu.co\/en\/wp-json\/wp\/v2\/posts\/45540","targetHints":{"allow":["GET"]}}],"collection":[{"href":"https:\/\/uniagraria.edu.co\/en\/wp-json\/wp\/v2\/posts"}],"about":[{"href":"https:\/\/uniagraria.edu.co\/en\/wp-json\/wp\/v2\/types\/post"}],"author":[{"embeddable":true,"href":"https:\/\/uniagraria.edu.co\/en\/wp-json\/wp\/v2\/users\/8"}],"replies":[{"embeddable":true,"href":"https:\/\/uniagraria.edu.co\/en\/wp-json\/wp\/v2\/comments?post=45540"}],"version-history":[{"count":0,"href":"https:\/\/uniagraria.edu.co\/en\/wp-json\/wp\/v2\/posts\/45540\/revisions"}],"wp:featuredmedia":[{"embeddable":true,"href":"https:\/\/uniagraria.edu.co\/en\/wp-json\/"}],"wp:attachment":[{"href":"https:\/\/uniagraria.edu.co\/en\/wp-json\/wp\/v2\/media?parent=45540"}],"wp:term":[{"taxonomy":"category","embeddable":true,"href":"https:\/\/uniagraria.edu.co\/en\/wp-json\/wp\/v2\/categories?post=45540"},{"taxonomy":"post_tag","embeddable":true,"href":"https:\/\/uniagraria.edu.co\/en\/wp-json\/wp\/v2\/tags?post=45540"}],"curies":[{"name":"wp","href":"https:\/\/api.w.org\/{rel}","templated":true}]}}