{"id":48206,"date":"2025-03-28T09:15:21","date_gmt":"2025-03-28T14:15:21","guid":{"rendered":"https:\/\/www.uniagraria.edu.co\/?p=48206"},"modified":"2025-03-28T09:15:21","modified_gmt":"2025-03-28T14:15:21","slug":"representantes-de-la-maestria-en-ingenieria-de-uniagraria-participan-en-el-campamento-de-liderazgo-para-la-educacion-internacional-inclusiva-que-reune-a-expertos-en-brasil-y-america-latina","status":"publish","type":"post","link":"https:\/\/uniagraria.edu.co\/en\/representantes-de-la-maestria-en-ingenieria-de-uniagraria-participan-en-el-campamento-de-liderazgo-para-la-educacion-internacional-inclusiva-que-reune-a-expertos-en-brasil-y-america-latina\/","title":{"rendered":"Representantes de la Maestr\u00eda en Ingenier\u00eda de UNIAGRARIA participan en el Campamento de Liderazgo para la Educaci\u00f3n Internacional Inclusiva que re\u00fane a expertos en Brasil y Am\u00e9rica Latina."},"content":{"rendered":"<h4 class=\"wp-block-heading\" id=\"mce_0\"><strong>Direcci\u00f3n de Comunicaciones UNIAGRARIA<\/strong><\/h4>\n\n\n\n<p style=\"text-align: justify;\"><em>Bogot\u00e1 D.C., Colombia &#8211; 28 de marzo de 2025<\/em> \u2014 Con gran entusiasmo se est\u00e1 desarrollando el Campamento de Liderazgo para la Educaci\u00f3n Internacional Inclusiva en el Instituto Federal Fluminense (IFF) de Cabo Frio, Brasil. Este evento, conocido como Internacionaliza-IFF, congrega a universidades e instituciones acad\u00e9micas de toda Am\u00e9rica Latina para fortalecerla cooperaci\u00f3n, compartir buenas pr\u00e1cticas de internacionalizaci\u00f3n y promover el liderazgo inclusivo en el \u00e1mbito educativo.<\/p>\n\n\n\n<p style=\"text-align: justify;\">La inauguraci\u00f3n del campamento estuvo marcada por la mesa redonda titulada \u201cTransponiendo Fronteras: Pr\u00e1cticas de Internacionalizaci\u00f3n en Instituciones P\u00fablicas Brasile\u00f1as\u201d, donde expertos y l\u00edderes acad\u00e9micos intercambiaron ideas sobre c\u00f3mo las instituciones de educaci\u00f3n superior en Brasil han implementado estrategias de internacionalizaci\u00f3n en sus programas.<\/p>\n\n\n\n<h3 style=\"text-align: justify;\"><strong>Un encuentro acad\u00e9mico de alto impacto<\/strong><\/h3>\n\n\n\n<p style=\"text-align: justify;\">El evento, que se extender\u00e1 hasta el 28 de marzo, ofrecer \u00e1 diversas actividades acad\u00e9micas y culturales, entre las que destacan:<\/p>\n\n\n\n<ul style=\"text-align: justify;\"><li><strong>Mesas\n     de debate<\/strong> sobre educaci\u00f3n internacional y buenas pr\u00e1cticas en\n     internacionalizaci\u00f3n.<\/li><li><strong>Inmersi\u00f3n\n     cultural y networking acad\u00e9mico<\/strong>, facilitando el contacto entre\n     docentes y estudiantes de distintas universidades.<\/li><li><strong>Encuentro\n     de profesores de lengua<\/strong>, un espacio clave para el intercambio de\n     estrategias pedag\u00f3gicas en la ense\u00f1anza de idiomas.<\/li><li><strong>Presentaciones\n     acad\u00e9micas<\/strong> de instituciones provenientes de Argentina, Brasil,\n     Colombia, Costa Rica, Ecuador, Panam\u00e1 y Per\u00fa.<\/li><\/ul>\n\n\n\n<h3 class=\"wp-block-heading\"><strong>Uniagraria y su aporte a la internacionalizaci\u00f3n<\/strong><\/h3>\n\n\n\n<p style=\"text-align: justify;\">Uniagraria, reconocida como la &#8220;U Verde&#8221; de Colombia, participa activamente en el campamento, consolidando su papel en la educaci\u00f3n internacional. Su delegaci\u00f3n, encabezada por la profesora Dra. Andrea P\u00e1ez, coordinadora del \u00e9nfasis en log\u00edstica sustentable de la Maestr\u00eda en Ingenier\u00eda, ha compartido su visi\u00f3n con 35 delegados de 15 universidades de ocho pa\u00edses.<\/p>\n\n\n\n<p style=\"text-align: justify;\">Durante las mesas tem\u00e1ticas de buenas pr\u00e1cticas gremiales, Uniagraria ha destacado la importancia de estrechar lazos educativos con otras instituciones y de fomentar el intercambio de experiencias multiculturales. Adem\u00e1s, la participaci\u00f3n de sus docentes en estas iniciativas refuerza las redes acad\u00e9micas internacionales y abre nuevas oportunidades de colaboraci\u00f3n para estudiantes y profesionales.<\/p>\n\n\n\n<h3 class=\"wp-block-heading\"><strong>Un compromiso con el liderazgo global<\/strong><\/h3>\n\n\n\n<p style=\"text-align: justify;\">El campamento es una iniciativa que busca fortalecer el liderazgo en la educaci\u00f3n internacional, facilitando la transferencia de conocimiento y promoviendo la colaboraci\u00f3n entre instituciones del sur global. Este esfuerzo permite que docentes, investigadores y estudiantes exploren nuevas oportunidades acad\u00e9micas y fortalezcan el desarrollo de programas educativos inclusivos y sostenibles.<\/p>\n\n\n\n<p style=\"text-align: justify;\">A lo largo de la semana, se espera que los asistentes sigan participando en actividades clave que potencien la internacionalizaci\u00f3n y fortalezcan las alianzas entre instituciones educativas de la regi\u00f3n. Con eventos como este, la educaci\u00f3n superior en Am\u00e9rica Latina avanza hacia un futuro m\u00e1s colaborativo y globalizado.<\/p>\n\n\n\n<ul class=\"wp-block-gallery columns-3 is-cropped wp-block-gallery-1 is-layout-flex wp-block-gallery-is-layout-flex\"><li class=\"blocks-gallery-item\"><figure><img decoding=\"async\" src=\"https:\/\/www.uniagraria.edu.co\/wp-content\/uploads\/2025\/03\/CampamentoLiderazgoParaLaEducacionInternacionalInclusiva-01-1024x575.jpeg\" alt=\"\" data-id=\"48202\" data-link=\"https:\/\/www.uniagraria.edu.co\/campamentoliderazgoparalaeducacioninternacionalinclusiva-01\/\" class=\"wp-image-48202\"\/><\/figure><\/li><li class=\"blocks-gallery-item\"><figure><img decoding=\"async\" src=\"https:\/\/www.uniagraria.edu.co\/wp-content\/uploads\/2025\/03\/CampamentoLiderazgoParaLaEducacionInternacionalInclusiva-04-1024x451.jpeg\" alt=\"\" data-id=\"48205\" data-link=\"https:\/\/www.uniagraria.edu.co\/campamentoliderazgoparalaeducacioninternacionalinclusiva-04\/\" class=\"wp-image-48205\"\/><\/figure><\/li><li class=\"blocks-gallery-item\"><figure><img decoding=\"async\" src=\"https:\/\/www.uniagraria.edu.co\/wp-content\/uploads\/2025\/03\/CampamentoLiderazgoParaLaEducacionInternacionalInclusiva-03-1024x768.jpeg\" alt=\"\" data-id=\"48204\" data-link=\"https:\/\/www.uniagraria.edu.co\/campamentoliderazgoparalaeducacioninternacionalinclusiva-03\/\" class=\"wp-image-48204\"\/><\/figure><\/li><li class=\"blocks-gallery-item\"><figure><img decoding=\"async\" src=\"https:\/\/www.uniagraria.edu.co\/wp-content\/uploads\/2025\/03\/CampamentoLiderazgoParaLaEducacionInternacionalInclusiva-02-575x1024.jpeg\" alt=\"\" data-id=\"48203\" data-link=\"https:\/\/www.uniagraria.edu.co\/campamentoliderazgoparalaeducacioninternacionalinclusiva-02\/\" class=\"wp-image-48203\"\/><\/figure><\/li><\/ul>","protected":false},"excerpt":{"rendered":"<p>Direcci\u00f3n de Comunicaciones UNIAGRARIA\ufeff Bogot\u00e1 D.C., Colombia &#8211; 28 de marzo de 2025 \u2014 Con gran entusiasmo se est\u00e1 desarrollando el Campamento de Liderazgo para la Educaci\u00f3n Internacional Inclusiva en el Instituto Federal Fluminense (IFF) de Cabo Frio, Brasil. Este evento, conocido como Internacionaliza-IFF, congrega a universidades e instituciones acad\u00e9micas de toda Am\u00e9rica Latina para [&hellip;]<\/p>\n","protected":false},"author":8,"featured_media":48205,"comment_status":"closed","ping_status":"closed","sticky":false,"template":"","format":"standard","meta":{"_acf_changed":false,"site-sidebar-layout":"default","site-content-layout":"","ast-site-content-layout":"default","site-content-style":"default","site-sidebar-style":"default","ast-global-header-display":"","ast-banner-title-visibility":"","ast-main-header-display":"","ast-hfb-above-header-display":"","ast-hfb-below-header-display":"","ast-hfb-mobile-header-display":"","site-post-title":"","ast-breadcrumbs-content":"","ast-featured-img":"","footer-sml-layout":"","ast-disable-related-posts":"","theme-transparent-header-meta":"","adv-header-id-meta":"","stick-header-meta":"","header-above-stick-meta":"","header-main-stick-meta":"","header-below-stick-meta":"","astra-migrate-meta-layouts":"default","ast-page-background-enabled":"default","ast-page-background-meta":{"desktop":{"background-color":"var(--ast-global-color-4)","background-image":"","background-repeat":"repeat","background-position":"center center","background-size":"auto","background-attachment":"scroll","background-type":"","background-media":"","overlay-type":"","overlay-color":"","overlay-opacity":"","overlay-gradient":""},"tablet":{"background-color":"","background-image":"","background-repeat":"repeat","background-position":"center center","background-size":"auto","background-attachment":"scroll","background-type":"","background-media":"","overlay-type":"","overlay-color":"","overlay-opacity":"","overlay-gradient":""},"mobile":{"background-color":"","background-image":"","background-repeat":"repeat","background-position":"center center","background-size":"auto","background-attachment":"scroll","background-type":"","background-media":"","overlay-type":"","overlay-color":"","overlay-opacity":"","overlay-gradient":""}},"ast-content-background-meta":{"desktop":{"background-color":"var(--ast-global-color-5)","background-image":"","background-repeat":"repeat","background-position":"center center","background-size":"auto","background-attachment":"scroll","background-type":"","background-media":"","overlay-type":"","overlay-color":"","overlay-opacity":"","overlay-gradient":""},"tablet":{"background-color":"var(--ast-global-color-5)","background-image":"","background-repeat":"repeat","background-position":"center center","background-size":"auto","background-attachment":"scroll","background-type":"","background-media":"","overlay-type":"","overlay-color":"","overlay-opacity":"","overlay-gradient":""},"mobile":{"background-color":"var(--ast-global-color-5)","background-image":"","background-repeat":"repeat","background-position":"center center","background-size":"auto","background-attachment":"scroll","background-type":"","background-media":"","overlay-type":"","overlay-color":"","overlay-opacity":"","overlay-gradient":""}},"footnotes":""},"categories":[35],"tags":[37],"class_list":["post-48206","post","type-post","status-publish","format-standard","has-post-thumbnail","hentry","category-noticias","tag-maestria-en-ingenieria"],"acf":[],"yoast_head":"<!-- This site is optimized with the Yoast SEO plugin v27.5 - https:\/\/yoast.com\/product\/yoast-seo-wordpress\/ -->\n<title>Representantes de la Maestr\u00eda en Ingenier\u00eda de UNIAGRARIA participan en el Campamento de Liderazgo para la Educaci\u00f3n Internacional Inclusiva que re\u00fane a expertos en Brasil y Am\u00e9rica Latina. - UNIAGRARIA<\/title>\n<meta name=\"robots\" content=\"index, follow, max-snippet:-1, max-image-preview:large, max-video-preview:-1\" \/>\n<link rel=\"canonical\" href=\"https:\/\/uniagraria.edu.co\/en\/representantes-de-la-maestria-en-ingenieria-de-uniagraria-participan-en-el-campamento-de-liderazgo-para-la-educacion-internacional-inclusiva-que-reune-a-expertos-en-brasil-y-america-latina\/\" \/>\n<meta property=\"og:locale\" content=\"en_US\" \/>\n<meta property=\"og:type\" content=\"article\" \/>\n<meta property=\"og:title\" content=\"Representantes de la Maestr\u00eda en Ingenier\u00eda de UNIAGRARIA participan en el Campamento de Liderazgo para la Educaci\u00f3n Internacional Inclusiva que re\u00fane a expertos en Brasil y Am\u00e9rica Latina. - UNIAGRARIA\" \/>\n<meta property=\"og:description\" content=\"Direcci\u00f3n de Comunicaciones UNIAGRARIA\ufeff Bogot\u00e1 D.C., Colombia &#8211; 28 de marzo de 2025 \u2014 Con gran entusiasmo se est\u00e1 desarrollando el Campamento de Liderazgo para la Educaci\u00f3n Internacional Inclusiva en el Instituto Federal Fluminense (IFF) de Cabo Frio, Brasil. Este evento, conocido como Internacionaliza-IFF, congrega a universidades e instituciones acad\u00e9micas de toda Am\u00e9rica Latina para [&hellip;]\" \/>\n<meta property=\"og:url\" content=\"https:\/\/uniagraria.edu.co\/en\/representantes-de-la-maestria-en-ingenieria-de-uniagraria-participan-en-el-campamento-de-liderazgo-para-la-educacion-internacional-inclusiva-que-reune-a-expertos-en-brasil-y-america-latina\/\" \/>\n<meta property=\"og:site_name\" content=\"UNIAGRARIA\" \/>\n<meta property=\"article:publisher\" content=\"https:\/\/www.facebook.com\/uagraria\/?locale=es_LA\" \/>\n<meta property=\"article:published_time\" content=\"2025-03-28T14:15:21+00:00\" \/>\n<meta name=\"author\" content=\"Comunicaciones UNIAGRARIA\" \/>\n<meta name=\"twitter:card\" content=\"summary_large_image\" \/>\n<meta name=\"twitter:creator\" content=\"@UNIAGRARIA\" \/>\n<meta name=\"twitter:site\" content=\"@UNIAGRARIA\" \/>\n<meta name=\"twitter:label1\" content=\"Written by\" \/>\n\t<meta name=\"twitter:data1\" content=\"Comunicaciones UNIAGRARIA\" \/>\n\t<meta name=\"twitter:label2\" content=\"Est. reading time\" \/>\n\t<meta name=\"twitter:data2\" content=\"2 minutes\" \/>\n<script type=\"application\/ld+json\" class=\"yoast-schema-graph\">{\"@context\":\"https:\\\/\\\/schema.org\",\"@graph\":[{\"@type\":\"Article\",\"@id\":\"https:\\\/\\\/uniagraria.edu.co\\\/en\\\/representantes-de-la-maestria-en-ingenieria-de-uniagraria-participan-en-el-campamento-de-liderazgo-para-la-educacion-internacional-inclusiva-que-reune-a-expertos-en-brasil-y-america-latina\\\/#article\",\"isPartOf\":{\"@id\":\"https:\\\/\\\/uniagraria.edu.co\\\/en\\\/representantes-de-la-maestria-en-ingenieria-de-uniagraria-participan-en-el-campamento-de-liderazgo-para-la-educacion-internacional-inclusiva-que-reune-a-expertos-en-brasil-y-america-latina\\\/\"},\"author\":{\"name\":\"Comunicaciones UNIAGRARIA\",\"@id\":\"https:\\\/\\\/uniagraria.edu.co\\\/es\\\/#\\\/schema\\\/person\\\/f2ff0c07d9addb88b935755100b8db03\"},\"headline\":\"Representantes de la Maestr\u00eda en Ingenier\u00eda de UNIAGRARIA participan en el Campamento de Liderazgo para la Educaci\u00f3n Internacional Inclusiva que re\u00fane a expertos en Brasil y Am\u00e9rica Latina.\",\"datePublished\":\"2025-03-28T14:15:21+00:00\",\"mainEntityOfPage\":{\"@id\":\"https:\\\/\\\/uniagraria.edu.co\\\/en\\\/representantes-de-la-maestria-en-ingenieria-de-uniagraria-participan-en-el-campamento-de-liderazgo-para-la-educacion-internacional-inclusiva-que-reune-a-expertos-en-brasil-y-america-latina\\\/\"},\"wordCount\":495,\"publisher\":{\"@id\":\"https:\\\/\\\/uniagraria.edu.co\\\/es\\\/#organization\"},\"image\":{\"@id\":\"https:\\\/\\\/uniagraria.edu.co\\\/en\\\/representantes-de-la-maestria-en-ingenieria-de-uniagraria-participan-en-el-campamento-de-liderazgo-para-la-educacion-internacional-inclusiva-que-reune-a-expertos-en-brasil-y-america-latina\\\/#primaryimage\"},\"thumbnailUrl\":\"\",\"keywords\":[\"Maestr\u00eda en Ingenier\u00eda\"],\"articleSection\":[\"Noticias\"],\"inLanguage\":\"en-US\"},{\"@type\":\"WebPage\",\"@id\":\"https:\\\/\\\/uniagraria.edu.co\\\/en\\\/representantes-de-la-maestria-en-ingenieria-de-uniagraria-participan-en-el-campamento-de-liderazgo-para-la-educacion-internacional-inclusiva-que-reune-a-expertos-en-brasil-y-america-latina\\\/\",\"url\":\"https:\\\/\\\/uniagraria.edu.co\\\/en\\\/representantes-de-la-maestria-en-ingenieria-de-uniagraria-participan-en-el-campamento-de-liderazgo-para-la-educacion-internacional-inclusiva-que-reune-a-expertos-en-brasil-y-america-latina\\\/\",\"name\":\"Representantes de la Maestr\u00eda en Ingenier\u00eda de UNIAGRARIA participan en el Campamento de Liderazgo para la Educaci\u00f3n Internacional Inclusiva que re\u00fane a expertos en Brasil y Am\u00e9rica Latina. - UNIAGRARIA\",\"isPartOf\":{\"@id\":\"https:\\\/\\\/uniagraria.edu.co\\\/es\\\/#website\"},\"primaryImageOfPage\":{\"@id\":\"https:\\\/\\\/uniagraria.edu.co\\\/en\\\/representantes-de-la-maestria-en-ingenieria-de-uniagraria-participan-en-el-campamento-de-liderazgo-para-la-educacion-internacional-inclusiva-que-reune-a-expertos-en-brasil-y-america-latina\\\/#primaryimage\"},\"image\":{\"@id\":\"https:\\\/\\\/uniagraria.edu.co\\\/en\\\/representantes-de-la-maestria-en-ingenieria-de-uniagraria-participan-en-el-campamento-de-liderazgo-para-la-educacion-internacional-inclusiva-que-reune-a-expertos-en-brasil-y-america-latina\\\/#primaryimage\"},\"thumbnailUrl\":\"\",\"datePublished\":\"2025-03-28T14:15:21+00:00\",\"breadcrumb\":{\"@id\":\"https:\\\/\\\/uniagraria.edu.co\\\/en\\\/representantes-de-la-maestria-en-ingenieria-de-uniagraria-participan-en-el-campamento-de-liderazgo-para-la-educacion-internacional-inclusiva-que-reune-a-expertos-en-brasil-y-america-latina\\\/#breadcrumb\"},\"inLanguage\":\"en-US\",\"potentialAction\":[{\"@type\":\"ReadAction\",\"target\":[\"https:\\\/\\\/uniagraria.edu.co\\\/en\\\/representantes-de-la-maestria-en-ingenieria-de-uniagraria-participan-en-el-campamento-de-liderazgo-para-la-educacion-internacional-inclusiva-que-reune-a-expertos-en-brasil-y-america-latina\\\/\"]}]},{\"@type\":\"ImageObject\",\"inLanguage\":\"en-US\",\"@id\":\"https:\\\/\\\/uniagraria.edu.co\\\/en\\\/representantes-de-la-maestria-en-ingenieria-de-uniagraria-participan-en-el-campamento-de-liderazgo-para-la-educacion-internacional-inclusiva-que-reune-a-expertos-en-brasil-y-america-latina\\\/#primaryimage\",\"url\":\"\",\"contentUrl\":\"\"},{\"@type\":\"BreadcrumbList\",\"@id\":\"https:\\\/\\\/uniagraria.edu.co\\\/en\\\/representantes-de-la-maestria-en-ingenieria-de-uniagraria-participan-en-el-campamento-de-liderazgo-para-la-educacion-internacional-inclusiva-que-reune-a-expertos-en-brasil-y-america-latina\\\/#breadcrumb\",\"itemListElement\":[{\"@type\":\"ListItem\",\"position\":1,\"name\":\"Inicio\",\"item\":\"https:\\\/\\\/uniagraria.edu.co\\\/\"},{\"@type\":\"ListItem\",\"position\":2,\"name\":\"Noticias\",\"item\":\"https:\\\/\\\/uniagraria.edu.co\\\/es\\\/category\\\/noticias\\\/\"},{\"@type\":\"ListItem\",\"position\":3,\"name\":\"Representantes de la Maestr\u00eda en Ingenier\u00eda de UNIAGRARIA participan en el Campamento de Liderazgo para la Educaci\u00f3n Internacional Inclusiva que re\u00fane a expertos en Brasil y Am\u00e9rica Latina.\"}]},{\"@type\":\"WebSite\",\"@id\":\"https:\\\/\\\/uniagraria.edu.co\\\/es\\\/#website\",\"url\":\"https:\\\/\\\/uniagraria.edu.co\\\/es\\\/\",\"name\":\"UNIAGRARIA\",\"description\":\"FUNDACION UNIVERSITARIA AGRARIA DE COLOMBIA\",\"publisher\":{\"@id\":\"https:\\\/\\\/uniagraria.edu.co\\\/es\\\/#organization\"},\"potentialAction\":[{\"@type\":\"SearchAction\",\"target\":{\"@type\":\"EntryPoint\",\"urlTemplate\":\"https:\\\/\\\/uniagraria.edu.co\\\/es\\\/?s={search_term_string}\"},\"query-input\":{\"@type\":\"PropertyValueSpecification\",\"valueRequired\":true,\"valueName\":\"search_term_string\"}}],\"inLanguage\":\"en-US\"},{\"@type\":\"Organization\",\"@id\":\"https:\\\/\\\/uniagraria.edu.co\\\/es\\\/#organization\",\"name\":\"UNIAGRARIA\",\"url\":\"https:\\\/\\\/uniagraria.edu.co\\\/es\\\/\",\"logo\":{\"@type\":\"ImageObject\",\"inLanguage\":\"en-US\",\"@id\":\"https:\\\/\\\/uniagraria.edu.co\\\/es\\\/#\\\/schema\\\/logo\\\/image\\\/\",\"url\":\"https:\\\/\\\/novawebmaster.com\\\/uniagraria\\\/wp-content\\\/uploads\\\/2025\\\/02\\\/LogoUa2023Vertical.png\",\"contentUrl\":\"https:\\\/\\\/novawebmaster.com\\\/uniagraria\\\/wp-content\\\/uploads\\\/2025\\\/02\\\/LogoUa2023Vertical.png\",\"width\":3300,\"height\":2550,\"caption\":\"UNIAGRARIA\"},\"image\":{\"@id\":\"https:\\\/\\\/uniagraria.edu.co\\\/es\\\/#\\\/schema\\\/logo\\\/image\\\/\"},\"sameAs\":[\"https:\\\/\\\/www.facebook.com\\\/uagraria\\\/?locale=es_LA\",\"https:\\\/\\\/x.com\\\/UNIAGRARIA\",\"https:\\\/\\\/www.instagram.com\\\/uniagraria\\\/profilecard\\\/?igsh=MXI2bTFlMWsxNzNjOA\",\"https:\\\/\\\/www.tiktok.com\\\/discover\\\/uniagraria?lang=es\",\"https:\\\/\\\/www.linkedin.com\\\/school\\\/uniagraria\\\/?originalSubdomain=co\",\"https:\\\/\\\/www.youtube.com\\\/user\\\/UniagrariaUverde?themeRefresh=1\",\"https:\\\/\\\/api.whatsapp.com\\\/send?phone=3134230649\"]},{\"@type\":\"Person\",\"@id\":\"https:\\\/\\\/uniagraria.edu.co\\\/es\\\/#\\\/schema\\\/person\\\/f2ff0c07d9addb88b935755100b8db03\",\"name\":\"Comunicaciones UNIAGRARIA\",\"image\":{\"@type\":\"ImageObject\",\"inLanguage\":\"en-US\",\"@id\":\"https:\\\/\\\/secure.gravatar.com\\\/avatar\\\/5c34977f632fe7cabe2da5a1818394efca9475d46ad9f02e8eab7fd408884103?s=96&d=mm&r=g\",\"url\":\"https:\\\/\\\/secure.gravatar.com\\\/avatar\\\/5c34977f632fe7cabe2da5a1818394efca9475d46ad9f02e8eab7fd408884103?s=96&d=mm&r=g\",\"contentUrl\":\"https:\\\/\\\/secure.gravatar.com\\\/avatar\\\/5c34977f632fe7cabe2da5a1818394efca9475d46ad9f02e8eab7fd408884103?s=96&d=mm&r=g\",\"caption\":\"Comunicaciones UNIAGRARIA\"},\"url\":\"https:\\\/\\\/uniagraria.edu.co\\\/en\\\/author\\\/4ndr3sf371p3\\\/\"}]}<\/script>\n<!-- \/ Yoast SEO plugin. -->","yoast_head_json":{"title":"Representantes de la Maestr\u00eda en Ingenier\u00eda de UNIAGRARIA participan en el Campamento de Liderazgo para la Educaci\u00f3n Internacional Inclusiva que re\u00fane a expertos en Brasil y Am\u00e9rica Latina. - UNIAGRARIA","robots":{"index":"index","follow":"follow","max-snippet":"max-snippet:-1","max-image-preview":"max-image-preview:large","max-video-preview":"max-video-preview:-1"},"canonical":"https:\/\/uniagraria.edu.co\/en\/representantes-de-la-maestria-en-ingenieria-de-uniagraria-participan-en-el-campamento-de-liderazgo-para-la-educacion-internacional-inclusiva-que-reune-a-expertos-en-brasil-y-america-latina\/","og_locale":"en_US","og_type":"article","og_title":"Representantes de la Maestr\u00eda en Ingenier\u00eda de UNIAGRARIA participan en el Campamento de Liderazgo para la Educaci\u00f3n Internacional Inclusiva que re\u00fane a expertos en Brasil y Am\u00e9rica Latina. - UNIAGRARIA","og_description":"Direcci\u00f3n de Comunicaciones UNIAGRARIA\ufeff Bogot\u00e1 D.C., Colombia &#8211; 28 de marzo de 2025 \u2014 Con gran entusiasmo se est\u00e1 desarrollando el Campamento de Liderazgo para la Educaci\u00f3n Internacional Inclusiva en el Instituto Federal Fluminense (IFF) de Cabo Frio, Brasil. Este evento, conocido como Internacionaliza-IFF, congrega a universidades e instituciones acad\u00e9micas de toda Am\u00e9rica Latina para [&hellip;]","og_url":"https:\/\/uniagraria.edu.co\/en\/representantes-de-la-maestria-en-ingenieria-de-uniagraria-participan-en-el-campamento-de-liderazgo-para-la-educacion-internacional-inclusiva-que-reune-a-expertos-en-brasil-y-america-latina\/","og_site_name":"UNIAGRARIA","article_publisher":"https:\/\/www.facebook.com\/uagraria\/?locale=es_LA","article_published_time":"2025-03-28T14:15:21+00:00","author":"Comunicaciones UNIAGRARIA","twitter_card":"summary_large_image","twitter_creator":"@UNIAGRARIA","twitter_site":"@UNIAGRARIA","twitter_misc":{"Written by":"Comunicaciones UNIAGRARIA","Est. reading time":"2 minutes"},"schema":{"@context":"https:\/\/schema.org","@graph":[{"@type":"Article","@id":"https:\/\/uniagraria.edu.co\/en\/representantes-de-la-maestria-en-ingenieria-de-uniagraria-participan-en-el-campamento-de-liderazgo-para-la-educacion-internacional-inclusiva-que-reune-a-expertos-en-brasil-y-america-latina\/#article","isPartOf":{"@id":"https:\/\/uniagraria.edu.co\/en\/representantes-de-la-maestria-en-ingenieria-de-uniagraria-participan-en-el-campamento-de-liderazgo-para-la-educacion-internacional-inclusiva-que-reune-a-expertos-en-brasil-y-america-latina\/"},"author":{"name":"Comunicaciones UNIAGRARIA","@id":"https:\/\/uniagraria.edu.co\/es\/#\/schema\/person\/f2ff0c07d9addb88b935755100b8db03"},"headline":"Representantes de la Maestr\u00eda en Ingenier\u00eda de UNIAGRARIA participan en el Campamento de Liderazgo para la Educaci\u00f3n Internacional Inclusiva que re\u00fane a expertos en Brasil y Am\u00e9rica Latina.","datePublished":"2025-03-28T14:15:21+00:00","mainEntityOfPage":{"@id":"https:\/\/uniagraria.edu.co\/en\/representantes-de-la-maestria-en-ingenieria-de-uniagraria-participan-en-el-campamento-de-liderazgo-para-la-educacion-internacional-inclusiva-que-reune-a-expertos-en-brasil-y-america-latina\/"},"wordCount":495,"publisher":{"@id":"https:\/\/uniagraria.edu.co\/es\/#organization"},"image":{"@id":"https:\/\/uniagraria.edu.co\/en\/representantes-de-la-maestria-en-ingenieria-de-uniagraria-participan-en-el-campamento-de-liderazgo-para-la-educacion-internacional-inclusiva-que-reune-a-expertos-en-brasil-y-america-latina\/#primaryimage"},"thumbnailUrl":"","keywords":["Maestr\u00eda en Ingenier\u00eda"],"articleSection":["Noticias"],"inLanguage":"en-US"},{"@type":"WebPage","@id":"https:\/\/uniagraria.edu.co\/en\/representantes-de-la-maestria-en-ingenieria-de-uniagraria-participan-en-el-campamento-de-liderazgo-para-la-educacion-internacional-inclusiva-que-reune-a-expertos-en-brasil-y-america-latina\/","url":"https:\/\/uniagraria.edu.co\/en\/representantes-de-la-maestria-en-ingenieria-de-uniagraria-participan-en-el-campamento-de-liderazgo-para-la-educacion-internacional-inclusiva-que-reune-a-expertos-en-brasil-y-america-latina\/","name":"Representantes de la Maestr\u00eda en Ingenier\u00eda de UNIAGRARIA participan en el Campamento de Liderazgo para la Educaci\u00f3n Internacional Inclusiva que re\u00fane a expertos en Brasil y Am\u00e9rica Latina. - UNIAGRARIA","isPartOf":{"@id":"https:\/\/uniagraria.edu.co\/es\/#website"},"primaryImageOfPage":{"@id":"https:\/\/uniagraria.edu.co\/en\/representantes-de-la-maestria-en-ingenieria-de-uniagraria-participan-en-el-campamento-de-liderazgo-para-la-educacion-internacional-inclusiva-que-reune-a-expertos-en-brasil-y-america-latina\/#primaryimage"},"image":{"@id":"https:\/\/uniagraria.edu.co\/en\/representantes-de-la-maestria-en-ingenieria-de-uniagraria-participan-en-el-campamento-de-liderazgo-para-la-educacion-internacional-inclusiva-que-reune-a-expertos-en-brasil-y-america-latina\/#primaryimage"},"thumbnailUrl":"","datePublished":"2025-03-28T14:15:21+00:00","breadcrumb":{"@id":"https:\/\/uniagraria.edu.co\/en\/representantes-de-la-maestria-en-ingenieria-de-uniagraria-participan-en-el-campamento-de-liderazgo-para-la-educacion-internacional-inclusiva-que-reune-a-expertos-en-brasil-y-america-latina\/#breadcrumb"},"inLanguage":"en-US","potentialAction":[{"@type":"ReadAction","target":["https:\/\/uniagraria.edu.co\/en\/representantes-de-la-maestria-en-ingenieria-de-uniagraria-participan-en-el-campamento-de-liderazgo-para-la-educacion-internacional-inclusiva-que-reune-a-expertos-en-brasil-y-america-latina\/"]}]},{"@type":"ImageObject","inLanguage":"en-US","@id":"https:\/\/uniagraria.edu.co\/en\/representantes-de-la-maestria-en-ingenieria-de-uniagraria-participan-en-el-campamento-de-liderazgo-para-la-educacion-internacional-inclusiva-que-reune-a-expertos-en-brasil-y-america-latina\/#primaryimage","url":"","contentUrl":""},{"@type":"BreadcrumbList","@id":"https:\/\/uniagraria.edu.co\/en\/representantes-de-la-maestria-en-ingenieria-de-uniagraria-participan-en-el-campamento-de-liderazgo-para-la-educacion-internacional-inclusiva-que-reune-a-expertos-en-brasil-y-america-latina\/#breadcrumb","itemListElement":[{"@type":"ListItem","position":1,"name":"Inicio","item":"https:\/\/uniagraria.edu.co\/"},{"@type":"ListItem","position":2,"name":"Noticias","item":"https:\/\/uniagraria.edu.co\/es\/category\/noticias\/"},{"@type":"ListItem","position":3,"name":"Representantes de la Maestr\u00eda en Ingenier\u00eda de UNIAGRARIA participan en el Campamento de Liderazgo para la Educaci\u00f3n Internacional Inclusiva que re\u00fane a expertos en Brasil y Am\u00e9rica Latina."}]},{"@type":"WebSite","@id":"https:\/\/uniagraria.edu.co\/es\/#website","url":"https:\/\/uniagraria.edu.co\/es\/","name":"Experience the experience and discover the education of","description":"FUNDACION UNIVERSITARIA AGRARIA DE COLOMBIA","publisher":{"@id":"https:\/\/uniagraria.edu.co\/es\/#organization"},"potentialAction":[{"@type":"SearchAction","target":{"@type":"EntryPoint","urlTemplate":"https:\/\/uniagraria.edu.co\/es\/?s={search_term_string}"},"query-input":{"@type":"PropertyValueSpecification","valueRequired":true,"valueName":"search_term_string"}}],"inLanguage":"en-US"},{"@type":"Organization","@id":"https:\/\/uniagraria.edu.co\/es\/#organization","name":"Experience the experience and discover the education of","url":"https:\/\/uniagraria.edu.co\/es\/","logo":{"@type":"ImageObject","inLanguage":"en-US","@id":"https:\/\/uniagraria.edu.co\/es\/#\/schema\/logo\/image\/","url":"https:\/\/novawebmaster.com\/uniagraria\/wp-content\/uploads\/2025\/02\/LogoUa2023Vertical.png","contentUrl":"https:\/\/novawebmaster.com\/uniagraria\/wp-content\/uploads\/2025\/02\/LogoUa2023Vertical.png","width":3300,"height":2550,"caption":"UNIAGRARIA"},"image":{"@id":"https:\/\/uniagraria.edu.co\/es\/#\/schema\/logo\/image\/"},"sameAs":["https:\/\/www.facebook.com\/uagraria\/?locale=es_LA","https:\/\/x.com\/UNIAGRARIA","https:\/\/www.instagram.com\/uniagraria\/profilecard\/?igsh=MXI2bTFlMWsxNzNjOA","https:\/\/www.tiktok.com\/discover\/uniagraria?lang=es","https:\/\/www.linkedin.com\/school\/uniagraria\/?originalSubdomain=co","https:\/\/www.youtube.com\/user\/UniagrariaUverde?themeRefresh=1","https:\/\/api.whatsapp.com\/send?phone=3134230649"]},{"@type":"Person","@id":"https:\/\/uniagraria.edu.co\/es\/#\/schema\/person\/f2ff0c07d9addb88b935755100b8db03","name":"Communications UNIAGRARIA","image":{"@type":"ImageObject","inLanguage":"en-US","@id":"https:\/\/secure.gravatar.com\/avatar\/5c34977f632fe7cabe2da5a1818394efca9475d46ad9f02e8eab7fd408884103?s=96&d=mm&r=g","url":"https:\/\/secure.gravatar.com\/avatar\/5c34977f632fe7cabe2da5a1818394efca9475d46ad9f02e8eab7fd408884103?s=96&d=mm&r=g","contentUrl":"https:\/\/secure.gravatar.com\/avatar\/5c34977f632fe7cabe2da5a1818394efca9475d46ad9f02e8eab7fd408884103?s=96&d=mm&r=g","caption":"Comunicaciones UNIAGRARIA"},"url":"https:\/\/uniagraria.edu.co\/en\/author\/4ndr3sf371p3\/"}]}},"_links":{"self":[{"href":"https:\/\/uniagraria.edu.co\/en\/wp-json\/wp\/v2\/posts\/48206","targetHints":{"allow":["GET"]}}],"collection":[{"href":"https:\/\/uniagraria.edu.co\/en\/wp-json\/wp\/v2\/posts"}],"about":[{"href":"https:\/\/uniagraria.edu.co\/en\/wp-json\/wp\/v2\/types\/post"}],"author":[{"embeddable":true,"href":"https:\/\/uniagraria.edu.co\/en\/wp-json\/wp\/v2\/users\/8"}],"replies":[{"embeddable":true,"href":"https:\/\/uniagraria.edu.co\/en\/wp-json\/wp\/v2\/comments?post=48206"}],"version-history":[{"count":0,"href":"https:\/\/uniagraria.edu.co\/en\/wp-json\/wp\/v2\/posts\/48206\/revisions"}],"wp:featuredmedia":[{"embeddable":true,"href":"https:\/\/uniagraria.edu.co\/en\/wp-json\/"}],"wp:attachment":[{"href":"https:\/\/uniagraria.edu.co\/en\/wp-json\/wp\/v2\/media?parent=48206"}],"wp:term":[{"taxonomy":"category","embeddable":true,"href":"https:\/\/uniagraria.edu.co\/en\/wp-json\/wp\/v2\/categories?post=48206"},{"taxonomy":"post_tag","embeddable":true,"href":"https:\/\/uniagraria.edu.co\/en\/wp-json\/wp\/v2\/tags?post=48206"}],"curies":[{"name":"wp","href":"https:\/\/api.w.org\/{rel}","templated":true}]}}