{"id":62214,"date":"2025-04-03T19:44:39","date_gmt":"2025-04-04T00:44:39","guid":{"rendered":"https:\/\/novawebmaster.com\/uniagraria\/?p=62214"},"modified":"2025-04-03T19:47:10","modified_gmt":"2025-04-04T00:47:10","slug":"la-resiliencia-como-eje-integrador-entre-la-gestion-de-riesgo-y-el-desarrollo-sostenible","status":"publish","type":"post","link":"https:\/\/uniagraria.edu.co\/en\/la-resiliencia-como-eje-integrador-entre-la-gestion-de-riesgo-y-el-desarrollo-sostenible\/","title":{"rendered":"La asociatividad, una oportunidad para el desarrollo rural"},"content":{"rendered":"<div class=\"uk-container uk-container-small\">\n<div class=\"uk-section uk-section-small\">\n<div class=\"uk-grid\">\n<div class=\"uk-width-expand uk-flex uk-flex-middle\">\n<div class=\"uk-container uk-container-small\">\n<div class=\"uk-article uk-section uk-section-small\">\n<p>Jes\u00fas Antonio Londo\u00f1o (Alcalde de Fuente de Oro), USAID, Instituciones Educativas Municipales, Asociaciones de Cultivadores de Frutas, Asociaciones de Ganaderos, Hortofrut\u00edcola, estudiantes del SENA, Asociaci\u00f3n de Mujeres, Juntas de Acci\u00f3n Comunal, Concejales del Municipio, Asociaciones de Ganaderos, Representantes de la comunidad del margen derecho del r\u00edo Ariari, Corporaci\u00f3n de Agroindustriales, Corpo-Esperanza, Director de la Asociaci\u00f3n Visi\u00f3n Social, Copaina y Agasanjuan as\u00ed como el equipo de trabajo de la Vicerrector\u00eda de Extensi\u00f3n y Proyecci\u00f3n Social de Uniagraria en cabeza de la doctora Claudia Toro.<\/p>\n<\/div>\n<\/div>\n<div class=\"uk-container uk-container-small\">\n<div class=\"uk-section uk-section-xsmall\"><a class=\"uk-button uk-border-rounded uk-button-text\" href=\"https:\/\/novawebmaster.com\/uniagraria\/wp-content\/uploads\/2025\/04\/madrugada-rural-06-07-2016.pdf\" target=\"_blank\" rel=\"noopener noreferrer\">\u00a0Descarga el texto que relata la jornada<\/a><\/div>\n<\/div>\n<\/div>\n<\/div>\n<\/div>\n<\/div>\n<div class=\"uk-container uk-container-small\">\n<div class=\"uk-article uk-section uk-section-small\">\n<div class=\"uk-container uk-container-small\">\n<div class=\"uk-article uk-section uk-section-small\">\n<div class=\"uk-container uk-container-small\">\n<div class=\"uk-article uk-section uk-section-small\">\n<div class=\"uk-container uk-container-small\">\n<div class=\"uk-article uk-section uk-section-small\">\n<div class=\"uk-container uk-container-small\"><\/div>\n<\/div>\n<\/div>\n<\/div>\n<\/div>\n<\/div>\n<\/div>\n<div class=\"uk-container uk-container-small\"><\/div>\n<\/div>\n<\/div>\n<div class=\"uk-container uk-container-small\"><\/div>","protected":false},"excerpt":{"rendered":"<p>Jes\u00fas Antonio Londo\u00f1o (Alcalde de Fuente de Oro), USAID, Instituciones Educativas Municipales, Asociaciones de Cultivadores de Frutas, Asociaciones de Ganaderos, Hortofrut\u00edcola, estudiantes del SENA, Asociaci\u00f3n de Mujeres, Juntas de Acci\u00f3n Comunal, Concejales del Municipio, Asociaciones de Ganaderos, Representantes de la comunidad del margen derecho del r\u00edo Ariari, Corporaci\u00f3n de Agroindustriales, Corpo-Esperanza, Director de la Asociaci\u00f3n [&hellip;]<\/p>\n","protected":false},"author":8,"featured_media":62221,"comment_status":"open","ping_status":"open","sticky":false,"template":"","format":"standard","meta":{"_acf_changed":false,"site-sidebar-layout":"default","site-content-layout":"","ast-site-content-layout":"default","site-content-style":"default","site-sidebar-style":"default","ast-global-header-display":"","ast-banner-title-visibility":"","ast-main-header-display":"","ast-hfb-above-header-display":"","ast-hfb-below-header-display":"","ast-hfb-mobile-header-display":"","site-post-title":"","ast-breadcrumbs-content":"","ast-featured-img":"","footer-sml-layout":"","ast-disable-related-posts":"","theme-transparent-header-meta":"default","adv-header-id-meta":"","stick-header-meta":"default","header-above-stick-meta":"","header-main-stick-meta":"","header-below-stick-meta":"","astra-migrate-meta-layouts":"set","ast-page-background-enabled":"default","ast-page-background-meta":{"desktop":{"background-color":"var(--ast-global-color-4)","background-image":"","background-repeat":"repeat","background-position":"center center","background-size":"auto","background-attachment":"scroll","background-type":"","background-media":"","overlay-type":"","overlay-color":"","overlay-opacity":"","overlay-gradient":""},"tablet":{"background-color":"","background-image":"","background-repeat":"repeat","background-position":"center center","background-size":"auto","background-attachment":"scroll","background-type":"","background-media":"","overlay-type":"","overlay-color":"","overlay-opacity":"","overlay-gradient":""},"mobile":{"background-color":"","background-image":"","background-repeat":"repeat","background-position":"center center","background-size":"auto","background-attachment":"scroll","background-type":"","background-media":"","overlay-type":"","overlay-color":"","overlay-opacity":"","overlay-gradient":""}},"ast-content-background-meta":{"desktop":{"background-color":"var(--ast-global-color-5)","background-image":"","background-repeat":"repeat","background-position":"center center","background-size":"auto","background-attachment":"scroll","background-type":"","background-media":"","overlay-type":"","overlay-color":"","overlay-opacity":"","overlay-gradient":""},"tablet":{"background-color":"var(--ast-global-color-5)","background-image":"","background-repeat":"repeat","background-position":"center center","background-size":"auto","background-attachment":"scroll","background-type":"","background-media":"","overlay-type":"","overlay-color":"","overlay-opacity":"","overlay-gradient":""},"mobile":{"background-color":"var(--ast-global-color-5)","background-image":"","background-repeat":"repeat","background-position":"center center","background-size":"auto","background-attachment":"scroll","background-type":"","background-media":"","overlay-type":"","overlay-color":"","overlay-opacity":"","overlay-gradient":""}},"footnotes":""},"categories":[88],"tags":[],"class_list":["post-62214","post","type-post","status-publish","format-standard","has-post-thumbnail","hentry","category-madrugadas-rurales"],"acf":[],"yoast_head":"<!-- This site is optimized with the Yoast SEO plugin v27.5 - https:\/\/yoast.com\/product\/yoast-seo-wordpress\/ -->\n<title>La asociatividad, una oportunidad para el desarrollo rural - UNIAGRARIA<\/title>\n<meta name=\"robots\" content=\"index, follow, max-snippet:-1, max-image-preview:large, max-video-preview:-1\" \/>\n<link rel=\"canonical\" href=\"https:\/\/uniagraria.edu.co\/en\/la-resiliencia-como-eje-integrador-entre-la-gestion-de-riesgo-y-el-desarrollo-sostenible\/\" \/>\n<meta property=\"og:locale\" content=\"en_US\" \/>\n<meta property=\"og:type\" content=\"article\" \/>\n<meta property=\"og:title\" content=\"La asociatividad, una oportunidad para el desarrollo rural - UNIAGRARIA\" \/>\n<meta property=\"og:description\" content=\"Jes\u00fas Antonio Londo\u00f1o (Alcalde de Fuente de Oro), USAID, Instituciones Educativas Municipales, Asociaciones de Cultivadores de Frutas, Asociaciones de Ganaderos, Hortofrut\u00edcola, estudiantes del SENA, Asociaci\u00f3n de Mujeres, Juntas de Acci\u00f3n Comunal, Concejales del Municipio, Asociaciones de Ganaderos, Representantes de la comunidad del margen derecho del r\u00edo Ariari, Corporaci\u00f3n de Agroindustriales, Corpo-Esperanza, Director de la Asociaci\u00f3n [&hellip;]\" \/>\n<meta property=\"og:url\" content=\"https:\/\/uniagraria.edu.co\/en\/la-resiliencia-como-eje-integrador-entre-la-gestion-de-riesgo-y-el-desarrollo-sostenible\/\" \/>\n<meta property=\"og:site_name\" content=\"UNIAGRARIA\" \/>\n<meta property=\"article:publisher\" content=\"https:\/\/www.facebook.com\/uagraria\/?locale=es_LA\" \/>\n<meta property=\"article:published_time\" content=\"2025-04-04T00:44:39+00:00\" \/>\n<meta property=\"article:modified_time\" content=\"2025-04-04T00:47:10+00:00\" \/>\n<meta property=\"og:image\" content=\"https:\/\/uniagraria.edu.co\/wp-content\/uploads\/2025\/04\/asociatividad.jpg\" \/>\n\t<meta property=\"og:image:width\" content=\"150\" \/>\n\t<meta property=\"og:image:height\" content=\"150\" \/>\n\t<meta property=\"og:image:type\" content=\"image\/jpeg\" \/>\n<meta name=\"author\" content=\"Comunicaciones UNIAGRARIA\" \/>\n<meta name=\"twitter:card\" content=\"summary_large_image\" \/>\n<meta name=\"twitter:creator\" content=\"@UNIAGRARIA\" \/>\n<meta name=\"twitter:site\" content=\"@UNIAGRARIA\" \/>\n<meta name=\"twitter:label1\" content=\"Written by\" \/>\n\t<meta name=\"twitter:data1\" content=\"Comunicaciones UNIAGRARIA\" \/>\n\t<meta name=\"twitter:label2\" content=\"Est. reading time\" \/>\n\t<meta name=\"twitter:data2\" content=\"1 minute\" \/>\n<script type=\"application\/ld+json\" class=\"yoast-schema-graph\">{\"@context\":\"https:\\\/\\\/schema.org\",\"@graph\":[{\"@type\":\"Article\",\"@id\":\"https:\\\/\\\/uniagraria.edu.co\\\/es\\\/la-resiliencia-como-eje-integrador-entre-la-gestion-de-riesgo-y-el-desarrollo-sostenible\\\/#article\",\"isPartOf\":{\"@id\":\"https:\\\/\\\/uniagraria.edu.co\\\/es\\\/la-resiliencia-como-eje-integrador-entre-la-gestion-de-riesgo-y-el-desarrollo-sostenible\\\/\"},\"author\":{\"name\":\"Comunicaciones UNIAGRARIA\",\"@id\":\"https:\\\/\\\/uniagraria.edu.co\\\/es\\\/#\\\/schema\\\/person\\\/f2ff0c07d9addb88b935755100b8db03\"},\"headline\":\"La asociatividad, una oportunidad para el desarrollo rural\",\"datePublished\":\"2025-04-04T00:44:39+00:00\",\"dateModified\":\"2025-04-04T00:47:10+00:00\",\"mainEntityOfPage\":{\"@id\":\"https:\\\/\\\/uniagraria.edu.co\\\/es\\\/la-resiliencia-como-eje-integrador-entre-la-gestion-de-riesgo-y-el-desarrollo-sostenible\\\/\"},\"wordCount\":110,\"commentCount\":0,\"publisher\":{\"@id\":\"https:\\\/\\\/uniagraria.edu.co\\\/es\\\/#organization\"},\"image\":{\"@id\":\"https:\\\/\\\/uniagraria.edu.co\\\/es\\\/la-resiliencia-como-eje-integrador-entre-la-gestion-de-riesgo-y-el-desarrollo-sostenible\\\/#primaryimage\"},\"thumbnailUrl\":\"https:\\\/\\\/uniagraria.edu.co\\\/wp-content\\\/uploads\\\/2025\\\/04\\\/asociatividad.jpg\",\"articleSection\":[\"Madrugadas rurales\"],\"inLanguage\":\"en-US\",\"potentialAction\":[{\"@type\":\"CommentAction\",\"name\":\"Comment\",\"target\":[\"https:\\\/\\\/uniagraria.edu.co\\\/es\\\/la-resiliencia-como-eje-integrador-entre-la-gestion-de-riesgo-y-el-desarrollo-sostenible\\\/#respond\"]}]},{\"@type\":\"WebPage\",\"@id\":\"https:\\\/\\\/uniagraria.edu.co\\\/es\\\/la-resiliencia-como-eje-integrador-entre-la-gestion-de-riesgo-y-el-desarrollo-sostenible\\\/\",\"url\":\"https:\\\/\\\/uniagraria.edu.co\\\/es\\\/la-resiliencia-como-eje-integrador-entre-la-gestion-de-riesgo-y-el-desarrollo-sostenible\\\/\",\"name\":\"La asociatividad, una oportunidad para el desarrollo rural - UNIAGRARIA\",\"isPartOf\":{\"@id\":\"https:\\\/\\\/uniagraria.edu.co\\\/es\\\/#website\"},\"primaryImageOfPage\":{\"@id\":\"https:\\\/\\\/uniagraria.edu.co\\\/es\\\/la-resiliencia-como-eje-integrador-entre-la-gestion-de-riesgo-y-el-desarrollo-sostenible\\\/#primaryimage\"},\"image\":{\"@id\":\"https:\\\/\\\/uniagraria.edu.co\\\/es\\\/la-resiliencia-como-eje-integrador-entre-la-gestion-de-riesgo-y-el-desarrollo-sostenible\\\/#primaryimage\"},\"thumbnailUrl\":\"https:\\\/\\\/uniagraria.edu.co\\\/wp-content\\\/uploads\\\/2025\\\/04\\\/asociatividad.jpg\",\"datePublished\":\"2025-04-04T00:44:39+00:00\",\"dateModified\":\"2025-04-04T00:47:10+00:00\",\"breadcrumb\":{\"@id\":\"https:\\\/\\\/uniagraria.edu.co\\\/es\\\/la-resiliencia-como-eje-integrador-entre-la-gestion-de-riesgo-y-el-desarrollo-sostenible\\\/#breadcrumb\"},\"inLanguage\":\"en-US\",\"potentialAction\":[{\"@type\":\"ReadAction\",\"target\":[\"https:\\\/\\\/uniagraria.edu.co\\\/es\\\/la-resiliencia-como-eje-integrador-entre-la-gestion-de-riesgo-y-el-desarrollo-sostenible\\\/\"]}]},{\"@type\":\"ImageObject\",\"inLanguage\":\"en-US\",\"@id\":\"https:\\\/\\\/uniagraria.edu.co\\\/es\\\/la-resiliencia-como-eje-integrador-entre-la-gestion-de-riesgo-y-el-desarrollo-sostenible\\\/#primaryimage\",\"url\":\"https:\\\/\\\/uniagraria.edu.co\\\/wp-content\\\/uploads\\\/2025\\\/04\\\/asociatividad.jpg\",\"contentUrl\":\"https:\\\/\\\/uniagraria.edu.co\\\/wp-content\\\/uploads\\\/2025\\\/04\\\/asociatividad.jpg\",\"width\":150,\"height\":150},{\"@type\":\"BreadcrumbList\",\"@id\":\"https:\\\/\\\/uniagraria.edu.co\\\/es\\\/la-resiliencia-como-eje-integrador-entre-la-gestion-de-riesgo-y-el-desarrollo-sostenible\\\/#breadcrumb\",\"itemListElement\":[{\"@type\":\"ListItem\",\"position\":1,\"name\":\"Inicio\",\"item\":\"https:\\\/\\\/uniagraria.edu.co\\\/\"},{\"@type\":\"ListItem\",\"position\":2,\"name\":\"Madrugadas rurales\",\"item\":\"https:\\\/\\\/uniagraria.edu.co\\\/es\\\/category\\\/madrugadas-rurales\\\/\"},{\"@type\":\"ListItem\",\"position\":3,\"name\":\"La asociatividad, una oportunidad para el desarrollo rural\"}]},{\"@type\":\"WebSite\",\"@id\":\"https:\\\/\\\/uniagraria.edu.co\\\/es\\\/#website\",\"url\":\"https:\\\/\\\/uniagraria.edu.co\\\/es\\\/\",\"name\":\"UNIAGRARIA\",\"description\":\"FUNDACION UNIVERSITARIA AGRARIA DE COLOMBIA\",\"publisher\":{\"@id\":\"https:\\\/\\\/uniagraria.edu.co\\\/es\\\/#organization\"},\"potentialAction\":[{\"@type\":\"SearchAction\",\"target\":{\"@type\":\"EntryPoint\",\"urlTemplate\":\"https:\\\/\\\/uniagraria.edu.co\\\/es\\\/?s={search_term_string}\"},\"query-input\":{\"@type\":\"PropertyValueSpecification\",\"valueRequired\":true,\"valueName\":\"search_term_string\"}}],\"inLanguage\":\"en-US\"},{\"@type\":\"Organization\",\"@id\":\"https:\\\/\\\/uniagraria.edu.co\\\/es\\\/#organization\",\"name\":\"UNIAGRARIA\",\"url\":\"https:\\\/\\\/uniagraria.edu.co\\\/es\\\/\",\"logo\":{\"@type\":\"ImageObject\",\"inLanguage\":\"en-US\",\"@id\":\"https:\\\/\\\/uniagraria.edu.co\\\/es\\\/#\\\/schema\\\/logo\\\/image\\\/\",\"url\":\"https:\\\/\\\/novawebmaster.com\\\/uniagraria\\\/wp-content\\\/uploads\\\/2025\\\/02\\\/LogoUa2023Vertical.png\",\"contentUrl\":\"https:\\\/\\\/novawebmaster.com\\\/uniagraria\\\/wp-content\\\/uploads\\\/2025\\\/02\\\/LogoUa2023Vertical.png\",\"width\":3300,\"height\":2550,\"caption\":\"UNIAGRARIA\"},\"image\":{\"@id\":\"https:\\\/\\\/uniagraria.edu.co\\\/es\\\/#\\\/schema\\\/logo\\\/image\\\/\"},\"sameAs\":[\"https:\\\/\\\/www.facebook.com\\\/uagraria\\\/?locale=es_LA\",\"https:\\\/\\\/x.com\\\/UNIAGRARIA\",\"https:\\\/\\\/www.instagram.com\\\/uniagraria\\\/profilecard\\\/?igsh=MXI2bTFlMWsxNzNjOA\",\"https:\\\/\\\/www.tiktok.com\\\/discover\\\/uniagraria?lang=es\",\"https:\\\/\\\/www.linkedin.com\\\/school\\\/uniagraria\\\/?originalSubdomain=co\",\"https:\\\/\\\/www.youtube.com\\\/user\\\/UniagrariaUverde?themeRefresh=1\",\"https:\\\/\\\/api.whatsapp.com\\\/send?phone=3134230649\"]},{\"@type\":\"Person\",\"@id\":\"https:\\\/\\\/uniagraria.edu.co\\\/es\\\/#\\\/schema\\\/person\\\/f2ff0c07d9addb88b935755100b8db03\",\"name\":\"Comunicaciones UNIAGRARIA\",\"image\":{\"@type\":\"ImageObject\",\"inLanguage\":\"en-US\",\"@id\":\"https:\\\/\\\/secure.gravatar.com\\\/avatar\\\/5c34977f632fe7cabe2da5a1818394efca9475d46ad9f02e8eab7fd408884103?s=96&d=mm&r=g\",\"url\":\"https:\\\/\\\/secure.gravatar.com\\\/avatar\\\/5c34977f632fe7cabe2da5a1818394efca9475d46ad9f02e8eab7fd408884103?s=96&d=mm&r=g\",\"contentUrl\":\"https:\\\/\\\/secure.gravatar.com\\\/avatar\\\/5c34977f632fe7cabe2da5a1818394efca9475d46ad9f02e8eab7fd408884103?s=96&d=mm&r=g\",\"caption\":\"Comunicaciones UNIAGRARIA\"},\"url\":\"https:\\\/\\\/uniagraria.edu.co\\\/en\\\/author\\\/4ndr3sf371p3\\\/\"}]}<\/script>\n<!-- \/ Yoast SEO plugin. -->","yoast_head_json":{"title":"La asociatividad, una oportunidad para el desarrollo rural - UNIAGRARIA","robots":{"index":"index","follow":"follow","max-snippet":"max-snippet:-1","max-image-preview":"max-image-preview:large","max-video-preview":"max-video-preview:-1"},"canonical":"https:\/\/uniagraria.edu.co\/en\/la-resiliencia-como-eje-integrador-entre-la-gestion-de-riesgo-y-el-desarrollo-sostenible\/","og_locale":"en_US","og_type":"article","og_title":"La asociatividad, una oportunidad para el desarrollo rural - UNIAGRARIA","og_description":"Jes\u00fas Antonio Londo\u00f1o (Alcalde de Fuente de Oro), USAID, Instituciones Educativas Municipales, Asociaciones de Cultivadores de Frutas, Asociaciones de Ganaderos, Hortofrut\u00edcola, estudiantes del SENA, Asociaci\u00f3n de Mujeres, Juntas de Acci\u00f3n Comunal, Concejales del Municipio, Asociaciones de Ganaderos, Representantes de la comunidad del margen derecho del r\u00edo Ariari, Corporaci\u00f3n de Agroindustriales, Corpo-Esperanza, Director de la Asociaci\u00f3n [&hellip;]","og_url":"https:\/\/uniagraria.edu.co\/en\/la-resiliencia-como-eje-integrador-entre-la-gestion-de-riesgo-y-el-desarrollo-sostenible\/","og_site_name":"UNIAGRARIA","article_publisher":"https:\/\/www.facebook.com\/uagraria\/?locale=es_LA","article_published_time":"2025-04-04T00:44:39+00:00","article_modified_time":"2025-04-04T00:47:10+00:00","og_image":[{"width":150,"height":150,"url":"https:\/\/uniagraria.edu.co\/wp-content\/uploads\/2025\/04\/asociatividad.jpg","type":"image\/jpeg"}],"author":"Comunicaciones UNIAGRARIA","twitter_card":"summary_large_image","twitter_creator":"@UNIAGRARIA","twitter_site":"@UNIAGRARIA","twitter_misc":{"Written by":"Comunicaciones UNIAGRARIA","Est. reading time":"1 minute"},"schema":{"@context":"https:\/\/schema.org","@graph":[{"@type":"Article","@id":"https:\/\/uniagraria.edu.co\/es\/la-resiliencia-como-eje-integrador-entre-la-gestion-de-riesgo-y-el-desarrollo-sostenible\/#article","isPartOf":{"@id":"https:\/\/uniagraria.edu.co\/es\/la-resiliencia-como-eje-integrador-entre-la-gestion-de-riesgo-y-el-desarrollo-sostenible\/"},"author":{"name":"Comunicaciones UNIAGRARIA","@id":"https:\/\/uniagraria.edu.co\/es\/#\/schema\/person\/f2ff0c07d9addb88b935755100b8db03"},"headline":"La asociatividad, una oportunidad para el desarrollo rural","datePublished":"2025-04-04T00:44:39+00:00","dateModified":"2025-04-04T00:47:10+00:00","mainEntityOfPage":{"@id":"https:\/\/uniagraria.edu.co\/es\/la-resiliencia-como-eje-integrador-entre-la-gestion-de-riesgo-y-el-desarrollo-sostenible\/"},"wordCount":110,"commentCount":0,"publisher":{"@id":"https:\/\/uniagraria.edu.co\/es\/#organization"},"image":{"@id":"https:\/\/uniagraria.edu.co\/es\/la-resiliencia-como-eje-integrador-entre-la-gestion-de-riesgo-y-el-desarrollo-sostenible\/#primaryimage"},"thumbnailUrl":"https:\/\/uniagraria.edu.co\/wp-content\/uploads\/2025\/04\/asociatividad.jpg","articleSection":["Madrugadas rurales"],"inLanguage":"en-US","potentialAction":[{"@type":"CommentAction","name":"Comment","target":["https:\/\/uniagraria.edu.co\/es\/la-resiliencia-como-eje-integrador-entre-la-gestion-de-riesgo-y-el-desarrollo-sostenible\/#respond"]}]},{"@type":"WebPage","@id":"https:\/\/uniagraria.edu.co\/es\/la-resiliencia-como-eje-integrador-entre-la-gestion-de-riesgo-y-el-desarrollo-sostenible\/","url":"https:\/\/uniagraria.edu.co\/es\/la-resiliencia-como-eje-integrador-entre-la-gestion-de-riesgo-y-el-desarrollo-sostenible\/","name":"La asociatividad, una oportunidad para el desarrollo rural - UNIAGRARIA","isPartOf":{"@id":"https:\/\/uniagraria.edu.co\/es\/#website"},"primaryImageOfPage":{"@id":"https:\/\/uniagraria.edu.co\/es\/la-resiliencia-como-eje-integrador-entre-la-gestion-de-riesgo-y-el-desarrollo-sostenible\/#primaryimage"},"image":{"@id":"https:\/\/uniagraria.edu.co\/es\/la-resiliencia-como-eje-integrador-entre-la-gestion-de-riesgo-y-el-desarrollo-sostenible\/#primaryimage"},"thumbnailUrl":"https:\/\/uniagraria.edu.co\/wp-content\/uploads\/2025\/04\/asociatividad.jpg","datePublished":"2025-04-04T00:44:39+00:00","dateModified":"2025-04-04T00:47:10+00:00","breadcrumb":{"@id":"https:\/\/uniagraria.edu.co\/es\/la-resiliencia-como-eje-integrador-entre-la-gestion-de-riesgo-y-el-desarrollo-sostenible\/#breadcrumb"},"inLanguage":"en-US","potentialAction":[{"@type":"ReadAction","target":["https:\/\/uniagraria.edu.co\/es\/la-resiliencia-como-eje-integrador-entre-la-gestion-de-riesgo-y-el-desarrollo-sostenible\/"]}]},{"@type":"ImageObject","inLanguage":"en-US","@id":"https:\/\/uniagraria.edu.co\/es\/la-resiliencia-como-eje-integrador-entre-la-gestion-de-riesgo-y-el-desarrollo-sostenible\/#primaryimage","url":"https:\/\/uniagraria.edu.co\/wp-content\/uploads\/2025\/04\/asociatividad.jpg","contentUrl":"https:\/\/uniagraria.edu.co\/wp-content\/uploads\/2025\/04\/asociatividad.jpg","width":150,"height":150},{"@type":"BreadcrumbList","@id":"https:\/\/uniagraria.edu.co\/es\/la-resiliencia-como-eje-integrador-entre-la-gestion-de-riesgo-y-el-desarrollo-sostenible\/#breadcrumb","itemListElement":[{"@type":"ListItem","position":1,"name":"Inicio","item":"https:\/\/uniagraria.edu.co\/"},{"@type":"ListItem","position":2,"name":"Madrugadas rurales","item":"https:\/\/uniagraria.edu.co\/es\/category\/madrugadas-rurales\/"},{"@type":"ListItem","position":3,"name":"La asociatividad, una oportunidad para el desarrollo rural"}]},{"@type":"WebSite","@id":"https:\/\/uniagraria.edu.co\/es\/#website","url":"https:\/\/uniagraria.edu.co\/es\/","name":"Experience the experience and discover the education of","description":"FUNDACION UNIVERSITARIA AGRARIA DE COLOMBIA","publisher":{"@id":"https:\/\/uniagraria.edu.co\/es\/#organization"},"potentialAction":[{"@type":"SearchAction","target":{"@type":"EntryPoint","urlTemplate":"https:\/\/uniagraria.edu.co\/es\/?s={search_term_string}"},"query-input":{"@type":"PropertyValueSpecification","valueRequired":true,"valueName":"search_term_string"}}],"inLanguage":"en-US"},{"@type":"Organization","@id":"https:\/\/uniagraria.edu.co\/es\/#organization","name":"Experience the experience and discover the education of","url":"https:\/\/uniagraria.edu.co\/es\/","logo":{"@type":"ImageObject","inLanguage":"en-US","@id":"https:\/\/uniagraria.edu.co\/es\/#\/schema\/logo\/image\/","url":"https:\/\/novawebmaster.com\/uniagraria\/wp-content\/uploads\/2025\/02\/LogoUa2023Vertical.png","contentUrl":"https:\/\/novawebmaster.com\/uniagraria\/wp-content\/uploads\/2025\/02\/LogoUa2023Vertical.png","width":3300,"height":2550,"caption":"UNIAGRARIA"},"image":{"@id":"https:\/\/uniagraria.edu.co\/es\/#\/schema\/logo\/image\/"},"sameAs":["https:\/\/www.facebook.com\/uagraria\/?locale=es_LA","https:\/\/x.com\/UNIAGRARIA","https:\/\/www.instagram.com\/uniagraria\/profilecard\/?igsh=MXI2bTFlMWsxNzNjOA","https:\/\/www.tiktok.com\/discover\/uniagraria?lang=es","https:\/\/www.linkedin.com\/school\/uniagraria\/?originalSubdomain=co","https:\/\/www.youtube.com\/user\/UniagrariaUverde?themeRefresh=1","https:\/\/api.whatsapp.com\/send?phone=3134230649"]},{"@type":"Person","@id":"https:\/\/uniagraria.edu.co\/es\/#\/schema\/person\/f2ff0c07d9addb88b935755100b8db03","name":"Communications UNIAGRARIA","image":{"@type":"ImageObject","inLanguage":"en-US","@id":"https:\/\/secure.gravatar.com\/avatar\/5c34977f632fe7cabe2da5a1818394efca9475d46ad9f02e8eab7fd408884103?s=96&d=mm&r=g","url":"https:\/\/secure.gravatar.com\/avatar\/5c34977f632fe7cabe2da5a1818394efca9475d46ad9f02e8eab7fd408884103?s=96&d=mm&r=g","contentUrl":"https:\/\/secure.gravatar.com\/avatar\/5c34977f632fe7cabe2da5a1818394efca9475d46ad9f02e8eab7fd408884103?s=96&d=mm&r=g","caption":"Comunicaciones UNIAGRARIA"},"url":"https:\/\/uniagraria.edu.co\/en\/author\/4ndr3sf371p3\/"}]}},"_links":{"self":[{"href":"https:\/\/uniagraria.edu.co\/en\/wp-json\/wp\/v2\/posts\/62214","targetHints":{"allow":["GET"]}}],"collection":[{"href":"https:\/\/uniagraria.edu.co\/en\/wp-json\/wp\/v2\/posts"}],"about":[{"href":"https:\/\/uniagraria.edu.co\/en\/wp-json\/wp\/v2\/types\/post"}],"author":[{"embeddable":true,"href":"https:\/\/uniagraria.edu.co\/en\/wp-json\/wp\/v2\/users\/8"}],"replies":[{"embeddable":true,"href":"https:\/\/uniagraria.edu.co\/en\/wp-json\/wp\/v2\/comments?post=62214"}],"version-history":[{"count":0,"href":"https:\/\/uniagraria.edu.co\/en\/wp-json\/wp\/v2\/posts\/62214\/revisions"}],"wp:featuredmedia":[{"embeddable":true,"href":"https:\/\/uniagraria.edu.co\/en\/wp-json\/wp\/v2\/media\/62221"}],"wp:attachment":[{"href":"https:\/\/uniagraria.edu.co\/en\/wp-json\/wp\/v2\/media?parent=62214"}],"wp:term":[{"taxonomy":"category","embeddable":true,"href":"https:\/\/uniagraria.edu.co\/en\/wp-json\/wp\/v2\/categories?post=62214"},{"taxonomy":"post_tag","embeddable":true,"href":"https:\/\/uniagraria.edu.co\/en\/wp-json\/wp\/v2\/tags?post=62214"}],"curies":[{"name":"wp","href":"https:\/\/api.w.org\/{rel}","templated":true}]}}