{"id":81316,"date":"2026-01-23T12:29:33","date_gmt":"2026-01-23T17:29:33","guid":{"rendered":"https:\/\/uniagraria.edu.co\/?p=81316"},"modified":"2026-01-23T17:30:26","modified_gmt":"2026-01-23T22:30:26","slug":"la-especializacion-en-responsabilidad-ambiental-y-sostenibilidad-ahora-en-modalidad-virtual-mas-cerca-de-los-profesionales-en-territorio","status":"publish","type":"post","link":"https:\/\/uniagraria.edu.co\/en\/la-especializacion-en-responsabilidad-ambiental-y-sostenibilidad-ahora-en-modalidad-virtual-mas-cerca-de-los-profesionales-en-territorio\/","title":{"rendered":"La Especializaci\u00f3n en Responsabilidad Ambiental y Sostenibilidad ahora en modalidad virtual: m\u00e1s cerca de los profesionales en territorio."},"content":{"rendered":"<div data-elementor-type=\"wp-post\" data-elementor-id=\"81316\" class=\"elementor elementor-81316\" data-elementor-post-type=\"post\">\n\t\t\t\t<div class=\"elementor-element elementor-element-69490652 e-flex e-con-boxed e-con e-parent\" data-id=\"69490652\" data-element_type=\"container\" data-e-type=\"container\">\n\t\t\t\t\t<div class=\"e-con-inner\">\n\t\t\t\t<div class=\"elementor-element elementor-element-6c16245f elementor-widget elementor-widget-text-editor\" data-id=\"6c16245f\" data-element_type=\"widget\" data-e-type=\"widget\" data-widget_type=\"text-editor.default\">\n\t\t\t\t<div class=\"elementor-widget-container\">\n\t\t\t\t\t\t\t\t\t<div data-olk-copy-source=\"MessageBody\">La Fundaci\u00f3n Universitaria Agraria de Colombia \u2013 UNIAGRARIA informa a los profesionales en territorio, a la comunidad acad\u00e9mica y al p\u00fablico en general que la\u00a0<b>Especializaci\u00f3n en Responsabilidad Ambiental y Sostenibilidad (ERAS)<\/b>\u00a0ahora se ofrece oficialmente en\u00a0<b>modalidad virtual<\/b>, como parte de su compromiso con la innovaci\u00f3n educativa, la calidad acad\u00e9mica y el acceso a la formaci\u00f3n posgradual desde distintos territorios del pa\u00eds.<\/div><div>Este cambio fue notificado y avalado por el\u00a0<b>Ministerio de Educaci\u00f3n Nacional<\/b>, mediante comunicaci\u00f3n oficial con radicado 2025-EE-379078 del proceso RD25975 del Sistema de Aseguramiento de la Calidad de la Educaci\u00f3n Superior &#8211; Nuevo Saces<b>,<\/b>\u00a0en la cual se deja constancia de la modificaci\u00f3n de la modalidad del programa, que pasa de presencial a virtual, as\u00ed como de la modificaci\u00f3n de su plan de estudios, en cumplimiento de lo establecido en el Decreto 1075 de 2015 y normas concordantes.<\/div><div>La transici\u00f3n a modalidad virtual, permite que profesionales de diferentes regiones fortalezcan sus competencias en gesti\u00f3n ambiental, sostenibilidad y responsabilidad socioambiental, sin barreras geogr\u00e1ficas, manteniendo los est\u00e1ndares acad\u00e9micos y el enfoque disciplinar que caracterizan a la\u00a0<b>Especializaci\u00f3n en Responsabilidad Ambiental y Sostenibilidad (ERAS)<\/b>, \u00fanica es su denominaci\u00f3n y ejes disciplinares.<\/div><div>Es importante destacar que esta modificaci\u00f3n\u00a0<b>no altera la vigencia del registro calificado<\/b>\u00a0otorgado por el Ministerio de Educaci\u00f3n Nacional mediante Resoluci\u00f3n MEN N\u00b0 022322 del 24 de Noviembre de 2023, lo que garantiza la continuidad y validez del programa dentro del sistema de educaci\u00f3n superior colombiano.<\/div><div>Con esta apuesta, UNIAGRARIA reafirma su compromiso con una educaci\u00f3n pertinente, flexible y alineada con los desaf\u00edos ambientales y sociales actuales, contribuyendo a la formaci\u00f3n de especialistas capaces de liderar procesos socio-Jur\u00eddicos, articulados con la sostenibilidad.<\/div><div><p>Para m\u00e1s informaci\u00f3n sobre la Especializaci\u00f3n en Responsabilidad Ambiental y Sostenibilidad \u2013 ERAS, los interesados pueden consultar el sitio web institucional o comunicarse con la Direcci\u00f3n del programa de UNIAGRARIA.\u00a0 \u00a0navajas.gleidis@uniagraria.edu.co<\/p><\/div>\t\t\t\t\t\t\t\t<\/div>\n\t\t\t\t<\/div>\n\t\t\t\t<div class=\"elementor-element elementor-element-fee3a8c elementor-align-center elementor-widget elementor-widget-button\" data-id=\"fee3a8c\" data-element_type=\"widget\" data-e-type=\"widget\" data-widget_type=\"button.default\">\n\t\t\t\t<div class=\"elementor-widget-container\">\n\t\t\t\t\t\t\t\t\t<div class=\"elementor-button-wrapper\">\n\t\t\t\t\t<a class=\"elementor-button elementor-button-link elementor-size-sm\" href=\"https:\/\/uniagraria.edu.co\/es\/responsabilidad-ambiental-y-sostenibilidad\/\">\n\t\t\t\t\t\t<span class=\"elementor-button-content-wrapper\">\n\t\t\t\t\t\t\t\t\t<span class=\"elementor-button-text\">Haz clic aqu\u00ed para conocer m\u00e1s del programa<\/span>\n\t\t\t\t\t<\/span>\n\t\t\t\t\t<\/a>\n\t\t\t\t<\/div>\n\t\t\t\t\t\t\t\t<\/div>\n\t\t\t\t<\/div>\n\t\t\t\t\t<\/div>\n\t\t\t\t<\/div>\n\t\t<div class=\"elementor-element elementor-element-a1b8de9 e-flex e-con-boxed e-con e-parent\" data-id=\"a1b8de9\" data-element_type=\"container\" data-e-type=\"container\">\n\t\t\t\t\t<div class=\"e-con-inner\">\n\t\t\t\t<div class=\"elementor-element elementor-element-ed22426 elementor-widget elementor-widget-image\" data-id=\"ed22426\" data-element_type=\"widget\" data-e-type=\"widget\" data-widget_type=\"image.default\">\n\t\t\t\t<div class=\"elementor-widget-container\">\n\t\t\t\t\t\t\t\t\t\t\t\t\t\t\t<img fetchpriority=\"high\" decoding=\"async\" width=\"1024\" height=\"576\" src=\"https:\/\/uniagraria.edu.co\/wp-content\/uploads\/2026\/01\/WhatsApp-Image-2026-01-23-at-12.12.05-PM-1024x576.jpeg\" class=\"attachment-large size-large wp-image-81318\" alt=\"\" srcset=\"https:\/\/uniagraria.edu.co\/wp-content\/uploads\/2026\/01\/WhatsApp-Image-2026-01-23-at-12.12.05-PM-1024x576.jpeg 1024w, https:\/\/uniagraria.edu.co\/wp-content\/uploads\/2026\/01\/WhatsApp-Image-2026-01-23-at-12.12.05-PM-300x169.jpeg 300w, https:\/\/uniagraria.edu.co\/wp-content\/uploads\/2026\/01\/WhatsApp-Image-2026-01-23-at-12.12.05-PM-768x432.jpeg 768w, https:\/\/uniagraria.edu.co\/wp-content\/uploads\/2026\/01\/WhatsApp-Image-2026-01-23-at-12.12.05-PM-1536x864.jpeg 1536w, https:\/\/uniagraria.edu.co\/wp-content\/uploads\/2026\/01\/WhatsApp-Image-2026-01-23-at-12.12.05-PM-18x10.jpeg 18w, https:\/\/uniagraria.edu.co\/wp-content\/uploads\/2026\/01\/WhatsApp-Image-2026-01-23-at-12.12.05-PM.jpeg 1600w\" sizes=\"(max-width: 1024px) 100vw, 1024px\" \/>\t\t\t\t\t\t\t\t\t\t\t\t\t\t\t<\/div>\n\t\t\t\t<\/div>\n\t\t\t\t\t<\/div>\n\t\t\t\t<\/div>\n\t\t\t\t<\/div>","protected":false},"excerpt":{"rendered":"<p>La Fundaci\u00f3n Universitaria Agraria de Colombia \u2013 UNIAGRARIA informa a los profesionales en territorio, a la comunidad acad\u00e9mica y al p\u00fablico en general que la\u00a0Especializaci\u00f3n en Responsabilidad Ambiental y Sostenibilidad (ERAS)\u00a0ahora se ofrece oficialmente en\u00a0modalidad virtual, como parte de su compromiso con la innovaci\u00f3n educativa, la calidad acad\u00e9mica y el acceso a la formaci\u00f3n posgradual [&hellip;]<\/p>\n","protected":false},"author":5,"featured_media":81318,"comment_status":"closed","ping_status":"open","sticky":false,"template":"","format":"standard","meta":{"_acf_changed":false,"site-sidebar-layout":"default","site-content-layout":"","ast-site-content-layout":"default","site-content-style":"default","site-sidebar-style":"default","ast-global-header-display":"","ast-banner-title-visibility":"","ast-main-header-display":"","ast-hfb-above-header-display":"","ast-hfb-below-header-display":"","ast-hfb-mobile-header-display":"","site-post-title":"","ast-breadcrumbs-content":"","ast-featured-img":"","footer-sml-layout":"","ast-disable-related-posts":"","theme-transparent-header-meta":"default","adv-header-id-meta":"","stick-header-meta":"default","header-above-stick-meta":"","header-main-stick-meta":"","header-below-stick-meta":"","astra-migrate-meta-layouts":"set","ast-page-background-enabled":"default","ast-page-background-meta":{"desktop":{"background-color":"var(--ast-global-color-4)","background-image":"","background-repeat":"repeat","background-position":"center center","background-size":"auto","background-attachment":"scroll","background-type":"","background-media":"","overlay-type":"","overlay-color":"","overlay-opacity":"","overlay-gradient":""},"tablet":{"background-color":"","background-image":"","background-repeat":"repeat","background-position":"center center","background-size":"auto","background-attachment":"scroll","background-type":"","background-media":"","overlay-type":"","overlay-color":"","overlay-opacity":"","overlay-gradient":""},"mobile":{"background-color":"","background-image":"","background-repeat":"repeat","background-position":"center center","background-size":"auto","background-attachment":"scroll","background-type":"","background-media":"","overlay-type":"","overlay-color":"","overlay-opacity":"","overlay-gradient":""}},"ast-content-background-meta":{"desktop":{"background-color":"var(--ast-global-color-5)","background-image":"","background-repeat":"repeat","background-position":"center center","background-size":"auto","background-attachment":"scroll","background-type":"","background-media":"","overlay-type":"","overlay-color":"","overlay-opacity":"","overlay-gradient":""},"tablet":{"background-color":"var(--ast-global-color-5)","background-image":"","background-repeat":"repeat","background-position":"center center","background-size":"auto","background-attachment":"scroll","background-type":"","background-media":"","overlay-type":"","overlay-color":"","overlay-opacity":"","overlay-gradient":""},"mobile":{"background-color":"var(--ast-global-color-5)","background-image":"","background-repeat":"repeat","background-position":"center center","background-size":"auto","background-attachment":"scroll","background-type":"","background-media":"","overlay-type":"","overlay-color":"","overlay-opacity":"","overlay-gradient":""}},"footnotes":""},"categories":[9,35,131,619,97],"tags":[],"class_list":["post-81316","post","type-post","status-publish","format-standard","has-post-thumbnail","hentry","category-noticia","category-noticias","category-noticias-de-derecho","category-noticias-observatorio-de-derecho-agrario","category-responsabilidad-ambiental-y-sostenibilidad"],"acf":[],"yoast_head":"<!-- This site is optimized with the Yoast SEO plugin v27.5 - https:\/\/yoast.com\/product\/yoast-seo-wordpress\/ -->\n<title>La Especializaci\u00f3n en Responsabilidad Ambiental y Sostenibilidad ahora en modalidad virtual: m\u00e1s cerca de los profesionales en territorio. - UNIAGRARIA<\/title>\n<meta name=\"robots\" content=\"index, follow, max-snippet:-1, max-image-preview:large, max-video-preview:-1\" \/>\n<link rel=\"canonical\" href=\"https:\/\/uniagraria.edu.co\/en\/la-especializacion-en-responsabilidad-ambiental-y-sostenibilidad-ahora-en-modalidad-virtual-mas-cerca-de-los-profesionales-en-territorio\/\" \/>\n<meta property=\"og:locale\" content=\"en_US\" \/>\n<meta property=\"og:type\" content=\"article\" \/>\n<meta property=\"og:title\" content=\"La Especializaci\u00f3n en Responsabilidad Ambiental y Sostenibilidad ahora en modalidad virtual: m\u00e1s cerca de los profesionales en territorio. - UNIAGRARIA\" \/>\n<meta property=\"og:description\" content=\"La Fundaci\u00f3n Universitaria Agraria de Colombia \u2013 UNIAGRARIA informa a los profesionales en territorio, a la comunidad acad\u00e9mica y al p\u00fablico en general que la\u00a0Especializaci\u00f3n en Responsabilidad Ambiental y Sostenibilidad (ERAS)\u00a0ahora se ofrece oficialmente en\u00a0modalidad virtual, como parte de su compromiso con la innovaci\u00f3n educativa, la calidad acad\u00e9mica y el acceso a la formaci\u00f3n posgradual [&hellip;]\" \/>\n<meta property=\"og:url\" content=\"https:\/\/uniagraria.edu.co\/en\/la-especializacion-en-responsabilidad-ambiental-y-sostenibilidad-ahora-en-modalidad-virtual-mas-cerca-de-los-profesionales-en-territorio\/\" \/>\n<meta property=\"og:site_name\" content=\"UNIAGRARIA\" \/>\n<meta property=\"article:publisher\" content=\"https:\/\/www.facebook.com\/uagraria\/?locale=es_LA\" \/>\n<meta property=\"article:published_time\" content=\"2026-01-23T17:29:33+00:00\" \/>\n<meta property=\"article:modified_time\" content=\"2026-01-23T22:30:26+00:00\" \/>\n<meta property=\"og:image\" content=\"https:\/\/uniagraria.edu.co\/wp-content\/uploads\/2026\/01\/WhatsApp-Image-2026-01-23-at-12.12.05-PM.jpeg\" \/>\n\t<meta property=\"og:image:width\" content=\"1600\" \/>\n\t<meta property=\"og:image:height\" content=\"900\" \/>\n\t<meta property=\"og:image:type\" content=\"image\/jpeg\" \/>\n<meta name=\"author\" content=\"Comunicaciones UNIAGRARIA\" \/>\n<meta name=\"twitter:card\" content=\"summary_large_image\" \/>\n<meta name=\"twitter:creator\" content=\"@UNIAGRARIA\" \/>\n<meta name=\"twitter:site\" content=\"@UNIAGRARIA\" \/>\n<meta name=\"twitter:label1\" content=\"Written by\" \/>\n\t<meta name=\"twitter:data1\" content=\"Comunicaciones UNIAGRARIA\" \/>\n\t<meta name=\"twitter:label2\" content=\"Est. reading time\" \/>\n\t<meta name=\"twitter:data2\" content=\"2 minutes\" \/>\n<script type=\"application\/ld+json\" class=\"yoast-schema-graph\">{\"@context\":\"https:\\\/\\\/schema.org\",\"@graph\":[{\"@type\":\"Article\",\"@id\":\"https:\\\/\\\/uniagraria.edu.co\\\/la-especializacion-en-responsabilidad-ambiental-y-sostenibilidad-ahora-en-modalidad-virtual-mas-cerca-de-los-profesionales-en-territorio\\\/#article\",\"isPartOf\":{\"@id\":\"https:\\\/\\\/uniagraria.edu.co\\\/la-especializacion-en-responsabilidad-ambiental-y-sostenibilidad-ahora-en-modalidad-virtual-mas-cerca-de-los-profesionales-en-territorio\\\/\"},\"author\":{\"name\":\"Comunicaciones UNIAGRARIA\",\"@id\":\"https:\\\/\\\/uniagraria.edu.co\\\/es\\\/#\\\/schema\\\/person\\\/0e33f5fa0e8c069958129cbe1ddd943f\"},\"headline\":\"La Especializaci\u00f3n en Responsabilidad Ambiental y Sostenibilidad ahora en modalidad virtual: m\u00e1s cerca de los profesionales en territorio.\",\"datePublished\":\"2026-01-23T17:29:33+00:00\",\"dateModified\":\"2026-01-23T22:30:26+00:00\",\"mainEntityOfPage\":{\"@id\":\"https:\\\/\\\/uniagraria.edu.co\\\/la-especializacion-en-responsabilidad-ambiental-y-sostenibilidad-ahora-en-modalidad-virtual-mas-cerca-de-los-profesionales-en-territorio\\\/\"},\"wordCount\":364,\"publisher\":{\"@id\":\"https:\\\/\\\/uniagraria.edu.co\\\/es\\\/#organization\"},\"image\":{\"@id\":\"https:\\\/\\\/uniagraria.edu.co\\\/la-especializacion-en-responsabilidad-ambiental-y-sostenibilidad-ahora-en-modalidad-virtual-mas-cerca-de-los-profesionales-en-territorio\\\/#primaryimage\"},\"thumbnailUrl\":\"https:\\\/\\\/uniagraria.edu.co\\\/wp-content\\\/uploads\\\/2026\\\/01\\\/WhatsApp-Image-2026-01-23-at-12.12.05-PM.jpeg\",\"articleSection\":[\"Noticia\",\"Noticias\",\"Noticias de Derecho\",\"Noticias Observatorio de Derecho Agrario\",\"Responsabilidad Ambiental y Sostenibilidad\"],\"inLanguage\":\"en-US\"},{\"@type\":\"WebPage\",\"@id\":\"https:\\\/\\\/uniagraria.edu.co\\\/la-especializacion-en-responsabilidad-ambiental-y-sostenibilidad-ahora-en-modalidad-virtual-mas-cerca-de-los-profesionales-en-territorio\\\/\",\"url\":\"https:\\\/\\\/uniagraria.edu.co\\\/la-especializacion-en-responsabilidad-ambiental-y-sostenibilidad-ahora-en-modalidad-virtual-mas-cerca-de-los-profesionales-en-territorio\\\/\",\"name\":\"La Especializaci\u00f3n en Responsabilidad Ambiental y Sostenibilidad ahora en modalidad virtual: m\u00e1s cerca de los profesionales en territorio. - UNIAGRARIA\",\"isPartOf\":{\"@id\":\"https:\\\/\\\/uniagraria.edu.co\\\/es\\\/#website\"},\"primaryImageOfPage\":{\"@id\":\"https:\\\/\\\/uniagraria.edu.co\\\/la-especializacion-en-responsabilidad-ambiental-y-sostenibilidad-ahora-en-modalidad-virtual-mas-cerca-de-los-profesionales-en-territorio\\\/#primaryimage\"},\"image\":{\"@id\":\"https:\\\/\\\/uniagraria.edu.co\\\/la-especializacion-en-responsabilidad-ambiental-y-sostenibilidad-ahora-en-modalidad-virtual-mas-cerca-de-los-profesionales-en-territorio\\\/#primaryimage\"},\"thumbnailUrl\":\"https:\\\/\\\/uniagraria.edu.co\\\/wp-content\\\/uploads\\\/2026\\\/01\\\/WhatsApp-Image-2026-01-23-at-12.12.05-PM.jpeg\",\"datePublished\":\"2026-01-23T17:29:33+00:00\",\"dateModified\":\"2026-01-23T22:30:26+00:00\",\"breadcrumb\":{\"@id\":\"https:\\\/\\\/uniagraria.edu.co\\\/la-especializacion-en-responsabilidad-ambiental-y-sostenibilidad-ahora-en-modalidad-virtual-mas-cerca-de-los-profesionales-en-territorio\\\/#breadcrumb\"},\"inLanguage\":\"en-US\",\"potentialAction\":[{\"@type\":\"ReadAction\",\"target\":[\"https:\\\/\\\/uniagraria.edu.co\\\/la-especializacion-en-responsabilidad-ambiental-y-sostenibilidad-ahora-en-modalidad-virtual-mas-cerca-de-los-profesionales-en-territorio\\\/\"]}]},{\"@type\":\"ImageObject\",\"inLanguage\":\"en-US\",\"@id\":\"https:\\\/\\\/uniagraria.edu.co\\\/la-especializacion-en-responsabilidad-ambiental-y-sostenibilidad-ahora-en-modalidad-virtual-mas-cerca-de-los-profesionales-en-territorio\\\/#primaryimage\",\"url\":\"https:\\\/\\\/uniagraria.edu.co\\\/wp-content\\\/uploads\\\/2026\\\/01\\\/WhatsApp-Image-2026-01-23-at-12.12.05-PM.jpeg\",\"contentUrl\":\"https:\\\/\\\/uniagraria.edu.co\\\/wp-content\\\/uploads\\\/2026\\\/01\\\/WhatsApp-Image-2026-01-23-at-12.12.05-PM.jpeg\",\"width\":1600,\"height\":900},{\"@type\":\"BreadcrumbList\",\"@id\":\"https:\\\/\\\/uniagraria.edu.co\\\/la-especializacion-en-responsabilidad-ambiental-y-sostenibilidad-ahora-en-modalidad-virtual-mas-cerca-de-los-profesionales-en-territorio\\\/#breadcrumb\",\"itemListElement\":[{\"@type\":\"ListItem\",\"position\":1,\"name\":\"Inicio\",\"item\":\"https:\\\/\\\/uniagraria.edu.co\\\/\"},{\"@type\":\"ListItem\",\"position\":2,\"name\":\"Noticia\",\"item\":\"https:\\\/\\\/uniagraria.edu.co\\\/es\\\/category\\\/noticia\\\/\"},{\"@type\":\"ListItem\",\"position\":3,\"name\":\"La Especializaci\u00f3n en Responsabilidad Ambiental y Sostenibilidad ahora en modalidad virtual: m\u00e1s cerca de los profesionales en territorio.\"}]},{\"@type\":\"WebSite\",\"@id\":\"https:\\\/\\\/uniagraria.edu.co\\\/es\\\/#website\",\"url\":\"https:\\\/\\\/uniagraria.edu.co\\\/es\\\/\",\"name\":\"UNIAGRARIA\",\"description\":\"FUNDACION UNIVERSITARIA AGRARIA DE COLOMBIA\",\"publisher\":{\"@id\":\"https:\\\/\\\/uniagraria.edu.co\\\/es\\\/#organization\"},\"potentialAction\":[{\"@type\":\"SearchAction\",\"target\":{\"@type\":\"EntryPoint\",\"urlTemplate\":\"https:\\\/\\\/uniagraria.edu.co\\\/es\\\/?s={search_term_string}\"},\"query-input\":{\"@type\":\"PropertyValueSpecification\",\"valueRequired\":true,\"valueName\":\"search_term_string\"}}],\"inLanguage\":\"en-US\"},{\"@type\":\"Organization\",\"@id\":\"https:\\\/\\\/uniagraria.edu.co\\\/es\\\/#organization\",\"name\":\"UNIAGRARIA\",\"url\":\"https:\\\/\\\/uniagraria.edu.co\\\/es\\\/\",\"logo\":{\"@type\":\"ImageObject\",\"inLanguage\":\"en-US\",\"@id\":\"https:\\\/\\\/uniagraria.edu.co\\\/es\\\/#\\\/schema\\\/logo\\\/image\\\/\",\"url\":\"https:\\\/\\\/novawebmaster.com\\\/uniagraria\\\/wp-content\\\/uploads\\\/2025\\\/02\\\/LogoUa2023Vertical.png\",\"contentUrl\":\"https:\\\/\\\/novawebmaster.com\\\/uniagraria\\\/wp-content\\\/uploads\\\/2025\\\/02\\\/LogoUa2023Vertical.png\",\"width\":3300,\"height\":2550,\"caption\":\"UNIAGRARIA\"},\"image\":{\"@id\":\"https:\\\/\\\/uniagraria.edu.co\\\/es\\\/#\\\/schema\\\/logo\\\/image\\\/\"},\"sameAs\":[\"https:\\\/\\\/www.facebook.com\\\/uagraria\\\/?locale=es_LA\",\"https:\\\/\\\/x.com\\\/UNIAGRARIA\",\"https:\\\/\\\/www.instagram.com\\\/uniagraria\\\/profilecard\\\/?igsh=MXI2bTFlMWsxNzNjOA\",\"https:\\\/\\\/www.tiktok.com\\\/discover\\\/uniagraria?lang=es\",\"https:\\\/\\\/www.linkedin.com\\\/school\\\/uniagraria\\\/?originalSubdomain=co\",\"https:\\\/\\\/www.youtube.com\\\/user\\\/UniagrariaUverde?themeRefresh=1\",\"https:\\\/\\\/api.whatsapp.com\\\/send?phone=3134230649\"]},{\"@type\":\"Person\",\"@id\":\"https:\\\/\\\/uniagraria.edu.co\\\/es\\\/#\\\/schema\\\/person\\\/0e33f5fa0e8c069958129cbe1ddd943f\",\"name\":\"Comunicaciones UNIAGRARIA\",\"image\":{\"@type\":\"ImageObject\",\"inLanguage\":\"en-US\",\"@id\":\"https:\\\/\\\/secure.gravatar.com\\\/avatar\\\/f7e7249c4d3d9f8946f23544dbad58c5502cb22fc051cc2363fa7a13b9bc9939?s=96&d=mm&r=g\",\"url\":\"https:\\\/\\\/secure.gravatar.com\\\/avatar\\\/f7e7249c4d3d9f8946f23544dbad58c5502cb22fc051cc2363fa7a13b9bc9939?s=96&d=mm&r=g\",\"contentUrl\":\"https:\\\/\\\/secure.gravatar.com\\\/avatar\\\/f7e7249c4d3d9f8946f23544dbad58c5502cb22fc051cc2363fa7a13b9bc9939?s=96&d=mm&r=g\",\"caption\":\"Comunicaciones UNIAGRARIA\"},\"url\":\"https:\\\/\\\/uniagraria.edu.co\\\/en\\\/author\\\/daniel-castellanos\\\/\"}]}<\/script>\n<!-- \/ Yoast SEO plugin. -->","yoast_head_json":{"title":"La Especializaci\u00f3n en Responsabilidad Ambiental y Sostenibilidad ahora en modalidad virtual: m\u00e1s cerca de los profesionales en territorio. - UNIAGRARIA","robots":{"index":"index","follow":"follow","max-snippet":"max-snippet:-1","max-image-preview":"max-image-preview:large","max-video-preview":"max-video-preview:-1"},"canonical":"https:\/\/uniagraria.edu.co\/en\/la-especializacion-en-responsabilidad-ambiental-y-sostenibilidad-ahora-en-modalidad-virtual-mas-cerca-de-los-profesionales-en-territorio\/","og_locale":"en_US","og_type":"article","og_title":"La Especializaci\u00f3n en Responsabilidad Ambiental y Sostenibilidad ahora en modalidad virtual: m\u00e1s cerca de los profesionales en territorio. - UNIAGRARIA","og_description":"La Fundaci\u00f3n Universitaria Agraria de Colombia \u2013 UNIAGRARIA informa a los profesionales en territorio, a la comunidad acad\u00e9mica y al p\u00fablico en general que la\u00a0Especializaci\u00f3n en Responsabilidad Ambiental y Sostenibilidad (ERAS)\u00a0ahora se ofrece oficialmente en\u00a0modalidad virtual, como parte de su compromiso con la innovaci\u00f3n educativa, la calidad acad\u00e9mica y el acceso a la formaci\u00f3n posgradual [&hellip;]","og_url":"https:\/\/uniagraria.edu.co\/en\/la-especializacion-en-responsabilidad-ambiental-y-sostenibilidad-ahora-en-modalidad-virtual-mas-cerca-de-los-profesionales-en-territorio\/","og_site_name":"UNIAGRARIA","article_publisher":"https:\/\/www.facebook.com\/uagraria\/?locale=es_LA","article_published_time":"2026-01-23T17:29:33+00:00","article_modified_time":"2026-01-23T22:30:26+00:00","og_image":[{"width":1600,"height":900,"url":"https:\/\/uniagraria.edu.co\/wp-content\/uploads\/2026\/01\/WhatsApp-Image-2026-01-23-at-12.12.05-PM.jpeg","type":"image\/jpeg"}],"author":"Comunicaciones UNIAGRARIA","twitter_card":"summary_large_image","twitter_creator":"@UNIAGRARIA","twitter_site":"@UNIAGRARIA","twitter_misc":{"Written by":"Comunicaciones UNIAGRARIA","Est. reading time":"2 minutes"},"schema":{"@context":"https:\/\/schema.org","@graph":[{"@type":"Article","@id":"https:\/\/uniagraria.edu.co\/la-especializacion-en-responsabilidad-ambiental-y-sostenibilidad-ahora-en-modalidad-virtual-mas-cerca-de-los-profesionales-en-territorio\/#article","isPartOf":{"@id":"https:\/\/uniagraria.edu.co\/la-especializacion-en-responsabilidad-ambiental-y-sostenibilidad-ahora-en-modalidad-virtual-mas-cerca-de-los-profesionales-en-territorio\/"},"author":{"name":"Comunicaciones UNIAGRARIA","@id":"https:\/\/uniagraria.edu.co\/es\/#\/schema\/person\/0e33f5fa0e8c069958129cbe1ddd943f"},"headline":"La Especializaci\u00f3n en Responsabilidad Ambiental y Sostenibilidad ahora en modalidad virtual: m\u00e1s cerca de los profesionales en territorio.","datePublished":"2026-01-23T17:29:33+00:00","dateModified":"2026-01-23T22:30:26+00:00","mainEntityOfPage":{"@id":"https:\/\/uniagraria.edu.co\/la-especializacion-en-responsabilidad-ambiental-y-sostenibilidad-ahora-en-modalidad-virtual-mas-cerca-de-los-profesionales-en-territorio\/"},"wordCount":364,"publisher":{"@id":"https:\/\/uniagraria.edu.co\/es\/#organization"},"image":{"@id":"https:\/\/uniagraria.edu.co\/la-especializacion-en-responsabilidad-ambiental-y-sostenibilidad-ahora-en-modalidad-virtual-mas-cerca-de-los-profesionales-en-territorio\/#primaryimage"},"thumbnailUrl":"https:\/\/uniagraria.edu.co\/wp-content\/uploads\/2026\/01\/WhatsApp-Image-2026-01-23-at-12.12.05-PM.jpeg","articleSection":["Noticia","Noticias","Noticias de Derecho","Noticias Observatorio de Derecho Agrario","Responsabilidad Ambiental y Sostenibilidad"],"inLanguage":"en-US"},{"@type":"WebPage","@id":"https:\/\/uniagraria.edu.co\/la-especializacion-en-responsabilidad-ambiental-y-sostenibilidad-ahora-en-modalidad-virtual-mas-cerca-de-los-profesionales-en-territorio\/","url":"https:\/\/uniagraria.edu.co\/la-especializacion-en-responsabilidad-ambiental-y-sostenibilidad-ahora-en-modalidad-virtual-mas-cerca-de-los-profesionales-en-territorio\/","name":"La Especializaci\u00f3n en Responsabilidad Ambiental y Sostenibilidad ahora en modalidad virtual: m\u00e1s cerca de los profesionales en territorio. - UNIAGRARIA","isPartOf":{"@id":"https:\/\/uniagraria.edu.co\/es\/#website"},"primaryImageOfPage":{"@id":"https:\/\/uniagraria.edu.co\/la-especializacion-en-responsabilidad-ambiental-y-sostenibilidad-ahora-en-modalidad-virtual-mas-cerca-de-los-profesionales-en-territorio\/#primaryimage"},"image":{"@id":"https:\/\/uniagraria.edu.co\/la-especializacion-en-responsabilidad-ambiental-y-sostenibilidad-ahora-en-modalidad-virtual-mas-cerca-de-los-profesionales-en-territorio\/#primaryimage"},"thumbnailUrl":"https:\/\/uniagraria.edu.co\/wp-content\/uploads\/2026\/01\/WhatsApp-Image-2026-01-23-at-12.12.05-PM.jpeg","datePublished":"2026-01-23T17:29:33+00:00","dateModified":"2026-01-23T22:30:26+00:00","breadcrumb":{"@id":"https:\/\/uniagraria.edu.co\/la-especializacion-en-responsabilidad-ambiental-y-sostenibilidad-ahora-en-modalidad-virtual-mas-cerca-de-los-profesionales-en-territorio\/#breadcrumb"},"inLanguage":"en-US","potentialAction":[{"@type":"ReadAction","target":["https:\/\/uniagraria.edu.co\/la-especializacion-en-responsabilidad-ambiental-y-sostenibilidad-ahora-en-modalidad-virtual-mas-cerca-de-los-profesionales-en-territorio\/"]}]},{"@type":"ImageObject","inLanguage":"en-US","@id":"https:\/\/uniagraria.edu.co\/la-especializacion-en-responsabilidad-ambiental-y-sostenibilidad-ahora-en-modalidad-virtual-mas-cerca-de-los-profesionales-en-territorio\/#primaryimage","url":"https:\/\/uniagraria.edu.co\/wp-content\/uploads\/2026\/01\/WhatsApp-Image-2026-01-23-at-12.12.05-PM.jpeg","contentUrl":"https:\/\/uniagraria.edu.co\/wp-content\/uploads\/2026\/01\/WhatsApp-Image-2026-01-23-at-12.12.05-PM.jpeg","width":1600,"height":900},{"@type":"BreadcrumbList","@id":"https:\/\/uniagraria.edu.co\/la-especializacion-en-responsabilidad-ambiental-y-sostenibilidad-ahora-en-modalidad-virtual-mas-cerca-de-los-profesionales-en-territorio\/#breadcrumb","itemListElement":[{"@type":"ListItem","position":1,"name":"Inicio","item":"https:\/\/uniagraria.edu.co\/"},{"@type":"ListItem","position":2,"name":"Noticia","item":"https:\/\/uniagraria.edu.co\/es\/category\/noticia\/"},{"@type":"ListItem","position":3,"name":"La Especializaci\u00f3n en Responsabilidad Ambiental y Sostenibilidad ahora en modalidad virtual: m\u00e1s cerca de los profesionales en territorio."}]},{"@type":"WebSite","@id":"https:\/\/uniagraria.edu.co\/es\/#website","url":"https:\/\/uniagraria.edu.co\/es\/","name":"Experience the experience and discover the education of","description":"FUNDACION UNIVERSITARIA AGRARIA DE COLOMBIA","publisher":{"@id":"https:\/\/uniagraria.edu.co\/es\/#organization"},"potentialAction":[{"@type":"SearchAction","target":{"@type":"EntryPoint","urlTemplate":"https:\/\/uniagraria.edu.co\/es\/?s={search_term_string}"},"query-input":{"@type":"PropertyValueSpecification","valueRequired":true,"valueName":"search_term_string"}}],"inLanguage":"en-US"},{"@type":"Organization","@id":"https:\/\/uniagraria.edu.co\/es\/#organization","name":"Experience the experience and discover the education of","url":"https:\/\/uniagraria.edu.co\/es\/","logo":{"@type":"ImageObject","inLanguage":"en-US","@id":"https:\/\/uniagraria.edu.co\/es\/#\/schema\/logo\/image\/","url":"https:\/\/novawebmaster.com\/uniagraria\/wp-content\/uploads\/2025\/02\/LogoUa2023Vertical.png","contentUrl":"https:\/\/novawebmaster.com\/uniagraria\/wp-content\/uploads\/2025\/02\/LogoUa2023Vertical.png","width":3300,"height":2550,"caption":"UNIAGRARIA"},"image":{"@id":"https:\/\/uniagraria.edu.co\/es\/#\/schema\/logo\/image\/"},"sameAs":["https:\/\/www.facebook.com\/uagraria\/?locale=es_LA","https:\/\/x.com\/UNIAGRARIA","https:\/\/www.instagram.com\/uniagraria\/profilecard\/?igsh=MXI2bTFlMWsxNzNjOA","https:\/\/www.tiktok.com\/discover\/uniagraria?lang=es","https:\/\/www.linkedin.com\/school\/uniagraria\/?originalSubdomain=co","https:\/\/www.youtube.com\/user\/UniagrariaUverde?themeRefresh=1","https:\/\/api.whatsapp.com\/send?phone=3134230649"]},{"@type":"Person","@id":"https:\/\/uniagraria.edu.co\/es\/#\/schema\/person\/0e33f5fa0e8c069958129cbe1ddd943f","name":"Communications UNIAGRARIA","image":{"@type":"ImageObject","inLanguage":"en-US","@id":"https:\/\/secure.gravatar.com\/avatar\/f7e7249c4d3d9f8946f23544dbad58c5502cb22fc051cc2363fa7a13b9bc9939?s=96&d=mm&r=g","url":"https:\/\/secure.gravatar.com\/avatar\/f7e7249c4d3d9f8946f23544dbad58c5502cb22fc051cc2363fa7a13b9bc9939?s=96&d=mm&r=g","contentUrl":"https:\/\/secure.gravatar.com\/avatar\/f7e7249c4d3d9f8946f23544dbad58c5502cb22fc051cc2363fa7a13b9bc9939?s=96&d=mm&r=g","caption":"Comunicaciones UNIAGRARIA"},"url":"https:\/\/uniagraria.edu.co\/en\/author\/daniel-castellanos\/"}]}},"_links":{"self":[{"href":"https:\/\/uniagraria.edu.co\/en\/wp-json\/wp\/v2\/posts\/81316","targetHints":{"allow":["GET"]}}],"collection":[{"href":"https:\/\/uniagraria.edu.co\/en\/wp-json\/wp\/v2\/posts"}],"about":[{"href":"https:\/\/uniagraria.edu.co\/en\/wp-json\/wp\/v2\/types\/post"}],"author":[{"embeddable":true,"href":"https:\/\/uniagraria.edu.co\/en\/wp-json\/wp\/v2\/users\/5"}],"replies":[{"embeddable":true,"href":"https:\/\/uniagraria.edu.co\/en\/wp-json\/wp\/v2\/comments?post=81316"}],"version-history":[{"count":7,"href":"https:\/\/uniagraria.edu.co\/en\/wp-json\/wp\/v2\/posts\/81316\/revisions"}],"predecessor-version":[{"id":81325,"href":"https:\/\/uniagraria.edu.co\/en\/wp-json\/wp\/v2\/posts\/81316\/revisions\/81325"}],"wp:featuredmedia":[{"embeddable":true,"href":"https:\/\/uniagraria.edu.co\/en\/wp-json\/wp\/v2\/media\/81318"}],"wp:attachment":[{"href":"https:\/\/uniagraria.edu.co\/en\/wp-json\/wp\/v2\/media?parent=81316"}],"wp:term":[{"taxonomy":"category","embeddable":true,"href":"https:\/\/uniagraria.edu.co\/en\/wp-json\/wp\/v2\/categories?post=81316"},{"taxonomy":"post_tag","embeddable":true,"href":"https:\/\/uniagraria.edu.co\/en\/wp-json\/wp\/v2\/tags?post=81316"}],"curies":[{"name":"wp","href":"https:\/\/api.w.org\/{rel}","templated":true}]}}