{"id":90906,"date":"2026-09-01T15:38:32","date_gmt":"2026-09-01T20:38:32","guid":{"rendered":"https:\/\/uniagraria.edu.co\/?p=90906"},"modified":"2026-09-01T15:40:46","modified_gmt":"2026-09-01T20:40:46","slug":"uniagraria-participa-en-edutechnia-2026-y-se-suma-al-dialogo-sobre-el-futuro-de-la-educacion-superior","status":"publish","type":"post","link":"https:\/\/uniagraria.edu.co\/en\/uniagraria-participa-en-edutechnia-2026-y-se-suma-al-dialogo-sobre-el-futuro-de-la-educacion-superior\/","title":{"rendered":"UNIAGRARIA participa en EDUTECHNIA 2026 y se suma al di\u00e1logo sobre el futuro de la Educaci\u00f3n Superior"},"content":{"rendered":"<div data-elementor-type=\"wp-post\" data-elementor-id=\"90906\" class=\"elementor elementor-90906\" data-elementor-post-type=\"post\">\n\t\t\t\t<div class=\"elementor-element elementor-element-1d3641e e-flex e-con-boxed e-con e-parent\" data-id=\"1d3641e\" data-element_type=\"container\" data-e-type=\"container\">\n\t\t\t\t\t<div class=\"e-con-inner\">\n\t\t\t\t<div class=\"elementor-element elementor-element-535005e elementor-widget elementor-widget-text-editor\" data-id=\"535005e\" data-element_type=\"widget\" data-e-type=\"widget\" data-widget_type=\"text-editor.default\">\n\t\t\t\t\t\t\t\t\t<p><span style=\"color: #000000;\">La participaci\u00f3n de la Instituci\u00f3n y del Vicerrector Acad\u00e9mico, Dr. Juan Carlos Reyes Garc\u00eda, permiti\u00f3 conocer nuevas tendencias, intercambiar experiencias y reflexionar sobre los desaf\u00edos y oportunidades que enfrenta actualmente el sector educativo.<\/span><\/p><p><span style=\"color: #000000;\">UNIAGRARIA estuvo presente en EDUTECHNIA 2026, uno de los principales escenarios de encuentro B2E (Business to Education) de la regi\u00f3n, realizado el pasado viernes 28 de agosto en Corferias, Bogot\u00e1, espacio que re\u00fane soluciones, tecnolog\u00edas, experiencias y actores estrat\u00e9gicos para impulsar la transformaci\u00f3n del ecosistema educativo.<\/span><\/p><p><span style=\"color: #000000;\">La participaci\u00f3n en este encuentro represent\u00f3 una valiosa oportunidad para la Instituci\u00f3n y su comunidad acad\u00e9mica, al propiciar el intercambio de conocimientos, la identificaci\u00f3n de nuevas tendencias y la generaci\u00f3n de espacios de di\u00e1logo en torno a los retos y oportunidades que plantea la transformaci\u00f3n de la educaci\u00f3n, desde la primera infancia hasta la Educaci\u00f3n Superior.<\/span><\/p><p><span style=\"color: #000000;\">Estos escenarios de encuentro adquieren especial relevancia para UNIAGRARIA, en la medida en que contribuyen al fortalecimiento acad\u00e9mico, la innovaci\u00f3n, la articulaci\u00f3n institucional y la construcci\u00f3n colectiva de conocimiento, al tiempo que permiten establecer conexiones con l\u00edderes, instituciones y potenciales aliados del sector educativo a nivel nacional e internacional.<\/span><\/p><p><span style=\"color: #000000;\"><b>UNIAGRARIA aporta al di\u00e1logo sobre microcredenciales y empleabilidad<\/b><\/span><\/p><p><span style=\"color: #000000;\">Como parte de la agenda de EDUTECHNIA 2026, el Vicerrector Acad\u00e9mico de UNIAGRARIA, Dr. Juan Carlos Reyes Garc\u00eda, particip\u00f3 en el panel \u201cCalidad y pertinencia de las microcredenciales en la empleabilidad\u201d, junto con Everardo Mar\u00edn Buitrago, l\u00edder de Aprendizaje y Empleabilidad de Comfandi, y Esteban Bonrondy Restrepo, Gerente General de Diplogrados, quien estuvo a cargo de la moderaci\u00f3n.<\/span><\/p><p><span style=\"color: #000000;\">El espacio permiti\u00f3 abordar el papel que desempe\u00f1an las microcredenciales frente a las nuevas din\u00e1micas del mercado laboral y su potencial para complementar los procesos de formaci\u00f3n. Desde la perspectiva de la Educaci\u00f3n Superior, el Dr. Reyes destac\u00f3 la importancia de garantizar la calidad acad\u00e9mica, el reconocimiento y la responsabilidad institucional en la implementaci\u00f3n de estas nuevas alternativas de formaci\u00f3n.<\/span><\/p><p><span style=\"color: #000000;\">Uno de los principales puntos de consenso del panel fue que las microcredenciales no reemplazan los t\u00edtulos acad\u00e9micos, sino que pueden complementarlos mediante procesos de profundizaci\u00f3n, actualizaci\u00f3n y certificaci\u00f3n de conocimientos y competencias espec\u00edficas. En este contexto, las insignias digitales constituyen una representaci\u00f3n digital y compartible de los logros obtenidos, acompa\u00f1ada de metadatos verificables que permiten visibilizar las competencias adquiridas.<\/span><\/p><p><span style=\"color: #000000;\">De igual manera, se resalt\u00f3 que las microcredenciales no son un mecanismo exclusivo de las instituciones de Educaci\u00f3n Superior, sino que pueden articularse con otros componentes del sistema educativo y de formaci\u00f3n para el trabajo, incluyendo procesos relacionados con el reconocimiento de aprendizajes previos.<\/span><\/p><p><span style=\"color: #000000;\"><b>Formaci\u00f3n conectada con las necesidades del sector productivo<\/b><\/span><\/p><p><span style=\"color: #000000;\">Durante el panel tambi\u00e9n se destac\u00f3 la necesidad de continuar avanzando en Colombia en la implementaci\u00f3n del Marco Nacional de Cualificaciones, como una herramienta que puede contribuir a una mejor articulaci\u00f3n entre las competencias de las personas y las necesidades de los empleadores.<\/span><\/p><p><span style=\"color: #000000;\">En este sentido, se plante\u00f3 la importancia de fortalecer el di\u00e1logo entre las instituciones educativas y el sector productivo para identificar de manera precisa las competencias que requiere el mercado laboral. Esta articulaci\u00f3n permite avanzar hacia procesos formativos m\u00e1s pertinentes y hacia mecanismos de reconocimiento que respondan a las transformaciones de las diferentes disciplinas y sectores econ\u00f3micos.<\/span><\/p><p><span style=\"color: #000000;\">El Dr. Reyes se\u00f1al\u00f3 que, si bien las mesas sectoriales constituyen un mecanismo importante para identificar estas necesidades, es necesario continuar fortaleciendo estos espacios de conversaci\u00f3n y articulaci\u00f3n. En ocasiones, las necesidades de las organizaciones pueden requerir competencias espec\u00edficas que no necesariamente corresponden a un t\u00edtulo profesional tradicional, sino que pueden ser atendidas mediante otros niveles de formaci\u00f3n, certificaciones o microcredenciales especializadas.<\/span><\/p><p><span style=\"color: #000000;\"><b>Microcredenciales: flexibilidad, pertinencia y trayectorias formativas<\/b><\/span><\/p><p><span style=\"color: #000000;\">Otro de los aspectos analizados estuvo relacionado con la necesidad de evitar una estandarizaci\u00f3n r\u00edgida de las microcredenciales. Se destac\u00f3 que cada microcredencial debe responder a la naturaleza de las competencias que busca desarrollar, por lo que su duraci\u00f3n, metodolog\u00eda y caracter\u00edsticas pueden variar de acuerdo con el campo de conocimiento y las necesidades del sector productivo.<\/span><\/p><p><span style=\"color: #000000;\">As\u00ed, una microcredencial relacionada con temas agrarios puede requerir caracter\u00edsticas diferentes a una enfocada en liderazgo, ciberseguridad u otras \u00e1reas de conocimiento.<\/span><\/p><p><span style=\"color: #000000;\">Asimismo, se abord\u00f3 el potencial de la acumulaci\u00f3n de microcredenciales para construir trayectorias formativas. Al respecto, se resalt\u00f3 la responsabilidad de las instituciones educativas de realizar un adecuado mapeo de las competencias adquiridas y de los resultados de aprendizaje, de manera que estas experiencias puedan integrarse dentro de rutas de formaci\u00f3n coherentes y pertinentes.<\/span><\/p><p><span style=\"color: #000000;\">En esta conversaci\u00f3n tambi\u00e9n cobr\u00f3 relevancia el reconocimiento de la experiencia profesional previa de los estudiantes de Educaci\u00f3n Superior, como un mecanismo que puede facilitar una incursi\u00f3n m\u00e1s temprana y efectiva en el mundo laboral.<\/span><\/p><p><span style=\"color: #000000;\"><b>Una participaci\u00f3n que conecta a UNIAGRARIA con las transformaciones de la educaci\u00f3n<\/b><\/span><\/p><p><span style=\"color: #000000;\">La presencia de UNIAGRARIA en EDUTECHNIA 2026 reafirma el compromiso institucional con la generaci\u00f3n y participaci\u00f3n en espacios de reflexi\u00f3n sobre las transformaciones que vive la educaci\u00f3n y sobre las nuevas alternativas para fortalecer la formaci\u00f3n de los estudiantes y su conexi\u00f3n con el mundo laboral.<\/span><\/p><p><span style=\"color: #000000;\">Para estudiantes, docentes, egresados, colaboradores y dem\u00e1s integrantes de la comunidad UNIAGRARIA, la participaci\u00f3n en escenarios como este representa una oportunidad para conocer experiencias, tendencias y soluciones que pueden contribuir a enriquecer los procesos acad\u00e9micos e institucionales, as\u00ed como para mantener una mirada abierta frente a los cambios que est\u00e1n redefiniendo la Educaci\u00f3n Superior.<\/span><\/p><p><span style=\"color: #000000;\">De esta manera, UNIAGRARIA contin\u00faa promoviendo la articulaci\u00f3n con diferentes actores del ecosistema educativo y productivo, convencida de que el intercambio de conocimientos y la construcci\u00f3n colectiva son fundamentales para responder a los desaf\u00edos actuales y aportar, desde la educaci\u00f3n, a la transformaci\u00f3n de la sociedad.<\/span><\/p>\t\t\t\t\t\t\t\t<\/div>\n\t\t\t\t<div class=\"elementor-element elementor-element-8bbc932 elementor-widget elementor-widget-heading\" data-id=\"8bbc932\" data-element_type=\"widget\" data-e-type=\"widget\" data-widget_type=\"heading.default\">\n\t\t\t\t\t<h5 class=\"elementor-heading-title elementor-size-default\">Galer\u00eda<\/h5>\t\t\t\t<\/div>\n\t\t\t\t<div class=\"elementor-element elementor-element-87bfc5d elementor-widget elementor-widget-gallery\" data-id=\"87bfc5d\" data-element_type=\"widget\" data-e-type=\"widget\" data-settings=\"{&quot;gap&quot;:{&quot;unit&quot;:&quot;px&quot;,&quot;size&quot;:15,&quot;sizes&quot;:[]},&quot;columns&quot;:2,&quot;lazyload&quot;:&quot;yes&quot;,&quot;gallery_layout&quot;:&quot;grid&quot;,&quot;columns_tablet&quot;:2,&quot;columns_mobile&quot;:1,&quot;gap_tablet&quot;:{&quot;unit&quot;:&quot;px&quot;,&quot;size&quot;:10,&quot;sizes&quot;:[]},&quot;gap_mobile&quot;:{&quot;unit&quot;:&quot;px&quot;,&quot;size&quot;:10,&quot;sizes&quot;:[]},&quot;link_to&quot;:&quot;file&quot;,&quot;aspect_ratio&quot;:&quot;3:2&quot;,&quot;overlay_background&quot;:&quot;yes&quot;,&quot;content_hover_animation&quot;:&quot;fade-in&quot;}\" data-widget_type=\"gallery.default\">\n\t\t\t\t\t\t\t<div class=\"elementor-gallery__container\">\n\t\t\t\t\t\t\t<a class=\"e-gallery-item elementor-gallery-item elementor-animated-content\" href=\"https:\/\/uniagraria.edu.co\/wp-content\/uploads\/2026\/09\/EDUTECHNIA1.jpeg\" data-elementor-open-lightbox=\"yes\" data-elementor-lightbox-slideshow=\"87bfc5d\" data-elementor-lightbox-title=\"1\" data-e-action-hash=\"#elementor-action%3Aaction%3Dlightbox%26settings%3DeyJpZCI6OTA5MTAsInVybCI6Imh0dHBzOlwvXC91bmlhZ3JhcmlhLmVkdS5jb1wvd3AtY29udGVudFwvdXBsb2Fkc1wvMjAyNlwvMDlcL0VEVVRFQ0hOSUExLmpwZWciLCJzbGlkZXNob3ciOiI4N2JmYzVkIn0%3D\">\n\t\t\t\t\t<div class=\"e-gallery-image elementor-gallery-item__image\" data-thumbnail=\"https:\/\/uniagraria.edu.co\/wp-content\/uploads\/2026\/09\/EDUTECHNIA1-1024x682.jpeg\" data-width=\"1024\" data-height=\"682\" aria-label=\"\" role=\"img\" ><\/div>\n\t\t\t\t\t\t\t\t\t\t\t<div class=\"elementor-gallery-item__overlay\"><\/div>\n\t\t\t\t\t\t\t\t\t\t\t\t\t\t<\/a>\n\t\t\t\t\t\t\t<a class=\"e-gallery-item elementor-gallery-item elementor-animated-content\" href=\"https:\/\/uniagraria.edu.co\/wp-content\/uploads\/2026\/09\/EDUTECHNIA2.jpeg\" data-elementor-open-lightbox=\"yes\" data-elementor-lightbox-slideshow=\"87bfc5d\" data-elementor-lightbox-title=\"2\" data-e-action-hash=\"#elementor-action%3Aaction%3Dlightbox%26settings%3DeyJpZCI6OTA5MDksInVybCI6Imh0dHBzOlwvXC91bmlhZ3JhcmlhLmVkdS5jb1wvd3AtY29udGVudFwvdXBsb2Fkc1wvMjAyNlwvMDlcL0VEVVRFQ0hOSUEyLmpwZWciLCJzbGlkZXNob3ciOiI4N2JmYzVkIn0%3D\">\n\t\t\t\t\t<div class=\"e-gallery-image elementor-gallery-item__image\" data-thumbnail=\"https:\/\/uniagraria.edu.co\/wp-content\/uploads\/2026\/09\/EDUTECHNIA2-1024x682.jpeg\" data-width=\"1024\" data-height=\"682\" aria-label=\"\" role=\"img\" ><\/div>\n\t\t\t\t\t\t\t\t\t\t\t<div class=\"elementor-gallery-item__overlay\"><\/div>\n\t\t\t\t\t\t\t\t\t\t\t\t\t\t<\/a>\n\t\t\t\t\t\t\t<a class=\"e-gallery-item elementor-gallery-item elementor-animated-content\" href=\"https:\/\/uniagraria.edu.co\/wp-content\/uploads\/2026\/09\/EDUTECHNIA3.jpeg\" data-elementor-open-lightbox=\"yes\" data-elementor-lightbox-slideshow=\"87bfc5d\" data-elementor-lightbox-title=\"3\" data-e-action-hash=\"#elementor-action%3Aaction%3Dlightbox%26settings%3DeyJpZCI6OTA5MDgsInVybCI6Imh0dHBzOlwvXC91bmlhZ3JhcmlhLmVkdS5jb1wvd3AtY29udGVudFwvdXBsb2Fkc1wvMjAyNlwvMDlcL0VEVVRFQ0hOSUEzLmpwZWciLCJzbGlkZXNob3ciOiI4N2JmYzVkIn0%3D\">\n\t\t\t\t\t<div class=\"e-gallery-image elementor-gallery-item__image\" data-thumbnail=\"https:\/\/uniagraria.edu.co\/wp-content\/uploads\/2026\/09\/EDUTECHNIA3-682x1024.jpeg\" data-width=\"682\" data-height=\"1024\" aria-label=\"\" role=\"img\" ><\/div>\n\t\t\t\t\t\t\t\t\t\t\t<div class=\"elementor-gallery-item__overlay\"><\/div>\n\t\t\t\t\t\t\t\t\t\t\t\t\t\t<\/a>\n\t\t\t\t\t\t\t<a class=\"e-gallery-item elementor-gallery-item elementor-animated-content\" href=\"https:\/\/uniagraria.edu.co\/wp-content\/uploads\/2026\/09\/EDUTECHNIA4.jpeg\" data-elementor-open-lightbox=\"yes\" data-elementor-lightbox-slideshow=\"87bfc5d\" data-elementor-lightbox-title=\"4\" data-e-action-hash=\"#elementor-action%3Aaction%3Dlightbox%26settings%3DeyJpZCI6OTA5MDcsInVybCI6Imh0dHBzOlwvXC91bmlhZ3JhcmlhLmVkdS5jb1wvd3AtY29udGVudFwvdXBsb2Fkc1wvMjAyNlwvMDlcL0VEVVRFQ0hOSUE0LmpwZWciLCJzbGlkZXNob3ciOiI4N2JmYzVkIn0%3D\">\n\t\t\t\t\t<div class=\"e-gallery-image elementor-gallery-item__image\" data-thumbnail=\"https:\/\/uniagraria.edu.co\/wp-content\/uploads\/2026\/09\/EDUTECHNIA4-682x1024.jpeg\" data-width=\"682\" data-height=\"1024\" aria-label=\"\" role=\"img\" ><\/div>\n\t\t\t\t\t\t\t\t\t\t\t<div class=\"elementor-gallery-item__overlay\"><\/div>\n\t\t\t\t\t\t\t\t\t\t\t\t\t\t<\/a>\n\t\t\t\t\t<\/div>\n\t\t\t\t\t<\/div>\n\t\t\t\t\t<\/div>\n\t\t\t\t<\/div>\n\t\t\t\t<\/div>","protected":false},"excerpt":{"rendered":"<p>La participaci\u00f3n de la Instituci\u00f3n y del Vicerrector Acad\u00e9mico, Dr. Juan Carlos Reyes Garc\u00eda, permiti\u00f3 conocer nuevas tendencias, intercambiar experiencias y reflexionar sobre los desaf\u00edos y oportunidades que enfrenta actualmente el sector educativo. UNIAGRARIA estuvo presente en EDUTECHNIA 2026, uno de los principales escenarios de encuentro B2E (Business to Education) de la regi\u00f3n, realizado el [&hellip;]<\/p>\n","protected":false},"author":18,"featured_media":90910,"comment_status":"closed","ping_status":"open","sticky":false,"template":"","format":"standard","meta":{"_acf_changed":false,"site-sidebar-layout":"default","site-content-layout":"","ast-site-content-layout":"default","site-content-style":"default","site-sidebar-style":"default","ast-global-header-display":"","ast-banner-title-visibility":"","ast-main-header-display":"","ast-hfb-above-header-display":"","ast-hfb-below-header-display":"","ast-hfb-mobile-header-display":"","site-post-title":"","ast-breadcrumbs-content":"","ast-featured-img":"","footer-sml-layout":"","ast-disable-related-posts":"","theme-transparent-header-meta":"default","adv-header-id-meta":"","stick-header-meta":"","header-above-stick-meta":"","header-main-stick-meta":"","header-below-stick-meta":"","astra-migrate-meta-layouts":"set","ast-page-background-enabled":"default","ast-page-background-meta":{"desktop":{"background-color":"var(--ast-global-color-4)","background-image":"","background-repeat":"repeat","background-position":"center center","background-size":"auto","background-attachment":"scroll","background-type":"","background-media":"","overlay-type":"","overlay-color":"","overlay-opacity":"","overlay-gradient":""},"tablet":{"background-color":"","background-image":"","background-repeat":"repeat","background-position":"center center","background-size":"auto","background-attachment":"scroll","background-type":"","background-media":"","overlay-type":"","overlay-color":"","overlay-opacity":"","overlay-gradient":""},"mobile":{"background-color":"","background-image":"","background-repeat":"repeat","background-position":"center center","background-size":"auto","background-attachment":"scroll","background-type":"","background-media":"","overlay-type":"","overlay-color":"","overlay-opacity":"","overlay-gradient":""}},"ast-content-background-meta":{"desktop":{"background-color":"var(--ast-global-color-5)","background-image":"","background-repeat":"repeat","background-position":"center center","background-size":"auto","background-attachment":"scroll","background-type":"","background-media":"","overlay-type":"","overlay-color":"","overlay-opacity":"","overlay-gradient":""},"tablet":{"background-color":"var(--ast-global-color-5)","background-image":"","background-repeat":"repeat","background-position":"center center","background-size":"auto","background-attachment":"scroll","background-type":"","background-media":"","overlay-type":"","overlay-color":"","overlay-opacity":"","overlay-gradient":""},"mobile":{"background-color":"var(--ast-global-color-5)","background-image":"","background-repeat":"repeat","background-position":"center center","background-size":"auto","background-attachment":"scroll","background-type":"","background-media":"","overlay-type":"","overlay-color":"","overlay-opacity":"","overlay-gradient":""}},"footnotes":""},"categories":[35],"tags":[],"class_list":["post-90906","post","type-post","status-publish","format-standard","has-post-thumbnail","hentry","category-noticias"],"acf":[],"yoast_head":"<!-- This site is optimized with the Yoast SEO plugin v28.4 - https:\/\/yoast.com\/product\/yoast-seo-wordpress\/ -->\n<title>UNIAGRARIA participa en EDUTECHNIA 2026 y se suma al di\u00e1logo sobre el futuro de la Educaci\u00f3n Superior - UNIAGRARIA<\/title>\n<meta name=\"robots\" content=\"index, follow, max-snippet:-1, max-image-preview:large, max-video-preview:-1\" \/>\n<link rel=\"canonical\" href=\"https:\/\/uniagraria.edu.co\/en\/uniagraria-participa-en-edutechnia-2026-y-se-suma-al-dialogo-sobre-el-futuro-de-la-educacion-superior\/\" \/>\n<meta property=\"og:locale\" content=\"en_US\" \/>\n<meta property=\"og:type\" content=\"article\" \/>\n<meta property=\"og:title\" content=\"UNIAGRARIA participa en EDUTECHNIA 2026 y se suma al di\u00e1logo sobre el futuro de la Educaci\u00f3n Superior - UNIAGRARIA\" \/>\n<meta property=\"og:description\" content=\"La participaci\u00f3n de la Instituci\u00f3n y del Vicerrector Acad\u00e9mico, Dr. Juan Carlos Reyes Garc\u00eda, permiti\u00f3 conocer nuevas tendencias, intercambiar experiencias y reflexionar sobre los desaf\u00edos y oportunidades que enfrenta actualmente el sector educativo. UNIAGRARIA estuvo presente en EDUTECHNIA 2026, uno de los principales escenarios de encuentro B2E (Business to Education) de la regi\u00f3n, realizado el [&hellip;]\" \/>\n<meta property=\"og:url\" content=\"https:\/\/uniagraria.edu.co\/en\/uniagraria-participa-en-edutechnia-2026-y-se-suma-al-dialogo-sobre-el-futuro-de-la-educacion-superior\/\" \/>\n<meta property=\"og:site_name\" content=\"UNIAGRARIA\" \/>\n<meta property=\"article:publisher\" content=\"https:\/\/www.facebook.com\/uagraria\/?locale=es_LA\" \/>\n<meta property=\"article:published_time\" content=\"2026-09-01T20:38:32+00:00\" \/>\n<meta property=\"article:modified_time\" content=\"2026-09-01T20:40:46+00:00\" \/>\n<meta property=\"og:image\" content=\"https:\/\/uniagraria.edu.co\/wp-content\/uploads\/2026\/09\/EDUTECHNIA1.jpeg\" \/>\n\t<meta property=\"og:image:width\" content=\"1600\" \/>\n\t<meta property=\"og:image:height\" content=\"1066\" \/>\n\t<meta property=\"og:image:type\" content=\"image\/jpeg\" \/>\n<meta name=\"author\" content=\"Comunicaciones UNIAGRARIA\" \/>\n<meta name=\"twitter:card\" content=\"summary_large_image\" \/>\n<meta name=\"twitter:creator\" content=\"@UNIAGRARIA\" \/>\n<meta name=\"twitter:site\" content=\"@UNIAGRARIA\" \/>\n<meta name=\"twitter:label1\" content=\"Written by\" \/>\n\t<meta name=\"twitter:data1\" content=\"Comunicaciones UNIAGRARIA\" \/>\n\t<meta name=\"twitter:label2\" content=\"Est. reading time\" \/>\n\t<meta name=\"twitter:data2\" content=\"5 minutes\" \/>\n<script type=\"application\/ld+json\" class=\"yoast-schema-graph\">{\"@context\":\"https:\\\/\\\/schema.org\",\"@graph\":[{\"@type\":\"Article\",\"@id\":\"https:\\\/\\\/uniagraria.edu.co\\\/uniagraria-participa-en-edutechnia-2026-y-se-suma-al-dialogo-sobre-el-futuro-de-la-educacion-superior\\\/#article\",\"isPartOf\":{\"@id\":\"https:\\\/\\\/uniagraria.edu.co\\\/uniagraria-participa-en-edutechnia-2026-y-se-suma-al-dialogo-sobre-el-futuro-de-la-educacion-superior\\\/\"},\"author\":{\"name\":\"Comunicaciones UNIAGRARIA\",\"@id\":\"https:\\\/\\\/uniagraria.edu.co\\\/es\\\/#\\\/schema\\\/person\\\/984baff61d5afdf305d86cb15f4003df\"},\"headline\":\"UNIAGRARIA participa en EDUTECHNIA 2026 y se suma al di\u00e1logo sobre el futuro de la Educaci\u00f3n Superior\",\"datePublished\":\"2026-09-01T20:38:32+00:00\",\"dateModified\":\"2026-09-01T20:40:46+00:00\",\"mainEntityOfPage\":{\"@id\":\"https:\\\/\\\/uniagraria.edu.co\\\/uniagraria-participa-en-edutechnia-2026-y-se-suma-al-dialogo-sobre-el-futuro-de-la-educacion-superior\\\/\"},\"wordCount\":1026,\"publisher\":{\"@id\":\"https:\\\/\\\/uniagraria.edu.co\\\/es\\\/#organization\"},\"image\":{\"@id\":\"https:\\\/\\\/uniagraria.edu.co\\\/uniagraria-participa-en-edutechnia-2026-y-se-suma-al-dialogo-sobre-el-futuro-de-la-educacion-superior\\\/#primaryimage\"},\"thumbnailUrl\":\"https:\\\/\\\/uniagraria.edu.co\\\/wp-content\\\/uploads\\\/2026\\\/09\\\/EDUTECHNIA1.jpeg\",\"articleSection\":[\"Noticias\"],\"inLanguage\":\"en-US\"},{\"@type\":\"WebPage\",\"@id\":\"https:\\\/\\\/uniagraria.edu.co\\\/uniagraria-participa-en-edutechnia-2026-y-se-suma-al-dialogo-sobre-el-futuro-de-la-educacion-superior\\\/\",\"url\":\"https:\\\/\\\/uniagraria.edu.co\\\/uniagraria-participa-en-edutechnia-2026-y-se-suma-al-dialogo-sobre-el-futuro-de-la-educacion-superior\\\/\",\"name\":\"UNIAGRARIA participa en EDUTECHNIA 2026 y se suma al di\u00e1logo sobre el futuro de la Educaci\u00f3n Superior - UNIAGRARIA\",\"isPartOf\":{\"@id\":\"https:\\\/\\\/uniagraria.edu.co\\\/es\\\/#website\"},\"primaryImageOfPage\":{\"@id\":\"https:\\\/\\\/uniagraria.edu.co\\\/uniagraria-participa-en-edutechnia-2026-y-se-suma-al-dialogo-sobre-el-futuro-de-la-educacion-superior\\\/#primaryimage\"},\"image\":{\"@id\":\"https:\\\/\\\/uniagraria.edu.co\\\/uniagraria-participa-en-edutechnia-2026-y-se-suma-al-dialogo-sobre-el-futuro-de-la-educacion-superior\\\/#primaryimage\"},\"thumbnailUrl\":\"https:\\\/\\\/uniagraria.edu.co\\\/wp-content\\\/uploads\\\/2026\\\/09\\\/EDUTECHNIA1.jpeg\",\"datePublished\":\"2026-09-01T20:38:32+00:00\",\"dateModified\":\"2026-09-01T20:40:46+00:00\",\"breadcrumb\":{\"@id\":\"https:\\\/\\\/uniagraria.edu.co\\\/uniagraria-participa-en-edutechnia-2026-y-se-suma-al-dialogo-sobre-el-futuro-de-la-educacion-superior\\\/#breadcrumb\"},\"inLanguage\":\"en-US\",\"potentialAction\":[{\"@type\":\"ReadAction\",\"target\":[\"https:\\\/\\\/uniagraria.edu.co\\\/uniagraria-participa-en-edutechnia-2026-y-se-suma-al-dialogo-sobre-el-futuro-de-la-educacion-superior\\\/\"]}]},{\"@type\":\"ImageObject\",\"inLanguage\":\"en-US\",\"@id\":\"https:\\\/\\\/uniagraria.edu.co\\\/uniagraria-participa-en-edutechnia-2026-y-se-suma-al-dialogo-sobre-el-futuro-de-la-educacion-superior\\\/#primaryimage\",\"url\":\"https:\\\/\\\/uniagraria.edu.co\\\/wp-content\\\/uploads\\\/2026\\\/09\\\/EDUTECHNIA1.jpeg\",\"contentUrl\":\"https:\\\/\\\/uniagraria.edu.co\\\/wp-content\\\/uploads\\\/2026\\\/09\\\/EDUTECHNIA1.jpeg\",\"width\":1600,\"height\":1066},{\"@type\":\"BreadcrumbList\",\"@id\":\"https:\\\/\\\/uniagraria.edu.co\\\/uniagraria-participa-en-edutechnia-2026-y-se-suma-al-dialogo-sobre-el-futuro-de-la-educacion-superior\\\/#breadcrumb\",\"itemListElement\":[{\"@type\":\"ListItem\",\"position\":1,\"name\":\"Inicio\",\"item\":\"https:\\\/\\\/uniagraria.edu.co\\\/\"},{\"@type\":\"ListItem\",\"position\":2,\"name\":\"Noticias\",\"item\":\"https:\\\/\\\/uniagraria.edu.co\\\/es\\\/category\\\/noticias\\\/\"},{\"@type\":\"ListItem\",\"position\":3,\"name\":\"UNIAGRARIA participa en EDUTECHNIA 2026 y se suma al di\u00e1logo sobre el futuro de la Educaci\u00f3n Superior\"}]},{\"@type\":\"WebSite\",\"@id\":\"https:\\\/\\\/uniagraria.edu.co\\\/es\\\/#website\",\"url\":\"https:\\\/\\\/uniagraria.edu.co\\\/es\\\/\",\"name\":\"UNIAGRARIA\",\"description\":\"FUNDACION UNIVERSITARIA AGRARIA DE COLOMBIA\",\"publisher\":{\"@id\":\"https:\\\/\\\/uniagraria.edu.co\\\/es\\\/#organization\"},\"potentialAction\":[{\"@type\":\"SearchAction\",\"target\":{\"@type\":\"EntryPoint\",\"urlTemplate\":\"https:\\\/\\\/uniagraria.edu.co\\\/es\\\/?s={search_term_string}\"},\"query-input\":{\"@type\":\"PropertyValueSpecification\",\"valueRequired\":true,\"valueName\":\"search_term_string\"}}],\"inLanguage\":\"en-US\"},{\"@type\":\"Organization\",\"@id\":\"https:\\\/\\\/uniagraria.edu.co\\\/es\\\/#organization\",\"name\":\"UNIAGRARIA\",\"url\":\"https:\\\/\\\/uniagraria.edu.co\\\/es\\\/\",\"logo\":{\"@type\":\"ImageObject\",\"inLanguage\":\"en-US\",\"@id\":\"https:\\\/\\\/uniagraria.edu.co\\\/es\\\/#\\\/schema\\\/logo\\\/image\\\/\",\"url\":\"https:\\\/\\\/novawebmaster.com\\\/uniagraria\\\/wp-content\\\/uploads\\\/2025\\\/02\\\/LogoUa2023Vertical.png\",\"contentUrl\":\"https:\\\/\\\/novawebmaster.com\\\/uniagraria\\\/wp-content\\\/uploads\\\/2025\\\/02\\\/LogoUa2023Vertical.png\",\"width\":3300,\"height\":2550,\"caption\":\"UNIAGRARIA\"},\"image\":{\"@id\":\"https:\\\/\\\/uniagraria.edu.co\\\/es\\\/#\\\/schema\\\/logo\\\/image\\\/\"},\"sameAs\":[\"https:\\\/\\\/www.facebook.com\\\/uagraria\\\/?locale=es_LA\",\"https:\\\/\\\/x.com\\\/UNIAGRARIA\",\"https:\\\/\\\/www.instagram.com\\\/uniagraria\\\/profilecard\\\/?igsh=MXI2bTFlMWsxNzNjOA\",\"https:\\\/\\\/www.tiktok.com\\\/discover\\\/uniagraria?lang=es\",\"https:\\\/\\\/www.linkedin.com\\\/school\\\/uniagraria\\\/?originalSubdomain=co\",\"https:\\\/\\\/www.youtube.com\\\/user\\\/UniagrariaUverde?themeRefresh=1\",\"https:\\\/\\\/api.whatsapp.com\\\/send?phone=3134230649\"]},{\"@type\":\"Person\",\"@id\":\"https:\\\/\\\/uniagraria.edu.co\\\/es\\\/#\\\/schema\\\/person\\\/984baff61d5afdf305d86cb15f4003df\",\"name\":\"Comunicaciones UNIAGRARIA\",\"image\":{\"@type\":\"ImageObject\",\"inLanguage\":\"en-US\",\"@id\":\"https:\\\/\\\/secure.gravatar.com\\\/avatar\\\/3c69f4f1e34bab3955e0d8fa0d59a1a3c3830637a1190d707a2d9e9e54240cbd?s=96&d=mm&r=g\",\"url\":\"https:\\\/\\\/secure.gravatar.com\\\/avatar\\\/3c69f4f1e34bab3955e0d8fa0d59a1a3c3830637a1190d707a2d9e9e54240cbd?s=96&d=mm&r=g\",\"contentUrl\":\"https:\\\/\\\/secure.gravatar.com\\\/avatar\\\/3c69f4f1e34bab3955e0d8fa0d59a1a3c3830637a1190d707a2d9e9e54240cbd?s=96&d=mm&r=g\",\"caption\":\"Comunicaciones UNIAGRARIA\"},\"url\":\"https:\\\/\\\/uniagraria.edu.co\\\/en\\\/author\\\/victor-webmaster\\\/\"}]}<\/script>\n<!-- \/ Yoast SEO plugin. -->","yoast_head_json":{"title":"UNIAGRARIA participa en EDUTECHNIA 2026 y se suma al di\u00e1logo sobre el futuro de la Educaci\u00f3n Superior - UNIAGRARIA","robots":{"index":"index","follow":"follow","max-snippet":"max-snippet:-1","max-image-preview":"max-image-preview:large","max-video-preview":"max-video-preview:-1"},"canonical":"https:\/\/uniagraria.edu.co\/en\/uniagraria-participa-en-edutechnia-2026-y-se-suma-al-dialogo-sobre-el-futuro-de-la-educacion-superior\/","og_locale":"en_US","og_type":"article","og_title":"UNIAGRARIA participa en EDUTECHNIA 2026 y se suma al di\u00e1logo sobre el futuro de la Educaci\u00f3n Superior - UNIAGRARIA","og_description":"La participaci\u00f3n de la Instituci\u00f3n y del Vicerrector Acad\u00e9mico, Dr. Juan Carlos Reyes Garc\u00eda, permiti\u00f3 conocer nuevas tendencias, intercambiar experiencias y reflexionar sobre los desaf\u00edos y oportunidades que enfrenta actualmente el sector educativo. UNIAGRARIA estuvo presente en EDUTECHNIA 2026, uno de los principales escenarios de encuentro B2E (Business to Education) de la regi\u00f3n, realizado el [&hellip;]","og_url":"https:\/\/uniagraria.edu.co\/en\/uniagraria-participa-en-edutechnia-2026-y-se-suma-al-dialogo-sobre-el-futuro-de-la-educacion-superior\/","og_site_name":"UNIAGRARIA","article_publisher":"https:\/\/www.facebook.com\/uagraria\/?locale=es_LA","article_published_time":"2026-09-01T20:38:32+00:00","article_modified_time":"2026-09-01T20:40:46+00:00","og_image":[{"width":1600,"height":1066,"url":"https:\/\/uniagraria.edu.co\/wp-content\/uploads\/2026\/09\/EDUTECHNIA1.jpeg","type":"image\/jpeg"}],"author":"Comunicaciones UNIAGRARIA","twitter_card":"summary_large_image","twitter_creator":"@UNIAGRARIA","twitter_site":"@UNIAGRARIA","twitter_misc":{"Written by":"Comunicaciones UNIAGRARIA","Est. reading time":"5 minutes"},"schema":{"@context":"https:\/\/schema.org","@graph":[{"@type":"Article","@id":"https:\/\/uniagraria.edu.co\/uniagraria-participa-en-edutechnia-2026-y-se-suma-al-dialogo-sobre-el-futuro-de-la-educacion-superior\/#article","isPartOf":{"@id":"https:\/\/uniagraria.edu.co\/uniagraria-participa-en-edutechnia-2026-y-se-suma-al-dialogo-sobre-el-futuro-de-la-educacion-superior\/"},"author":{"name":"Comunicaciones UNIAGRARIA","@id":"https:\/\/uniagraria.edu.co\/es\/#\/schema\/person\/984baff61d5afdf305d86cb15f4003df"},"headline":"UNIAGRARIA participa en EDUTECHNIA 2026 y se suma al di\u00e1logo sobre el futuro de la Educaci\u00f3n Superior","datePublished":"2026-09-01T20:38:32+00:00","dateModified":"2026-09-01T20:40:46+00:00","mainEntityOfPage":{"@id":"https:\/\/uniagraria.edu.co\/uniagraria-participa-en-edutechnia-2026-y-se-suma-al-dialogo-sobre-el-futuro-de-la-educacion-superior\/"},"wordCount":1026,"publisher":{"@id":"https:\/\/uniagraria.edu.co\/es\/#organization"},"image":{"@id":"https:\/\/uniagraria.edu.co\/uniagraria-participa-en-edutechnia-2026-y-se-suma-al-dialogo-sobre-el-futuro-de-la-educacion-superior\/#primaryimage"},"thumbnailUrl":"https:\/\/uniagraria.edu.co\/wp-content\/uploads\/2026\/09\/EDUTECHNIA1.jpeg","articleSection":["Noticias"],"inLanguage":"en-US"},{"@type":"WebPage","@id":"https:\/\/uniagraria.edu.co\/uniagraria-participa-en-edutechnia-2026-y-se-suma-al-dialogo-sobre-el-futuro-de-la-educacion-superior\/","url":"https:\/\/uniagraria.edu.co\/uniagraria-participa-en-edutechnia-2026-y-se-suma-al-dialogo-sobre-el-futuro-de-la-educacion-superior\/","name":"UNIAGRARIA participa en EDUTECHNIA 2026 y se suma al di\u00e1logo sobre el futuro de la Educaci\u00f3n Superior - UNIAGRARIA","isPartOf":{"@id":"https:\/\/uniagraria.edu.co\/es\/#website"},"primaryImageOfPage":{"@id":"https:\/\/uniagraria.edu.co\/uniagraria-participa-en-edutechnia-2026-y-se-suma-al-dialogo-sobre-el-futuro-de-la-educacion-superior\/#primaryimage"},"image":{"@id":"https:\/\/uniagraria.edu.co\/uniagraria-participa-en-edutechnia-2026-y-se-suma-al-dialogo-sobre-el-futuro-de-la-educacion-superior\/#primaryimage"},"thumbnailUrl":"https:\/\/uniagraria.edu.co\/wp-content\/uploads\/2026\/09\/EDUTECHNIA1.jpeg","datePublished":"2026-09-01T20:38:32+00:00","dateModified":"2026-09-01T20:40:46+00:00","breadcrumb":{"@id":"https:\/\/uniagraria.edu.co\/uniagraria-participa-en-edutechnia-2026-y-se-suma-al-dialogo-sobre-el-futuro-de-la-educacion-superior\/#breadcrumb"},"inLanguage":"en-US","potentialAction":[{"@type":"ReadAction","target":["https:\/\/uniagraria.edu.co\/uniagraria-participa-en-edutechnia-2026-y-se-suma-al-dialogo-sobre-el-futuro-de-la-educacion-superior\/"]}]},{"@type":"ImageObject","inLanguage":"en-US","@id":"https:\/\/uniagraria.edu.co\/uniagraria-participa-en-edutechnia-2026-y-se-suma-al-dialogo-sobre-el-futuro-de-la-educacion-superior\/#primaryimage","url":"https:\/\/uniagraria.edu.co\/wp-content\/uploads\/2026\/09\/EDUTECHNIA1.jpeg","contentUrl":"https:\/\/uniagraria.edu.co\/wp-content\/uploads\/2026\/09\/EDUTECHNIA1.jpeg","width":1600,"height":1066},{"@type":"BreadcrumbList","@id":"https:\/\/uniagraria.edu.co\/uniagraria-participa-en-edutechnia-2026-y-se-suma-al-dialogo-sobre-el-futuro-de-la-educacion-superior\/#breadcrumb","itemListElement":[{"@type":"ListItem","position":1,"name":"Inicio","item":"https:\/\/uniagraria.edu.co\/"},{"@type":"ListItem","position":2,"name":"Noticias","item":"https:\/\/uniagraria.edu.co\/es\/category\/noticias\/"},{"@type":"ListItem","position":3,"name":"UNIAGRARIA participa en EDUTECHNIA 2026 y se suma al di\u00e1logo sobre el futuro de la Educaci\u00f3n Superior"}]},{"@type":"WebSite","@id":"https:\/\/uniagraria.edu.co\/es\/#website","url":"https:\/\/uniagraria.edu.co\/es\/","name":"Experience the experience and discover the education of","description":"FUNDACION UNIVERSITARIA AGRARIA DE COLOMBIA","publisher":{"@id":"https:\/\/uniagraria.edu.co\/es\/#organization"},"potentialAction":[{"@type":"SearchAction","target":{"@type":"EntryPoint","urlTemplate":"https:\/\/uniagraria.edu.co\/es\/?s={search_term_string}"},"query-input":{"@type":"PropertyValueSpecification","valueRequired":true,"valueName":"search_term_string"}}],"inLanguage":"en-US"},{"@type":"Organization","@id":"https:\/\/uniagraria.edu.co\/es\/#organization","name":"Experience the experience and discover the education of","url":"https:\/\/uniagraria.edu.co\/es\/","logo":{"@type":"ImageObject","inLanguage":"en-US","@id":"https:\/\/uniagraria.edu.co\/es\/#\/schema\/logo\/image\/","url":"https:\/\/novawebmaster.com\/uniagraria\/wp-content\/uploads\/2025\/02\/LogoUa2023Vertical.png","contentUrl":"https:\/\/novawebmaster.com\/uniagraria\/wp-content\/uploads\/2025\/02\/LogoUa2023Vertical.png","width":3300,"height":2550,"caption":"UNIAGRARIA"},"image":{"@id":"https:\/\/uniagraria.edu.co\/es\/#\/schema\/logo\/image\/"},"sameAs":["https:\/\/www.facebook.com\/uagraria\/?locale=es_LA","https:\/\/x.com\/UNIAGRARIA","https:\/\/www.instagram.com\/uniagraria\/profilecard\/?igsh=MXI2bTFlMWsxNzNjOA","https:\/\/www.tiktok.com\/discover\/uniagraria?lang=es","https:\/\/www.linkedin.com\/school\/uniagraria\/?originalSubdomain=co","https:\/\/www.youtube.com\/user\/UniagrariaUverde?themeRefresh=1","https:\/\/api.whatsapp.com\/send?phone=3134230649"]},{"@type":"Person","@id":"https:\/\/uniagraria.edu.co\/es\/#\/schema\/person\/984baff61d5afdf305d86cb15f4003df","name":"Communications UNIAGRARIA","image":{"@type":"ImageObject","inLanguage":"en-US","@id":"https:\/\/secure.gravatar.com\/avatar\/3c69f4f1e34bab3955e0d8fa0d59a1a3c3830637a1190d707a2d9e9e54240cbd?s=96&d=mm&r=g","url":"https:\/\/secure.gravatar.com\/avatar\/3c69f4f1e34bab3955e0d8fa0d59a1a3c3830637a1190d707a2d9e9e54240cbd?s=96&d=mm&r=g","contentUrl":"https:\/\/secure.gravatar.com\/avatar\/3c69f4f1e34bab3955e0d8fa0d59a1a3c3830637a1190d707a2d9e9e54240cbd?s=96&d=mm&r=g","caption":"Comunicaciones UNIAGRARIA"},"url":"https:\/\/uniagraria.edu.co\/en\/author\/victor-webmaster\/"}]}},"_links":{"self":[{"href":"https:\/\/uniagraria.edu.co\/en\/wp-json\/wp\/v2\/posts\/90906","targetHints":{"allow":["GET"]}}],"collection":[{"href":"https:\/\/uniagraria.edu.co\/en\/wp-json\/wp\/v2\/posts"}],"about":[{"href":"https:\/\/uniagraria.edu.co\/en\/wp-json\/wp\/v2\/types\/post"}],"author":[{"embeddable":true,"href":"https:\/\/uniagraria.edu.co\/en\/wp-json\/wp\/v2\/users\/18"}],"replies":[{"embeddable":true,"href":"https:\/\/uniagraria.edu.co\/en\/wp-json\/wp\/v2\/comments?post=90906"}],"version-history":[{"count":7,"href":"https:\/\/uniagraria.edu.co\/en\/wp-json\/wp\/v2\/posts\/90906\/revisions"}],"predecessor-version":[{"id":90917,"href":"https:\/\/uniagraria.edu.co\/en\/wp-json\/wp\/v2\/posts\/90906\/revisions\/90917"}],"wp:featuredmedia":[{"embeddable":true,"href":"https:\/\/uniagraria.edu.co\/en\/wp-json\/wp\/v2\/media\/90910"}],"wp:attachment":[{"href":"https:\/\/uniagraria.edu.co\/en\/wp-json\/wp\/v2\/media?parent=90906"}],"wp:term":[{"taxonomy":"category","embeddable":true,"href":"https:\/\/uniagraria.edu.co\/en\/wp-json\/wp\/v2\/categories?post=90906"},{"taxonomy":"post_tag","embeddable":true,"href":"https:\/\/uniagraria.edu.co\/en\/wp-json\/wp\/v2\/tags?post=90906"}],"curies":[{"name":"wp","href":"https:\/\/api.w.org\/{rel}","templated":true}]}}