{"id":36322,"date":"2023-05-27T10:49:08","date_gmt":"2023-05-27T15:49:08","guid":{"rendered":"https:\/\/www.uniagraria.edu.co\/?p=36322"},"modified":"2023-05-27T10:49:08","modified_gmt":"2023-05-27T15:49:08","slug":"destacada-celebracion-del-dia-del-docente-reconoce-la-labor-excepcional-de-los-profesores-uniagraristas","status":"publish","type":"post","link":"https:\/\/uniagraria.edu.co\/es\/destacada-celebracion-del-dia-del-docente-reconoce-la-labor-excepcional-de-los-profesores-uniagraristas\/","title":{"rendered":"Destacada celebraci\u00f3n del D\u00eda del Docente"},"content":{"rendered":"\n<h2 style=\"text-align: center;\"><strong>Reconoce la labor excepcional de los profesores Uniagraristas<\/strong><\/h2>\n\n\n\n<h4 class=\"wp-block-heading\"><strong><em>Direcci\u00f3n de Comunicaciones UNIAGRARIA<\/em><\/strong><\/h4>\n\n\n\n<p style=\"text-align: justify;\">En una emotiva ceremonia realizada en la sede 170 de la Fundaci\u00f3n Universitaria Agraria, UNIAGRARIA, se llev\u00f3 a cabo la celebraci\u00f3n del D\u00eda del Docente en la que se honr\u00f3 la labor ejemplar de los educadores y se destac\u00f3 su incansable compromiso con la formaci\u00f3n de las futuras generaciones.<\/p>\n\n\n\n<p style=\"text-align: justify;\">El evento cont\u00f3 con la presencia de distinguidas autoridades de la instituci\u00f3n como la del Dr. Juan Carlos Reyes Garc\u00eda, vicerrector Acad\u00e9mico y la del Dr. Mauricio Z\u00fa\u00f1iga Morales, vicerrector de Investigaci\u00f3n, quienes en unas emotivas palabras resaltaron la labor de los docentes. Tambi\u00e9n estuvieron presentes la Dra. Esmeralda Rom\u00e1n Gonz\u00e1lez, directora de la sede de Facatativ\u00e1 y el Dr. Albino Segura, secretario general UNIAGRARIA; as\u00ed como docentes, decanos, directores y diferentes miembros de la comunidad Uniagrarista. La atm\u00f3sfera se llen\u00f3 de gratitud y reconocimiento hacia estos dedicados profesionales que d\u00eda a d\u00eda se entregan en su tarea de ense\u00f1ar.<\/p>\n\n\n\n<p style=\"text-align: justify;\">Durante la ceremonia, se entregaron 11 distinciones y reconocimientos a los profesores m\u00e1s destacados por su excelencia y su compromiso con la educaci\u00f3n. Estos premios fueron otorgados en diferentes categor\u00edas y sus ganadores fueron:<\/p>\n\n\n\n<ul class=\"wp-block-list\"><li><strong>Distinci\u00f3n a la Investigaci\u00f3n Meritoria<\/strong> -Nelson Joman\u00a0Vargas Ortiz de Ingenier\u00eda Civil<\/li><li><strong>Distinci\u00f3n a la Extensi\u00f3n Meritoria<\/strong> -Jimmy M\u00e9ndez Molano\u00a0de Ingenier\u00eda Industrial<\/li><li><strong>Docencia Meritoria Tiempo<\/strong> <strong>Completo<\/strong>&#8211; John Monzaide \u00c1lvarez Cely de Ingenier\u00eda Mecatr\u00f3nica<\/li><li><strong>Distinci\u00f3n a la Docencia Meritoria Medio Tiempo<\/strong> &#8211; Diego\u00a0Rojas Moreno del Depto. de Humanidades<\/li><li><strong>Distinci\u00f3n a la Docencia Meritoria Hora C\u00e1tedra<\/strong> &#8211; Mar\u00eda Angelica\u00a0Sarmiento de Medicina Veterinaria <\/li><li><strong>Distinci\u00f3n Maestro Universitario<\/strong> &#8211; Nelson Joman\u00a0Vargas Ortiz de Ingenier\u00eda Civil<\/li><li><strong>Distinci\u00f3n Docente Excepcional<\/strong> &#8211; Mauricio An\u00edbal\u00a0Sierra Sarmiento de Ingenier\u00eda Agroindustrial<\/li><li><strong>Distinci\u00f3n Mejor Aula Virtual<\/strong> &#8211; M\u00f3nica Alejandra\u00a0Vergara de Medicina Veterinaria<\/li><li><strong>Distinci\u00f3n Docente L\u00edder Ambiental<\/strong> -Mar\u00eda Leticia\u00a0Pineda Romero de Ingenier\u00eda Ambiental<\/li><li><strong>Distinci\u00f3n Docente Innovador en el Aula<\/strong> -Johanna Farid\u00a0Bernal Rodr\u00edguez <\/li><li>de Ciencias B\u00e1sicas<\/li><li><strong>Distinci\u00f3n Docente Emprendedor<\/strong> &#8211; \u00c1ngelaMar\u00eda Far\u00edas Campomanes\u00a0\u00a0 de Ingenier\u00eda de Alimentos<\/li><\/ul>\n\n\n\n<p style=\"text-align: justify;\">Adem\u00e1s, como muestra de agradecimiento por su inestimable labor, se realiz\u00f3 una rifa de premios especiales para los docentes asistentes. Entre los premios se encontraban diferentes elementos de tecnolog\u00eda.<\/p>\n\n\n\n<p style=\"text-align: justify;\">Durante los discursos, se resalt\u00f3 la importancia de los docentes como pilares fundamentales en la sociedad y se reconoci\u00f3 su dedicaci\u00f3n, pasi\u00f3n y entrega en la formaci\u00f3n de las nuevas generaciones. Se destac\u00f3 que su labor va m\u00e1s all\u00e1 de transmitir conocimientos, ya que desempe\u00f1an un papel fundamental en el desarrollo integral de los estudiantes, formando ciudadanos comprometidos, cr\u00edticos y conscientes de su entorno.<\/p>\n\n\n\n<p style=\"text-align: justify;\">El evento culmin\u00f3 con un emotivo aplauso en reconocimiento a todos los profesores presentes y a todos aquellos que, con su labor diaria, contribuyen a la construcci\u00f3n de un mejor futuro a trav\u00e9s de la educaci\u00f3n.<\/p>\n\n\n\n<p style=\"text-align: justify;\">La celebraci\u00f3n del D\u00eda del Docente no solo se convirti\u00f3 en una ocasi\u00f3n para rendir homenaje a los educadores, sino tambi\u00e9n en un recordatorio de la importancia de valorar y apoyar su trabajo, as\u00ed como para rendir homenaje a quienes, con dedicaci\u00f3n y compromiso, han asumido la noble labor de educar y formar a las nuevas generaciones, expres\u00e1ndoles un sentido reconocimiento y gratitud a quienes desempe\u00f1an un papel fundamental en la construcci\u00f3n de un mejor futuro para nuestro pa\u00eds.<\/p>\n\n\n\n<p style=\"text-align: justify;\">En esta misma l\u00ednea, se resalt\u00f3 el proceso de regionalizaci\u00f3n de la Fundaci\u00f3n Universitaria Agraria de Colombia, UNIAGRARIA, y de su compromiso especial con las comunidades rurales y el desarrollo del campo colombiano. Se destac\u00f3 el modelo agroindustrial de UNIAGRARIA, el cual se convierte en una herramienta poderosa de los docentes para fomentar la innovaci\u00f3n, el emprendimiento y la competitividad en el sector agr\u00edcola, ya que tienen la oportunidad de formar profesionales que lideren este proceso de transformaci\u00f3n y contribuyan al crecimiento y bienestar de nuestras regiones.<\/p>\n\n\n\n<ul class=\"wp-block-gallery columns-3 is-cropped wp-block-gallery-1 is-layout-flex wp-block-gallery-is-layout-flex\"><li class=\"blocks-gallery-item\"><figure><img decoding=\"async\" src=\"https:\/\/www.uniagraria.edu.co\/wp-content\/uploads\/2023\/05\/NoticiaCelebracionDocentes_01-1024x726.jpg\" alt=\"\" data-id=\"36323\" data-link=\"https:\/\/www.uniagraria.edu.co\/noticiacelebraciondocentes_01\/\" class=\"wp-image-36323\"\/><\/figure><\/li><li class=\"blocks-gallery-item\"><figure><img decoding=\"async\" src=\"https:\/\/www.uniagraria.edu.co\/wp-content\/uploads\/2023\/05\/NoticiaCelebracionDocentes_02-1024x683.jpg\" alt=\"\" data-id=\"36324\" data-link=\"https:\/\/www.uniagraria.edu.co\/noticiacelebraciondocentes_02\/\" class=\"wp-image-36324\"\/><\/figure><\/li><li class=\"blocks-gallery-item\"><figure><img decoding=\"async\" src=\"https:\/\/www.uniagraria.edu.co\/wp-content\/uploads\/2023\/05\/NoticiaCelebracionDocentes_03-1024x683.jpg\" alt=\"\" data-id=\"36325\" data-link=\"https:\/\/www.uniagraria.edu.co\/noticiacelebraciondocentes_03\/\" class=\"wp-image-36325\"\/><\/figure><\/li><li class=\"blocks-gallery-item\"><figure><img decoding=\"async\" src=\"https:\/\/www.uniagraria.edu.co\/wp-content\/uploads\/2023\/05\/NoticiaCelebracionDocentes_04-1024x635.jpg\" alt=\"\" data-id=\"36326\" data-link=\"https:\/\/www.uniagraria.edu.co\/noticiacelebraciondocentes_04\/\" class=\"wp-image-36326\"\/><\/figure><\/li><li class=\"blocks-gallery-item\"><figure><img decoding=\"async\" src=\"https:\/\/www.uniagraria.edu.co\/wp-content\/uploads\/2023\/05\/NoticiaCelebracionDocentes_05-1024x683.jpg\" alt=\"\" data-id=\"36327\" data-link=\"https:\/\/www.uniagraria.edu.co\/noticiacelebraciondocentes_05\/\" class=\"wp-image-36327\"\/><\/figure><\/li><li class=\"blocks-gallery-item\"><figure><img decoding=\"async\" src=\"https:\/\/www.uniagraria.edu.co\/wp-content\/uploads\/2023\/05\/NoticiaCelebracionDocentes_06-1024x707.jpg\" alt=\"\" data-id=\"36328\" data-link=\"https:\/\/www.uniagraria.edu.co\/noticiacelebraciondocentes_06\/\" class=\"wp-image-36328\"\/><\/figure><\/li><\/ul>\n\n\n\n<p><\/p>\n","protected":false},"excerpt":{"rendered":"<p>Reconoce la labor excepcional de los profesores Uniagraristas Direcci\u00f3n de Comunicaciones UNIAGRARIA En una emotiva ceremonia realizada en la sede 170 de la Fundaci\u00f3n Universitaria Agraria, UNIAGRARIA, se llev\u00f3 a cabo la celebraci\u00f3n del D\u00eda del Docente en la que se honr\u00f3 la labor ejemplar de los educadores y se destac\u00f3 su incansable compromiso con [&hellip;]<\/p>\n","protected":false},"author":8,"featured_media":36326,"comment_status":"closed","ping_status":"closed","sticky":false,"template":"","format":"standard","meta":{"_acf_changed":false,"site-sidebar-layout":"default","site-content-layout":"","ast-site-content-layout":"default","site-content-style":"default","site-sidebar-style":"default","ast-global-header-display":"","ast-banner-title-visibility":"","ast-main-header-display":"","ast-hfb-above-header-display":"","ast-hfb-below-header-display":"","ast-hfb-mobile-header-display":"","site-post-title":"","ast-breadcrumbs-content":"","ast-featured-img":"","footer-sml-layout":"","ast-disable-related-posts":"","theme-transparent-header-meta":"","adv-header-id-meta":"","stick-header-meta":"","header-above-stick-meta":"","header-main-stick-meta":"","header-below-stick-meta":"","astra-migrate-meta-layouts":"default","ast-page-background-enabled":"default","ast-page-background-meta":{"desktop":{"background-color":"var(--ast-global-color-4)","background-image":"","background-repeat":"repeat","background-position":"center center","background-size":"auto","background-attachment":"scroll","background-type":"","background-media":"","overlay-type":"","overlay-color":"","overlay-opacity":"","overlay-gradient":""},"tablet":{"background-color":"","background-image":"","background-repeat":"repeat","background-position":"center center","background-size":"auto","background-attachment":"scroll","background-type":"","background-media":"","overlay-type":"","overlay-color":"","overlay-opacity":"","overlay-gradient":""},"mobile":{"background-color":"","background-image":"","background-repeat":"repeat","background-position":"center center","background-size":"auto","background-attachment":"scroll","background-type":"","background-media":"","overlay-type":"","overlay-color":"","overlay-opacity":"","overlay-gradient":""}},"ast-content-background-meta":{"desktop":{"background-color":"var(--ast-global-color-5)","background-image":"","background-repeat":"repeat","background-position":"center center","background-size":"auto","background-attachment":"scroll","background-type":"","background-media":"","overlay-type":"","overlay-color":"","overlay-opacity":"","overlay-gradient":""},"tablet":{"background-color":"var(--ast-global-color-5)","background-image":"","background-repeat":"repeat","background-position":"center center","background-size":"auto","background-attachment":"scroll","background-type":"","background-media":"","overlay-type":"","overlay-color":"","overlay-opacity":"","overlay-gradient":""},"mobile":{"background-color":"var(--ast-global-color-5)","background-image":"","background-repeat":"repeat","background-position":"center center","background-size":"auto","background-attachment":"scroll","background-type":"","background-media":"","overlay-type":"","overlay-color":"","overlay-opacity":"","overlay-gradient":""}},"footnotes":""},"categories":[35],"tags":[],"class_list":["post-36322","post","type-post","status-publish","format-standard","has-post-thumbnail","hentry","category-noticias"],"acf":[],"yoast_head":"<!-- This site is optimized with the Yoast SEO plugin v27.5 - https:\/\/yoast.com\/product\/yoast-seo-wordpress\/ -->\n<title>Destacada celebraci\u00f3n del D\u00eda del Docente - UNIAGRARIA<\/title>\n<meta name=\"robots\" content=\"index, follow, max-snippet:-1, max-image-preview:large, max-video-preview:-1\" \/>\n<link rel=\"canonical\" href=\"https:\/\/uniagraria.edu.co\/es\/destacada-celebracion-del-dia-del-docente-reconoce-la-labor-excepcional-de-los-profesores-uniagraristas\/\" \/>\n<meta property=\"og:locale\" content=\"es_ES\" \/>\n<meta property=\"og:type\" content=\"article\" \/>\n<meta property=\"og:title\" content=\"Destacada celebraci\u00f3n del D\u00eda del Docente - UNIAGRARIA\" \/>\n<meta property=\"og:description\" content=\"Reconoce la labor excepcional de los profesores Uniagraristas Direcci\u00f3n de Comunicaciones UNIAGRARIA En una emotiva ceremonia realizada en la sede 170 de la Fundaci\u00f3n Universitaria Agraria, UNIAGRARIA, se llev\u00f3 a cabo la celebraci\u00f3n del D\u00eda del Docente en la que se honr\u00f3 la labor ejemplar de los educadores y se destac\u00f3 su incansable compromiso con [&hellip;]\" \/>\n<meta property=\"og:url\" content=\"https:\/\/uniagraria.edu.co\/es\/destacada-celebracion-del-dia-del-docente-reconoce-la-labor-excepcional-de-los-profesores-uniagraristas\/\" \/>\n<meta property=\"og:site_name\" content=\"UNIAGRARIA\" \/>\n<meta property=\"article:publisher\" content=\"https:\/\/www.facebook.com\/uagraria\/?locale=es_LA\" \/>\n<meta property=\"article:published_time\" content=\"2023-05-27T15:49:08+00:00\" \/>\n<meta name=\"author\" content=\"Comunicaciones UNIAGRARIA\" \/>\n<meta name=\"twitter:card\" content=\"summary_large_image\" \/>\n<meta name=\"twitter:creator\" content=\"@UNIAGRARIA\" \/>\n<meta name=\"twitter:site\" content=\"@UNIAGRARIA\" \/>\n<meta name=\"twitter:label1\" content=\"Escrito por\" \/>\n\t<meta name=\"twitter:data1\" content=\"Comunicaciones UNIAGRARIA\" \/>\n\t<meta name=\"twitter:label2\" content=\"Tiempo de lectura\" \/>\n\t<meta name=\"twitter:data2\" content=\"3 minutos\" \/>\n<script type=\"application\/ld+json\" class=\"yoast-schema-graph\">{\"@context\":\"https:\\\/\\\/schema.org\",\"@graph\":[{\"@type\":\"Article\",\"@id\":\"https:\\\/\\\/uniagraria.edu.co\\\/en\\\/destacada-celebracion-del-dia-del-docente-reconoce-la-labor-excepcional-de-los-profesores-uniagraristas\\\/#article\",\"isPartOf\":{\"@id\":\"https:\\\/\\\/uniagraria.edu.co\\\/en\\\/destacada-celebracion-del-dia-del-docente-reconoce-la-labor-excepcional-de-los-profesores-uniagraristas\\\/\"},\"author\":{\"name\":\"Comunicaciones UNIAGRARIA\",\"@id\":\"https:\\\/\\\/uniagraria.edu.co\\\/es\\\/#\\\/schema\\\/person\\\/f2ff0c07d9addb88b935755100b8db03\"},\"headline\":\"Destacada celebraci\u00f3n del D\u00eda del Docente\",\"datePublished\":\"2023-05-27T15:49:08+00:00\",\"mainEntityOfPage\":{\"@id\":\"https:\\\/\\\/uniagraria.edu.co\\\/en\\\/destacada-celebracion-del-dia-del-docente-reconoce-la-labor-excepcional-de-los-profesores-uniagraristas\\\/\"},\"wordCount\":704,\"publisher\":{\"@id\":\"https:\\\/\\\/uniagraria.edu.co\\\/es\\\/#organization\"},\"image\":{\"@id\":\"https:\\\/\\\/uniagraria.edu.co\\\/en\\\/destacada-celebracion-del-dia-del-docente-reconoce-la-labor-excepcional-de-los-profesores-uniagraristas\\\/#primaryimage\"},\"thumbnailUrl\":\"\",\"articleSection\":[\"Noticias\"],\"inLanguage\":\"es-CO\"},{\"@type\":\"WebPage\",\"@id\":\"https:\\\/\\\/uniagraria.edu.co\\\/en\\\/destacada-celebracion-del-dia-del-docente-reconoce-la-labor-excepcional-de-los-profesores-uniagraristas\\\/\",\"url\":\"https:\\\/\\\/uniagraria.edu.co\\\/en\\\/destacada-celebracion-del-dia-del-docente-reconoce-la-labor-excepcional-de-los-profesores-uniagraristas\\\/\",\"name\":\"Destacada celebraci\u00f3n del D\u00eda del Docente - UNIAGRARIA\",\"isPartOf\":{\"@id\":\"https:\\\/\\\/uniagraria.edu.co\\\/es\\\/#website\"},\"primaryImageOfPage\":{\"@id\":\"https:\\\/\\\/uniagraria.edu.co\\\/en\\\/destacada-celebracion-del-dia-del-docente-reconoce-la-labor-excepcional-de-los-profesores-uniagraristas\\\/#primaryimage\"},\"image\":{\"@id\":\"https:\\\/\\\/uniagraria.edu.co\\\/en\\\/destacada-celebracion-del-dia-del-docente-reconoce-la-labor-excepcional-de-los-profesores-uniagraristas\\\/#primaryimage\"},\"thumbnailUrl\":\"\",\"datePublished\":\"2023-05-27T15:49:08+00:00\",\"breadcrumb\":{\"@id\":\"https:\\\/\\\/uniagraria.edu.co\\\/en\\\/destacada-celebracion-del-dia-del-docente-reconoce-la-labor-excepcional-de-los-profesores-uniagraristas\\\/#breadcrumb\"},\"inLanguage\":\"es-CO\",\"potentialAction\":[{\"@type\":\"ReadAction\",\"target\":[\"https:\\\/\\\/uniagraria.edu.co\\\/en\\\/destacada-celebracion-del-dia-del-docente-reconoce-la-labor-excepcional-de-los-profesores-uniagraristas\\\/\"]}]},{\"@type\":\"ImageObject\",\"inLanguage\":\"es-CO\",\"@id\":\"https:\\\/\\\/uniagraria.edu.co\\\/en\\\/destacada-celebracion-del-dia-del-docente-reconoce-la-labor-excepcional-de-los-profesores-uniagraristas\\\/#primaryimage\",\"url\":\"\",\"contentUrl\":\"\"},{\"@type\":\"BreadcrumbList\",\"@id\":\"https:\\\/\\\/uniagraria.edu.co\\\/en\\\/destacada-celebracion-del-dia-del-docente-reconoce-la-labor-excepcional-de-los-profesores-uniagraristas\\\/#breadcrumb\",\"itemListElement\":[{\"@type\":\"ListItem\",\"position\":1,\"name\":\"Inicio\",\"item\":\"https:\\\/\\\/uniagraria.edu.co\\\/\"},{\"@type\":\"ListItem\",\"position\":2,\"name\":\"Noticias\",\"item\":\"https:\\\/\\\/uniagraria.edu.co\\\/es\\\/category\\\/noticias\\\/\"},{\"@type\":\"ListItem\",\"position\":3,\"name\":\"Destacada celebraci\u00f3n del D\u00eda del Docente\"}]},{\"@type\":\"WebSite\",\"@id\":\"https:\\\/\\\/uniagraria.edu.co\\\/es\\\/#website\",\"url\":\"https:\\\/\\\/uniagraria.edu.co\\\/es\\\/\",\"name\":\"UNIAGRARIA\",\"description\":\"FUNDACION UNIVERSITARIA AGRARIA DE COLOMBIA\",\"publisher\":{\"@id\":\"https:\\\/\\\/uniagraria.edu.co\\\/es\\\/#organization\"},\"potentialAction\":[{\"@type\":\"SearchAction\",\"target\":{\"@type\":\"EntryPoint\",\"urlTemplate\":\"https:\\\/\\\/uniagraria.edu.co\\\/es\\\/?s={search_term_string}\"},\"query-input\":{\"@type\":\"PropertyValueSpecification\",\"valueRequired\":true,\"valueName\":\"search_term_string\"}}],\"inLanguage\":\"es-CO\"},{\"@type\":\"Organization\",\"@id\":\"https:\\\/\\\/uniagraria.edu.co\\\/es\\\/#organization\",\"name\":\"UNIAGRARIA\",\"url\":\"https:\\\/\\\/uniagraria.edu.co\\\/es\\\/\",\"logo\":{\"@type\":\"ImageObject\",\"inLanguage\":\"es-CO\",\"@id\":\"https:\\\/\\\/uniagraria.edu.co\\\/es\\\/#\\\/schema\\\/logo\\\/image\\\/\",\"url\":\"https:\\\/\\\/novawebmaster.com\\\/uniagraria\\\/wp-content\\\/uploads\\\/2025\\\/02\\\/LogoUa2023Vertical.png\",\"contentUrl\":\"https:\\\/\\\/novawebmaster.com\\\/uniagraria\\\/wp-content\\\/uploads\\\/2025\\\/02\\\/LogoUa2023Vertical.png\",\"width\":3300,\"height\":2550,\"caption\":\"UNIAGRARIA\"},\"image\":{\"@id\":\"https:\\\/\\\/uniagraria.edu.co\\\/es\\\/#\\\/schema\\\/logo\\\/image\\\/\"},\"sameAs\":[\"https:\\\/\\\/www.facebook.com\\\/uagraria\\\/?locale=es_LA\",\"https:\\\/\\\/x.com\\\/UNIAGRARIA\",\"https:\\\/\\\/www.instagram.com\\\/uniagraria\\\/profilecard\\\/?igsh=MXI2bTFlMWsxNzNjOA\",\"https:\\\/\\\/www.tiktok.com\\\/discover\\\/uniagraria?lang=es\",\"https:\\\/\\\/www.linkedin.com\\\/school\\\/uniagraria\\\/?originalSubdomain=co\",\"https:\\\/\\\/www.youtube.com\\\/user\\\/UniagrariaUverde?themeRefresh=1\",\"https:\\\/\\\/api.whatsapp.com\\\/send?phone=3134230649\"]},{\"@type\":\"Person\",\"@id\":\"https:\\\/\\\/uniagraria.edu.co\\\/es\\\/#\\\/schema\\\/person\\\/f2ff0c07d9addb88b935755100b8db03\",\"name\":\"Comunicaciones UNIAGRARIA\",\"image\":{\"@type\":\"ImageObject\",\"inLanguage\":\"es-CO\",\"@id\":\"https:\\\/\\\/secure.gravatar.com\\\/avatar\\\/5c34977f632fe7cabe2da5a1818394efca9475d46ad9f02e8eab7fd408884103?s=96&d=mm&r=g\",\"url\":\"https:\\\/\\\/secure.gravatar.com\\\/avatar\\\/5c34977f632fe7cabe2da5a1818394efca9475d46ad9f02e8eab7fd408884103?s=96&d=mm&r=g\",\"contentUrl\":\"https:\\\/\\\/secure.gravatar.com\\\/avatar\\\/5c34977f632fe7cabe2da5a1818394efca9475d46ad9f02e8eab7fd408884103?s=96&d=mm&r=g\",\"caption\":\"Comunicaciones UNIAGRARIA\"},\"url\":\"https:\\\/\\\/uniagraria.edu.co\\\/es\\\/author\\\/4ndr3sf371p3\\\/\"}]}<\/script>\n<!-- \/ Yoast SEO plugin. -->","yoast_head_json":{"title":"Destacada celebraci\u00f3n del D\u00eda del Docente - UNIAGRARIA","robots":{"index":"index","follow":"follow","max-snippet":"max-snippet:-1","max-image-preview":"max-image-preview:large","max-video-preview":"max-video-preview:-1"},"canonical":"https:\/\/uniagraria.edu.co\/es\/destacada-celebracion-del-dia-del-docente-reconoce-la-labor-excepcional-de-los-profesores-uniagraristas\/","og_locale":"es_ES","og_type":"article","og_title":"Destacada celebraci\u00f3n del D\u00eda del Docente - UNIAGRARIA","og_description":"Reconoce la labor excepcional de los profesores Uniagraristas Direcci\u00f3n de Comunicaciones UNIAGRARIA En una emotiva ceremonia realizada en la sede 170 de la Fundaci\u00f3n Universitaria Agraria, UNIAGRARIA, se llev\u00f3 a cabo la celebraci\u00f3n del D\u00eda del Docente en la que se honr\u00f3 la labor ejemplar de los educadores y se destac\u00f3 su incansable compromiso con [&hellip;]","og_url":"https:\/\/uniagraria.edu.co\/es\/destacada-celebracion-del-dia-del-docente-reconoce-la-labor-excepcional-de-los-profesores-uniagraristas\/","og_site_name":"UNIAGRARIA","article_publisher":"https:\/\/www.facebook.com\/uagraria\/?locale=es_LA","article_published_time":"2023-05-27T15:49:08+00:00","author":"Comunicaciones UNIAGRARIA","twitter_card":"summary_large_image","twitter_creator":"@UNIAGRARIA","twitter_site":"@UNIAGRARIA","twitter_misc":{"Escrito por":"Comunicaciones UNIAGRARIA","Tiempo de lectura":"3 minutos"},"schema":{"@context":"https:\/\/schema.org","@graph":[{"@type":"Article","@id":"https:\/\/uniagraria.edu.co\/en\/destacada-celebracion-del-dia-del-docente-reconoce-la-labor-excepcional-de-los-profesores-uniagraristas\/#article","isPartOf":{"@id":"https:\/\/uniagraria.edu.co\/en\/destacada-celebracion-del-dia-del-docente-reconoce-la-labor-excepcional-de-los-profesores-uniagraristas\/"},"author":{"name":"Comunicaciones UNIAGRARIA","@id":"https:\/\/uniagraria.edu.co\/es\/#\/schema\/person\/f2ff0c07d9addb88b935755100b8db03"},"headline":"Destacada celebraci\u00f3n del D\u00eda del Docente","datePublished":"2023-05-27T15:49:08+00:00","mainEntityOfPage":{"@id":"https:\/\/uniagraria.edu.co\/en\/destacada-celebracion-del-dia-del-docente-reconoce-la-labor-excepcional-de-los-profesores-uniagraristas\/"},"wordCount":704,"publisher":{"@id":"https:\/\/uniagraria.edu.co\/es\/#organization"},"image":{"@id":"https:\/\/uniagraria.edu.co\/en\/destacada-celebracion-del-dia-del-docente-reconoce-la-labor-excepcional-de-los-profesores-uniagraristas\/#primaryimage"},"thumbnailUrl":"","articleSection":["Noticias"],"inLanguage":"es-CO"},{"@type":"WebPage","@id":"https:\/\/uniagraria.edu.co\/en\/destacada-celebracion-del-dia-del-docente-reconoce-la-labor-excepcional-de-los-profesores-uniagraristas\/","url":"https:\/\/uniagraria.edu.co\/en\/destacada-celebracion-del-dia-del-docente-reconoce-la-labor-excepcional-de-los-profesores-uniagraristas\/","name":"Destacada celebraci\u00f3n del D\u00eda del Docente - UNIAGRARIA","isPartOf":{"@id":"https:\/\/uniagraria.edu.co\/es\/#website"},"primaryImageOfPage":{"@id":"https:\/\/uniagraria.edu.co\/en\/destacada-celebracion-del-dia-del-docente-reconoce-la-labor-excepcional-de-los-profesores-uniagraristas\/#primaryimage"},"image":{"@id":"https:\/\/uniagraria.edu.co\/en\/destacada-celebracion-del-dia-del-docente-reconoce-la-labor-excepcional-de-los-profesores-uniagraristas\/#primaryimage"},"thumbnailUrl":"","datePublished":"2023-05-27T15:49:08+00:00","breadcrumb":{"@id":"https:\/\/uniagraria.edu.co\/en\/destacada-celebracion-del-dia-del-docente-reconoce-la-labor-excepcional-de-los-profesores-uniagraristas\/#breadcrumb"},"inLanguage":"es-CO","potentialAction":[{"@type":"ReadAction","target":["https:\/\/uniagraria.edu.co\/en\/destacada-celebracion-del-dia-del-docente-reconoce-la-labor-excepcional-de-los-profesores-uniagraristas\/"]}]},{"@type":"ImageObject","inLanguage":"es-CO","@id":"https:\/\/uniagraria.edu.co\/en\/destacada-celebracion-del-dia-del-docente-reconoce-la-labor-excepcional-de-los-profesores-uniagraristas\/#primaryimage","url":"","contentUrl":""},{"@type":"BreadcrumbList","@id":"https:\/\/uniagraria.edu.co\/en\/destacada-celebracion-del-dia-del-docente-reconoce-la-labor-excepcional-de-los-profesores-uniagraristas\/#breadcrumb","itemListElement":[{"@type":"ListItem","position":1,"name":"Inicio","item":"https:\/\/uniagraria.edu.co\/"},{"@type":"ListItem","position":2,"name":"Noticias","item":"https:\/\/uniagraria.edu.co\/es\/category\/noticias\/"},{"@type":"ListItem","position":3,"name":"Destacada celebraci\u00f3n del D\u00eda del Docente"}]},{"@type":"WebSite","@id":"https:\/\/uniagraria.edu.co\/es\/#website","url":"https:\/\/uniagraria.edu.co\/es\/","name":"UNIAGRARIA","description":"FUNDACION UNIVERSITARIA AGRARIA DE COLOMBIA","publisher":{"@id":"https:\/\/uniagraria.edu.co\/es\/#organization"},"potentialAction":[{"@type":"SearchAction","target":{"@type":"EntryPoint","urlTemplate":"https:\/\/uniagraria.edu.co\/es\/?s={search_term_string}"},"query-input":{"@type":"PropertyValueSpecification","valueRequired":true,"valueName":"search_term_string"}}],"inLanguage":"es-CO"},{"@type":"Organization","@id":"https:\/\/uniagraria.edu.co\/es\/#organization","name":"UNIAGRARIA","url":"https:\/\/uniagraria.edu.co\/es\/","logo":{"@type":"ImageObject","inLanguage":"es-CO","@id":"https:\/\/uniagraria.edu.co\/es\/#\/schema\/logo\/image\/","url":"https:\/\/novawebmaster.com\/uniagraria\/wp-content\/uploads\/2025\/02\/LogoUa2023Vertical.png","contentUrl":"https:\/\/novawebmaster.com\/uniagraria\/wp-content\/uploads\/2025\/02\/LogoUa2023Vertical.png","width":3300,"height":2550,"caption":"UNIAGRARIA"},"image":{"@id":"https:\/\/uniagraria.edu.co\/es\/#\/schema\/logo\/image\/"},"sameAs":["https:\/\/www.facebook.com\/uagraria\/?locale=es_LA","https:\/\/x.com\/UNIAGRARIA","https:\/\/www.instagram.com\/uniagraria\/profilecard\/?igsh=MXI2bTFlMWsxNzNjOA","https:\/\/www.tiktok.com\/discover\/uniagraria?lang=es","https:\/\/www.linkedin.com\/school\/uniagraria\/?originalSubdomain=co","https:\/\/www.youtube.com\/user\/UniagrariaUverde?themeRefresh=1","https:\/\/api.whatsapp.com\/send?phone=3134230649"]},{"@type":"Person","@id":"https:\/\/uniagraria.edu.co\/es\/#\/schema\/person\/f2ff0c07d9addb88b935755100b8db03","name":"Comunicaciones UNIAGRARIA","image":{"@type":"ImageObject","inLanguage":"es-CO","@id":"https:\/\/secure.gravatar.com\/avatar\/5c34977f632fe7cabe2da5a1818394efca9475d46ad9f02e8eab7fd408884103?s=96&d=mm&r=g","url":"https:\/\/secure.gravatar.com\/avatar\/5c34977f632fe7cabe2da5a1818394efca9475d46ad9f02e8eab7fd408884103?s=96&d=mm&r=g","contentUrl":"https:\/\/secure.gravatar.com\/avatar\/5c34977f632fe7cabe2da5a1818394efca9475d46ad9f02e8eab7fd408884103?s=96&d=mm&r=g","caption":"Comunicaciones UNIAGRARIA"},"url":"https:\/\/uniagraria.edu.co\/es\/author\/4ndr3sf371p3\/"}]}},"_links":{"self":[{"href":"https:\/\/uniagraria.edu.co\/es\/wp-json\/wp\/v2\/posts\/36322","targetHints":{"allow":["GET"]}}],"collection":[{"href":"https:\/\/uniagraria.edu.co\/es\/wp-json\/wp\/v2\/posts"}],"about":[{"href":"https:\/\/uniagraria.edu.co\/es\/wp-json\/wp\/v2\/types\/post"}],"author":[{"embeddable":true,"href":"https:\/\/uniagraria.edu.co\/es\/wp-json\/wp\/v2\/users\/8"}],"replies":[{"embeddable":true,"href":"https:\/\/uniagraria.edu.co\/es\/wp-json\/wp\/v2\/comments?post=36322"}],"version-history":[{"count":0,"href":"https:\/\/uniagraria.edu.co\/es\/wp-json\/wp\/v2\/posts\/36322\/revisions"}],"wp:featuredmedia":[{"embeddable":true,"href":"https:\/\/uniagraria.edu.co\/es\/wp-json\/"}],"wp:attachment":[{"href":"https:\/\/uniagraria.edu.co\/es\/wp-json\/wp\/v2\/media?parent=36322"}],"wp:term":[{"taxonomy":"category","embeddable":true,"href":"https:\/\/uniagraria.edu.co\/es\/wp-json\/wp\/v2\/categories?post=36322"},{"taxonomy":"post_tag","embeddable":true,"href":"https:\/\/uniagraria.edu.co\/es\/wp-json\/wp\/v2\/tags?post=36322"}],"curies":[{"name":"wp","href":"https:\/\/api.w.org\/{rel}","templated":true}]}}