{"id":42359,"date":"2024-05-02T14:09:14","date_gmt":"2024-05-02T19:09:14","guid":{"rendered":"https:\/\/www.uniagraria.edu.co\/?p=42359"},"modified":"2024-05-02T14:09:14","modified_gmt":"2024-05-02T19:09:14","slug":"uniagraria-se-acerca-a-ubaque-para-fortalecer-la-educacion-y-el-desarrollo-regional","status":"publish","type":"post","link":"https:\/\/uniagraria.edu.co\/es\/uniagraria-se-acerca-a-ubaque-para-fortalecer-la-educacion-y-el-desarrollo-regional\/","title":{"rendered":"UNIAGRARIA se acerca a Ubaque para fortalecer la educaci\u00f3n y el desarrollo regional"},"content":{"rendered":"\n<h4 class=\"wp-block-heading\" id=\"mce_0\"><em><strong>Direcci\u00f3n de Comunicaciones UNIAGRARIA\ufeff<\/strong><\/em><\/h4>\n\n\n\n<p style=\"text-align: justify;\">Una delegaci\u00f3n de la Fundaci\u00f3n Universitaria Agraria de Colombia -UNIAGRARIA-, La U Verde de Colombia, se desplaz\u00f3 el pasado 29 de abril de 2024 hacia el municipio de Ubaque, situado en la provincia de Oriente del departamento de Cundinamarca. El prop\u00f3sito de esta visita fue reunirse con el alcalde del municipio, el Dr. Jhoanny Garz\u00f3n Aguas, para ultimar detalles de la firma del convenio entre la Alcald\u00eda Municipal y UNIAGRARIA.<\/p>\n\n\n\n<p style=\"text-align: justify;\">Durante la reuni\u00f3n, se presentaron los servicios que UNIAGRARIA ofrece a trav\u00e9s de su macro proyecto &#8220;UNIAGRARIA Acompa\u00f1a&#8221;. Este proyecto tiene como objetivo transformar la educaci\u00f3n y el desarrollo regional en Colombia, colaborando estrechamente con alcald\u00edas y rectores de colegios en municipios de todo el pa\u00eds. &#8220;UNIAGRARIA Acompa\u00f1a&#8221; busca promover la integraci\u00f3n a la educaci\u00f3n superior y contribuir al desarrollo local, en l\u00ednea con otras estrategias de extensi\u00f3n como el Plan 500 \u2013 Colegios Verdes para Colombia, Sembrar Paz y UNIAGRARIA al Campo.<\/p>\n\n\n\n<p style=\"text-align: justify;\">En su visita Ubaque, la comitiva de UNIAGRARIA tambi\u00e9n tuvo la oportunidad de visitar el Instituto T\u00e9cnico de Oriente, el principal colegio del municipio y que hace parte del Plan 500 de UNIAGRARIA. El objetivo fue promover entre los estudiantes de \u00faltimos grados su inserci\u00f3n en la vida universitaria una vez se grad\u00faen de bachilleres, y fomentar su posible vinculaci\u00f3n a UNIAGRARIA. En el colegio, se llev\u00f3 a cabo un taller impartido por el programa de Ingenier\u00eda Mecatr\u00f3nica, en el cual participaron estudiantes de grados 10\u00b0y 11\u00b0.<\/p>\n\n\n\n<p style=\"text-align: justify;\">Para acercar a los estudiantes a las carreras ofrecidas por UNIAGRARIA, se cont\u00f3 con la presencia de profesionales de los programas de Ingenier\u00eda de Alimentos, Ingenier\u00eda Civil, Ingenier\u00eda Mecatr\u00f3nica y Zootecnia.<\/p>\n\n\n\n<p style=\"text-align: justify;\">Al finalizar la jornada, en una reuni\u00f3n con H\u00e9ctor Hugo Pardo Franco, rector del Instituto T\u00e9cnico de Oriente, se generaron algunos acuerdos que permitir\u00e1n la inserci\u00f3n de la Instituci\u00f3n en el &#8220;Plan 500 Red de Colegios Verdes&#8221;, para fortalecer a\u00fan m\u00e1s la educaci\u00f3n y el desarrollo regional en el municipio de Ubaque.<\/p>\n\n\n\n<ul class=\"wp-block-gallery columns-3 is-cropped wp-block-gallery-1 is-layout-flex wp-block-gallery-is-layout-flex\"><li class=\"blocks-gallery-item\"><figure><img decoding=\"async\" src=\"https:\/\/www.uniagraria.edu.co\/wp-content\/uploads\/2024\/05\/UNIAGRARIASeAcercaAUbaque-01-1024x576.jpeg\" alt=\"\" data-id=\"42355\" data-link=\"https:\/\/www.uniagraria.edu.co\/uniagrariaseacercaaubaque-01\/\" class=\"wp-image-42355\"\/><\/figure><\/li><li class=\"blocks-gallery-item\"><figure><img decoding=\"async\" src=\"https:\/\/www.uniagraria.edu.co\/wp-content\/uploads\/2024\/05\/UNIAGRARIASeAcercaAUbaque-03-1024x576.jpeg\" alt=\"\" data-id=\"42357\" data-link=\"https:\/\/www.uniagraria.edu.co\/uniagrariaseacercaaubaque-03\/\" class=\"wp-image-42357\"\/><\/figure><\/li><li class=\"blocks-gallery-item\"><figure><img decoding=\"async\" src=\"https:\/\/www.uniagraria.edu.co\/wp-content\/uploads\/2024\/05\/UNIAGRARIASeAcercaAUbaque-04-1024x576.jpeg\" alt=\"\" data-id=\"42358\" data-link=\"https:\/\/www.uniagraria.edu.co\/uniagrariaseacercaaubaque-04\/\" class=\"wp-image-42358\"\/><\/figure><\/li><li class=\"blocks-gallery-item\"><figure><img decoding=\"async\" src=\"https:\/\/www.uniagraria.edu.co\/wp-content\/uploads\/2024\/05\/UNIAGRARIASeAcercaAUbaque-02-1024x576.jpeg\" alt=\"\" data-id=\"42356\" data-link=\"https:\/\/www.uniagraria.edu.co\/uniagrariaseacercaaubaque-02\/\" class=\"wp-image-42356\"\/><\/figure><\/li><\/ul>\n","protected":false},"excerpt":{"rendered":"<p>Direcci\u00f3n de Comunicaciones UNIAGRARIA\ufeff Una delegaci\u00f3n de la Fundaci\u00f3n Universitaria Agraria de Colombia -UNIAGRARIA-, La U Verde de Colombia, se desplaz\u00f3 el pasado 29 de abril de 2024 hacia el municipio de Ubaque, situado en la provincia de Oriente del departamento de Cundinamarca. El prop\u00f3sito de esta visita fue reunirse con el alcalde del municipio, [&hellip;]<\/p>\n","protected":false},"author":8,"featured_media":42355,"comment_status":"closed","ping_status":"closed","sticky":false,"template":"","format":"standard","meta":{"_acf_changed":false,"site-sidebar-layout":"default","site-content-layout":"","ast-site-content-layout":"default","site-content-style":"default","site-sidebar-style":"default","ast-global-header-display":"","ast-banner-title-visibility":"","ast-main-header-display":"","ast-hfb-above-header-display":"","ast-hfb-below-header-display":"","ast-hfb-mobile-header-display":"","site-post-title":"","ast-breadcrumbs-content":"","ast-featured-img":"","footer-sml-layout":"","ast-disable-related-posts":"","theme-transparent-header-meta":"","adv-header-id-meta":"","stick-header-meta":"","header-above-stick-meta":"","header-main-stick-meta":"","header-below-stick-meta":"","astra-migrate-meta-layouts":"default","ast-page-background-enabled":"default","ast-page-background-meta":{"desktop":{"background-color":"var(--ast-global-color-4)","background-image":"","background-repeat":"repeat","background-position":"center center","background-size":"auto","background-attachment":"scroll","background-type":"","background-media":"","overlay-type":"","overlay-color":"","overlay-opacity":"","overlay-gradient":""},"tablet":{"background-color":"","background-image":"","background-repeat":"repeat","background-position":"center center","background-size":"auto","background-attachment":"scroll","background-type":"","background-media":"","overlay-type":"","overlay-color":"","overlay-opacity":"","overlay-gradient":""},"mobile":{"background-color":"","background-image":"","background-repeat":"repeat","background-position":"center center","background-size":"auto","background-attachment":"scroll","background-type":"","background-media":"","overlay-type":"","overlay-color":"","overlay-opacity":"","overlay-gradient":""}},"ast-content-background-meta":{"desktop":{"background-color":"var(--ast-global-color-5)","background-image":"","background-repeat":"repeat","background-position":"center center","background-size":"auto","background-attachment":"scroll","background-type":"","background-media":"","overlay-type":"","overlay-color":"","overlay-opacity":"","overlay-gradient":""},"tablet":{"background-color":"var(--ast-global-color-5)","background-image":"","background-repeat":"repeat","background-position":"center center","background-size":"auto","background-attachment":"scroll","background-type":"","background-media":"","overlay-type":"","overlay-color":"","overlay-opacity":"","overlay-gradient":""},"mobile":{"background-color":"var(--ast-global-color-5)","background-image":"","background-repeat":"repeat","background-position":"center center","background-size":"auto","background-attachment":"scroll","background-type":"","background-media":"","overlay-type":"","overlay-color":"","overlay-opacity":"","overlay-gradient":""}},"footnotes":""},"categories":[35],"tags":[],"class_list":["post-42359","post","type-post","status-publish","format-standard","has-post-thumbnail","hentry","category-noticias"],"acf":[],"yoast_head":"<!-- This site is optimized with the Yoast SEO plugin v27.5 - https:\/\/yoast.com\/product\/yoast-seo-wordpress\/ -->\n<title>UNIAGRARIA se acerca a Ubaque para fortalecer la educaci\u00f3n y el desarrollo regional - UNIAGRARIA<\/title>\n<meta name=\"robots\" content=\"index, follow, max-snippet:-1, max-image-preview:large, max-video-preview:-1\" \/>\n<link rel=\"canonical\" href=\"https:\/\/uniagraria.edu.co\/es\/uniagraria-se-acerca-a-ubaque-para-fortalecer-la-educacion-y-el-desarrollo-regional\/\" \/>\n<meta property=\"og:locale\" content=\"es_ES\" \/>\n<meta property=\"og:type\" content=\"article\" \/>\n<meta property=\"og:title\" content=\"UNIAGRARIA se acerca a Ubaque para fortalecer la educaci\u00f3n y el desarrollo regional - UNIAGRARIA\" \/>\n<meta property=\"og:description\" content=\"Direcci\u00f3n de Comunicaciones UNIAGRARIA\ufeff Una delegaci\u00f3n de la Fundaci\u00f3n Universitaria Agraria de Colombia -UNIAGRARIA-, La U Verde de Colombia, se desplaz\u00f3 el pasado 29 de abril de 2024 hacia el municipio de Ubaque, situado en la provincia de Oriente del departamento de Cundinamarca. El prop\u00f3sito de esta visita fue reunirse con el alcalde del municipio, [&hellip;]\" \/>\n<meta property=\"og:url\" content=\"https:\/\/uniagraria.edu.co\/es\/uniagraria-se-acerca-a-ubaque-para-fortalecer-la-educacion-y-el-desarrollo-regional\/\" \/>\n<meta property=\"og:site_name\" content=\"UNIAGRARIA\" \/>\n<meta property=\"article:publisher\" content=\"https:\/\/www.facebook.com\/uagraria\/?locale=es_LA\" \/>\n<meta property=\"article:published_time\" content=\"2024-05-02T19:09:14+00:00\" \/>\n<meta name=\"author\" content=\"Comunicaciones UNIAGRARIA\" \/>\n<meta name=\"twitter:card\" content=\"summary_large_image\" \/>\n<meta name=\"twitter:creator\" content=\"@UNIAGRARIA\" \/>\n<meta name=\"twitter:site\" content=\"@UNIAGRARIA\" \/>\n<meta name=\"twitter:label1\" content=\"Escrito por\" \/>\n\t<meta name=\"twitter:data1\" content=\"Comunicaciones UNIAGRARIA\" \/>\n\t<meta name=\"twitter:label2\" content=\"Tiempo de lectura\" \/>\n\t<meta name=\"twitter:data2\" content=\"2 minutos\" \/>\n<script type=\"application\/ld+json\" class=\"yoast-schema-graph\">{\"@context\":\"https:\\\/\\\/schema.org\",\"@graph\":[{\"@type\":\"Article\",\"@id\":\"https:\\\/\\\/uniagraria.edu.co\\\/es\\\/uniagraria-se-acerca-a-ubaque-para-fortalecer-la-educacion-y-el-desarrollo-regional\\\/#article\",\"isPartOf\":{\"@id\":\"https:\\\/\\\/uniagraria.edu.co\\\/es\\\/uniagraria-se-acerca-a-ubaque-para-fortalecer-la-educacion-y-el-desarrollo-regional\\\/\"},\"author\":{\"name\":\"Comunicaciones UNIAGRARIA\",\"@id\":\"https:\\\/\\\/uniagraria.edu.co\\\/es\\\/#\\\/schema\\\/person\\\/f2ff0c07d9addb88b935755100b8db03\"},\"headline\":\"UNIAGRARIA se acerca a Ubaque para fortalecer la educaci\u00f3n y el desarrollo regional\",\"datePublished\":\"2024-05-02T19:09:14+00:00\",\"mainEntityOfPage\":{\"@id\":\"https:\\\/\\\/uniagraria.edu.co\\\/es\\\/uniagraria-se-acerca-a-ubaque-para-fortalecer-la-educacion-y-el-desarrollo-regional\\\/\"},\"wordCount\":371,\"publisher\":{\"@id\":\"https:\\\/\\\/uniagraria.edu.co\\\/es\\\/#organization\"},\"image\":{\"@id\":\"https:\\\/\\\/uniagraria.edu.co\\\/es\\\/uniagraria-se-acerca-a-ubaque-para-fortalecer-la-educacion-y-el-desarrollo-regional\\\/#primaryimage\"},\"thumbnailUrl\":\"\",\"articleSection\":[\"Noticias\"],\"inLanguage\":\"es-CO\"},{\"@type\":\"WebPage\",\"@id\":\"https:\\\/\\\/uniagraria.edu.co\\\/es\\\/uniagraria-se-acerca-a-ubaque-para-fortalecer-la-educacion-y-el-desarrollo-regional\\\/\",\"url\":\"https:\\\/\\\/uniagraria.edu.co\\\/es\\\/uniagraria-se-acerca-a-ubaque-para-fortalecer-la-educacion-y-el-desarrollo-regional\\\/\",\"name\":\"UNIAGRARIA se acerca a Ubaque para fortalecer la educaci\u00f3n y el desarrollo regional - UNIAGRARIA\",\"isPartOf\":{\"@id\":\"https:\\\/\\\/uniagraria.edu.co\\\/es\\\/#website\"},\"primaryImageOfPage\":{\"@id\":\"https:\\\/\\\/uniagraria.edu.co\\\/es\\\/uniagraria-se-acerca-a-ubaque-para-fortalecer-la-educacion-y-el-desarrollo-regional\\\/#primaryimage\"},\"image\":{\"@id\":\"https:\\\/\\\/uniagraria.edu.co\\\/es\\\/uniagraria-se-acerca-a-ubaque-para-fortalecer-la-educacion-y-el-desarrollo-regional\\\/#primaryimage\"},\"thumbnailUrl\":\"\",\"datePublished\":\"2024-05-02T19:09:14+00:00\",\"breadcrumb\":{\"@id\":\"https:\\\/\\\/uniagraria.edu.co\\\/es\\\/uniagraria-se-acerca-a-ubaque-para-fortalecer-la-educacion-y-el-desarrollo-regional\\\/#breadcrumb\"},\"inLanguage\":\"es-CO\",\"potentialAction\":[{\"@type\":\"ReadAction\",\"target\":[\"https:\\\/\\\/uniagraria.edu.co\\\/es\\\/uniagraria-se-acerca-a-ubaque-para-fortalecer-la-educacion-y-el-desarrollo-regional\\\/\"]}]},{\"@type\":\"ImageObject\",\"inLanguage\":\"es-CO\",\"@id\":\"https:\\\/\\\/uniagraria.edu.co\\\/es\\\/uniagraria-se-acerca-a-ubaque-para-fortalecer-la-educacion-y-el-desarrollo-regional\\\/#primaryimage\",\"url\":\"\",\"contentUrl\":\"\"},{\"@type\":\"BreadcrumbList\",\"@id\":\"https:\\\/\\\/uniagraria.edu.co\\\/es\\\/uniagraria-se-acerca-a-ubaque-para-fortalecer-la-educacion-y-el-desarrollo-regional\\\/#breadcrumb\",\"itemListElement\":[{\"@type\":\"ListItem\",\"position\":1,\"name\":\"Inicio\",\"item\":\"https:\\\/\\\/uniagraria.edu.co\\\/\"},{\"@type\":\"ListItem\",\"position\":2,\"name\":\"Noticias\",\"item\":\"https:\\\/\\\/uniagraria.edu.co\\\/es\\\/category\\\/noticias\\\/\"},{\"@type\":\"ListItem\",\"position\":3,\"name\":\"UNIAGRARIA se acerca a Ubaque para fortalecer la educaci\u00f3n y el desarrollo regional\"}]},{\"@type\":\"WebSite\",\"@id\":\"https:\\\/\\\/uniagraria.edu.co\\\/es\\\/#website\",\"url\":\"https:\\\/\\\/uniagraria.edu.co\\\/es\\\/\",\"name\":\"UNIAGRARIA\",\"description\":\"FUNDACION UNIVERSITARIA AGRARIA DE COLOMBIA\",\"publisher\":{\"@id\":\"https:\\\/\\\/uniagraria.edu.co\\\/es\\\/#organization\"},\"potentialAction\":[{\"@type\":\"SearchAction\",\"target\":{\"@type\":\"EntryPoint\",\"urlTemplate\":\"https:\\\/\\\/uniagraria.edu.co\\\/es\\\/?s={search_term_string}\"},\"query-input\":{\"@type\":\"PropertyValueSpecification\",\"valueRequired\":true,\"valueName\":\"search_term_string\"}}],\"inLanguage\":\"es-CO\"},{\"@type\":\"Organization\",\"@id\":\"https:\\\/\\\/uniagraria.edu.co\\\/es\\\/#organization\",\"name\":\"UNIAGRARIA\",\"url\":\"https:\\\/\\\/uniagraria.edu.co\\\/es\\\/\",\"logo\":{\"@type\":\"ImageObject\",\"inLanguage\":\"es-CO\",\"@id\":\"https:\\\/\\\/uniagraria.edu.co\\\/es\\\/#\\\/schema\\\/logo\\\/image\\\/\",\"url\":\"https:\\\/\\\/novawebmaster.com\\\/uniagraria\\\/wp-content\\\/uploads\\\/2025\\\/02\\\/LogoUa2023Vertical.png\",\"contentUrl\":\"https:\\\/\\\/novawebmaster.com\\\/uniagraria\\\/wp-content\\\/uploads\\\/2025\\\/02\\\/LogoUa2023Vertical.png\",\"width\":3300,\"height\":2550,\"caption\":\"UNIAGRARIA\"},\"image\":{\"@id\":\"https:\\\/\\\/uniagraria.edu.co\\\/es\\\/#\\\/schema\\\/logo\\\/image\\\/\"},\"sameAs\":[\"https:\\\/\\\/www.facebook.com\\\/uagraria\\\/?locale=es_LA\",\"https:\\\/\\\/x.com\\\/UNIAGRARIA\",\"https:\\\/\\\/www.instagram.com\\\/uniagraria\\\/profilecard\\\/?igsh=MXI2bTFlMWsxNzNjOA\",\"https:\\\/\\\/www.tiktok.com\\\/discover\\\/uniagraria?lang=es\",\"https:\\\/\\\/www.linkedin.com\\\/school\\\/uniagraria\\\/?originalSubdomain=co\",\"https:\\\/\\\/www.youtube.com\\\/user\\\/UniagrariaUverde?themeRefresh=1\",\"https:\\\/\\\/api.whatsapp.com\\\/send?phone=3134230649\"]},{\"@type\":\"Person\",\"@id\":\"https:\\\/\\\/uniagraria.edu.co\\\/es\\\/#\\\/schema\\\/person\\\/f2ff0c07d9addb88b935755100b8db03\",\"name\":\"Comunicaciones UNIAGRARIA\",\"image\":{\"@type\":\"ImageObject\",\"inLanguage\":\"es-CO\",\"@id\":\"https:\\\/\\\/secure.gravatar.com\\\/avatar\\\/5c34977f632fe7cabe2da5a1818394efca9475d46ad9f02e8eab7fd408884103?s=96&d=mm&r=g\",\"url\":\"https:\\\/\\\/secure.gravatar.com\\\/avatar\\\/5c34977f632fe7cabe2da5a1818394efca9475d46ad9f02e8eab7fd408884103?s=96&d=mm&r=g\",\"contentUrl\":\"https:\\\/\\\/secure.gravatar.com\\\/avatar\\\/5c34977f632fe7cabe2da5a1818394efca9475d46ad9f02e8eab7fd408884103?s=96&d=mm&r=g\",\"caption\":\"Comunicaciones UNIAGRARIA\"},\"url\":\"https:\\\/\\\/uniagraria.edu.co\\\/es\\\/author\\\/4ndr3sf371p3\\\/\"}]}<\/script>\n<!-- \/ Yoast SEO plugin. -->","yoast_head_json":{"title":"UNIAGRARIA se acerca a Ubaque para fortalecer la educaci\u00f3n y el desarrollo regional - UNIAGRARIA","robots":{"index":"index","follow":"follow","max-snippet":"max-snippet:-1","max-image-preview":"max-image-preview:large","max-video-preview":"max-video-preview:-1"},"canonical":"https:\/\/uniagraria.edu.co\/es\/uniagraria-se-acerca-a-ubaque-para-fortalecer-la-educacion-y-el-desarrollo-regional\/","og_locale":"es_ES","og_type":"article","og_title":"UNIAGRARIA se acerca a Ubaque para fortalecer la educaci\u00f3n y el desarrollo regional - UNIAGRARIA","og_description":"Direcci\u00f3n de Comunicaciones UNIAGRARIA\ufeff Una delegaci\u00f3n de la Fundaci\u00f3n Universitaria Agraria de Colombia -UNIAGRARIA-, La U Verde de Colombia, se desplaz\u00f3 el pasado 29 de abril de 2024 hacia el municipio de Ubaque, situado en la provincia de Oriente del departamento de Cundinamarca. El prop\u00f3sito de esta visita fue reunirse con el alcalde del municipio, [&hellip;]","og_url":"https:\/\/uniagraria.edu.co\/es\/uniagraria-se-acerca-a-ubaque-para-fortalecer-la-educacion-y-el-desarrollo-regional\/","og_site_name":"UNIAGRARIA","article_publisher":"https:\/\/www.facebook.com\/uagraria\/?locale=es_LA","article_published_time":"2024-05-02T19:09:14+00:00","author":"Comunicaciones UNIAGRARIA","twitter_card":"summary_large_image","twitter_creator":"@UNIAGRARIA","twitter_site":"@UNIAGRARIA","twitter_misc":{"Escrito por":"Comunicaciones UNIAGRARIA","Tiempo de lectura":"2 minutos"},"schema":{"@context":"https:\/\/schema.org","@graph":[{"@type":"Article","@id":"https:\/\/uniagraria.edu.co\/es\/uniagraria-se-acerca-a-ubaque-para-fortalecer-la-educacion-y-el-desarrollo-regional\/#article","isPartOf":{"@id":"https:\/\/uniagraria.edu.co\/es\/uniagraria-se-acerca-a-ubaque-para-fortalecer-la-educacion-y-el-desarrollo-regional\/"},"author":{"name":"Comunicaciones UNIAGRARIA","@id":"https:\/\/uniagraria.edu.co\/es\/#\/schema\/person\/f2ff0c07d9addb88b935755100b8db03"},"headline":"UNIAGRARIA se acerca a Ubaque para fortalecer la educaci\u00f3n y el desarrollo regional","datePublished":"2024-05-02T19:09:14+00:00","mainEntityOfPage":{"@id":"https:\/\/uniagraria.edu.co\/es\/uniagraria-se-acerca-a-ubaque-para-fortalecer-la-educacion-y-el-desarrollo-regional\/"},"wordCount":371,"publisher":{"@id":"https:\/\/uniagraria.edu.co\/es\/#organization"},"image":{"@id":"https:\/\/uniagraria.edu.co\/es\/uniagraria-se-acerca-a-ubaque-para-fortalecer-la-educacion-y-el-desarrollo-regional\/#primaryimage"},"thumbnailUrl":"","articleSection":["Noticias"],"inLanguage":"es-CO"},{"@type":"WebPage","@id":"https:\/\/uniagraria.edu.co\/es\/uniagraria-se-acerca-a-ubaque-para-fortalecer-la-educacion-y-el-desarrollo-regional\/","url":"https:\/\/uniagraria.edu.co\/es\/uniagraria-se-acerca-a-ubaque-para-fortalecer-la-educacion-y-el-desarrollo-regional\/","name":"UNIAGRARIA se acerca a Ubaque para fortalecer la educaci\u00f3n y el desarrollo regional - UNIAGRARIA","isPartOf":{"@id":"https:\/\/uniagraria.edu.co\/es\/#website"},"primaryImageOfPage":{"@id":"https:\/\/uniagraria.edu.co\/es\/uniagraria-se-acerca-a-ubaque-para-fortalecer-la-educacion-y-el-desarrollo-regional\/#primaryimage"},"image":{"@id":"https:\/\/uniagraria.edu.co\/es\/uniagraria-se-acerca-a-ubaque-para-fortalecer-la-educacion-y-el-desarrollo-regional\/#primaryimage"},"thumbnailUrl":"","datePublished":"2024-05-02T19:09:14+00:00","breadcrumb":{"@id":"https:\/\/uniagraria.edu.co\/es\/uniagraria-se-acerca-a-ubaque-para-fortalecer-la-educacion-y-el-desarrollo-regional\/#breadcrumb"},"inLanguage":"es-CO","potentialAction":[{"@type":"ReadAction","target":["https:\/\/uniagraria.edu.co\/es\/uniagraria-se-acerca-a-ubaque-para-fortalecer-la-educacion-y-el-desarrollo-regional\/"]}]},{"@type":"ImageObject","inLanguage":"es-CO","@id":"https:\/\/uniagraria.edu.co\/es\/uniagraria-se-acerca-a-ubaque-para-fortalecer-la-educacion-y-el-desarrollo-regional\/#primaryimage","url":"","contentUrl":""},{"@type":"BreadcrumbList","@id":"https:\/\/uniagraria.edu.co\/es\/uniagraria-se-acerca-a-ubaque-para-fortalecer-la-educacion-y-el-desarrollo-regional\/#breadcrumb","itemListElement":[{"@type":"ListItem","position":1,"name":"Inicio","item":"https:\/\/uniagraria.edu.co\/"},{"@type":"ListItem","position":2,"name":"Noticias","item":"https:\/\/uniagraria.edu.co\/es\/category\/noticias\/"},{"@type":"ListItem","position":3,"name":"UNIAGRARIA se acerca a Ubaque para fortalecer la educaci\u00f3n y el desarrollo regional"}]},{"@type":"WebSite","@id":"https:\/\/uniagraria.edu.co\/es\/#website","url":"https:\/\/uniagraria.edu.co\/es\/","name":"UNIAGRARIA","description":"FUNDACION UNIVERSITARIA AGRARIA DE COLOMBIA","publisher":{"@id":"https:\/\/uniagraria.edu.co\/es\/#organization"},"potentialAction":[{"@type":"SearchAction","target":{"@type":"EntryPoint","urlTemplate":"https:\/\/uniagraria.edu.co\/es\/?s={search_term_string}"},"query-input":{"@type":"PropertyValueSpecification","valueRequired":true,"valueName":"search_term_string"}}],"inLanguage":"es-CO"},{"@type":"Organization","@id":"https:\/\/uniagraria.edu.co\/es\/#organization","name":"UNIAGRARIA","url":"https:\/\/uniagraria.edu.co\/es\/","logo":{"@type":"ImageObject","inLanguage":"es-CO","@id":"https:\/\/uniagraria.edu.co\/es\/#\/schema\/logo\/image\/","url":"https:\/\/novawebmaster.com\/uniagraria\/wp-content\/uploads\/2025\/02\/LogoUa2023Vertical.png","contentUrl":"https:\/\/novawebmaster.com\/uniagraria\/wp-content\/uploads\/2025\/02\/LogoUa2023Vertical.png","width":3300,"height":2550,"caption":"UNIAGRARIA"},"image":{"@id":"https:\/\/uniagraria.edu.co\/es\/#\/schema\/logo\/image\/"},"sameAs":["https:\/\/www.facebook.com\/uagraria\/?locale=es_LA","https:\/\/x.com\/UNIAGRARIA","https:\/\/www.instagram.com\/uniagraria\/profilecard\/?igsh=MXI2bTFlMWsxNzNjOA","https:\/\/www.tiktok.com\/discover\/uniagraria?lang=es","https:\/\/www.linkedin.com\/school\/uniagraria\/?originalSubdomain=co","https:\/\/www.youtube.com\/user\/UniagrariaUverde?themeRefresh=1","https:\/\/api.whatsapp.com\/send?phone=3134230649"]},{"@type":"Person","@id":"https:\/\/uniagraria.edu.co\/es\/#\/schema\/person\/f2ff0c07d9addb88b935755100b8db03","name":"Comunicaciones UNIAGRARIA","image":{"@type":"ImageObject","inLanguage":"es-CO","@id":"https:\/\/secure.gravatar.com\/avatar\/5c34977f632fe7cabe2da5a1818394efca9475d46ad9f02e8eab7fd408884103?s=96&d=mm&r=g","url":"https:\/\/secure.gravatar.com\/avatar\/5c34977f632fe7cabe2da5a1818394efca9475d46ad9f02e8eab7fd408884103?s=96&d=mm&r=g","contentUrl":"https:\/\/secure.gravatar.com\/avatar\/5c34977f632fe7cabe2da5a1818394efca9475d46ad9f02e8eab7fd408884103?s=96&d=mm&r=g","caption":"Comunicaciones UNIAGRARIA"},"url":"https:\/\/uniagraria.edu.co\/es\/author\/4ndr3sf371p3\/"}]}},"_links":{"self":[{"href":"https:\/\/uniagraria.edu.co\/es\/wp-json\/wp\/v2\/posts\/42359","targetHints":{"allow":["GET"]}}],"collection":[{"href":"https:\/\/uniagraria.edu.co\/es\/wp-json\/wp\/v2\/posts"}],"about":[{"href":"https:\/\/uniagraria.edu.co\/es\/wp-json\/wp\/v2\/types\/post"}],"author":[{"embeddable":true,"href":"https:\/\/uniagraria.edu.co\/es\/wp-json\/wp\/v2\/users\/8"}],"replies":[{"embeddable":true,"href":"https:\/\/uniagraria.edu.co\/es\/wp-json\/wp\/v2\/comments?post=42359"}],"version-history":[{"count":0,"href":"https:\/\/uniagraria.edu.co\/es\/wp-json\/wp\/v2\/posts\/42359\/revisions"}],"wp:featuredmedia":[{"embeddable":true,"href":"https:\/\/uniagraria.edu.co\/es\/wp-json\/"}],"wp:attachment":[{"href":"https:\/\/uniagraria.edu.co\/es\/wp-json\/wp\/v2\/media?parent=42359"}],"wp:term":[{"taxonomy":"category","embeddable":true,"href":"https:\/\/uniagraria.edu.co\/es\/wp-json\/wp\/v2\/categories?post=42359"},{"taxonomy":"post_tag","embeddable":true,"href":"https:\/\/uniagraria.edu.co\/es\/wp-json\/wp\/v2\/tags?post=42359"}],"curies":[{"name":"wp","href":"https:\/\/api.w.org\/{rel}","templated":true}]}}