{"id":43017,"date":"2024-05-21T11:58:39","date_gmt":"2024-05-21T16:58:39","guid":{"rendered":"https:\/\/www.uniagraria.edu.co\/?p=43017"},"modified":"2024-05-21T11:58:39","modified_gmt":"2024-05-21T16:58:39","slug":"celebracion-del-trigesimo-aniversario-del-programa-de-contaduria-publica-de-uniagraria-2","status":"publish","type":"post","link":"https:\/\/uniagraria.edu.co\/es\/celebracion-del-trigesimo-aniversario-del-programa-de-contaduria-publica-de-uniagraria-2\/","title":{"rendered":"Celebraci\u00f3n del Trig\u00e9simo Aniversario del Programa de Contadur\u00eda P\u00fablica de UNIAGRARIA"},"content":{"rendered":"\n<h4 class=\"wp-block-heading\" id=\"mce_0\"><em><strong>Direcci\u00f3n de Comunicaciones UNIAGRARIA<\/strong><\/em><\/h4>\n\n\n\n<p style=\"text-align: justify;\">En el marco de la celebraci\u00f3n del Trig\u00e9simo Aniversario del Programa de Contadur\u00eda P\u00fablica, UNIAGRARIA agradece la destacada asistencia y participaci\u00f3n de nuestros estudiantes, egresados y cuerpo acad\u00e9mico. Este evento acad\u00e9mico, que tuvo lugar en nuestra sede de Bogot\u00e1, fue un espacio para reflexionar sobre los logros del programa y su impacto en la formaci\u00f3n de contadores p\u00fablicos comprometidos con el desarrollo sostenible y la responsabilidad social.<\/p>\n\n\n\n<p style=\"text-align: justify;\">Durante la celebraci\u00f3n, se hizo un reconocimiento especial al Dr. \u00c1lvaro Z\u00fa\u00f1iga Garc\u00eda, fundador y creador del Programa de Contadur\u00eda P\u00fablica, cuya visi\u00f3n y dedicaci\u00f3n han sido fundamentales para consolidar un programa de alta calidad acad\u00e9mica y pertinencia social.<\/p>\n\n\n\n<p style=\"text-align: justify;\">El evento tambi\u00e9n incluy\u00f3 un concurso de p\u00f3sters, donde los estudiantes del programa presentaron sus proyectos y propuestas innovadoras, demostrando su talento y creatividad en la aplicaci\u00f3n de conocimientos contables a problemas reales.<\/p>\n\n\n\n<p style=\"text-align: justify;\">Uno de los momentos m\u00e1s destacados fue la conferencia del docente Fabi\u00e1n Quinche, quien abord\u00f3 el tema central &#8220;Sostenibilidad y Conflictos Socioambientales desde la Perspectiva Contable en Colombia&#8221;. La charla del Profesor Quinche ofreci\u00f3 valiosas reflexiones sobre c\u00f3mo la contabilidad puede contribuir a la resoluci\u00f3n de conflictos socioambientales y promover pr\u00e1cticas sostenibles en el \u00e1mbito empresarial y comunitario.<\/p>\n\n\n\n<p style=\"text-align: justify;\">Agradecemos a todos los asistentes por su compromiso y entusiasmo, y esperamos seguir contando con su participaci\u00f3n en futuras actividades acad\u00e9micas y celebraciones. Este aniversario no solo celebra el pasado y el presente del programa, sino que tambi\u00e9n nos impulsa a continuar formando profesionales que lideren con \u00e9tica y responsabilidad los desaf\u00edos del futuro.<\/p>\n\n\n\n<ul class=\"wp-block-gallery columns-3 is-cropped wp-block-gallery-1 is-layout-flex wp-block-gallery-is-layout-flex\"><li class=\"blocks-gallery-item\"><figure><img decoding=\"async\" src=\"https:\/\/www.uniagraria.edu.co\/wp-content\/uploads\/2024\/05\/TrigesimoAniversarioDelProgramadeContaduriaPublica-11-1024x709.jpeg\" alt=\"\" data-id=\"43016\" data-link=\"https:\/\/www.uniagraria.edu.co\/trigesimoaniversariodelprogramadecontaduriapublica-11\/\" class=\"wp-image-43016\"\/><\/figure><\/li><li class=\"blocks-gallery-item\"><figure><img decoding=\"async\" src=\"https:\/\/www.uniagraria.edu.co\/wp-content\/uploads\/2024\/05\/TrigesimoAniversarioDelProgramadeContaduriaPublica-01-1024x768.jpeg\" alt=\"\" data-id=\"43006\" data-link=\"https:\/\/www.uniagraria.edu.co\/trigesimoaniversariodelprogramadecontaduriapublica-01\/\" class=\"wp-image-43006\"\/><\/figure><\/li><li class=\"blocks-gallery-item\"><figure><img decoding=\"async\" src=\"https:\/\/www.uniagraria.edu.co\/wp-content\/uploads\/2024\/05\/TrigesimoAniversarioDelProgramadeContaduriaPublica-08-1024x768.jpeg\" alt=\"\" data-id=\"43013\" data-link=\"https:\/\/www.uniagraria.edu.co\/trigesimoaniversariodelprogramadecontaduriapublica-08\/\" class=\"wp-image-43013\"\/><\/figure><\/li><li class=\"blocks-gallery-item\"><figure><img decoding=\"async\" src=\"https:\/\/www.uniagraria.edu.co\/wp-content\/uploads\/2024\/05\/TrigesimoAniversarioDelProgramadeContaduriaPublica-04-1024x768.jpeg\" alt=\"\" data-id=\"43009\" data-link=\"https:\/\/www.uniagraria.edu.co\/trigesimoaniversariodelprogramadecontaduriapublica-04\/\" class=\"wp-image-43009\"\/><\/figure><\/li><li class=\"blocks-gallery-item\"><figure><img decoding=\"async\" src=\"https:\/\/www.uniagraria.edu.co\/wp-content\/uploads\/2024\/05\/TrigesimoAniversarioDelProgramadeContaduriaPublica-03-1024x768.jpeg\" alt=\"\" data-id=\"43008\" data-link=\"https:\/\/www.uniagraria.edu.co\/trigesimoaniversariodelprogramadecontaduriapublica-03\/\" class=\"wp-image-43008\"\/><\/figure><\/li><li class=\"blocks-gallery-item\"><figure><img decoding=\"async\" src=\"https:\/\/www.uniagraria.edu.co\/wp-content\/uploads\/2024\/05\/TrigesimoAniversarioDelProgramadeContaduriaPublica-07-1024x768.jpeg\" alt=\"\" data-id=\"43012\" data-link=\"https:\/\/www.uniagraria.edu.co\/trigesimoaniversariodelprogramadecontaduriapublica-07\/\" class=\"wp-image-43012\"\/><\/figure><\/li><li class=\"blocks-gallery-item\"><figure><img decoding=\"async\" src=\"https:\/\/www.uniagraria.edu.co\/wp-content\/uploads\/2024\/05\/TrigesimoAniversarioDelProgramadeContaduriaPublica-06-1024x768.jpeg\" alt=\"\" data-id=\"43011\" data-link=\"https:\/\/www.uniagraria.edu.co\/trigesimoaniversariodelprogramadecontaduriapublica-06\/\" class=\"wp-image-43011\"\/><\/figure><\/li><li class=\"blocks-gallery-item\"><figure><img decoding=\"async\" src=\"https:\/\/www.uniagraria.edu.co\/wp-content\/uploads\/2024\/05\/TrigesimoAniversarioDelProgramadeContaduriaPublica-09-1024x768.jpeg\" alt=\"\" data-id=\"43014\" data-link=\"https:\/\/www.uniagraria.edu.co\/trigesimoaniversariodelprogramadecontaduriapublica-09\/\" class=\"wp-image-43014\"\/><\/figure><\/li><li class=\"blocks-gallery-item\"><figure><img decoding=\"async\" src=\"https:\/\/www.uniagraria.edu.co\/wp-content\/uploads\/2024\/05\/TrigesimoAniversarioDelProgramadeContaduriaPublica-10-1024x768.jpeg\" alt=\"\" data-id=\"43015\" data-link=\"https:\/\/www.uniagraria.edu.co\/trigesimoaniversariodelprogramadecontaduriapublica-10\/\" class=\"wp-image-43015\"\/><\/figure><\/li><li class=\"blocks-gallery-item\"><figure><img decoding=\"async\" src=\"https:\/\/www.uniagraria.edu.co\/wp-content\/uploads\/2024\/05\/TrigesimoAniversarioDelProgramadeContaduriaPublica-02-1024x768.jpeg\" alt=\"\" data-id=\"43007\" data-link=\"https:\/\/www.uniagraria.edu.co\/trigesimoaniversariodelprogramadecontaduriapublica-02\/\" class=\"wp-image-43007\"\/><\/figure><\/li><li class=\"blocks-gallery-item\"><figure><img decoding=\"async\" src=\"https:\/\/www.uniagraria.edu.co\/wp-content\/uploads\/2024\/05\/TrigesimoAniversarioDelProgramadeContaduriaPublica-05-1024x768.jpeg\" alt=\"\" data-id=\"43010\" data-link=\"https:\/\/www.uniagraria.edu.co\/trigesimoaniversariodelprogramadecontaduriapublica-05\/\" class=\"wp-image-43010\"\/><\/figure><\/li><\/ul>\n","protected":false},"excerpt":{"rendered":"<p>Direcci\u00f3n de Comunicaciones UNIAGRARIA En el marco de la celebraci\u00f3n del Trig\u00e9simo Aniversario del Programa de Contadur\u00eda P\u00fablica, UNIAGRARIA agradece la destacada asistencia y participaci\u00f3n de nuestros estudiantes, egresados y cuerpo acad\u00e9mico. Este evento acad\u00e9mico, que tuvo lugar en nuestra sede de Bogot\u00e1, fue un espacio para reflexionar sobre los logros del programa y su [&hellip;]<\/p>\n","protected":false},"author":8,"featured_media":43016,"comment_status":"closed","ping_status":"closed","sticky":false,"template":"","format":"standard","meta":{"_acf_changed":false,"site-sidebar-layout":"default","site-content-layout":"","ast-site-content-layout":"default","site-content-style":"default","site-sidebar-style":"default","ast-global-header-display":"","ast-banner-title-visibility":"","ast-main-header-display":"","ast-hfb-above-header-display":"","ast-hfb-below-header-display":"","ast-hfb-mobile-header-display":"","site-post-title":"","ast-breadcrumbs-content":"","ast-featured-img":"","footer-sml-layout":"","ast-disable-related-posts":"","theme-transparent-header-meta":"","adv-header-id-meta":"","stick-header-meta":"","header-above-stick-meta":"","header-main-stick-meta":"","header-below-stick-meta":"","astra-migrate-meta-layouts":"default","ast-page-background-enabled":"default","ast-page-background-meta":{"desktop":{"background-color":"var(--ast-global-color-4)","background-image":"","background-repeat":"repeat","background-position":"center center","background-size":"auto","background-attachment":"scroll","background-type":"","background-media":"","overlay-type":"","overlay-color":"","overlay-opacity":"","overlay-gradient":""},"tablet":{"background-color":"","background-image":"","background-repeat":"repeat","background-position":"center center","background-size":"auto","background-attachment":"scroll","background-type":"","background-media":"","overlay-type":"","overlay-color":"","overlay-opacity":"","overlay-gradient":""},"mobile":{"background-color":"","background-image":"","background-repeat":"repeat","background-position":"center center","background-size":"auto","background-attachment":"scroll","background-type":"","background-media":"","overlay-type":"","overlay-color":"","overlay-opacity":"","overlay-gradient":""}},"ast-content-background-meta":{"desktop":{"background-color":"var(--ast-global-color-5)","background-image":"","background-repeat":"repeat","background-position":"center center","background-size":"auto","background-attachment":"scroll","background-type":"","background-media":"","overlay-type":"","overlay-color":"","overlay-opacity":"","overlay-gradient":""},"tablet":{"background-color":"var(--ast-global-color-5)","background-image":"","background-repeat":"repeat","background-position":"center center","background-size":"auto","background-attachment":"scroll","background-type":"","background-media":"","overlay-type":"","overlay-color":"","overlay-opacity":"","overlay-gradient":""},"mobile":{"background-color":"var(--ast-global-color-5)","background-image":"","background-repeat":"repeat","background-position":"center center","background-size":"auto","background-attachment":"scroll","background-type":"","background-media":"","overlay-type":"","overlay-color":"","overlay-opacity":"","overlay-gradient":""}},"footnotes":""},"categories":[35],"tags":[41],"class_list":["post-43017","post","type-post","status-publish","format-standard","has-post-thumbnail","hentry","category-noticias","tag-contaduria-publica"],"acf":[],"yoast_head":"<!-- This site is optimized with the Yoast SEO plugin v27.5 - https:\/\/yoast.com\/product\/yoast-seo-wordpress\/ -->\n<title>Celebraci\u00f3n del Trig\u00e9simo Aniversario del Programa de Contadur\u00eda P\u00fablica de UNIAGRARIA - UNIAGRARIA<\/title>\n<meta name=\"robots\" content=\"index, follow, max-snippet:-1, max-image-preview:large, max-video-preview:-1\" \/>\n<link rel=\"canonical\" href=\"https:\/\/uniagraria.edu.co\/es\/celebracion-del-trigesimo-aniversario-del-programa-de-contaduria-publica-de-uniagraria-2\/\" \/>\n<meta property=\"og:locale\" content=\"es_ES\" \/>\n<meta property=\"og:type\" content=\"article\" \/>\n<meta property=\"og:title\" content=\"Celebraci\u00f3n del Trig\u00e9simo Aniversario del Programa de Contadur\u00eda P\u00fablica de UNIAGRARIA - UNIAGRARIA\" \/>\n<meta property=\"og:description\" content=\"Direcci\u00f3n de Comunicaciones UNIAGRARIA En el marco de la celebraci\u00f3n del Trig\u00e9simo Aniversario del Programa de Contadur\u00eda P\u00fablica, UNIAGRARIA agradece la destacada asistencia y participaci\u00f3n de nuestros estudiantes, egresados y cuerpo acad\u00e9mico. Este evento acad\u00e9mico, que tuvo lugar en nuestra sede de Bogot\u00e1, fue un espacio para reflexionar sobre los logros del programa y su [&hellip;]\" \/>\n<meta property=\"og:url\" content=\"https:\/\/uniagraria.edu.co\/es\/celebracion-del-trigesimo-aniversario-del-programa-de-contaduria-publica-de-uniagraria-2\/\" \/>\n<meta property=\"og:site_name\" content=\"UNIAGRARIA\" \/>\n<meta property=\"article:publisher\" content=\"https:\/\/www.facebook.com\/uagraria\/?locale=es_LA\" \/>\n<meta property=\"article:published_time\" content=\"2024-05-21T16:58:39+00:00\" \/>\n<meta name=\"author\" content=\"Comunicaciones UNIAGRARIA\" \/>\n<meta name=\"twitter:card\" content=\"summary_large_image\" \/>\n<meta name=\"twitter:creator\" content=\"@UNIAGRARIA\" \/>\n<meta name=\"twitter:site\" content=\"@UNIAGRARIA\" \/>\n<meta name=\"twitter:label1\" content=\"Escrito por\" \/>\n\t<meta name=\"twitter:data1\" content=\"Comunicaciones UNIAGRARIA\" \/>\n\t<meta name=\"twitter:label2\" content=\"Tiempo de lectura\" \/>\n\t<meta name=\"twitter:data2\" content=\"1 minuto\" \/>\n<script type=\"application\/ld+json\" class=\"yoast-schema-graph\">{\"@context\":\"https:\\\/\\\/schema.org\",\"@graph\":[{\"@type\":\"Article\",\"@id\":\"https:\\\/\\\/uniagraria.edu.co\\\/es\\\/celebracion-del-trigesimo-aniversario-del-programa-de-contaduria-publica-de-uniagraria-2\\\/#article\",\"isPartOf\":{\"@id\":\"https:\\\/\\\/uniagraria.edu.co\\\/es\\\/celebracion-del-trigesimo-aniversario-del-programa-de-contaduria-publica-de-uniagraria-2\\\/\"},\"author\":{\"name\":\"Comunicaciones UNIAGRARIA\",\"@id\":\"https:\\\/\\\/uniagraria.edu.co\\\/es\\\/#\\\/schema\\\/person\\\/f2ff0c07d9addb88b935755100b8db03\"},\"headline\":\"Celebraci\u00f3n del Trig\u00e9simo Aniversario del Programa de Contadur\u00eda P\u00fablica de UNIAGRARIA\",\"datePublished\":\"2024-05-21T16:58:39+00:00\",\"mainEntityOfPage\":{\"@id\":\"https:\\\/\\\/uniagraria.edu.co\\\/es\\\/celebracion-del-trigesimo-aniversario-del-programa-de-contaduria-publica-de-uniagraria-2\\\/\"},\"wordCount\":300,\"publisher\":{\"@id\":\"https:\\\/\\\/uniagraria.edu.co\\\/es\\\/#organization\"},\"image\":{\"@id\":\"https:\\\/\\\/uniagraria.edu.co\\\/es\\\/celebracion-del-trigesimo-aniversario-del-programa-de-contaduria-publica-de-uniagraria-2\\\/#primaryimage\"},\"thumbnailUrl\":\"\",\"keywords\":[\"Contadur\u00eda P\u00fablica\"],\"articleSection\":[\"Noticias\"],\"inLanguage\":\"es-CO\"},{\"@type\":\"WebPage\",\"@id\":\"https:\\\/\\\/uniagraria.edu.co\\\/es\\\/celebracion-del-trigesimo-aniversario-del-programa-de-contaduria-publica-de-uniagraria-2\\\/\",\"url\":\"https:\\\/\\\/uniagraria.edu.co\\\/es\\\/celebracion-del-trigesimo-aniversario-del-programa-de-contaduria-publica-de-uniagraria-2\\\/\",\"name\":\"Celebraci\u00f3n del Trig\u00e9simo Aniversario del Programa de Contadur\u00eda P\u00fablica de UNIAGRARIA - UNIAGRARIA\",\"isPartOf\":{\"@id\":\"https:\\\/\\\/uniagraria.edu.co\\\/es\\\/#website\"},\"primaryImageOfPage\":{\"@id\":\"https:\\\/\\\/uniagraria.edu.co\\\/es\\\/celebracion-del-trigesimo-aniversario-del-programa-de-contaduria-publica-de-uniagraria-2\\\/#primaryimage\"},\"image\":{\"@id\":\"https:\\\/\\\/uniagraria.edu.co\\\/es\\\/celebracion-del-trigesimo-aniversario-del-programa-de-contaduria-publica-de-uniagraria-2\\\/#primaryimage\"},\"thumbnailUrl\":\"\",\"datePublished\":\"2024-05-21T16:58:39+00:00\",\"breadcrumb\":{\"@id\":\"https:\\\/\\\/uniagraria.edu.co\\\/es\\\/celebracion-del-trigesimo-aniversario-del-programa-de-contaduria-publica-de-uniagraria-2\\\/#breadcrumb\"},\"inLanguage\":\"es-CO\",\"potentialAction\":[{\"@type\":\"ReadAction\",\"target\":[\"https:\\\/\\\/uniagraria.edu.co\\\/es\\\/celebracion-del-trigesimo-aniversario-del-programa-de-contaduria-publica-de-uniagraria-2\\\/\"]}]},{\"@type\":\"ImageObject\",\"inLanguage\":\"es-CO\",\"@id\":\"https:\\\/\\\/uniagraria.edu.co\\\/es\\\/celebracion-del-trigesimo-aniversario-del-programa-de-contaduria-publica-de-uniagraria-2\\\/#primaryimage\",\"url\":\"\",\"contentUrl\":\"\"},{\"@type\":\"BreadcrumbList\",\"@id\":\"https:\\\/\\\/uniagraria.edu.co\\\/es\\\/celebracion-del-trigesimo-aniversario-del-programa-de-contaduria-publica-de-uniagraria-2\\\/#breadcrumb\",\"itemListElement\":[{\"@type\":\"ListItem\",\"position\":1,\"name\":\"Inicio\",\"item\":\"https:\\\/\\\/uniagraria.edu.co\\\/\"},{\"@type\":\"ListItem\",\"position\":2,\"name\":\"Noticias\",\"item\":\"https:\\\/\\\/uniagraria.edu.co\\\/es\\\/category\\\/noticias\\\/\"},{\"@type\":\"ListItem\",\"position\":3,\"name\":\"Celebraci\u00f3n del Trig\u00e9simo Aniversario del Programa de Contadur\u00eda P\u00fablica de UNIAGRARIA\"}]},{\"@type\":\"WebSite\",\"@id\":\"https:\\\/\\\/uniagraria.edu.co\\\/es\\\/#website\",\"url\":\"https:\\\/\\\/uniagraria.edu.co\\\/es\\\/\",\"name\":\"UNIAGRARIA\",\"description\":\"FUNDACION UNIVERSITARIA AGRARIA DE COLOMBIA\",\"publisher\":{\"@id\":\"https:\\\/\\\/uniagraria.edu.co\\\/es\\\/#organization\"},\"potentialAction\":[{\"@type\":\"SearchAction\",\"target\":{\"@type\":\"EntryPoint\",\"urlTemplate\":\"https:\\\/\\\/uniagraria.edu.co\\\/es\\\/?s={search_term_string}\"},\"query-input\":{\"@type\":\"PropertyValueSpecification\",\"valueRequired\":true,\"valueName\":\"search_term_string\"}}],\"inLanguage\":\"es-CO\"},{\"@type\":\"Organization\",\"@id\":\"https:\\\/\\\/uniagraria.edu.co\\\/es\\\/#organization\",\"name\":\"UNIAGRARIA\",\"url\":\"https:\\\/\\\/uniagraria.edu.co\\\/es\\\/\",\"logo\":{\"@type\":\"ImageObject\",\"inLanguage\":\"es-CO\",\"@id\":\"https:\\\/\\\/uniagraria.edu.co\\\/es\\\/#\\\/schema\\\/logo\\\/image\\\/\",\"url\":\"https:\\\/\\\/novawebmaster.com\\\/uniagraria\\\/wp-content\\\/uploads\\\/2025\\\/02\\\/LogoUa2023Vertical.png\",\"contentUrl\":\"https:\\\/\\\/novawebmaster.com\\\/uniagraria\\\/wp-content\\\/uploads\\\/2025\\\/02\\\/LogoUa2023Vertical.png\",\"width\":3300,\"height\":2550,\"caption\":\"UNIAGRARIA\"},\"image\":{\"@id\":\"https:\\\/\\\/uniagraria.edu.co\\\/es\\\/#\\\/schema\\\/logo\\\/image\\\/\"},\"sameAs\":[\"https:\\\/\\\/www.facebook.com\\\/uagraria\\\/?locale=es_LA\",\"https:\\\/\\\/x.com\\\/UNIAGRARIA\",\"https:\\\/\\\/www.instagram.com\\\/uniagraria\\\/profilecard\\\/?igsh=MXI2bTFlMWsxNzNjOA\",\"https:\\\/\\\/www.tiktok.com\\\/discover\\\/uniagraria?lang=es\",\"https:\\\/\\\/www.linkedin.com\\\/school\\\/uniagraria\\\/?originalSubdomain=co\",\"https:\\\/\\\/www.youtube.com\\\/user\\\/UniagrariaUverde?themeRefresh=1\",\"https:\\\/\\\/api.whatsapp.com\\\/send?phone=3134230649\"]},{\"@type\":\"Person\",\"@id\":\"https:\\\/\\\/uniagraria.edu.co\\\/es\\\/#\\\/schema\\\/person\\\/f2ff0c07d9addb88b935755100b8db03\",\"name\":\"Comunicaciones UNIAGRARIA\",\"image\":{\"@type\":\"ImageObject\",\"inLanguage\":\"es-CO\",\"@id\":\"https:\\\/\\\/secure.gravatar.com\\\/avatar\\\/5c34977f632fe7cabe2da5a1818394efca9475d46ad9f02e8eab7fd408884103?s=96&d=mm&r=g\",\"url\":\"https:\\\/\\\/secure.gravatar.com\\\/avatar\\\/5c34977f632fe7cabe2da5a1818394efca9475d46ad9f02e8eab7fd408884103?s=96&d=mm&r=g\",\"contentUrl\":\"https:\\\/\\\/secure.gravatar.com\\\/avatar\\\/5c34977f632fe7cabe2da5a1818394efca9475d46ad9f02e8eab7fd408884103?s=96&d=mm&r=g\",\"caption\":\"Comunicaciones UNIAGRARIA\"},\"url\":\"https:\\\/\\\/uniagraria.edu.co\\\/es\\\/author\\\/4ndr3sf371p3\\\/\"}]}<\/script>\n<!-- \/ Yoast SEO plugin. -->","yoast_head_json":{"title":"Celebraci\u00f3n del Trig\u00e9simo Aniversario del Programa de Contadur\u00eda P\u00fablica de UNIAGRARIA - UNIAGRARIA","robots":{"index":"index","follow":"follow","max-snippet":"max-snippet:-1","max-image-preview":"max-image-preview:large","max-video-preview":"max-video-preview:-1"},"canonical":"https:\/\/uniagraria.edu.co\/es\/celebracion-del-trigesimo-aniversario-del-programa-de-contaduria-publica-de-uniagraria-2\/","og_locale":"es_ES","og_type":"article","og_title":"Celebraci\u00f3n del Trig\u00e9simo Aniversario del Programa de Contadur\u00eda P\u00fablica de UNIAGRARIA - UNIAGRARIA","og_description":"Direcci\u00f3n de Comunicaciones UNIAGRARIA En el marco de la celebraci\u00f3n del Trig\u00e9simo Aniversario del Programa de Contadur\u00eda P\u00fablica, UNIAGRARIA agradece la destacada asistencia y participaci\u00f3n de nuestros estudiantes, egresados y cuerpo acad\u00e9mico. Este evento acad\u00e9mico, que tuvo lugar en nuestra sede de Bogot\u00e1, fue un espacio para reflexionar sobre los logros del programa y su [&hellip;]","og_url":"https:\/\/uniagraria.edu.co\/es\/celebracion-del-trigesimo-aniversario-del-programa-de-contaduria-publica-de-uniagraria-2\/","og_site_name":"UNIAGRARIA","article_publisher":"https:\/\/www.facebook.com\/uagraria\/?locale=es_LA","article_published_time":"2024-05-21T16:58:39+00:00","author":"Comunicaciones UNIAGRARIA","twitter_card":"summary_large_image","twitter_creator":"@UNIAGRARIA","twitter_site":"@UNIAGRARIA","twitter_misc":{"Escrito por":"Comunicaciones UNIAGRARIA","Tiempo de lectura":"1 minuto"},"schema":{"@context":"https:\/\/schema.org","@graph":[{"@type":"Article","@id":"https:\/\/uniagraria.edu.co\/es\/celebracion-del-trigesimo-aniversario-del-programa-de-contaduria-publica-de-uniagraria-2\/#article","isPartOf":{"@id":"https:\/\/uniagraria.edu.co\/es\/celebracion-del-trigesimo-aniversario-del-programa-de-contaduria-publica-de-uniagraria-2\/"},"author":{"name":"Comunicaciones UNIAGRARIA","@id":"https:\/\/uniagraria.edu.co\/es\/#\/schema\/person\/f2ff0c07d9addb88b935755100b8db03"},"headline":"Celebraci\u00f3n del Trig\u00e9simo Aniversario del Programa de Contadur\u00eda P\u00fablica de UNIAGRARIA","datePublished":"2024-05-21T16:58:39+00:00","mainEntityOfPage":{"@id":"https:\/\/uniagraria.edu.co\/es\/celebracion-del-trigesimo-aniversario-del-programa-de-contaduria-publica-de-uniagraria-2\/"},"wordCount":300,"publisher":{"@id":"https:\/\/uniagraria.edu.co\/es\/#organization"},"image":{"@id":"https:\/\/uniagraria.edu.co\/es\/celebracion-del-trigesimo-aniversario-del-programa-de-contaduria-publica-de-uniagraria-2\/#primaryimage"},"thumbnailUrl":"","keywords":["Contadur\u00eda P\u00fablica"],"articleSection":["Noticias"],"inLanguage":"es-CO"},{"@type":"WebPage","@id":"https:\/\/uniagraria.edu.co\/es\/celebracion-del-trigesimo-aniversario-del-programa-de-contaduria-publica-de-uniagraria-2\/","url":"https:\/\/uniagraria.edu.co\/es\/celebracion-del-trigesimo-aniversario-del-programa-de-contaduria-publica-de-uniagraria-2\/","name":"Celebraci\u00f3n del Trig\u00e9simo Aniversario del Programa de Contadur\u00eda P\u00fablica de UNIAGRARIA - UNIAGRARIA","isPartOf":{"@id":"https:\/\/uniagraria.edu.co\/es\/#website"},"primaryImageOfPage":{"@id":"https:\/\/uniagraria.edu.co\/es\/celebracion-del-trigesimo-aniversario-del-programa-de-contaduria-publica-de-uniagraria-2\/#primaryimage"},"image":{"@id":"https:\/\/uniagraria.edu.co\/es\/celebracion-del-trigesimo-aniversario-del-programa-de-contaduria-publica-de-uniagraria-2\/#primaryimage"},"thumbnailUrl":"","datePublished":"2024-05-21T16:58:39+00:00","breadcrumb":{"@id":"https:\/\/uniagraria.edu.co\/es\/celebracion-del-trigesimo-aniversario-del-programa-de-contaduria-publica-de-uniagraria-2\/#breadcrumb"},"inLanguage":"es-CO","potentialAction":[{"@type":"ReadAction","target":["https:\/\/uniagraria.edu.co\/es\/celebracion-del-trigesimo-aniversario-del-programa-de-contaduria-publica-de-uniagraria-2\/"]}]},{"@type":"ImageObject","inLanguage":"es-CO","@id":"https:\/\/uniagraria.edu.co\/es\/celebracion-del-trigesimo-aniversario-del-programa-de-contaduria-publica-de-uniagraria-2\/#primaryimage","url":"","contentUrl":""},{"@type":"BreadcrumbList","@id":"https:\/\/uniagraria.edu.co\/es\/celebracion-del-trigesimo-aniversario-del-programa-de-contaduria-publica-de-uniagraria-2\/#breadcrumb","itemListElement":[{"@type":"ListItem","position":1,"name":"Inicio","item":"https:\/\/uniagraria.edu.co\/"},{"@type":"ListItem","position":2,"name":"Noticias","item":"https:\/\/uniagraria.edu.co\/es\/category\/noticias\/"},{"@type":"ListItem","position":3,"name":"Celebraci\u00f3n del Trig\u00e9simo Aniversario del Programa de Contadur\u00eda P\u00fablica de UNIAGRARIA"}]},{"@type":"WebSite","@id":"https:\/\/uniagraria.edu.co\/es\/#website","url":"https:\/\/uniagraria.edu.co\/es\/","name":"UNIAGRARIA","description":"FUNDACION UNIVERSITARIA AGRARIA DE COLOMBIA","publisher":{"@id":"https:\/\/uniagraria.edu.co\/es\/#organization"},"potentialAction":[{"@type":"SearchAction","target":{"@type":"EntryPoint","urlTemplate":"https:\/\/uniagraria.edu.co\/es\/?s={search_term_string}"},"query-input":{"@type":"PropertyValueSpecification","valueRequired":true,"valueName":"search_term_string"}}],"inLanguage":"es-CO"},{"@type":"Organization","@id":"https:\/\/uniagraria.edu.co\/es\/#organization","name":"UNIAGRARIA","url":"https:\/\/uniagraria.edu.co\/es\/","logo":{"@type":"ImageObject","inLanguage":"es-CO","@id":"https:\/\/uniagraria.edu.co\/es\/#\/schema\/logo\/image\/","url":"https:\/\/novawebmaster.com\/uniagraria\/wp-content\/uploads\/2025\/02\/LogoUa2023Vertical.png","contentUrl":"https:\/\/novawebmaster.com\/uniagraria\/wp-content\/uploads\/2025\/02\/LogoUa2023Vertical.png","width":3300,"height":2550,"caption":"UNIAGRARIA"},"image":{"@id":"https:\/\/uniagraria.edu.co\/es\/#\/schema\/logo\/image\/"},"sameAs":["https:\/\/www.facebook.com\/uagraria\/?locale=es_LA","https:\/\/x.com\/UNIAGRARIA","https:\/\/www.instagram.com\/uniagraria\/profilecard\/?igsh=MXI2bTFlMWsxNzNjOA","https:\/\/www.tiktok.com\/discover\/uniagraria?lang=es","https:\/\/www.linkedin.com\/school\/uniagraria\/?originalSubdomain=co","https:\/\/www.youtube.com\/user\/UniagrariaUverde?themeRefresh=1","https:\/\/api.whatsapp.com\/send?phone=3134230649"]},{"@type":"Person","@id":"https:\/\/uniagraria.edu.co\/es\/#\/schema\/person\/f2ff0c07d9addb88b935755100b8db03","name":"Comunicaciones UNIAGRARIA","image":{"@type":"ImageObject","inLanguage":"es-CO","@id":"https:\/\/secure.gravatar.com\/avatar\/5c34977f632fe7cabe2da5a1818394efca9475d46ad9f02e8eab7fd408884103?s=96&d=mm&r=g","url":"https:\/\/secure.gravatar.com\/avatar\/5c34977f632fe7cabe2da5a1818394efca9475d46ad9f02e8eab7fd408884103?s=96&d=mm&r=g","contentUrl":"https:\/\/secure.gravatar.com\/avatar\/5c34977f632fe7cabe2da5a1818394efca9475d46ad9f02e8eab7fd408884103?s=96&d=mm&r=g","caption":"Comunicaciones UNIAGRARIA"},"url":"https:\/\/uniagraria.edu.co\/es\/author\/4ndr3sf371p3\/"}]}},"_links":{"self":[{"href":"https:\/\/uniagraria.edu.co\/es\/wp-json\/wp\/v2\/posts\/43017","targetHints":{"allow":["GET"]}}],"collection":[{"href":"https:\/\/uniagraria.edu.co\/es\/wp-json\/wp\/v2\/posts"}],"about":[{"href":"https:\/\/uniagraria.edu.co\/es\/wp-json\/wp\/v2\/types\/post"}],"author":[{"embeddable":true,"href":"https:\/\/uniagraria.edu.co\/es\/wp-json\/wp\/v2\/users\/8"}],"replies":[{"embeddable":true,"href":"https:\/\/uniagraria.edu.co\/es\/wp-json\/wp\/v2\/comments?post=43017"}],"version-history":[{"count":0,"href":"https:\/\/uniagraria.edu.co\/es\/wp-json\/wp\/v2\/posts\/43017\/revisions"}],"wp:featuredmedia":[{"embeddable":true,"href":"https:\/\/uniagraria.edu.co\/es\/wp-json\/"}],"wp:attachment":[{"href":"https:\/\/uniagraria.edu.co\/es\/wp-json\/wp\/v2\/media?parent=43017"}],"wp:term":[{"taxonomy":"category","embeddable":true,"href":"https:\/\/uniagraria.edu.co\/es\/wp-json\/wp\/v2\/categories?post=43017"},{"taxonomy":"post_tag","embeddable":true,"href":"https:\/\/uniagraria.edu.co\/es\/wp-json\/wp\/v2\/tags?post=43017"}],"curies":[{"name":"wp","href":"https:\/\/api.w.org\/{rel}","templated":true}]}}