{"id":44961,"date":"2024-08-29T09:27:53","date_gmt":"2024-08-29T14:27:53","guid":{"rendered":"https:\/\/www.uniagraria.edu.co\/?p=44961"},"modified":"2024-08-29T09:27:53","modified_gmt":"2024-08-29T14:27:53","slug":"uniagraria-fortalece-capacidades-regionales-en-gestion-de-emergencias-y-desastres-en-colaboracion-con-fedegan-fng","status":"publish","type":"post","link":"https:\/\/uniagraria.edu.co\/es\/uniagraria-fortalece-capacidades-regionales-en-gestion-de-emergencias-y-desastres-en-colaboracion-con-fedegan-fng\/","title":{"rendered":"UNIAGRARIA fortalece capacidades regionales en Gesti\u00f3n de Emergencias y Desastres en colaboraci\u00f3n con FEDEGAN &#8211; FNG"},"content":{"rendered":"\n<h4 class=\"wp-block-heading\" id=\"mce_0\"><em><strong>Direcci\u00f3n de Comunicaciones UNIAGRARIA\ufeff<\/strong><\/em><\/h4>\n\n\n\n<p style=\"text-align: justify;\">Como parte de su compromiso con la cooperaci\u00f3n interinstitucional y el fortalecimiento de los gremios en las regiones, la Facultad de Ciencias Agrarias y el Departamento de Medicina Veterinaria de UNIAGRARIA han dado un paso significativo en la formaci\u00f3n de 20 profesionales de la Federaci\u00f3n Colombiana de Ganaderos (FEDEGAN) y del Fondo Nacional del Ganado (FNG). La capacitaci\u00f3n, centrada en la construcci\u00f3n de conocimiento para enfrentar emergencias y desastres, tuvo lugar en el municipio de Santa Cruz de Mompox, ubicado en el departamento de Bol\u00edvar, Colombia, en la regi\u00f3n norte del pa\u00eds.<\/p>\n\n\n\n<p style=\"text-align: justify;\">Durante dos d\u00edas, los docentes Diego Alexander Hern\u00e1ndez Pulido, adscrito al Departamento de Medicina Veterinaria, y Julia Lema V\u00e9lez, adscrita a la Especializaci\u00f3n en Bienestar Animal y Etolog\u00eda (EBAE), compartieron su experticia con los participantes, fortaleciendo as\u00ed las capacidades regionales en la gesti\u00f3n de situaciones cr\u00edticas. Esta iniciativa no solo refuerza la presencia de UNIAGRARIA en las regiones, sino que tambi\u00e9n destaca su compromiso con la misi\u00f3n institucional de contribuir al desarrollo y bienestar de las comunidades rurales de Colombia.<\/p>\n\n\n\n<p style=\"text-align: justify;\">Este tipo de proyectos reflejan el enfoque integral de UNIAGRARIA hacia la educaci\u00f3n y el desarrollo regional. Al involucrarse directamente en la formaci\u00f3n y capacitaci\u00f3n de profesionales locales, la instituci\u00f3n no solo promueve el conocimiento t\u00e9cnico, sino que tambi\u00e9n fomenta la creaci\u00f3n de redes de colaboraci\u00f3n que pueden resultar esenciales en momentos de crisis. Con este tipo de acciones, UNIAGRARIA reafirma su liderazgo en la promoci\u00f3n del bienestar social y su dedicaci\u00f3n a la construcci\u00f3n de un futuro m\u00e1s resiliente para las comunidades rurales del pa\u00eds.<\/p>\n\n\n\n<ul class=\"wp-block-gallery columns-3 is-cropped wp-block-gallery-1 is-layout-flex wp-block-gallery-is-layout-flex\"><li class=\"blocks-gallery-item\"><figure><img decoding=\"async\" src=\"https:\/\/www.uniagraria.edu.co\/wp-content\/uploads\/2024\/08\/UNIAGRARIA-FortaleceCapacidadesRegionalesEnGestionEmergenciasDesastres-03.png\" alt=\"\" data-id=\"44956\" data-link=\"https:\/\/www.uniagraria.edu.co\/uniagraria-fortalececapacidadesregionalesengestionemergenciasdesastres-03\/\" class=\"wp-image-44956\"\/><\/figure><\/li><li class=\"blocks-gallery-item\"><figure><img decoding=\"async\" src=\"https:\/\/www.uniagraria.edu.co\/wp-content\/uploads\/2024\/08\/UNIAGRARIA-FortaleceCapacidadesRegionalesEnGestionEmergenciasDesastres-01.png\" alt=\"\" data-id=\"44954\" data-link=\"https:\/\/www.uniagraria.edu.co\/uniagraria-fortalececapacidadesregionalesengestionemergenciasdesastres-01\/\" class=\"wp-image-44954\"\/><\/figure><\/li><li class=\"blocks-gallery-item\"><figure><img decoding=\"async\" src=\"https:\/\/www.uniagraria.edu.co\/wp-content\/uploads\/2024\/08\/UNIAGRARIA-FortaleceCapacidadesRegionalesEnGestionEmergenciasDesastres-02-576x1024.png\" alt=\"\" data-id=\"44955\" data-link=\"https:\/\/www.uniagraria.edu.co\/uniagraria-fortalececapacidadesregionalesengestionemergenciasdesastres-02\/\" class=\"wp-image-44955\"\/><\/figure><\/li><li class=\"blocks-gallery-item\"><figure><img decoding=\"async\" src=\"https:\/\/www.uniagraria.edu.co\/wp-content\/uploads\/2024\/08\/UNIAGRARIA-FortaleceCapacidadesRegionalesEnGestionEmergenciasDesastres-07-1024x768.png\" alt=\"\" data-id=\"44960\" data-link=\"https:\/\/www.uniagraria.edu.co\/uniagraria-fortalececapacidadesregionalesengestionemergenciasdesastres-07\/\" class=\"wp-image-44960\"\/><\/figure><\/li><li class=\"blocks-gallery-item\"><figure><img decoding=\"async\" src=\"https:\/\/www.uniagraria.edu.co\/wp-content\/uploads\/2024\/08\/UNIAGRARIA-FortaleceCapacidadesRegionalesEnGestionEmergenciasDesastres-06-768x1024.png\" alt=\"\" data-id=\"44959\" data-link=\"https:\/\/www.uniagraria.edu.co\/uniagraria-fortalececapacidadesregionalesengestionemergenciasdesastres-06\/\" class=\"wp-image-44959\"\/><\/figure><\/li><li class=\"blocks-gallery-item\"><figure><img decoding=\"async\" src=\"https:\/\/www.uniagraria.edu.co\/wp-content\/uploads\/2024\/08\/UNIAGRARIA-FortaleceCapacidadesRegionalesEnGestionEmergenciasDesastres-05-1024x768.png\" alt=\"\" data-id=\"44958\" data-link=\"https:\/\/www.uniagraria.edu.co\/uniagraria-fortalececapacidadesregionalesengestionemergenciasdesastres-05\/\" class=\"wp-image-44958\"\/><\/figure><\/li><li class=\"blocks-gallery-item\"><figure><img decoding=\"async\" src=\"https:\/\/www.uniagraria.edu.co\/wp-content\/uploads\/2024\/08\/UNIAGRARIA-FortaleceCapacidadesRegionalesEnGestionEmergenciasDesastres-04-1024x576.png\" alt=\"\" data-id=\"44957\" data-link=\"https:\/\/www.uniagraria.edu.co\/uniagraria-fortalececapacidadesregionalesengestionemergenciasdesastres-04\/\" class=\"wp-image-44957\"\/><\/figure><\/li><\/ul>\n","protected":false},"excerpt":{"rendered":"<p>Direcci\u00f3n de Comunicaciones UNIAGRARIA\ufeff Como parte de su compromiso con la cooperaci\u00f3n interinstitucional y el fortalecimiento de los gremios en las regiones, la Facultad de Ciencias Agrarias y el Departamento de Medicina Veterinaria de UNIAGRARIA han dado un paso significativo en la formaci\u00f3n de 20 profesionales de la Federaci\u00f3n Colombiana de Ganaderos (FEDEGAN) y del [&hellip;]<\/p>\n","protected":false},"author":8,"featured_media":44956,"comment_status":"closed","ping_status":"closed","sticky":false,"template":"","format":"standard","meta":{"_acf_changed":false,"site-sidebar-layout":"default","site-content-layout":"","ast-site-content-layout":"default","site-content-style":"default","site-sidebar-style":"default","ast-global-header-display":"","ast-banner-title-visibility":"","ast-main-header-display":"","ast-hfb-above-header-display":"","ast-hfb-below-header-display":"","ast-hfb-mobile-header-display":"","site-post-title":"","ast-breadcrumbs-content":"","ast-featured-img":"","footer-sml-layout":"","ast-disable-related-posts":"","theme-transparent-header-meta":"","adv-header-id-meta":"","stick-header-meta":"","header-above-stick-meta":"","header-main-stick-meta":"","header-below-stick-meta":"","astra-migrate-meta-layouts":"default","ast-page-background-enabled":"default","ast-page-background-meta":{"desktop":{"background-color":"var(--ast-global-color-4)","background-image":"","background-repeat":"repeat","background-position":"center center","background-size":"auto","background-attachment":"scroll","background-type":"","background-media":"","overlay-type":"","overlay-color":"","overlay-opacity":"","overlay-gradient":""},"tablet":{"background-color":"","background-image":"","background-repeat":"repeat","background-position":"center center","background-size":"auto","background-attachment":"scroll","background-type":"","background-media":"","overlay-type":"","overlay-color":"","overlay-opacity":"","overlay-gradient":""},"mobile":{"background-color":"","background-image":"","background-repeat":"repeat","background-position":"center center","background-size":"auto","background-attachment":"scroll","background-type":"","background-media":"","overlay-type":"","overlay-color":"","overlay-opacity":"","overlay-gradient":""}},"ast-content-background-meta":{"desktop":{"background-color":"var(--ast-global-color-5)","background-image":"","background-repeat":"repeat","background-position":"center center","background-size":"auto","background-attachment":"scroll","background-type":"","background-media":"","overlay-type":"","overlay-color":"","overlay-opacity":"","overlay-gradient":""},"tablet":{"background-color":"var(--ast-global-color-5)","background-image":"","background-repeat":"repeat","background-position":"center center","background-size":"auto","background-attachment":"scroll","background-type":"","background-media":"","overlay-type":"","overlay-color":"","overlay-opacity":"","overlay-gradient":""},"mobile":{"background-color":"var(--ast-global-color-5)","background-image":"","background-repeat":"repeat","background-position":"center center","background-size":"auto","background-attachment":"scroll","background-type":"","background-media":"","overlay-type":"","overlay-color":"","overlay-opacity":"","overlay-gradient":""}},"footnotes":""},"categories":[35],"tags":[123,117],"class_list":["post-44961","post","type-post","status-publish","format-standard","has-post-thumbnail","hentry","category-noticias","tag-especializacion-en-bienestar-animal-y-etologia","tag-medicina-veterinaria"],"acf":[],"yoast_head":"<!-- This site is optimized with the Yoast SEO plugin v27.5 - https:\/\/yoast.com\/product\/yoast-seo-wordpress\/ -->\n<title>UNIAGRARIA fortalece capacidades regionales en Gesti\u00f3n de Emergencias y Desastres en colaboraci\u00f3n con FEDEGAN - FNG - UNIAGRARIA<\/title>\n<meta name=\"robots\" content=\"index, follow, max-snippet:-1, max-image-preview:large, max-video-preview:-1\" \/>\n<link rel=\"canonical\" href=\"https:\/\/uniagraria.edu.co\/es\/uniagraria-fortalece-capacidades-regionales-en-gestion-de-emergencias-y-desastres-en-colaboracion-con-fedegan-fng\/\" \/>\n<meta property=\"og:locale\" content=\"es_ES\" \/>\n<meta property=\"og:type\" content=\"article\" \/>\n<meta property=\"og:title\" content=\"UNIAGRARIA fortalece capacidades regionales en Gesti\u00f3n de Emergencias y Desastres en colaboraci\u00f3n con FEDEGAN - FNG - UNIAGRARIA\" \/>\n<meta property=\"og:description\" content=\"Direcci\u00f3n de Comunicaciones UNIAGRARIA\ufeff Como parte de su compromiso con la cooperaci\u00f3n interinstitucional y el fortalecimiento de los gremios en las regiones, la Facultad de Ciencias Agrarias y el Departamento de Medicina Veterinaria de UNIAGRARIA han dado un paso significativo en la formaci\u00f3n de 20 profesionales de la Federaci\u00f3n Colombiana de Ganaderos (FEDEGAN) y del [&hellip;]\" \/>\n<meta property=\"og:url\" content=\"https:\/\/uniagraria.edu.co\/es\/uniagraria-fortalece-capacidades-regionales-en-gestion-de-emergencias-y-desastres-en-colaboracion-con-fedegan-fng\/\" \/>\n<meta property=\"og:site_name\" content=\"UNIAGRARIA\" \/>\n<meta property=\"article:publisher\" content=\"https:\/\/www.facebook.com\/uagraria\/?locale=es_LA\" \/>\n<meta property=\"article:published_time\" content=\"2024-08-29T14:27:53+00:00\" \/>\n<meta name=\"author\" content=\"Comunicaciones UNIAGRARIA\" \/>\n<meta name=\"twitter:card\" content=\"summary_large_image\" \/>\n<meta name=\"twitter:creator\" content=\"@UNIAGRARIA\" \/>\n<meta name=\"twitter:site\" content=\"@UNIAGRARIA\" \/>\n<meta name=\"twitter:label1\" content=\"Escrito por\" \/>\n\t<meta name=\"twitter:data1\" content=\"Comunicaciones UNIAGRARIA\" \/>\n\t<meta name=\"twitter:label2\" content=\"Tiempo de lectura\" \/>\n\t<meta name=\"twitter:data2\" content=\"1 minuto\" \/>\n<script type=\"application\/ld+json\" class=\"yoast-schema-graph\">{\"@context\":\"https:\\\/\\\/schema.org\",\"@graph\":[{\"@type\":\"Article\",\"@id\":\"https:\\\/\\\/uniagraria.edu.co\\\/es\\\/uniagraria-fortalece-capacidades-regionales-en-gestion-de-emergencias-y-desastres-en-colaboracion-con-fedegan-fng\\\/#article\",\"isPartOf\":{\"@id\":\"https:\\\/\\\/uniagraria.edu.co\\\/es\\\/uniagraria-fortalece-capacidades-regionales-en-gestion-de-emergencias-y-desastres-en-colaboracion-con-fedegan-fng\\\/\"},\"author\":{\"name\":\"Comunicaciones UNIAGRARIA\",\"@id\":\"https:\\\/\\\/uniagraria.edu.co\\\/es\\\/#\\\/schema\\\/person\\\/f2ff0c07d9addb88b935755100b8db03\"},\"headline\":\"UNIAGRARIA fortalece capacidades regionales en Gesti\u00f3n de Emergencias y Desastres en colaboraci\u00f3n con FEDEGAN &#8211; FNG\",\"datePublished\":\"2024-08-29T14:27:53+00:00\",\"mainEntityOfPage\":{\"@id\":\"https:\\\/\\\/uniagraria.edu.co\\\/es\\\/uniagraria-fortalece-capacidades-regionales-en-gestion-de-emergencias-y-desastres-en-colaboracion-con-fedegan-fng\\\/\"},\"wordCount\":310,\"publisher\":{\"@id\":\"https:\\\/\\\/uniagraria.edu.co\\\/es\\\/#organization\"},\"image\":{\"@id\":\"https:\\\/\\\/uniagraria.edu.co\\\/es\\\/uniagraria-fortalece-capacidades-regionales-en-gestion-de-emergencias-y-desastres-en-colaboracion-con-fedegan-fng\\\/#primaryimage\"},\"thumbnailUrl\":\"\",\"keywords\":[\"Especializaci\u00f3n en Bienestar Animal y Etolog\u00eda\",\"Medicina Veterinaria\"],\"articleSection\":[\"Noticias\"],\"inLanguage\":\"es-CO\"},{\"@type\":\"WebPage\",\"@id\":\"https:\\\/\\\/uniagraria.edu.co\\\/es\\\/uniagraria-fortalece-capacidades-regionales-en-gestion-de-emergencias-y-desastres-en-colaboracion-con-fedegan-fng\\\/\",\"url\":\"https:\\\/\\\/uniagraria.edu.co\\\/es\\\/uniagraria-fortalece-capacidades-regionales-en-gestion-de-emergencias-y-desastres-en-colaboracion-con-fedegan-fng\\\/\",\"name\":\"UNIAGRARIA fortalece capacidades regionales en Gesti\u00f3n de Emergencias y Desastres en colaboraci\u00f3n con FEDEGAN - FNG - UNIAGRARIA\",\"isPartOf\":{\"@id\":\"https:\\\/\\\/uniagraria.edu.co\\\/es\\\/#website\"},\"primaryImageOfPage\":{\"@id\":\"https:\\\/\\\/uniagraria.edu.co\\\/es\\\/uniagraria-fortalece-capacidades-regionales-en-gestion-de-emergencias-y-desastres-en-colaboracion-con-fedegan-fng\\\/#primaryimage\"},\"image\":{\"@id\":\"https:\\\/\\\/uniagraria.edu.co\\\/es\\\/uniagraria-fortalece-capacidades-regionales-en-gestion-de-emergencias-y-desastres-en-colaboracion-con-fedegan-fng\\\/#primaryimage\"},\"thumbnailUrl\":\"\",\"datePublished\":\"2024-08-29T14:27:53+00:00\",\"breadcrumb\":{\"@id\":\"https:\\\/\\\/uniagraria.edu.co\\\/es\\\/uniagraria-fortalece-capacidades-regionales-en-gestion-de-emergencias-y-desastres-en-colaboracion-con-fedegan-fng\\\/#breadcrumb\"},\"inLanguage\":\"es-CO\",\"potentialAction\":[{\"@type\":\"ReadAction\",\"target\":[\"https:\\\/\\\/uniagraria.edu.co\\\/es\\\/uniagraria-fortalece-capacidades-regionales-en-gestion-de-emergencias-y-desastres-en-colaboracion-con-fedegan-fng\\\/\"]}]},{\"@type\":\"ImageObject\",\"inLanguage\":\"es-CO\",\"@id\":\"https:\\\/\\\/uniagraria.edu.co\\\/es\\\/uniagraria-fortalece-capacidades-regionales-en-gestion-de-emergencias-y-desastres-en-colaboracion-con-fedegan-fng\\\/#primaryimage\",\"url\":\"\",\"contentUrl\":\"\"},{\"@type\":\"BreadcrumbList\",\"@id\":\"https:\\\/\\\/uniagraria.edu.co\\\/es\\\/uniagraria-fortalece-capacidades-regionales-en-gestion-de-emergencias-y-desastres-en-colaboracion-con-fedegan-fng\\\/#breadcrumb\",\"itemListElement\":[{\"@type\":\"ListItem\",\"position\":1,\"name\":\"Inicio\",\"item\":\"https:\\\/\\\/uniagraria.edu.co\\\/\"},{\"@type\":\"ListItem\",\"position\":2,\"name\":\"Noticias\",\"item\":\"https:\\\/\\\/uniagraria.edu.co\\\/es\\\/category\\\/noticias\\\/\"},{\"@type\":\"ListItem\",\"position\":3,\"name\":\"UNIAGRARIA fortalece capacidades regionales en Gesti\u00f3n de Emergencias y Desastres en colaboraci\u00f3n con FEDEGAN &#8211; FNG\"}]},{\"@type\":\"WebSite\",\"@id\":\"https:\\\/\\\/uniagraria.edu.co\\\/es\\\/#website\",\"url\":\"https:\\\/\\\/uniagraria.edu.co\\\/es\\\/\",\"name\":\"UNIAGRARIA\",\"description\":\"FUNDACION UNIVERSITARIA AGRARIA DE COLOMBIA\",\"publisher\":{\"@id\":\"https:\\\/\\\/uniagraria.edu.co\\\/es\\\/#organization\"},\"potentialAction\":[{\"@type\":\"SearchAction\",\"target\":{\"@type\":\"EntryPoint\",\"urlTemplate\":\"https:\\\/\\\/uniagraria.edu.co\\\/es\\\/?s={search_term_string}\"},\"query-input\":{\"@type\":\"PropertyValueSpecification\",\"valueRequired\":true,\"valueName\":\"search_term_string\"}}],\"inLanguage\":\"es-CO\"},{\"@type\":\"Organization\",\"@id\":\"https:\\\/\\\/uniagraria.edu.co\\\/es\\\/#organization\",\"name\":\"UNIAGRARIA\",\"url\":\"https:\\\/\\\/uniagraria.edu.co\\\/es\\\/\",\"logo\":{\"@type\":\"ImageObject\",\"inLanguage\":\"es-CO\",\"@id\":\"https:\\\/\\\/uniagraria.edu.co\\\/es\\\/#\\\/schema\\\/logo\\\/image\\\/\",\"url\":\"https:\\\/\\\/novawebmaster.com\\\/uniagraria\\\/wp-content\\\/uploads\\\/2025\\\/02\\\/LogoUa2023Vertical.png\",\"contentUrl\":\"https:\\\/\\\/novawebmaster.com\\\/uniagraria\\\/wp-content\\\/uploads\\\/2025\\\/02\\\/LogoUa2023Vertical.png\",\"width\":3300,\"height\":2550,\"caption\":\"UNIAGRARIA\"},\"image\":{\"@id\":\"https:\\\/\\\/uniagraria.edu.co\\\/es\\\/#\\\/schema\\\/logo\\\/image\\\/\"},\"sameAs\":[\"https:\\\/\\\/www.facebook.com\\\/uagraria\\\/?locale=es_LA\",\"https:\\\/\\\/x.com\\\/UNIAGRARIA\",\"https:\\\/\\\/www.instagram.com\\\/uniagraria\\\/profilecard\\\/?igsh=MXI2bTFlMWsxNzNjOA\",\"https:\\\/\\\/www.tiktok.com\\\/discover\\\/uniagraria?lang=es\",\"https:\\\/\\\/www.linkedin.com\\\/school\\\/uniagraria\\\/?originalSubdomain=co\",\"https:\\\/\\\/www.youtube.com\\\/user\\\/UniagrariaUverde?themeRefresh=1\",\"https:\\\/\\\/api.whatsapp.com\\\/send?phone=3134230649\"]},{\"@type\":\"Person\",\"@id\":\"https:\\\/\\\/uniagraria.edu.co\\\/es\\\/#\\\/schema\\\/person\\\/f2ff0c07d9addb88b935755100b8db03\",\"name\":\"Comunicaciones UNIAGRARIA\",\"image\":{\"@type\":\"ImageObject\",\"inLanguage\":\"es-CO\",\"@id\":\"https:\\\/\\\/secure.gravatar.com\\\/avatar\\\/5c34977f632fe7cabe2da5a1818394efca9475d46ad9f02e8eab7fd408884103?s=96&d=mm&r=g\",\"url\":\"https:\\\/\\\/secure.gravatar.com\\\/avatar\\\/5c34977f632fe7cabe2da5a1818394efca9475d46ad9f02e8eab7fd408884103?s=96&d=mm&r=g\",\"contentUrl\":\"https:\\\/\\\/secure.gravatar.com\\\/avatar\\\/5c34977f632fe7cabe2da5a1818394efca9475d46ad9f02e8eab7fd408884103?s=96&d=mm&r=g\",\"caption\":\"Comunicaciones UNIAGRARIA\"},\"url\":\"https:\\\/\\\/uniagraria.edu.co\\\/es\\\/author\\\/4ndr3sf371p3\\\/\"}]}<\/script>\n<!-- \/ Yoast SEO plugin. -->","yoast_head_json":{"title":"UNIAGRARIA fortalece capacidades regionales en Gesti\u00f3n de Emergencias y Desastres en colaboraci\u00f3n con FEDEGAN - FNG - UNIAGRARIA","robots":{"index":"index","follow":"follow","max-snippet":"max-snippet:-1","max-image-preview":"max-image-preview:large","max-video-preview":"max-video-preview:-1"},"canonical":"https:\/\/uniagraria.edu.co\/es\/uniagraria-fortalece-capacidades-regionales-en-gestion-de-emergencias-y-desastres-en-colaboracion-con-fedegan-fng\/","og_locale":"es_ES","og_type":"article","og_title":"UNIAGRARIA fortalece capacidades regionales en Gesti\u00f3n de Emergencias y Desastres en colaboraci\u00f3n con FEDEGAN - FNG - UNIAGRARIA","og_description":"Direcci\u00f3n de Comunicaciones UNIAGRARIA\ufeff Como parte de su compromiso con la cooperaci\u00f3n interinstitucional y el fortalecimiento de los gremios en las regiones, la Facultad de Ciencias Agrarias y el Departamento de Medicina Veterinaria de UNIAGRARIA han dado un paso significativo en la formaci\u00f3n de 20 profesionales de la Federaci\u00f3n Colombiana de Ganaderos (FEDEGAN) y del [&hellip;]","og_url":"https:\/\/uniagraria.edu.co\/es\/uniagraria-fortalece-capacidades-regionales-en-gestion-de-emergencias-y-desastres-en-colaboracion-con-fedegan-fng\/","og_site_name":"UNIAGRARIA","article_publisher":"https:\/\/www.facebook.com\/uagraria\/?locale=es_LA","article_published_time":"2024-08-29T14:27:53+00:00","author":"Comunicaciones UNIAGRARIA","twitter_card":"summary_large_image","twitter_creator":"@UNIAGRARIA","twitter_site":"@UNIAGRARIA","twitter_misc":{"Escrito por":"Comunicaciones UNIAGRARIA","Tiempo de lectura":"1 minuto"},"schema":{"@context":"https:\/\/schema.org","@graph":[{"@type":"Article","@id":"https:\/\/uniagraria.edu.co\/es\/uniagraria-fortalece-capacidades-regionales-en-gestion-de-emergencias-y-desastres-en-colaboracion-con-fedegan-fng\/#article","isPartOf":{"@id":"https:\/\/uniagraria.edu.co\/es\/uniagraria-fortalece-capacidades-regionales-en-gestion-de-emergencias-y-desastres-en-colaboracion-con-fedegan-fng\/"},"author":{"name":"Comunicaciones UNIAGRARIA","@id":"https:\/\/uniagraria.edu.co\/es\/#\/schema\/person\/f2ff0c07d9addb88b935755100b8db03"},"headline":"UNIAGRARIA fortalece capacidades regionales en Gesti\u00f3n de Emergencias y Desastres en colaboraci\u00f3n con FEDEGAN &#8211; FNG","datePublished":"2024-08-29T14:27:53+00:00","mainEntityOfPage":{"@id":"https:\/\/uniagraria.edu.co\/es\/uniagraria-fortalece-capacidades-regionales-en-gestion-de-emergencias-y-desastres-en-colaboracion-con-fedegan-fng\/"},"wordCount":310,"publisher":{"@id":"https:\/\/uniagraria.edu.co\/es\/#organization"},"image":{"@id":"https:\/\/uniagraria.edu.co\/es\/uniagraria-fortalece-capacidades-regionales-en-gestion-de-emergencias-y-desastres-en-colaboracion-con-fedegan-fng\/#primaryimage"},"thumbnailUrl":"","keywords":["Especializaci\u00f3n en Bienestar Animal y Etolog\u00eda","Medicina Veterinaria"],"articleSection":["Noticias"],"inLanguage":"es-CO"},{"@type":"WebPage","@id":"https:\/\/uniagraria.edu.co\/es\/uniagraria-fortalece-capacidades-regionales-en-gestion-de-emergencias-y-desastres-en-colaboracion-con-fedegan-fng\/","url":"https:\/\/uniagraria.edu.co\/es\/uniagraria-fortalece-capacidades-regionales-en-gestion-de-emergencias-y-desastres-en-colaboracion-con-fedegan-fng\/","name":"UNIAGRARIA fortalece capacidades regionales en Gesti\u00f3n de Emergencias y Desastres en colaboraci\u00f3n con FEDEGAN - FNG - UNIAGRARIA","isPartOf":{"@id":"https:\/\/uniagraria.edu.co\/es\/#website"},"primaryImageOfPage":{"@id":"https:\/\/uniagraria.edu.co\/es\/uniagraria-fortalece-capacidades-regionales-en-gestion-de-emergencias-y-desastres-en-colaboracion-con-fedegan-fng\/#primaryimage"},"image":{"@id":"https:\/\/uniagraria.edu.co\/es\/uniagraria-fortalece-capacidades-regionales-en-gestion-de-emergencias-y-desastres-en-colaboracion-con-fedegan-fng\/#primaryimage"},"thumbnailUrl":"","datePublished":"2024-08-29T14:27:53+00:00","breadcrumb":{"@id":"https:\/\/uniagraria.edu.co\/es\/uniagraria-fortalece-capacidades-regionales-en-gestion-de-emergencias-y-desastres-en-colaboracion-con-fedegan-fng\/#breadcrumb"},"inLanguage":"es-CO","potentialAction":[{"@type":"ReadAction","target":["https:\/\/uniagraria.edu.co\/es\/uniagraria-fortalece-capacidades-regionales-en-gestion-de-emergencias-y-desastres-en-colaboracion-con-fedegan-fng\/"]}]},{"@type":"ImageObject","inLanguage":"es-CO","@id":"https:\/\/uniagraria.edu.co\/es\/uniagraria-fortalece-capacidades-regionales-en-gestion-de-emergencias-y-desastres-en-colaboracion-con-fedegan-fng\/#primaryimage","url":"","contentUrl":""},{"@type":"BreadcrumbList","@id":"https:\/\/uniagraria.edu.co\/es\/uniagraria-fortalece-capacidades-regionales-en-gestion-de-emergencias-y-desastres-en-colaboracion-con-fedegan-fng\/#breadcrumb","itemListElement":[{"@type":"ListItem","position":1,"name":"Inicio","item":"https:\/\/uniagraria.edu.co\/"},{"@type":"ListItem","position":2,"name":"Noticias","item":"https:\/\/uniagraria.edu.co\/es\/category\/noticias\/"},{"@type":"ListItem","position":3,"name":"UNIAGRARIA fortalece capacidades regionales en Gesti\u00f3n de Emergencias y Desastres en colaboraci\u00f3n con FEDEGAN &#8211; FNG"}]},{"@type":"WebSite","@id":"https:\/\/uniagraria.edu.co\/es\/#website","url":"https:\/\/uniagraria.edu.co\/es\/","name":"UNIAGRARIA","description":"FUNDACION UNIVERSITARIA AGRARIA DE COLOMBIA","publisher":{"@id":"https:\/\/uniagraria.edu.co\/es\/#organization"},"potentialAction":[{"@type":"SearchAction","target":{"@type":"EntryPoint","urlTemplate":"https:\/\/uniagraria.edu.co\/es\/?s={search_term_string}"},"query-input":{"@type":"PropertyValueSpecification","valueRequired":true,"valueName":"search_term_string"}}],"inLanguage":"es-CO"},{"@type":"Organization","@id":"https:\/\/uniagraria.edu.co\/es\/#organization","name":"UNIAGRARIA","url":"https:\/\/uniagraria.edu.co\/es\/","logo":{"@type":"ImageObject","inLanguage":"es-CO","@id":"https:\/\/uniagraria.edu.co\/es\/#\/schema\/logo\/image\/","url":"https:\/\/novawebmaster.com\/uniagraria\/wp-content\/uploads\/2025\/02\/LogoUa2023Vertical.png","contentUrl":"https:\/\/novawebmaster.com\/uniagraria\/wp-content\/uploads\/2025\/02\/LogoUa2023Vertical.png","width":3300,"height":2550,"caption":"UNIAGRARIA"},"image":{"@id":"https:\/\/uniagraria.edu.co\/es\/#\/schema\/logo\/image\/"},"sameAs":["https:\/\/www.facebook.com\/uagraria\/?locale=es_LA","https:\/\/x.com\/UNIAGRARIA","https:\/\/www.instagram.com\/uniagraria\/profilecard\/?igsh=MXI2bTFlMWsxNzNjOA","https:\/\/www.tiktok.com\/discover\/uniagraria?lang=es","https:\/\/www.linkedin.com\/school\/uniagraria\/?originalSubdomain=co","https:\/\/www.youtube.com\/user\/UniagrariaUverde?themeRefresh=1","https:\/\/api.whatsapp.com\/send?phone=3134230649"]},{"@type":"Person","@id":"https:\/\/uniagraria.edu.co\/es\/#\/schema\/person\/f2ff0c07d9addb88b935755100b8db03","name":"Comunicaciones UNIAGRARIA","image":{"@type":"ImageObject","inLanguage":"es-CO","@id":"https:\/\/secure.gravatar.com\/avatar\/5c34977f632fe7cabe2da5a1818394efca9475d46ad9f02e8eab7fd408884103?s=96&d=mm&r=g","url":"https:\/\/secure.gravatar.com\/avatar\/5c34977f632fe7cabe2da5a1818394efca9475d46ad9f02e8eab7fd408884103?s=96&d=mm&r=g","contentUrl":"https:\/\/secure.gravatar.com\/avatar\/5c34977f632fe7cabe2da5a1818394efca9475d46ad9f02e8eab7fd408884103?s=96&d=mm&r=g","caption":"Comunicaciones UNIAGRARIA"},"url":"https:\/\/uniagraria.edu.co\/es\/author\/4ndr3sf371p3\/"}]}},"_links":{"self":[{"href":"https:\/\/uniagraria.edu.co\/es\/wp-json\/wp\/v2\/posts\/44961","targetHints":{"allow":["GET"]}}],"collection":[{"href":"https:\/\/uniagraria.edu.co\/es\/wp-json\/wp\/v2\/posts"}],"about":[{"href":"https:\/\/uniagraria.edu.co\/es\/wp-json\/wp\/v2\/types\/post"}],"author":[{"embeddable":true,"href":"https:\/\/uniagraria.edu.co\/es\/wp-json\/wp\/v2\/users\/8"}],"replies":[{"embeddable":true,"href":"https:\/\/uniagraria.edu.co\/es\/wp-json\/wp\/v2\/comments?post=44961"}],"version-history":[{"count":0,"href":"https:\/\/uniagraria.edu.co\/es\/wp-json\/wp\/v2\/posts\/44961\/revisions"}],"wp:featuredmedia":[{"embeddable":true,"href":"https:\/\/uniagraria.edu.co\/es\/wp-json\/"}],"wp:attachment":[{"href":"https:\/\/uniagraria.edu.co\/es\/wp-json\/wp\/v2\/media?parent=44961"}],"wp:term":[{"taxonomy":"category","embeddable":true,"href":"https:\/\/uniagraria.edu.co\/es\/wp-json\/wp\/v2\/categories?post=44961"},{"taxonomy":"post_tag","embeddable":true,"href":"https:\/\/uniagraria.edu.co\/es\/wp-json\/wp\/v2\/tags?post=44961"}],"curies":[{"name":"wp","href":"https:\/\/api.w.org\/{rel}","templated":true}]}}