{"id":44990,"date":"2024-08-30T10:38:30","date_gmt":"2024-08-30T15:38:30","guid":{"rendered":"https:\/\/www.uniagraria.edu.co\/?p=44990"},"modified":"2024-08-30T10:38:30","modified_gmt":"2024-08-30T15:38:30","slug":"uniagraria-fortalece-lazos-en-simijaca-para-el-desarrollo-regional","status":"publish","type":"post","link":"https:\/\/uniagraria.edu.co\/es\/uniagraria-fortalece-lazos-en-simijaca-para-el-desarrollo-regional\/","title":{"rendered":"UNIAGRARIA fortalece lazos en Simijaca para el desarrollo regional"},"content":{"rendered":"\n<h4 class=\"wp-block-heading\" id=\"mce_0\"><em><strong>Direcci\u00f3n de Comunicaciones UNIAGRARIA<\/strong><\/em><\/h4>\n\n\n\n<p style=\"text-align: justify;\">El pasado 23 de agosto, UNIAGRARIA, en respuesta a la amable invitaci\u00f3n del concejal Germ\u00e1n David Robayo Le\u00f3n, se hizo presente en el municipio de Simijaca a trav\u00e9s de su equipo del Centro de Pensamiento para la Extensi\u00f3n y Desarrollo Regional, junto al docente Giovanny Salcedo Panqueba, del programa de Administraci\u00f3n Financiera. En esta visita, tuvieron la oportunidad de dialogar con los concejales del municipio en una Sesi\u00f3n Plenaria del Consejo Municipal, donde se discutieron las problem\u00e1ticas locales y las posibilidades que ofrece la educaci\u00f3n como herramienta de transformaci\u00f3n social y desarrollo regional.<\/p>\n\n\n\n<p style=\"text-align: justify;\">Durante la sesi\u00f3n, se present\u00f3 el programa &#8220;UNIAGRARIA Acompa\u00f1a&#8221; como un recurso fundamental para el fortalecimiento regional, destacando su articulaci\u00f3n con otras iniciativas de extensi\u00f3n como el Plan 500 \u2013 Colegios Verdes para Colombia, Sembrar Paz y UNIAGRARIA al Campo. Estos programas buscan generar un impacto positivo en el territorio a trav\u00e9s de la educaci\u00f3n, el desarrollo sostenible y la promoci\u00f3n de la paz.<\/p>\n\n\n\n<p style=\"text-align: justify;\">Adem\u00e1s, la visita incluy\u00f3 un recorrido por varias veredas del municipio, donde se conocieron emprendimientos locales y se identificaron potencialidades clave para el desarrollo econ\u00f3mico de la regi\u00f3n.<\/p>\n\n\n\n<p style=\"text-align: justify;\">En un segundo momento, se llev\u00f3 a cabo una reuni\u00f3n con la alcaldesa de Simijaca, la Dra. Johana Paola Monz\u00f3n Murcia, en la cual se estrecharon lazos con \u00e1reas estrat\u00e9gicas de su administraci\u00f3n. De esta reuni\u00f3n surgi\u00f3 la necesidad de formalizar un convenio de cooperaci\u00f3n que permita materializar el trabajo conjunto entre UNIAGRARIA y la administraci\u00f3n municipal, con miras a fortalecer el desarrollo del municipio y mejorar la calidad de vida de sus habitantes.<\/p>\n\n\n\n<p style=\"text-align: justify;\">Recordemos que &#8220;UNIAGRARIA Acompa\u00f1a&#8221; es un proyecto ambicioso destinado a transformar la educaci\u00f3n y el desarrollo regional en Colombia. La iniciativa se centra en la colaboraci\u00f3n con alcald\u00edas y rectores de colegios de los municipios de Colombia, con el prop\u00f3sito de promover la integraci\u00f3n a la educaci\u00f3n superior y contribuir al desarrollo local. El proyecto, basado en la idea de que el talento humano calificado es crucial para el desarrollo sostenible, busca fomentar el esp\u00edritu emprendedor en los j\u00f3venes de la regi\u00f3n y fortalecer la conexi\u00f3n entre la educaci\u00f3n y el entorno productivo local, a trav\u00e9s de estrategias como el reconocimiento de cr\u00e9ditos acad\u00e9micos y la oferta de programas acad\u00e9micos flexibles y accesibles.<\/p>\n\n\n\n<p style=\"text-align: justify;\">&#8220;UNIAGRARIA Acompa\u00f1a&#8221; no solo busca extender la educaci\u00f3n superior como instrumento de desarrollo municipal, sino que tambi\u00e9n se articula con otras estrategias de extensi\u00f3n, como el Plan 500 \u2013 Colegios Verdes para Colombia, Sembrar Paz y UNIAGRARIA al Campo. Esta colaboraci\u00f3n integral entre la academia, el gobierno local, el sector productivo y la comunidad busca promover soluciones concertadas para el desarrollo regional sostenible, construyendo as\u00ed un futuro m\u00e1s pr\u00f3spero y equitativo para todos los colombianos.<\/p>\n\n\n\n<p>Para mayor informaci\u00f3n puede visitar <strong><a rel=\"noreferrer noopener\" aria-label=\"Para mayor informaci\u00f3n puede visitar https:\/\/www.uniagraria.edu.co\/uniagraria-acompana\/. (abre en una nueva pesta\u00f1a)\" href=\"https:\/\/www.uniagraria.edu.co\/uniagraria-acompana\/.\" target=\"_blank\">https:\/\/www.uniagraria.edu.co\/uniagraria-acompana\/.<\/a><\/strong><\/p>\n\n\n\n<ul class=\"wp-block-gallery columns-3 is-cropped wp-block-gallery-1 is-layout-flex wp-block-gallery-is-layout-flex\"><li class=\"blocks-gallery-item\"><figure><img decoding=\"async\" src=\"https:\/\/www.uniagraria.edu.co\/wp-content\/uploads\/2024\/08\/UNIAGRARIA-FortaleceLazosEnSimijaca-04-1024x768.jpeg\" alt=\"\" data-id=\"44982\" data-link=\"https:\/\/www.uniagraria.edu.co\/uniagraria-fortalecelazosensimijaca-04\/\" class=\"wp-image-44982\"\/><\/figure><\/li><li class=\"blocks-gallery-item\"><figure><img decoding=\"async\" src=\"https:\/\/www.uniagraria.edu.co\/wp-content\/uploads\/2024\/08\/UNIAGRARIA-FortaleceLazosEnSimijaca-05-1024x768.jpeg\" alt=\"\" data-id=\"44983\" data-link=\"https:\/\/www.uniagraria.edu.co\/uniagraria-fortalecelazosensimijaca-05\/\" class=\"wp-image-44983\"\/><\/figure><\/li><li class=\"blocks-gallery-item\"><figure><img decoding=\"async\" src=\"https:\/\/www.uniagraria.edu.co\/wp-content\/uploads\/2024\/08\/UNIAGRARIA-FortaleceLazosEnSimijaca-11-768x1024.jpeg\" alt=\"\" data-id=\"44989\" data-link=\"https:\/\/www.uniagraria.edu.co\/uniagraria-fortalecelazosensimijaca-11\/\" class=\"wp-image-44989\"\/><\/figure><\/li><li class=\"blocks-gallery-item\"><figure><img decoding=\"async\" src=\"https:\/\/www.uniagraria.edu.co\/wp-content\/uploads\/2024\/08\/UNIAGRARIA-FortaleceLazosEnSimijaca-08-1024x768.jpeg\" alt=\"\" data-id=\"44986\" data-link=\"https:\/\/www.uniagraria.edu.co\/uniagraria-fortalecelazosensimijaca-08\/\" class=\"wp-image-44986\"\/><\/figure><\/li><li class=\"blocks-gallery-item\"><figure><img decoding=\"async\" src=\"https:\/\/www.uniagraria.edu.co\/wp-content\/uploads\/2024\/08\/UNIAGRARIA-FortaleceLazosEnSimijaca-07-1024x768.jpeg\" alt=\"\" data-id=\"44985\" data-link=\"https:\/\/www.uniagraria.edu.co\/uniagraria-fortalecelazosensimijaca-07\/\" class=\"wp-image-44985\"\/><\/figure><\/li><li class=\"blocks-gallery-item\"><figure><img decoding=\"async\" src=\"https:\/\/www.uniagraria.edu.co\/wp-content\/uploads\/2024\/08\/UNIAGRARIA-FortaleceLazosEnSimijaca-06-1024x768.jpeg\" alt=\"\" data-id=\"44984\" data-link=\"https:\/\/www.uniagraria.edu.co\/uniagraria-fortalecelazosensimijaca-06\/\" class=\"wp-image-44984\"\/><\/figure><\/li><li class=\"blocks-gallery-item\"><figure><img decoding=\"async\" src=\"https:\/\/www.uniagraria.edu.co\/wp-content\/uploads\/2024\/08\/UNIAGRARIA-FortaleceLazosEnSimijaca-09-1024x768.jpeg\" alt=\"\" data-id=\"44987\" data-link=\"https:\/\/www.uniagraria.edu.co\/uniagraria-fortalecelazosensimijaca-09\/\" class=\"wp-image-44987\"\/><\/figure><\/li><li class=\"blocks-gallery-item\"><figure><img decoding=\"async\" src=\"https:\/\/www.uniagraria.edu.co\/wp-content\/uploads\/2024\/08\/UNIAGRARIA-FortaleceLazosEnSimijaca-02-1024x577.jpeg\" alt=\"\" data-id=\"44980\" data-link=\"https:\/\/www.uniagraria.edu.co\/uniagraria-fortalecelazosensimijaca-02\/\" class=\"wp-image-44980\"\/><\/figure><\/li><li class=\"blocks-gallery-item\"><figure><img decoding=\"async\" src=\"https:\/\/www.uniagraria.edu.co\/wp-content\/uploads\/2024\/08\/UNIAGRARIA-FortaleceLazosEnSimijaca-01-1024x571.jpeg\" alt=\"\" data-id=\"44979\" data-link=\"https:\/\/www.uniagraria.edu.co\/uniagraria-fortalecelazosensimijaca-01\/\" class=\"wp-image-44979\"\/><\/figure><\/li><\/ul>\n","protected":false},"excerpt":{"rendered":"<p>Direcci\u00f3n de Comunicaciones UNIAGRARIA El pasado 23 de agosto, UNIAGRARIA, en respuesta a la amable invitaci\u00f3n del concejal Germ\u00e1n David Robayo Le\u00f3n, se hizo presente en el municipio de Simijaca a trav\u00e9s de su equipo del Centro de Pensamiento para la Extensi\u00f3n y Desarrollo Regional, junto al docente Giovanny Salcedo Panqueba, del programa de Administraci\u00f3n [&hellip;]<\/p>\n","protected":false},"author":8,"featured_media":44982,"comment_status":"closed","ping_status":"closed","sticky":false,"template":"","format":"standard","meta":{"_acf_changed":false,"site-sidebar-layout":"default","site-content-layout":"","ast-site-content-layout":"default","site-content-style":"default","site-sidebar-style":"default","ast-global-header-display":"","ast-banner-title-visibility":"","ast-main-header-display":"","ast-hfb-above-header-display":"","ast-hfb-below-header-display":"","ast-hfb-mobile-header-display":"","site-post-title":"","ast-breadcrumbs-content":"","ast-featured-img":"","footer-sml-layout":"","ast-disable-related-posts":"","theme-transparent-header-meta":"","adv-header-id-meta":"","stick-header-meta":"","header-above-stick-meta":"","header-main-stick-meta":"","header-below-stick-meta":"","astra-migrate-meta-layouts":"default","ast-page-background-enabled":"default","ast-page-background-meta":{"desktop":{"background-color":"var(--ast-global-color-4)","background-image":"","background-repeat":"repeat","background-position":"center center","background-size":"auto","background-attachment":"scroll","background-type":"","background-media":"","overlay-type":"","overlay-color":"","overlay-opacity":"","overlay-gradient":""},"tablet":{"background-color":"","background-image":"","background-repeat":"repeat","background-position":"center center","background-size":"auto","background-attachment":"scroll","background-type":"","background-media":"","overlay-type":"","overlay-color":"","overlay-opacity":"","overlay-gradient":""},"mobile":{"background-color":"","background-image":"","background-repeat":"repeat","background-position":"center center","background-size":"auto","background-attachment":"scroll","background-type":"","background-media":"","overlay-type":"","overlay-color":"","overlay-opacity":"","overlay-gradient":""}},"ast-content-background-meta":{"desktop":{"background-color":"var(--ast-global-color-5)","background-image":"","background-repeat":"repeat","background-position":"center center","background-size":"auto","background-attachment":"scroll","background-type":"","background-media":"","overlay-type":"","overlay-color":"","overlay-opacity":"","overlay-gradient":""},"tablet":{"background-color":"var(--ast-global-color-5)","background-image":"","background-repeat":"repeat","background-position":"center center","background-size":"auto","background-attachment":"scroll","background-type":"","background-media":"","overlay-type":"","overlay-color":"","overlay-opacity":"","overlay-gradient":""},"mobile":{"background-color":"var(--ast-global-color-5)","background-image":"","background-repeat":"repeat","background-position":"center center","background-size":"auto","background-attachment":"scroll","background-type":"","background-media":"","overlay-type":"","overlay-color":"","overlay-opacity":"","overlay-gradient":""}},"footnotes":""},"categories":[35],"tags":[],"class_list":["post-44990","post","type-post","status-publish","format-standard","has-post-thumbnail","hentry","category-noticias"],"acf":[],"yoast_head":"<!-- This site is optimized with the Yoast SEO plugin v27.5 - https:\/\/yoast.com\/product\/yoast-seo-wordpress\/ -->\n<title>UNIAGRARIA fortalece lazos en Simijaca para el desarrollo regional - UNIAGRARIA<\/title>\n<meta name=\"robots\" content=\"index, follow, max-snippet:-1, max-image-preview:large, max-video-preview:-1\" \/>\n<link rel=\"canonical\" href=\"https:\/\/uniagraria.edu.co\/es\/uniagraria-fortalece-lazos-en-simijaca-para-el-desarrollo-regional\/\" \/>\n<meta property=\"og:locale\" content=\"es_ES\" \/>\n<meta property=\"og:type\" content=\"article\" \/>\n<meta property=\"og:title\" content=\"UNIAGRARIA fortalece lazos en Simijaca para el desarrollo regional - UNIAGRARIA\" \/>\n<meta property=\"og:description\" content=\"Direcci\u00f3n de Comunicaciones UNIAGRARIA El pasado 23 de agosto, UNIAGRARIA, en respuesta a la amable invitaci\u00f3n del concejal Germ\u00e1n David Robayo Le\u00f3n, se hizo presente en el municipio de Simijaca a trav\u00e9s de su equipo del Centro de Pensamiento para la Extensi\u00f3n y Desarrollo Regional, junto al docente Giovanny Salcedo Panqueba, del programa de Administraci\u00f3n [&hellip;]\" \/>\n<meta property=\"og:url\" content=\"https:\/\/uniagraria.edu.co\/es\/uniagraria-fortalece-lazos-en-simijaca-para-el-desarrollo-regional\/\" \/>\n<meta property=\"og:site_name\" content=\"UNIAGRARIA\" \/>\n<meta property=\"article:publisher\" content=\"https:\/\/www.facebook.com\/uagraria\/?locale=es_LA\" \/>\n<meta property=\"article:published_time\" content=\"2024-08-30T15:38:30+00:00\" \/>\n<meta name=\"author\" content=\"Comunicaciones UNIAGRARIA\" \/>\n<meta name=\"twitter:card\" content=\"summary_large_image\" \/>\n<meta name=\"twitter:creator\" content=\"@UNIAGRARIA\" \/>\n<meta name=\"twitter:site\" content=\"@UNIAGRARIA\" \/>\n<meta name=\"twitter:label1\" content=\"Escrito por\" \/>\n\t<meta name=\"twitter:data1\" content=\"Comunicaciones UNIAGRARIA\" \/>\n\t<meta name=\"twitter:label2\" content=\"Tiempo de lectura\" \/>\n\t<meta name=\"twitter:data2\" content=\"3 minutos\" \/>\n<script type=\"application\/ld+json\" class=\"yoast-schema-graph\">{\"@context\":\"https:\\\/\\\/schema.org\",\"@graph\":[{\"@type\":\"Article\",\"@id\":\"https:\\\/\\\/uniagraria.edu.co\\\/es\\\/uniagraria-fortalece-lazos-en-simijaca-para-el-desarrollo-regional\\\/#article\",\"isPartOf\":{\"@id\":\"https:\\\/\\\/uniagraria.edu.co\\\/es\\\/uniagraria-fortalece-lazos-en-simijaca-para-el-desarrollo-regional\\\/\"},\"author\":{\"name\":\"Comunicaciones UNIAGRARIA\",\"@id\":\"https:\\\/\\\/uniagraria.edu.co\\\/es\\\/#\\\/schema\\\/person\\\/f2ff0c07d9addb88b935755100b8db03\"},\"headline\":\"UNIAGRARIA fortalece lazos en Simijaca para el desarrollo regional\",\"datePublished\":\"2024-08-30T15:38:30+00:00\",\"mainEntityOfPage\":{\"@id\":\"https:\\\/\\\/uniagraria.edu.co\\\/es\\\/uniagraria-fortalece-lazos-en-simijaca-para-el-desarrollo-regional\\\/\"},\"wordCount\":518,\"publisher\":{\"@id\":\"https:\\\/\\\/uniagraria.edu.co\\\/es\\\/#organization\"},\"image\":{\"@id\":\"https:\\\/\\\/uniagraria.edu.co\\\/es\\\/uniagraria-fortalece-lazos-en-simijaca-para-el-desarrollo-regional\\\/#primaryimage\"},\"thumbnailUrl\":\"\",\"articleSection\":[\"Noticias\"],\"inLanguage\":\"es-CO\"},{\"@type\":\"WebPage\",\"@id\":\"https:\\\/\\\/uniagraria.edu.co\\\/es\\\/uniagraria-fortalece-lazos-en-simijaca-para-el-desarrollo-regional\\\/\",\"url\":\"https:\\\/\\\/uniagraria.edu.co\\\/es\\\/uniagraria-fortalece-lazos-en-simijaca-para-el-desarrollo-regional\\\/\",\"name\":\"UNIAGRARIA fortalece lazos en Simijaca para el desarrollo regional - UNIAGRARIA\",\"isPartOf\":{\"@id\":\"https:\\\/\\\/uniagraria.edu.co\\\/es\\\/#website\"},\"primaryImageOfPage\":{\"@id\":\"https:\\\/\\\/uniagraria.edu.co\\\/es\\\/uniagraria-fortalece-lazos-en-simijaca-para-el-desarrollo-regional\\\/#primaryimage\"},\"image\":{\"@id\":\"https:\\\/\\\/uniagraria.edu.co\\\/es\\\/uniagraria-fortalece-lazos-en-simijaca-para-el-desarrollo-regional\\\/#primaryimage\"},\"thumbnailUrl\":\"\",\"datePublished\":\"2024-08-30T15:38:30+00:00\",\"breadcrumb\":{\"@id\":\"https:\\\/\\\/uniagraria.edu.co\\\/es\\\/uniagraria-fortalece-lazos-en-simijaca-para-el-desarrollo-regional\\\/#breadcrumb\"},\"inLanguage\":\"es-CO\",\"potentialAction\":[{\"@type\":\"ReadAction\",\"target\":[\"https:\\\/\\\/uniagraria.edu.co\\\/es\\\/uniagraria-fortalece-lazos-en-simijaca-para-el-desarrollo-regional\\\/\"]}]},{\"@type\":\"ImageObject\",\"inLanguage\":\"es-CO\",\"@id\":\"https:\\\/\\\/uniagraria.edu.co\\\/es\\\/uniagraria-fortalece-lazos-en-simijaca-para-el-desarrollo-regional\\\/#primaryimage\",\"url\":\"\",\"contentUrl\":\"\"},{\"@type\":\"BreadcrumbList\",\"@id\":\"https:\\\/\\\/uniagraria.edu.co\\\/es\\\/uniagraria-fortalece-lazos-en-simijaca-para-el-desarrollo-regional\\\/#breadcrumb\",\"itemListElement\":[{\"@type\":\"ListItem\",\"position\":1,\"name\":\"Inicio\",\"item\":\"https:\\\/\\\/uniagraria.edu.co\\\/\"},{\"@type\":\"ListItem\",\"position\":2,\"name\":\"Noticias\",\"item\":\"https:\\\/\\\/uniagraria.edu.co\\\/es\\\/category\\\/noticias\\\/\"},{\"@type\":\"ListItem\",\"position\":3,\"name\":\"UNIAGRARIA fortalece lazos en Simijaca para el desarrollo regional\"}]},{\"@type\":\"WebSite\",\"@id\":\"https:\\\/\\\/uniagraria.edu.co\\\/es\\\/#website\",\"url\":\"https:\\\/\\\/uniagraria.edu.co\\\/es\\\/\",\"name\":\"UNIAGRARIA\",\"description\":\"FUNDACION UNIVERSITARIA AGRARIA DE COLOMBIA\",\"publisher\":{\"@id\":\"https:\\\/\\\/uniagraria.edu.co\\\/es\\\/#organization\"},\"potentialAction\":[{\"@type\":\"SearchAction\",\"target\":{\"@type\":\"EntryPoint\",\"urlTemplate\":\"https:\\\/\\\/uniagraria.edu.co\\\/es\\\/?s={search_term_string}\"},\"query-input\":{\"@type\":\"PropertyValueSpecification\",\"valueRequired\":true,\"valueName\":\"search_term_string\"}}],\"inLanguage\":\"es-CO\"},{\"@type\":\"Organization\",\"@id\":\"https:\\\/\\\/uniagraria.edu.co\\\/es\\\/#organization\",\"name\":\"UNIAGRARIA\",\"url\":\"https:\\\/\\\/uniagraria.edu.co\\\/es\\\/\",\"logo\":{\"@type\":\"ImageObject\",\"inLanguage\":\"es-CO\",\"@id\":\"https:\\\/\\\/uniagraria.edu.co\\\/es\\\/#\\\/schema\\\/logo\\\/image\\\/\",\"url\":\"https:\\\/\\\/novawebmaster.com\\\/uniagraria\\\/wp-content\\\/uploads\\\/2025\\\/02\\\/LogoUa2023Vertical.png\",\"contentUrl\":\"https:\\\/\\\/novawebmaster.com\\\/uniagraria\\\/wp-content\\\/uploads\\\/2025\\\/02\\\/LogoUa2023Vertical.png\",\"width\":3300,\"height\":2550,\"caption\":\"UNIAGRARIA\"},\"image\":{\"@id\":\"https:\\\/\\\/uniagraria.edu.co\\\/es\\\/#\\\/schema\\\/logo\\\/image\\\/\"},\"sameAs\":[\"https:\\\/\\\/www.facebook.com\\\/uagraria\\\/?locale=es_LA\",\"https:\\\/\\\/x.com\\\/UNIAGRARIA\",\"https:\\\/\\\/www.instagram.com\\\/uniagraria\\\/profilecard\\\/?igsh=MXI2bTFlMWsxNzNjOA\",\"https:\\\/\\\/www.tiktok.com\\\/discover\\\/uniagraria?lang=es\",\"https:\\\/\\\/www.linkedin.com\\\/school\\\/uniagraria\\\/?originalSubdomain=co\",\"https:\\\/\\\/www.youtube.com\\\/user\\\/UniagrariaUverde?themeRefresh=1\",\"https:\\\/\\\/api.whatsapp.com\\\/send?phone=3134230649\"]},{\"@type\":\"Person\",\"@id\":\"https:\\\/\\\/uniagraria.edu.co\\\/es\\\/#\\\/schema\\\/person\\\/f2ff0c07d9addb88b935755100b8db03\",\"name\":\"Comunicaciones UNIAGRARIA\",\"image\":{\"@type\":\"ImageObject\",\"inLanguage\":\"es-CO\",\"@id\":\"https:\\\/\\\/secure.gravatar.com\\\/avatar\\\/5c34977f632fe7cabe2da5a1818394efca9475d46ad9f02e8eab7fd408884103?s=96&d=mm&r=g\",\"url\":\"https:\\\/\\\/secure.gravatar.com\\\/avatar\\\/5c34977f632fe7cabe2da5a1818394efca9475d46ad9f02e8eab7fd408884103?s=96&d=mm&r=g\",\"contentUrl\":\"https:\\\/\\\/secure.gravatar.com\\\/avatar\\\/5c34977f632fe7cabe2da5a1818394efca9475d46ad9f02e8eab7fd408884103?s=96&d=mm&r=g\",\"caption\":\"Comunicaciones UNIAGRARIA\"},\"url\":\"https:\\\/\\\/uniagraria.edu.co\\\/es\\\/author\\\/4ndr3sf371p3\\\/\"}]}<\/script>\n<!-- \/ Yoast SEO plugin. -->","yoast_head_json":{"title":"UNIAGRARIA fortalece lazos en Simijaca para el desarrollo regional - UNIAGRARIA","robots":{"index":"index","follow":"follow","max-snippet":"max-snippet:-1","max-image-preview":"max-image-preview:large","max-video-preview":"max-video-preview:-1"},"canonical":"https:\/\/uniagraria.edu.co\/es\/uniagraria-fortalece-lazos-en-simijaca-para-el-desarrollo-regional\/","og_locale":"es_ES","og_type":"article","og_title":"UNIAGRARIA fortalece lazos en Simijaca para el desarrollo regional - UNIAGRARIA","og_description":"Direcci\u00f3n de Comunicaciones UNIAGRARIA El pasado 23 de agosto, UNIAGRARIA, en respuesta a la amable invitaci\u00f3n del concejal Germ\u00e1n David Robayo Le\u00f3n, se hizo presente en el municipio de Simijaca a trav\u00e9s de su equipo del Centro de Pensamiento para la Extensi\u00f3n y Desarrollo Regional, junto al docente Giovanny Salcedo Panqueba, del programa de Administraci\u00f3n [&hellip;]","og_url":"https:\/\/uniagraria.edu.co\/es\/uniagraria-fortalece-lazos-en-simijaca-para-el-desarrollo-regional\/","og_site_name":"UNIAGRARIA","article_publisher":"https:\/\/www.facebook.com\/uagraria\/?locale=es_LA","article_published_time":"2024-08-30T15:38:30+00:00","author":"Comunicaciones UNIAGRARIA","twitter_card":"summary_large_image","twitter_creator":"@UNIAGRARIA","twitter_site":"@UNIAGRARIA","twitter_misc":{"Escrito por":"Comunicaciones UNIAGRARIA","Tiempo de lectura":"3 minutos"},"schema":{"@context":"https:\/\/schema.org","@graph":[{"@type":"Article","@id":"https:\/\/uniagraria.edu.co\/es\/uniagraria-fortalece-lazos-en-simijaca-para-el-desarrollo-regional\/#article","isPartOf":{"@id":"https:\/\/uniagraria.edu.co\/es\/uniagraria-fortalece-lazos-en-simijaca-para-el-desarrollo-regional\/"},"author":{"name":"Comunicaciones UNIAGRARIA","@id":"https:\/\/uniagraria.edu.co\/es\/#\/schema\/person\/f2ff0c07d9addb88b935755100b8db03"},"headline":"UNIAGRARIA fortalece lazos en Simijaca para el desarrollo regional","datePublished":"2024-08-30T15:38:30+00:00","mainEntityOfPage":{"@id":"https:\/\/uniagraria.edu.co\/es\/uniagraria-fortalece-lazos-en-simijaca-para-el-desarrollo-regional\/"},"wordCount":518,"publisher":{"@id":"https:\/\/uniagraria.edu.co\/es\/#organization"},"image":{"@id":"https:\/\/uniagraria.edu.co\/es\/uniagraria-fortalece-lazos-en-simijaca-para-el-desarrollo-regional\/#primaryimage"},"thumbnailUrl":"","articleSection":["Noticias"],"inLanguage":"es-CO"},{"@type":"WebPage","@id":"https:\/\/uniagraria.edu.co\/es\/uniagraria-fortalece-lazos-en-simijaca-para-el-desarrollo-regional\/","url":"https:\/\/uniagraria.edu.co\/es\/uniagraria-fortalece-lazos-en-simijaca-para-el-desarrollo-regional\/","name":"UNIAGRARIA fortalece lazos en Simijaca para el desarrollo regional - UNIAGRARIA","isPartOf":{"@id":"https:\/\/uniagraria.edu.co\/es\/#website"},"primaryImageOfPage":{"@id":"https:\/\/uniagraria.edu.co\/es\/uniagraria-fortalece-lazos-en-simijaca-para-el-desarrollo-regional\/#primaryimage"},"image":{"@id":"https:\/\/uniagraria.edu.co\/es\/uniagraria-fortalece-lazos-en-simijaca-para-el-desarrollo-regional\/#primaryimage"},"thumbnailUrl":"","datePublished":"2024-08-30T15:38:30+00:00","breadcrumb":{"@id":"https:\/\/uniagraria.edu.co\/es\/uniagraria-fortalece-lazos-en-simijaca-para-el-desarrollo-regional\/#breadcrumb"},"inLanguage":"es-CO","potentialAction":[{"@type":"ReadAction","target":["https:\/\/uniagraria.edu.co\/es\/uniagraria-fortalece-lazos-en-simijaca-para-el-desarrollo-regional\/"]}]},{"@type":"ImageObject","inLanguage":"es-CO","@id":"https:\/\/uniagraria.edu.co\/es\/uniagraria-fortalece-lazos-en-simijaca-para-el-desarrollo-regional\/#primaryimage","url":"","contentUrl":""},{"@type":"BreadcrumbList","@id":"https:\/\/uniagraria.edu.co\/es\/uniagraria-fortalece-lazos-en-simijaca-para-el-desarrollo-regional\/#breadcrumb","itemListElement":[{"@type":"ListItem","position":1,"name":"Inicio","item":"https:\/\/uniagraria.edu.co\/"},{"@type":"ListItem","position":2,"name":"Noticias","item":"https:\/\/uniagraria.edu.co\/es\/category\/noticias\/"},{"@type":"ListItem","position":3,"name":"UNIAGRARIA fortalece lazos en Simijaca para el desarrollo regional"}]},{"@type":"WebSite","@id":"https:\/\/uniagraria.edu.co\/es\/#website","url":"https:\/\/uniagraria.edu.co\/es\/","name":"UNIAGRARIA","description":"FUNDACION UNIVERSITARIA AGRARIA DE COLOMBIA","publisher":{"@id":"https:\/\/uniagraria.edu.co\/es\/#organization"},"potentialAction":[{"@type":"SearchAction","target":{"@type":"EntryPoint","urlTemplate":"https:\/\/uniagraria.edu.co\/es\/?s={search_term_string}"},"query-input":{"@type":"PropertyValueSpecification","valueRequired":true,"valueName":"search_term_string"}}],"inLanguage":"es-CO"},{"@type":"Organization","@id":"https:\/\/uniagraria.edu.co\/es\/#organization","name":"UNIAGRARIA","url":"https:\/\/uniagraria.edu.co\/es\/","logo":{"@type":"ImageObject","inLanguage":"es-CO","@id":"https:\/\/uniagraria.edu.co\/es\/#\/schema\/logo\/image\/","url":"https:\/\/novawebmaster.com\/uniagraria\/wp-content\/uploads\/2025\/02\/LogoUa2023Vertical.png","contentUrl":"https:\/\/novawebmaster.com\/uniagraria\/wp-content\/uploads\/2025\/02\/LogoUa2023Vertical.png","width":3300,"height":2550,"caption":"UNIAGRARIA"},"image":{"@id":"https:\/\/uniagraria.edu.co\/es\/#\/schema\/logo\/image\/"},"sameAs":["https:\/\/www.facebook.com\/uagraria\/?locale=es_LA","https:\/\/x.com\/UNIAGRARIA","https:\/\/www.instagram.com\/uniagraria\/profilecard\/?igsh=MXI2bTFlMWsxNzNjOA","https:\/\/www.tiktok.com\/discover\/uniagraria?lang=es","https:\/\/www.linkedin.com\/school\/uniagraria\/?originalSubdomain=co","https:\/\/www.youtube.com\/user\/UniagrariaUverde?themeRefresh=1","https:\/\/api.whatsapp.com\/send?phone=3134230649"]},{"@type":"Person","@id":"https:\/\/uniagraria.edu.co\/es\/#\/schema\/person\/f2ff0c07d9addb88b935755100b8db03","name":"Comunicaciones UNIAGRARIA","image":{"@type":"ImageObject","inLanguage":"es-CO","@id":"https:\/\/secure.gravatar.com\/avatar\/5c34977f632fe7cabe2da5a1818394efca9475d46ad9f02e8eab7fd408884103?s=96&d=mm&r=g","url":"https:\/\/secure.gravatar.com\/avatar\/5c34977f632fe7cabe2da5a1818394efca9475d46ad9f02e8eab7fd408884103?s=96&d=mm&r=g","contentUrl":"https:\/\/secure.gravatar.com\/avatar\/5c34977f632fe7cabe2da5a1818394efca9475d46ad9f02e8eab7fd408884103?s=96&d=mm&r=g","caption":"Comunicaciones UNIAGRARIA"},"url":"https:\/\/uniagraria.edu.co\/es\/author\/4ndr3sf371p3\/"}]}},"_links":{"self":[{"href":"https:\/\/uniagraria.edu.co\/es\/wp-json\/wp\/v2\/posts\/44990","targetHints":{"allow":["GET"]}}],"collection":[{"href":"https:\/\/uniagraria.edu.co\/es\/wp-json\/wp\/v2\/posts"}],"about":[{"href":"https:\/\/uniagraria.edu.co\/es\/wp-json\/wp\/v2\/types\/post"}],"author":[{"embeddable":true,"href":"https:\/\/uniagraria.edu.co\/es\/wp-json\/wp\/v2\/users\/8"}],"replies":[{"embeddable":true,"href":"https:\/\/uniagraria.edu.co\/es\/wp-json\/wp\/v2\/comments?post=44990"}],"version-history":[{"count":0,"href":"https:\/\/uniagraria.edu.co\/es\/wp-json\/wp\/v2\/posts\/44990\/revisions"}],"wp:featuredmedia":[{"embeddable":true,"href":"https:\/\/uniagraria.edu.co\/es\/wp-json\/"}],"wp:attachment":[{"href":"https:\/\/uniagraria.edu.co\/es\/wp-json\/wp\/v2\/media?parent=44990"}],"wp:term":[{"taxonomy":"category","embeddable":true,"href":"https:\/\/uniagraria.edu.co\/es\/wp-json\/wp\/v2\/categories?post=44990"},{"taxonomy":"post_tag","embeddable":true,"href":"https:\/\/uniagraria.edu.co\/es\/wp-json\/wp\/v2\/tags?post=44990"}],"curies":[{"name":"wp","href":"https:\/\/api.w.org\/{rel}","templated":true}]}}