{"id":45222,"date":"2024-09-12T09:54:49","date_gmt":"2024-09-12T14:54:49","guid":{"rendered":"https:\/\/www.uniagraria.edu.co\/?p=45222"},"modified":"2024-09-12T09:54:49","modified_gmt":"2024-09-12T14:54:49","slug":"uniagraria-fortalece-capacidades-en-las-regiones-capacitacion-a-fedegan-fng-en-barranquilla","status":"publish","type":"post","link":"https:\/\/uniagraria.edu.co\/es\/uniagraria-fortalece-capacidades-en-las-regiones-capacitacion-a-fedegan-fng-en-barranquilla\/","title":{"rendered":"UNIAGRARIA fortalece capacidades en las regiones: capacitaci\u00f3n a FEDEGAN-FNG en Barranquilla"},"content":{"rendered":"\n<h4 class=\"wp-block-heading\" id=\"mce_0\"><strong>Direcci\u00f3n de Comunicaciones UNIAGRARIA<\/strong><\/h4>\n\n\n\n<p style=\"text-align: justify;\">UNIAGRARIA reafirma su compromiso con el fortalecimiento de los gremios en las regiones del pa\u00eds. En esta ocasi\u00f3n, el Departamento de Medicina Veterinaria de la Facultad de Ciencias Agrarias lider\u00f3 la capacitaci\u00f3n del tercer grupo de profesionales de FEDEGAN-FNG en Barranquilla, Atl\u00e1ntico, enfocado en la preparaci\u00f3n para enfrentar emergencias y desastres en la regi\u00f3n.<\/p>\n\n\n\n<p style=\"text-align: justify;\">Durante dos d\u00edas, los docentes Diego Alexander Hern\u00e1ndez Pulido, profesor de tiempo completo del Departamento de Medicina Veterinaria, y Julia Lema V\u00e9lez, vinculada a la especializaci\u00f3n en Bienestar Animal y Etolog\u00eda, compartieron conocimientos clave con los participantes. Esta jornada es un paso m\u00e1s en la misi\u00f3n de UNIAGRARIA de hacer presencia en las regiones y aportar al desarrollo sostenible del sector agropecuario.<\/p>\n\n\n\n<p style=\"text-align: justify;\">Entre los participantes destaca Alejandro Maestre, egresado de Zootecnia en 2006, quien actualmente coordina un proyecto local en Plato, Magdalena, y aparece en una de las im\u00e1genes del evento, reflejando el impacto continuo de los egresados de UNIAGRARIA en sus comunidades.<\/p>\n\n\n\n<ul class=\"wp-block-gallery columns-3 is-cropped wp-block-gallery-1 is-layout-flex wp-block-gallery-is-layout-flex\"><li class=\"blocks-gallery-item\"><figure><img decoding=\"async\" src=\"https:\/\/www.uniagraria.edu.co\/wp-content\/uploads\/2024\/09\/CapacitacionFEDEGAN-FNGenBarranquilla-05-1024x768.jpeg\" alt=\"\" data-id=\"45221\" data-link=\"https:\/\/www.uniagraria.edu.co\/capacitacionfedegan-fngenbarranquilla-05\/\" class=\"wp-image-45221\"\/><\/figure><\/li><li class=\"blocks-gallery-item\"><figure><img decoding=\"async\" src=\"https:\/\/www.uniagraria.edu.co\/wp-content\/uploads\/2024\/09\/CapacitacionFEDEGAN-FNGenBarranquilla-04-1024x768.jpeg\" alt=\"\" data-id=\"45220\" data-link=\"https:\/\/www.uniagraria.edu.co\/capacitacionfedegan-fngenbarranquilla-04\/\" class=\"wp-image-45220\"\/><\/figure><\/li><li class=\"blocks-gallery-item\"><figure><img decoding=\"async\" src=\"https:\/\/www.uniagraria.edu.co\/wp-content\/uploads\/2024\/09\/CapacitacionFEDEGAN-FNGenBarranquilla-01-1024x768.jpeg\" alt=\"\" data-id=\"45217\" data-link=\"https:\/\/www.uniagraria.edu.co\/capacitacionfedegan-fngenbarranquilla-01\/\" class=\"wp-image-45217\"\/><\/figure><\/li><li class=\"blocks-gallery-item\"><figure><img decoding=\"async\" src=\"https:\/\/www.uniagraria.edu.co\/wp-content\/uploads\/2024\/09\/CapacitacionFEDEGAN-FNGenBarranquilla-03-1024x768.jpeg\" alt=\"\" data-id=\"45219\" data-link=\"https:\/\/www.uniagraria.edu.co\/capacitacionfedegan-fngenbarranquilla-03\/\" class=\"wp-image-45219\"\/><\/figure><\/li><li class=\"blocks-gallery-item\"><figure><img decoding=\"async\" src=\"https:\/\/www.uniagraria.edu.co\/wp-content\/uploads\/2024\/09\/CapacitacionFEDEGAN-FNGenBarranquilla-02-1024x768.jpeg\" alt=\"\" data-id=\"45218\" data-link=\"https:\/\/www.uniagraria.edu.co\/capacitacionfedegan-fngenbarranquilla-02\/\" class=\"wp-image-45218\"\/><\/figure><\/li><\/ul>\n","protected":false},"excerpt":{"rendered":"<p>Direcci\u00f3n de Comunicaciones UNIAGRARIA UNIAGRARIA reafirma su compromiso con el fortalecimiento de los gremios en las regiones del pa\u00eds. En esta ocasi\u00f3n, el Departamento de Medicina Veterinaria de la Facultad de Ciencias Agrarias lider\u00f3 la capacitaci\u00f3n del tercer grupo de profesionales de FEDEGAN-FNG en Barranquilla, Atl\u00e1ntico, enfocado en la preparaci\u00f3n para enfrentar emergencias y desastres [&hellip;]<\/p>\n","protected":false},"author":8,"featured_media":45221,"comment_status":"closed","ping_status":"closed","sticky":false,"template":"","format":"standard","meta":{"_acf_changed":false,"site-sidebar-layout":"default","site-content-layout":"","ast-site-content-layout":"default","site-content-style":"default","site-sidebar-style":"default","ast-global-header-display":"","ast-banner-title-visibility":"","ast-main-header-display":"","ast-hfb-above-header-display":"","ast-hfb-below-header-display":"","ast-hfb-mobile-header-display":"","site-post-title":"","ast-breadcrumbs-content":"","ast-featured-img":"","footer-sml-layout":"","ast-disable-related-posts":"","theme-transparent-header-meta":"","adv-header-id-meta":"","stick-header-meta":"","header-above-stick-meta":"","header-main-stick-meta":"","header-below-stick-meta":"","astra-migrate-meta-layouts":"default","ast-page-background-enabled":"default","ast-page-background-meta":{"desktop":{"background-color":"var(--ast-global-color-4)","background-image":"","background-repeat":"repeat","background-position":"center center","background-size":"auto","background-attachment":"scroll","background-type":"","background-media":"","overlay-type":"","overlay-color":"","overlay-opacity":"","overlay-gradient":""},"tablet":{"background-color":"","background-image":"","background-repeat":"repeat","background-position":"center center","background-size":"auto","background-attachment":"scroll","background-type":"","background-media":"","overlay-type":"","overlay-color":"","overlay-opacity":"","overlay-gradient":""},"mobile":{"background-color":"","background-image":"","background-repeat":"repeat","background-position":"center center","background-size":"auto","background-attachment":"scroll","background-type":"","background-media":"","overlay-type":"","overlay-color":"","overlay-opacity":"","overlay-gradient":""}},"ast-content-background-meta":{"desktop":{"background-color":"var(--ast-global-color-5)","background-image":"","background-repeat":"repeat","background-position":"center center","background-size":"auto","background-attachment":"scroll","background-type":"","background-media":"","overlay-type":"","overlay-color":"","overlay-opacity":"","overlay-gradient":""},"tablet":{"background-color":"var(--ast-global-color-5)","background-image":"","background-repeat":"repeat","background-position":"center center","background-size":"auto","background-attachment":"scroll","background-type":"","background-media":"","overlay-type":"","overlay-color":"","overlay-opacity":"","overlay-gradient":""},"mobile":{"background-color":"var(--ast-global-color-5)","background-image":"","background-repeat":"repeat","background-position":"center center","background-size":"auto","background-attachment":"scroll","background-type":"","background-media":"","overlay-type":"","overlay-color":"","overlay-opacity":"","overlay-gradient":""}},"footnotes":""},"categories":[35],"tags":[117],"class_list":["post-45222","post","type-post","status-publish","format-standard","has-post-thumbnail","hentry","category-noticias","tag-medicina-veterinaria"],"acf":[],"yoast_head":"<!-- This site is optimized with the Yoast SEO plugin v27.5 - https:\/\/yoast.com\/product\/yoast-seo-wordpress\/ -->\n<title>UNIAGRARIA fortalece capacidades en las regiones: capacitaci\u00f3n a FEDEGAN-FNG en Barranquilla - UNIAGRARIA<\/title>\n<meta name=\"robots\" content=\"index, follow, max-snippet:-1, max-image-preview:large, max-video-preview:-1\" \/>\n<link rel=\"canonical\" href=\"https:\/\/uniagraria.edu.co\/es\/uniagraria-fortalece-capacidades-en-las-regiones-capacitacion-a-fedegan-fng-en-barranquilla\/\" \/>\n<meta property=\"og:locale\" content=\"es_ES\" \/>\n<meta property=\"og:type\" content=\"article\" \/>\n<meta property=\"og:title\" content=\"UNIAGRARIA fortalece capacidades en las regiones: capacitaci\u00f3n a FEDEGAN-FNG en Barranquilla - UNIAGRARIA\" \/>\n<meta property=\"og:description\" content=\"Direcci\u00f3n de Comunicaciones UNIAGRARIA UNIAGRARIA reafirma su compromiso con el fortalecimiento de los gremios en las regiones del pa\u00eds. En esta ocasi\u00f3n, el Departamento de Medicina Veterinaria de la Facultad de Ciencias Agrarias lider\u00f3 la capacitaci\u00f3n del tercer grupo de profesionales de FEDEGAN-FNG en Barranquilla, Atl\u00e1ntico, enfocado en la preparaci\u00f3n para enfrentar emergencias y desastres [&hellip;]\" \/>\n<meta property=\"og:url\" content=\"https:\/\/uniagraria.edu.co\/es\/uniagraria-fortalece-capacidades-en-las-regiones-capacitacion-a-fedegan-fng-en-barranquilla\/\" \/>\n<meta property=\"og:site_name\" content=\"UNIAGRARIA\" \/>\n<meta property=\"article:publisher\" content=\"https:\/\/www.facebook.com\/uagraria\/?locale=es_LA\" \/>\n<meta property=\"article:published_time\" content=\"2024-09-12T14:54:49+00:00\" \/>\n<meta name=\"author\" content=\"Comunicaciones UNIAGRARIA\" \/>\n<meta name=\"twitter:card\" content=\"summary_large_image\" \/>\n<meta name=\"twitter:creator\" content=\"@UNIAGRARIA\" \/>\n<meta name=\"twitter:site\" content=\"@UNIAGRARIA\" \/>\n<meta name=\"twitter:label1\" content=\"Escrito por\" \/>\n\t<meta name=\"twitter:data1\" content=\"Comunicaciones UNIAGRARIA\" \/>\n\t<meta name=\"twitter:label2\" content=\"Tiempo de lectura\" \/>\n\t<meta name=\"twitter:data2\" content=\"1 minuto\" \/>\n<script type=\"application\/ld+json\" class=\"yoast-schema-graph\">{\"@context\":\"https:\\\/\\\/schema.org\",\"@graph\":[{\"@type\":\"Article\",\"@id\":\"https:\\\/\\\/uniagraria.edu.co\\\/es\\\/uniagraria-fortalece-capacidades-en-las-regiones-capacitacion-a-fedegan-fng-en-barranquilla\\\/#article\",\"isPartOf\":{\"@id\":\"https:\\\/\\\/uniagraria.edu.co\\\/es\\\/uniagraria-fortalece-capacidades-en-las-regiones-capacitacion-a-fedegan-fng-en-barranquilla\\\/\"},\"author\":{\"name\":\"Comunicaciones UNIAGRARIA\",\"@id\":\"https:\\\/\\\/uniagraria.edu.co\\\/es\\\/#\\\/schema\\\/person\\\/f2ff0c07d9addb88b935755100b8db03\"},\"headline\":\"UNIAGRARIA fortalece capacidades en las regiones: capacitaci\u00f3n a FEDEGAN-FNG en Barranquilla\",\"datePublished\":\"2024-09-12T14:54:49+00:00\",\"mainEntityOfPage\":{\"@id\":\"https:\\\/\\\/uniagraria.edu.co\\\/es\\\/uniagraria-fortalece-capacidades-en-las-regiones-capacitacion-a-fedegan-fng-en-barranquilla\\\/\"},\"wordCount\":187,\"publisher\":{\"@id\":\"https:\\\/\\\/uniagraria.edu.co\\\/es\\\/#organization\"},\"image\":{\"@id\":\"https:\\\/\\\/uniagraria.edu.co\\\/es\\\/uniagraria-fortalece-capacidades-en-las-regiones-capacitacion-a-fedegan-fng-en-barranquilla\\\/#primaryimage\"},\"thumbnailUrl\":\"\",\"keywords\":[\"Medicina Veterinaria\"],\"articleSection\":[\"Noticias\"],\"inLanguage\":\"es-CO\"},{\"@type\":\"WebPage\",\"@id\":\"https:\\\/\\\/uniagraria.edu.co\\\/es\\\/uniagraria-fortalece-capacidades-en-las-regiones-capacitacion-a-fedegan-fng-en-barranquilla\\\/\",\"url\":\"https:\\\/\\\/uniagraria.edu.co\\\/es\\\/uniagraria-fortalece-capacidades-en-las-regiones-capacitacion-a-fedegan-fng-en-barranquilla\\\/\",\"name\":\"UNIAGRARIA fortalece capacidades en las regiones: capacitaci\u00f3n a FEDEGAN-FNG en Barranquilla - UNIAGRARIA\",\"isPartOf\":{\"@id\":\"https:\\\/\\\/uniagraria.edu.co\\\/es\\\/#website\"},\"primaryImageOfPage\":{\"@id\":\"https:\\\/\\\/uniagraria.edu.co\\\/es\\\/uniagraria-fortalece-capacidades-en-las-regiones-capacitacion-a-fedegan-fng-en-barranquilla\\\/#primaryimage\"},\"image\":{\"@id\":\"https:\\\/\\\/uniagraria.edu.co\\\/es\\\/uniagraria-fortalece-capacidades-en-las-regiones-capacitacion-a-fedegan-fng-en-barranquilla\\\/#primaryimage\"},\"thumbnailUrl\":\"\",\"datePublished\":\"2024-09-12T14:54:49+00:00\",\"breadcrumb\":{\"@id\":\"https:\\\/\\\/uniagraria.edu.co\\\/es\\\/uniagraria-fortalece-capacidades-en-las-regiones-capacitacion-a-fedegan-fng-en-barranquilla\\\/#breadcrumb\"},\"inLanguage\":\"es-CO\",\"potentialAction\":[{\"@type\":\"ReadAction\",\"target\":[\"https:\\\/\\\/uniagraria.edu.co\\\/es\\\/uniagraria-fortalece-capacidades-en-las-regiones-capacitacion-a-fedegan-fng-en-barranquilla\\\/\"]}]},{\"@type\":\"ImageObject\",\"inLanguage\":\"es-CO\",\"@id\":\"https:\\\/\\\/uniagraria.edu.co\\\/es\\\/uniagraria-fortalece-capacidades-en-las-regiones-capacitacion-a-fedegan-fng-en-barranquilla\\\/#primaryimage\",\"url\":\"\",\"contentUrl\":\"\"},{\"@type\":\"BreadcrumbList\",\"@id\":\"https:\\\/\\\/uniagraria.edu.co\\\/es\\\/uniagraria-fortalece-capacidades-en-las-regiones-capacitacion-a-fedegan-fng-en-barranquilla\\\/#breadcrumb\",\"itemListElement\":[{\"@type\":\"ListItem\",\"position\":1,\"name\":\"Inicio\",\"item\":\"https:\\\/\\\/uniagraria.edu.co\\\/\"},{\"@type\":\"ListItem\",\"position\":2,\"name\":\"Noticias\",\"item\":\"https:\\\/\\\/uniagraria.edu.co\\\/es\\\/category\\\/noticias\\\/\"},{\"@type\":\"ListItem\",\"position\":3,\"name\":\"UNIAGRARIA fortalece capacidades en las regiones: capacitaci\u00f3n a FEDEGAN-FNG en Barranquilla\"}]},{\"@type\":\"WebSite\",\"@id\":\"https:\\\/\\\/uniagraria.edu.co\\\/es\\\/#website\",\"url\":\"https:\\\/\\\/uniagraria.edu.co\\\/es\\\/\",\"name\":\"UNIAGRARIA\",\"description\":\"FUNDACION UNIVERSITARIA AGRARIA DE COLOMBIA\",\"publisher\":{\"@id\":\"https:\\\/\\\/uniagraria.edu.co\\\/es\\\/#organization\"},\"potentialAction\":[{\"@type\":\"SearchAction\",\"target\":{\"@type\":\"EntryPoint\",\"urlTemplate\":\"https:\\\/\\\/uniagraria.edu.co\\\/es\\\/?s={search_term_string}\"},\"query-input\":{\"@type\":\"PropertyValueSpecification\",\"valueRequired\":true,\"valueName\":\"search_term_string\"}}],\"inLanguage\":\"es-CO\"},{\"@type\":\"Organization\",\"@id\":\"https:\\\/\\\/uniagraria.edu.co\\\/es\\\/#organization\",\"name\":\"UNIAGRARIA\",\"url\":\"https:\\\/\\\/uniagraria.edu.co\\\/es\\\/\",\"logo\":{\"@type\":\"ImageObject\",\"inLanguage\":\"es-CO\",\"@id\":\"https:\\\/\\\/uniagraria.edu.co\\\/es\\\/#\\\/schema\\\/logo\\\/image\\\/\",\"url\":\"https:\\\/\\\/novawebmaster.com\\\/uniagraria\\\/wp-content\\\/uploads\\\/2025\\\/02\\\/LogoUa2023Vertical.png\",\"contentUrl\":\"https:\\\/\\\/novawebmaster.com\\\/uniagraria\\\/wp-content\\\/uploads\\\/2025\\\/02\\\/LogoUa2023Vertical.png\",\"width\":3300,\"height\":2550,\"caption\":\"UNIAGRARIA\"},\"image\":{\"@id\":\"https:\\\/\\\/uniagraria.edu.co\\\/es\\\/#\\\/schema\\\/logo\\\/image\\\/\"},\"sameAs\":[\"https:\\\/\\\/www.facebook.com\\\/uagraria\\\/?locale=es_LA\",\"https:\\\/\\\/x.com\\\/UNIAGRARIA\",\"https:\\\/\\\/www.instagram.com\\\/uniagraria\\\/profilecard\\\/?igsh=MXI2bTFlMWsxNzNjOA\",\"https:\\\/\\\/www.tiktok.com\\\/discover\\\/uniagraria?lang=es\",\"https:\\\/\\\/www.linkedin.com\\\/school\\\/uniagraria\\\/?originalSubdomain=co\",\"https:\\\/\\\/www.youtube.com\\\/user\\\/UniagrariaUverde?themeRefresh=1\",\"https:\\\/\\\/api.whatsapp.com\\\/send?phone=3134230649\"]},{\"@type\":\"Person\",\"@id\":\"https:\\\/\\\/uniagraria.edu.co\\\/es\\\/#\\\/schema\\\/person\\\/f2ff0c07d9addb88b935755100b8db03\",\"name\":\"Comunicaciones UNIAGRARIA\",\"image\":{\"@type\":\"ImageObject\",\"inLanguage\":\"es-CO\",\"@id\":\"https:\\\/\\\/secure.gravatar.com\\\/avatar\\\/5c34977f632fe7cabe2da5a1818394efca9475d46ad9f02e8eab7fd408884103?s=96&d=mm&r=g\",\"url\":\"https:\\\/\\\/secure.gravatar.com\\\/avatar\\\/5c34977f632fe7cabe2da5a1818394efca9475d46ad9f02e8eab7fd408884103?s=96&d=mm&r=g\",\"contentUrl\":\"https:\\\/\\\/secure.gravatar.com\\\/avatar\\\/5c34977f632fe7cabe2da5a1818394efca9475d46ad9f02e8eab7fd408884103?s=96&d=mm&r=g\",\"caption\":\"Comunicaciones UNIAGRARIA\"},\"url\":\"https:\\\/\\\/uniagraria.edu.co\\\/es\\\/author\\\/4ndr3sf371p3\\\/\"}]}<\/script>\n<!-- \/ Yoast SEO plugin. -->","yoast_head_json":{"title":"UNIAGRARIA fortalece capacidades en las regiones: capacitaci\u00f3n a FEDEGAN-FNG en Barranquilla - UNIAGRARIA","robots":{"index":"index","follow":"follow","max-snippet":"max-snippet:-1","max-image-preview":"max-image-preview:large","max-video-preview":"max-video-preview:-1"},"canonical":"https:\/\/uniagraria.edu.co\/es\/uniagraria-fortalece-capacidades-en-las-regiones-capacitacion-a-fedegan-fng-en-barranquilla\/","og_locale":"es_ES","og_type":"article","og_title":"UNIAGRARIA fortalece capacidades en las regiones: capacitaci\u00f3n a FEDEGAN-FNG en Barranquilla - UNIAGRARIA","og_description":"Direcci\u00f3n de Comunicaciones UNIAGRARIA UNIAGRARIA reafirma su compromiso con el fortalecimiento de los gremios en las regiones del pa\u00eds. En esta ocasi\u00f3n, el Departamento de Medicina Veterinaria de la Facultad de Ciencias Agrarias lider\u00f3 la capacitaci\u00f3n del tercer grupo de profesionales de FEDEGAN-FNG en Barranquilla, Atl\u00e1ntico, enfocado en la preparaci\u00f3n para enfrentar emergencias y desastres [&hellip;]","og_url":"https:\/\/uniagraria.edu.co\/es\/uniagraria-fortalece-capacidades-en-las-regiones-capacitacion-a-fedegan-fng-en-barranquilla\/","og_site_name":"UNIAGRARIA","article_publisher":"https:\/\/www.facebook.com\/uagraria\/?locale=es_LA","article_published_time":"2024-09-12T14:54:49+00:00","author":"Comunicaciones UNIAGRARIA","twitter_card":"summary_large_image","twitter_creator":"@UNIAGRARIA","twitter_site":"@UNIAGRARIA","twitter_misc":{"Escrito por":"Comunicaciones UNIAGRARIA","Tiempo de lectura":"1 minuto"},"schema":{"@context":"https:\/\/schema.org","@graph":[{"@type":"Article","@id":"https:\/\/uniagraria.edu.co\/es\/uniagraria-fortalece-capacidades-en-las-regiones-capacitacion-a-fedegan-fng-en-barranquilla\/#article","isPartOf":{"@id":"https:\/\/uniagraria.edu.co\/es\/uniagraria-fortalece-capacidades-en-las-regiones-capacitacion-a-fedegan-fng-en-barranquilla\/"},"author":{"name":"Comunicaciones UNIAGRARIA","@id":"https:\/\/uniagraria.edu.co\/es\/#\/schema\/person\/f2ff0c07d9addb88b935755100b8db03"},"headline":"UNIAGRARIA fortalece capacidades en las regiones: capacitaci\u00f3n a FEDEGAN-FNG en Barranquilla","datePublished":"2024-09-12T14:54:49+00:00","mainEntityOfPage":{"@id":"https:\/\/uniagraria.edu.co\/es\/uniagraria-fortalece-capacidades-en-las-regiones-capacitacion-a-fedegan-fng-en-barranquilla\/"},"wordCount":187,"publisher":{"@id":"https:\/\/uniagraria.edu.co\/es\/#organization"},"image":{"@id":"https:\/\/uniagraria.edu.co\/es\/uniagraria-fortalece-capacidades-en-las-regiones-capacitacion-a-fedegan-fng-en-barranquilla\/#primaryimage"},"thumbnailUrl":"","keywords":["Medicina Veterinaria"],"articleSection":["Noticias"],"inLanguage":"es-CO"},{"@type":"WebPage","@id":"https:\/\/uniagraria.edu.co\/es\/uniagraria-fortalece-capacidades-en-las-regiones-capacitacion-a-fedegan-fng-en-barranquilla\/","url":"https:\/\/uniagraria.edu.co\/es\/uniagraria-fortalece-capacidades-en-las-regiones-capacitacion-a-fedegan-fng-en-barranquilla\/","name":"UNIAGRARIA fortalece capacidades en las regiones: capacitaci\u00f3n a FEDEGAN-FNG en Barranquilla - UNIAGRARIA","isPartOf":{"@id":"https:\/\/uniagraria.edu.co\/es\/#website"},"primaryImageOfPage":{"@id":"https:\/\/uniagraria.edu.co\/es\/uniagraria-fortalece-capacidades-en-las-regiones-capacitacion-a-fedegan-fng-en-barranquilla\/#primaryimage"},"image":{"@id":"https:\/\/uniagraria.edu.co\/es\/uniagraria-fortalece-capacidades-en-las-regiones-capacitacion-a-fedegan-fng-en-barranquilla\/#primaryimage"},"thumbnailUrl":"","datePublished":"2024-09-12T14:54:49+00:00","breadcrumb":{"@id":"https:\/\/uniagraria.edu.co\/es\/uniagraria-fortalece-capacidades-en-las-regiones-capacitacion-a-fedegan-fng-en-barranquilla\/#breadcrumb"},"inLanguage":"es-CO","potentialAction":[{"@type":"ReadAction","target":["https:\/\/uniagraria.edu.co\/es\/uniagraria-fortalece-capacidades-en-las-regiones-capacitacion-a-fedegan-fng-en-barranquilla\/"]}]},{"@type":"ImageObject","inLanguage":"es-CO","@id":"https:\/\/uniagraria.edu.co\/es\/uniagraria-fortalece-capacidades-en-las-regiones-capacitacion-a-fedegan-fng-en-barranquilla\/#primaryimage","url":"","contentUrl":""},{"@type":"BreadcrumbList","@id":"https:\/\/uniagraria.edu.co\/es\/uniagraria-fortalece-capacidades-en-las-regiones-capacitacion-a-fedegan-fng-en-barranquilla\/#breadcrumb","itemListElement":[{"@type":"ListItem","position":1,"name":"Inicio","item":"https:\/\/uniagraria.edu.co\/"},{"@type":"ListItem","position":2,"name":"Noticias","item":"https:\/\/uniagraria.edu.co\/es\/category\/noticias\/"},{"@type":"ListItem","position":3,"name":"UNIAGRARIA fortalece capacidades en las regiones: capacitaci\u00f3n a FEDEGAN-FNG en Barranquilla"}]},{"@type":"WebSite","@id":"https:\/\/uniagraria.edu.co\/es\/#website","url":"https:\/\/uniagraria.edu.co\/es\/","name":"UNIAGRARIA","description":"FUNDACION UNIVERSITARIA AGRARIA DE COLOMBIA","publisher":{"@id":"https:\/\/uniagraria.edu.co\/es\/#organization"},"potentialAction":[{"@type":"SearchAction","target":{"@type":"EntryPoint","urlTemplate":"https:\/\/uniagraria.edu.co\/es\/?s={search_term_string}"},"query-input":{"@type":"PropertyValueSpecification","valueRequired":true,"valueName":"search_term_string"}}],"inLanguage":"es-CO"},{"@type":"Organization","@id":"https:\/\/uniagraria.edu.co\/es\/#organization","name":"UNIAGRARIA","url":"https:\/\/uniagraria.edu.co\/es\/","logo":{"@type":"ImageObject","inLanguage":"es-CO","@id":"https:\/\/uniagraria.edu.co\/es\/#\/schema\/logo\/image\/","url":"https:\/\/novawebmaster.com\/uniagraria\/wp-content\/uploads\/2025\/02\/LogoUa2023Vertical.png","contentUrl":"https:\/\/novawebmaster.com\/uniagraria\/wp-content\/uploads\/2025\/02\/LogoUa2023Vertical.png","width":3300,"height":2550,"caption":"UNIAGRARIA"},"image":{"@id":"https:\/\/uniagraria.edu.co\/es\/#\/schema\/logo\/image\/"},"sameAs":["https:\/\/www.facebook.com\/uagraria\/?locale=es_LA","https:\/\/x.com\/UNIAGRARIA","https:\/\/www.instagram.com\/uniagraria\/profilecard\/?igsh=MXI2bTFlMWsxNzNjOA","https:\/\/www.tiktok.com\/discover\/uniagraria?lang=es","https:\/\/www.linkedin.com\/school\/uniagraria\/?originalSubdomain=co","https:\/\/www.youtube.com\/user\/UniagrariaUverde?themeRefresh=1","https:\/\/api.whatsapp.com\/send?phone=3134230649"]},{"@type":"Person","@id":"https:\/\/uniagraria.edu.co\/es\/#\/schema\/person\/f2ff0c07d9addb88b935755100b8db03","name":"Comunicaciones UNIAGRARIA","image":{"@type":"ImageObject","inLanguage":"es-CO","@id":"https:\/\/secure.gravatar.com\/avatar\/5c34977f632fe7cabe2da5a1818394efca9475d46ad9f02e8eab7fd408884103?s=96&d=mm&r=g","url":"https:\/\/secure.gravatar.com\/avatar\/5c34977f632fe7cabe2da5a1818394efca9475d46ad9f02e8eab7fd408884103?s=96&d=mm&r=g","contentUrl":"https:\/\/secure.gravatar.com\/avatar\/5c34977f632fe7cabe2da5a1818394efca9475d46ad9f02e8eab7fd408884103?s=96&d=mm&r=g","caption":"Comunicaciones UNIAGRARIA"},"url":"https:\/\/uniagraria.edu.co\/es\/author\/4ndr3sf371p3\/"}]}},"_links":{"self":[{"href":"https:\/\/uniagraria.edu.co\/es\/wp-json\/wp\/v2\/posts\/45222","targetHints":{"allow":["GET"]}}],"collection":[{"href":"https:\/\/uniagraria.edu.co\/es\/wp-json\/wp\/v2\/posts"}],"about":[{"href":"https:\/\/uniagraria.edu.co\/es\/wp-json\/wp\/v2\/types\/post"}],"author":[{"embeddable":true,"href":"https:\/\/uniagraria.edu.co\/es\/wp-json\/wp\/v2\/users\/8"}],"replies":[{"embeddable":true,"href":"https:\/\/uniagraria.edu.co\/es\/wp-json\/wp\/v2\/comments?post=45222"}],"version-history":[{"count":0,"href":"https:\/\/uniagraria.edu.co\/es\/wp-json\/wp\/v2\/posts\/45222\/revisions"}],"wp:featuredmedia":[{"embeddable":true,"href":"https:\/\/uniagraria.edu.co\/es\/wp-json\/"}],"wp:attachment":[{"href":"https:\/\/uniagraria.edu.co\/es\/wp-json\/wp\/v2\/media?parent=45222"}],"wp:term":[{"taxonomy":"category","embeddable":true,"href":"https:\/\/uniagraria.edu.co\/es\/wp-json\/wp\/v2\/categories?post=45222"},{"taxonomy":"post_tag","embeddable":true,"href":"https:\/\/uniagraria.edu.co\/es\/wp-json\/wp\/v2\/tags?post=45222"}],"curies":[{"name":"wp","href":"https:\/\/api.w.org\/{rel}","templated":true}]}}