{"id":46506,"date":"2024-11-13T16:39:45","date_gmt":"2024-11-13T21:39:45","guid":{"rendered":"https:\/\/www.uniagraria.edu.co\/?p=46506"},"modified":"2024-11-13T16:39:45","modified_gmt":"2024-11-13T21:39:45","slug":"la-u-verde-de-colombia-recibe-la-visita-de-ramo-inspiracion-y-aprendizaje-en-innovacion-para-nuestra-comunidad-academica","status":"publish","type":"post","link":"https:\/\/uniagraria.edu.co\/es\/la-u-verde-de-colombia-recibe-la-visita-de-ramo-inspiracion-y-aprendizaje-en-innovacion-para-nuestra-comunidad-academica\/","title":{"rendered":"La U Verde de Colombia recibe la visita de Ramo: inspiraci\u00f3n y aprendizaje en innovaci\u00f3n para nuestra comunidad acad\u00e9mica"},"content":{"rendered":"\n<h4 class=\"wp-block-heading\" id=\"mce_0\"><strong>Direcci\u00f3n de Comunicaciones UNIAGRARIA<\/strong><\/h4>\n\n\n\n<p style=\"text-align: justify;\">El pasado mi\u00e9rcoles 13 de noviembre de 2024, UNIAGRARIA tuvo el privilegio de recibir a uno de los iconos m\u00e1s emblem\u00e1ticos de la industria alimentaria colombiana: Ramo. Esta grata visita fue organizada a trav\u00e9s del Centro del Pensamiento para el Emprendimiento de UNIAGRARIA y cont\u00f3 con la participaci\u00f3n de dos importantes figuras de la empresa: Juan Pablo Molano, gerente de Innovaci\u00f3n, y Paula Estefan\u00eda Su\u00e1rez, jefa de Comunicaciones. <\/p>\n\n\n\n<p style=\"text-align: justify;\">Durante la visita, Juan Pablo Molano dict\u00f3 una charla inspiradora sobre la historia de innovaci\u00f3n de Ramo, una empresa que naci\u00f3 en 1950 y se ha consolidado como una de las compa\u00f1\u00edas de alimentos m\u00e1s reconocidas en Colombia, logrando construir una historia s\u00f3lida a lo largo de generaciones y expandiendo su legado incluso en el exterior.<\/p>\n\n\n\n<p style=\"text-align: justify;\">La charla de Molano se dividi\u00f3 en tres partes clave:<\/p>\n\n\n\n<ol style=\"text-align: justify;\"><li>La historia de Ramo: un recorrido por los inicios de la compa\u00f1\u00eda, recordando c\u00f3mo su fundador, Don Rafael Molano, y su esposa Ana Luisa, comenzaron vendiendo ponqu\u00e9s caseros en Bavaria. Esta tradici\u00f3n, iniciada en Boyac\u00e1, ha sido parte fundamental de la historia y \u00e9xito de la empresa. <\/li><li>La estructura actual de Ramo: Una visi\u00f3n sobre c\u00f3mo la empresa ha crecido en ventas, exportaciones y alcance, incluyendo su evoluci\u00f3n en los \u00faltimos cuatro a\u00f1os. Tambi\u00e9n explic\u00f3 c\u00f3mo Ramo ha afrontado la transformaci\u00f3n hacia un modelo de negocio m\u00e1s innovador y competitivo.<\/li><li>El funcionamiento del \u00c1rea de Innovaci\u00f3n de Ramo: Molano destac\u00f3 c\u00f3mo Ramo integra la innovaci\u00f3n en sus procesos, explicando que esta esencia innovadora ha sido parte de la compa\u00f1\u00eda desde sus inicios. \u201cRamo es una empresa que se cre\u00f3 desde la innovaci\u00f3n\u201d, enfatiz\u00f3.<\/li><\/ol>\n\n\n\n<p style=\"text-align: justify;\">El nombre de \u201cRamo\u201d tiene, de hecho, un trasfondo especial. Una de las versiones m\u00e1s populares entre los directivos de la empresa sostiene que surgi\u00f3 de la forma en la que Ana Luisa envolv\u00eda los ponqu\u00e9s con una cinta de seda, similar a la de los ramos de flores de la \u00e9poca. Otros, en cambio, se\u00f1alan que es una coincidencia con las iniciales de su fundador: Ra-fael Mo-lano.<\/p>\n\n\n\n<p style=\"text-align: justify;\">Al final de la charla, los asistentes pudieron hacer diversas preguntas que resolvieron sus dudas, as\u00ed mismo, los invitados  sorprendieron a la audiencia con obsequios de algunos de sus productos, generando un cierre memorable para los asistentes, entre los que se encontraban estudiantes, docentes y otros miembros de la comunidad acad\u00e9mica.<\/p>\n\n\n\n<p style=\"text-align: justify;\">Este tipo de encuentros refuerza el compromiso de UNIAGRARIA con la formaci\u00f3n en innovaci\u00f3n y emprendimiento, brindando a sus estudiantes y docentes oportunidades de aprendizaje directo de l\u00edderes empresariales que inspiran con su historia y experiencia. La visita de Ramo se suma a las iniciativas del Centro del Pensamiento para el Emprendimiento, cuyo objetivo es motivar y ense\u00f1ar a nuestra comunidad acad\u00e9mica sobre la importancia de la creatividad y la innovaci\u00f3n en el desarrollo empresarial. <\/p>\n\n\n\n<p style=\"text-align: justify;\">\u00a1Gracias, Ramo, por compartir su historia y su visi\u00f3n con UNIAGRARIA!<\/p>\n\n\n\n<ul class=\"wp-block-gallery columns-3 is-cropped wp-block-gallery-1 is-layout-flex wp-block-gallery-is-layout-flex\"><li class=\"blocks-gallery-item\"><figure><img decoding=\"async\" src=\"https:\/\/www.uniagraria.edu.co\/wp-content\/uploads\/2024\/11\/LaUVerdeDeColombiaRecibeLaVisitaDeRamo-06-1024x576.jpeg\" alt=\"\" data-id=\"46507\" data-link=\"https:\/\/www.uniagraria.edu.co\/lauverdedecolombiarecibelavisitaderamo-06\/\" class=\"wp-image-46507\"\/><\/figure><\/li><li class=\"blocks-gallery-item\"><figure><img decoding=\"async\" src=\"https:\/\/www.uniagraria.edu.co\/wp-content\/uploads\/2024\/11\/LaUVerdeDeColombiaRecibeLaVisitaDeRamo-02-1024x576.jpeg\" alt=\"\" data-id=\"46511\" data-link=\"https:\/\/www.uniagraria.edu.co\/lauverdedecolombiarecibelavisitaderamo-02\/\" class=\"wp-image-46511\"\/><\/figure><\/li><li class=\"blocks-gallery-item\"><figure><img decoding=\"async\" src=\"https:\/\/www.uniagraria.edu.co\/wp-content\/uploads\/2024\/11\/LaUVerdeDeColombiaRecibeLaVisitaDeRamo-03-1024x576.jpeg\" alt=\"\" data-id=\"46510\" data-link=\"https:\/\/www.uniagraria.edu.co\/lauverdedecolombiarecibelavisitaderamo-03\/\" class=\"wp-image-46510\"\/><\/figure><\/li><li class=\"blocks-gallery-item\"><figure><img decoding=\"async\" src=\"https:\/\/www.uniagraria.edu.co\/wp-content\/uploads\/2024\/11\/LaUVerdeDeColombiaRecibeLaVisitaDeRamo-04-1024x576.jpeg\" alt=\"\" data-id=\"46509\" data-link=\"https:\/\/www.uniagraria.edu.co\/lauverdedecolombiarecibelavisitaderamo-04\/\" class=\"wp-image-46509\"\/><\/figure><\/li><li class=\"blocks-gallery-item\"><figure><img decoding=\"async\" src=\"https:\/\/www.uniagraria.edu.co\/wp-content\/uploads\/2024\/11\/LaUVerdeDeColombiaRecibeLaVisitaDeRamo-05-1024x576.jpeg\" alt=\"\" data-id=\"46508\" data-link=\"https:\/\/www.uniagraria.edu.co\/lauverdedecolombiarecibelavisitaderamo-05\/\" class=\"wp-image-46508\"\/><\/figure><\/li><li class=\"blocks-gallery-item\"><figure><img decoding=\"async\" src=\"https:\/\/www.uniagraria.edu.co\/wp-content\/uploads\/2024\/11\/LaUVerdeDeColombiaRecibeLaVisitaDeRamo-01-1024x576.jpeg\" alt=\"\" data-id=\"46512\" data-link=\"https:\/\/www.uniagraria.edu.co\/lauverdedecolombiarecibelavisitaderamo-01\/\" class=\"wp-image-46512\"\/><\/figure><\/li><\/ul>\n","protected":false},"excerpt":{"rendered":"<p>Direcci\u00f3n de Comunicaciones UNIAGRARIA El pasado mi\u00e9rcoles 13 de noviembre de 2024, UNIAGRARIA tuvo el privilegio de recibir a uno de los iconos m\u00e1s emblem\u00e1ticos de la industria alimentaria colombiana: Ramo. Esta grata visita fue organizada a trav\u00e9s del Centro del Pensamiento para el Emprendimiento de UNIAGRARIA y cont\u00f3 con la participaci\u00f3n de dos importantes [&hellip;]<\/p>\n","protected":false},"author":5,"featured_media":46512,"comment_status":"closed","ping_status":"closed","sticky":false,"template":"","format":"standard","meta":{"_acf_changed":false,"site-sidebar-layout":"default","site-content-layout":"","ast-site-content-layout":"default","site-content-style":"default","site-sidebar-style":"default","ast-global-header-display":"","ast-banner-title-visibility":"","ast-main-header-display":"","ast-hfb-above-header-display":"","ast-hfb-below-header-display":"","ast-hfb-mobile-header-display":"","site-post-title":"","ast-breadcrumbs-content":"","ast-featured-img":"","footer-sml-layout":"","ast-disable-related-posts":"","theme-transparent-header-meta":"","adv-header-id-meta":"","stick-header-meta":"","header-above-stick-meta":"","header-main-stick-meta":"","header-below-stick-meta":"","astra-migrate-meta-layouts":"default","ast-page-background-enabled":"default","ast-page-background-meta":{"desktop":{"background-color":"var(--ast-global-color-4)","background-image":"","background-repeat":"repeat","background-position":"center center","background-size":"auto","background-attachment":"scroll","background-type":"","background-media":"","overlay-type":"","overlay-color":"","overlay-opacity":"","overlay-gradient":""},"tablet":{"background-color":"","background-image":"","background-repeat":"repeat","background-position":"center center","background-size":"auto","background-attachment":"scroll","background-type":"","background-media":"","overlay-type":"","overlay-color":"","overlay-opacity":"","overlay-gradient":""},"mobile":{"background-color":"","background-image":"","background-repeat":"repeat","background-position":"center center","background-size":"auto","background-attachment":"scroll","background-type":"","background-media":"","overlay-type":"","overlay-color":"","overlay-opacity":"","overlay-gradient":""}},"ast-content-background-meta":{"desktop":{"background-color":"var(--ast-global-color-5)","background-image":"","background-repeat":"repeat","background-position":"center center","background-size":"auto","background-attachment":"scroll","background-type":"","background-media":"","overlay-type":"","overlay-color":"","overlay-opacity":"","overlay-gradient":""},"tablet":{"background-color":"var(--ast-global-color-5)","background-image":"","background-repeat":"repeat","background-position":"center center","background-size":"auto","background-attachment":"scroll","background-type":"","background-media":"","overlay-type":"","overlay-color":"","overlay-opacity":"","overlay-gradient":""},"mobile":{"background-color":"var(--ast-global-color-5)","background-image":"","background-repeat":"repeat","background-position":"center center","background-size":"auto","background-attachment":"scroll","background-type":"","background-media":"","overlay-type":"","overlay-color":"","overlay-opacity":"","overlay-gradient":""}},"footnotes":""},"categories":[35],"tags":[],"class_list":["post-46506","post","type-post","status-publish","format-standard","has-post-thumbnail","hentry","category-noticias"],"acf":[],"yoast_head":"<!-- This site is optimized with the Yoast SEO plugin v27.5 - https:\/\/yoast.com\/product\/yoast-seo-wordpress\/ -->\n<title>La U Verde de Colombia recibe la visita de Ramo: inspiraci\u00f3n y aprendizaje en innovaci\u00f3n para nuestra comunidad acad\u00e9mica - UNIAGRARIA<\/title>\n<meta name=\"robots\" content=\"index, follow, max-snippet:-1, max-image-preview:large, max-video-preview:-1\" \/>\n<link rel=\"canonical\" href=\"https:\/\/uniagraria.edu.co\/es\/la-u-verde-de-colombia-recibe-la-visita-de-ramo-inspiracion-y-aprendizaje-en-innovacion-para-nuestra-comunidad-academica\/\" \/>\n<meta property=\"og:locale\" content=\"es_ES\" \/>\n<meta property=\"og:type\" content=\"article\" \/>\n<meta property=\"og:title\" content=\"La U Verde de Colombia recibe la visita de Ramo: inspiraci\u00f3n y aprendizaje en innovaci\u00f3n para nuestra comunidad acad\u00e9mica - UNIAGRARIA\" \/>\n<meta property=\"og:description\" content=\"Direcci\u00f3n de Comunicaciones UNIAGRARIA El pasado mi\u00e9rcoles 13 de noviembre de 2024, UNIAGRARIA tuvo el privilegio de recibir a uno de los iconos m\u00e1s emblem\u00e1ticos de la industria alimentaria colombiana: Ramo. Esta grata visita fue organizada a trav\u00e9s del Centro del Pensamiento para el Emprendimiento de UNIAGRARIA y cont\u00f3 con la participaci\u00f3n de dos importantes [&hellip;]\" \/>\n<meta property=\"og:url\" content=\"https:\/\/uniagraria.edu.co\/es\/la-u-verde-de-colombia-recibe-la-visita-de-ramo-inspiracion-y-aprendizaje-en-innovacion-para-nuestra-comunidad-academica\/\" \/>\n<meta property=\"og:site_name\" content=\"UNIAGRARIA\" \/>\n<meta property=\"article:publisher\" content=\"https:\/\/www.facebook.com\/uagraria\/?locale=es_LA\" \/>\n<meta property=\"article:published_time\" content=\"2024-11-13T21:39:45+00:00\" \/>\n<meta name=\"author\" content=\"Comunicaciones UNIAGRARIA\" \/>\n<meta name=\"twitter:card\" content=\"summary_large_image\" \/>\n<meta name=\"twitter:creator\" content=\"@UNIAGRARIA\" \/>\n<meta name=\"twitter:site\" content=\"@UNIAGRARIA\" \/>\n<meta name=\"twitter:label1\" content=\"Escrito por\" \/>\n\t<meta name=\"twitter:data1\" content=\"Comunicaciones UNIAGRARIA\" \/>\n\t<meta name=\"twitter:label2\" content=\"Tiempo de lectura\" \/>\n\t<meta name=\"twitter:data2\" content=\"3 minutos\" \/>\n<script type=\"application\/ld+json\" class=\"yoast-schema-graph\">{\"@context\":\"https:\\\/\\\/schema.org\",\"@graph\":[{\"@type\":\"Article\",\"@id\":\"https:\\\/\\\/uniagraria.edu.co\\\/en\\\/la-u-verde-de-colombia-recibe-la-visita-de-ramo-inspiracion-y-aprendizaje-en-innovacion-para-nuestra-comunidad-academica\\\/#article\",\"isPartOf\":{\"@id\":\"https:\\\/\\\/uniagraria.edu.co\\\/en\\\/la-u-verde-de-colombia-recibe-la-visita-de-ramo-inspiracion-y-aprendizaje-en-innovacion-para-nuestra-comunidad-academica\\\/\"},\"author\":{\"name\":\"Comunicaciones UNIAGRARIA\",\"@id\":\"https:\\\/\\\/uniagraria.edu.co\\\/es\\\/#\\\/schema\\\/person\\\/0e33f5fa0e8c069958129cbe1ddd943f\"},\"headline\":\"La U Verde de Colombia recibe la visita de Ramo: inspiraci\u00f3n y aprendizaje en innovaci\u00f3n para nuestra comunidad acad\u00e9mica\",\"datePublished\":\"2024-11-13T21:39:45+00:00\",\"mainEntityOfPage\":{\"@id\":\"https:\\\/\\\/uniagraria.edu.co\\\/en\\\/la-u-verde-de-colombia-recibe-la-visita-de-ramo-inspiracion-y-aprendizaje-en-innovacion-para-nuestra-comunidad-academica\\\/\"},\"wordCount\":537,\"publisher\":{\"@id\":\"https:\\\/\\\/uniagraria.edu.co\\\/es\\\/#organization\"},\"image\":{\"@id\":\"https:\\\/\\\/uniagraria.edu.co\\\/en\\\/la-u-verde-de-colombia-recibe-la-visita-de-ramo-inspiracion-y-aprendizaje-en-innovacion-para-nuestra-comunidad-academica\\\/#primaryimage\"},\"thumbnailUrl\":\"\",\"articleSection\":[\"Noticias\"],\"inLanguage\":\"es-CO\"},{\"@type\":\"WebPage\",\"@id\":\"https:\\\/\\\/uniagraria.edu.co\\\/en\\\/la-u-verde-de-colombia-recibe-la-visita-de-ramo-inspiracion-y-aprendizaje-en-innovacion-para-nuestra-comunidad-academica\\\/\",\"url\":\"https:\\\/\\\/uniagraria.edu.co\\\/en\\\/la-u-verde-de-colombia-recibe-la-visita-de-ramo-inspiracion-y-aprendizaje-en-innovacion-para-nuestra-comunidad-academica\\\/\",\"name\":\"La U Verde de Colombia recibe la visita de Ramo: inspiraci\u00f3n y aprendizaje en innovaci\u00f3n para nuestra comunidad acad\u00e9mica - UNIAGRARIA\",\"isPartOf\":{\"@id\":\"https:\\\/\\\/uniagraria.edu.co\\\/es\\\/#website\"},\"primaryImageOfPage\":{\"@id\":\"https:\\\/\\\/uniagraria.edu.co\\\/en\\\/la-u-verde-de-colombia-recibe-la-visita-de-ramo-inspiracion-y-aprendizaje-en-innovacion-para-nuestra-comunidad-academica\\\/#primaryimage\"},\"image\":{\"@id\":\"https:\\\/\\\/uniagraria.edu.co\\\/en\\\/la-u-verde-de-colombia-recibe-la-visita-de-ramo-inspiracion-y-aprendizaje-en-innovacion-para-nuestra-comunidad-academica\\\/#primaryimage\"},\"thumbnailUrl\":\"\",\"datePublished\":\"2024-11-13T21:39:45+00:00\",\"breadcrumb\":{\"@id\":\"https:\\\/\\\/uniagraria.edu.co\\\/en\\\/la-u-verde-de-colombia-recibe-la-visita-de-ramo-inspiracion-y-aprendizaje-en-innovacion-para-nuestra-comunidad-academica\\\/#breadcrumb\"},\"inLanguage\":\"es-CO\",\"potentialAction\":[{\"@type\":\"ReadAction\",\"target\":[\"https:\\\/\\\/uniagraria.edu.co\\\/en\\\/la-u-verde-de-colombia-recibe-la-visita-de-ramo-inspiracion-y-aprendizaje-en-innovacion-para-nuestra-comunidad-academica\\\/\"]}]},{\"@type\":\"ImageObject\",\"inLanguage\":\"es-CO\",\"@id\":\"https:\\\/\\\/uniagraria.edu.co\\\/en\\\/la-u-verde-de-colombia-recibe-la-visita-de-ramo-inspiracion-y-aprendizaje-en-innovacion-para-nuestra-comunidad-academica\\\/#primaryimage\",\"url\":\"\",\"contentUrl\":\"\"},{\"@type\":\"BreadcrumbList\",\"@id\":\"https:\\\/\\\/uniagraria.edu.co\\\/en\\\/la-u-verde-de-colombia-recibe-la-visita-de-ramo-inspiracion-y-aprendizaje-en-innovacion-para-nuestra-comunidad-academica\\\/#breadcrumb\",\"itemListElement\":[{\"@type\":\"ListItem\",\"position\":1,\"name\":\"Inicio\",\"item\":\"https:\\\/\\\/uniagraria.edu.co\\\/\"},{\"@type\":\"ListItem\",\"position\":2,\"name\":\"Noticias\",\"item\":\"https:\\\/\\\/uniagraria.edu.co\\\/es\\\/category\\\/noticias\\\/\"},{\"@type\":\"ListItem\",\"position\":3,\"name\":\"La U Verde de Colombia recibe la visita de Ramo: inspiraci\u00f3n y aprendizaje en innovaci\u00f3n para nuestra comunidad acad\u00e9mica\"}]},{\"@type\":\"WebSite\",\"@id\":\"https:\\\/\\\/uniagraria.edu.co\\\/es\\\/#website\",\"url\":\"https:\\\/\\\/uniagraria.edu.co\\\/es\\\/\",\"name\":\"UNIAGRARIA\",\"description\":\"FUNDACION UNIVERSITARIA AGRARIA DE COLOMBIA\",\"publisher\":{\"@id\":\"https:\\\/\\\/uniagraria.edu.co\\\/es\\\/#organization\"},\"potentialAction\":[{\"@type\":\"SearchAction\",\"target\":{\"@type\":\"EntryPoint\",\"urlTemplate\":\"https:\\\/\\\/uniagraria.edu.co\\\/es\\\/?s={search_term_string}\"},\"query-input\":{\"@type\":\"PropertyValueSpecification\",\"valueRequired\":true,\"valueName\":\"search_term_string\"}}],\"inLanguage\":\"es-CO\"},{\"@type\":\"Organization\",\"@id\":\"https:\\\/\\\/uniagraria.edu.co\\\/es\\\/#organization\",\"name\":\"UNIAGRARIA\",\"url\":\"https:\\\/\\\/uniagraria.edu.co\\\/es\\\/\",\"logo\":{\"@type\":\"ImageObject\",\"inLanguage\":\"es-CO\",\"@id\":\"https:\\\/\\\/uniagraria.edu.co\\\/es\\\/#\\\/schema\\\/logo\\\/image\\\/\",\"url\":\"https:\\\/\\\/novawebmaster.com\\\/uniagraria\\\/wp-content\\\/uploads\\\/2025\\\/02\\\/LogoUa2023Vertical.png\",\"contentUrl\":\"https:\\\/\\\/novawebmaster.com\\\/uniagraria\\\/wp-content\\\/uploads\\\/2025\\\/02\\\/LogoUa2023Vertical.png\",\"width\":3300,\"height\":2550,\"caption\":\"UNIAGRARIA\"},\"image\":{\"@id\":\"https:\\\/\\\/uniagraria.edu.co\\\/es\\\/#\\\/schema\\\/logo\\\/image\\\/\"},\"sameAs\":[\"https:\\\/\\\/www.facebook.com\\\/uagraria\\\/?locale=es_LA\",\"https:\\\/\\\/x.com\\\/UNIAGRARIA\",\"https:\\\/\\\/www.instagram.com\\\/uniagraria\\\/profilecard\\\/?igsh=MXI2bTFlMWsxNzNjOA\",\"https:\\\/\\\/www.tiktok.com\\\/discover\\\/uniagraria?lang=es\",\"https:\\\/\\\/www.linkedin.com\\\/school\\\/uniagraria\\\/?originalSubdomain=co\",\"https:\\\/\\\/www.youtube.com\\\/user\\\/UniagrariaUverde?themeRefresh=1\",\"https:\\\/\\\/api.whatsapp.com\\\/send?phone=3134230649\"]},{\"@type\":\"Person\",\"@id\":\"https:\\\/\\\/uniagraria.edu.co\\\/es\\\/#\\\/schema\\\/person\\\/0e33f5fa0e8c069958129cbe1ddd943f\",\"name\":\"Comunicaciones UNIAGRARIA\",\"image\":{\"@type\":\"ImageObject\",\"inLanguage\":\"es-CO\",\"@id\":\"https:\\\/\\\/secure.gravatar.com\\\/avatar\\\/f7e7249c4d3d9f8946f23544dbad58c5502cb22fc051cc2363fa7a13b9bc9939?s=96&d=mm&r=g\",\"url\":\"https:\\\/\\\/secure.gravatar.com\\\/avatar\\\/f7e7249c4d3d9f8946f23544dbad58c5502cb22fc051cc2363fa7a13b9bc9939?s=96&d=mm&r=g\",\"contentUrl\":\"https:\\\/\\\/secure.gravatar.com\\\/avatar\\\/f7e7249c4d3d9f8946f23544dbad58c5502cb22fc051cc2363fa7a13b9bc9939?s=96&d=mm&r=g\",\"caption\":\"Comunicaciones UNIAGRARIA\"},\"url\":\"https:\\\/\\\/uniagraria.edu.co\\\/es\\\/author\\\/daniel-castellanos\\\/\"}]}<\/script>\n<!-- \/ Yoast SEO plugin. -->","yoast_head_json":{"title":"La U Verde de Colombia recibe la visita de Ramo: inspiraci\u00f3n y aprendizaje en innovaci\u00f3n para nuestra comunidad acad\u00e9mica - UNIAGRARIA","robots":{"index":"index","follow":"follow","max-snippet":"max-snippet:-1","max-image-preview":"max-image-preview:large","max-video-preview":"max-video-preview:-1"},"canonical":"https:\/\/uniagraria.edu.co\/es\/la-u-verde-de-colombia-recibe-la-visita-de-ramo-inspiracion-y-aprendizaje-en-innovacion-para-nuestra-comunidad-academica\/","og_locale":"es_ES","og_type":"article","og_title":"La U Verde de Colombia recibe la visita de Ramo: inspiraci\u00f3n y aprendizaje en innovaci\u00f3n para nuestra comunidad acad\u00e9mica - UNIAGRARIA","og_description":"Direcci\u00f3n de Comunicaciones UNIAGRARIA El pasado mi\u00e9rcoles 13 de noviembre de 2024, UNIAGRARIA tuvo el privilegio de recibir a uno de los iconos m\u00e1s emblem\u00e1ticos de la industria alimentaria colombiana: Ramo. Esta grata visita fue organizada a trav\u00e9s del Centro del Pensamiento para el Emprendimiento de UNIAGRARIA y cont\u00f3 con la participaci\u00f3n de dos importantes [&hellip;]","og_url":"https:\/\/uniagraria.edu.co\/es\/la-u-verde-de-colombia-recibe-la-visita-de-ramo-inspiracion-y-aprendizaje-en-innovacion-para-nuestra-comunidad-academica\/","og_site_name":"UNIAGRARIA","article_publisher":"https:\/\/www.facebook.com\/uagraria\/?locale=es_LA","article_published_time":"2024-11-13T21:39:45+00:00","author":"Comunicaciones UNIAGRARIA","twitter_card":"summary_large_image","twitter_creator":"@UNIAGRARIA","twitter_site":"@UNIAGRARIA","twitter_misc":{"Escrito por":"Comunicaciones UNIAGRARIA","Tiempo de lectura":"3 minutos"},"schema":{"@context":"https:\/\/schema.org","@graph":[{"@type":"Article","@id":"https:\/\/uniagraria.edu.co\/en\/la-u-verde-de-colombia-recibe-la-visita-de-ramo-inspiracion-y-aprendizaje-en-innovacion-para-nuestra-comunidad-academica\/#article","isPartOf":{"@id":"https:\/\/uniagraria.edu.co\/en\/la-u-verde-de-colombia-recibe-la-visita-de-ramo-inspiracion-y-aprendizaje-en-innovacion-para-nuestra-comunidad-academica\/"},"author":{"name":"Comunicaciones UNIAGRARIA","@id":"https:\/\/uniagraria.edu.co\/es\/#\/schema\/person\/0e33f5fa0e8c069958129cbe1ddd943f"},"headline":"La U Verde de Colombia recibe la visita de Ramo: inspiraci\u00f3n y aprendizaje en innovaci\u00f3n para nuestra comunidad acad\u00e9mica","datePublished":"2024-11-13T21:39:45+00:00","mainEntityOfPage":{"@id":"https:\/\/uniagraria.edu.co\/en\/la-u-verde-de-colombia-recibe-la-visita-de-ramo-inspiracion-y-aprendizaje-en-innovacion-para-nuestra-comunidad-academica\/"},"wordCount":537,"publisher":{"@id":"https:\/\/uniagraria.edu.co\/es\/#organization"},"image":{"@id":"https:\/\/uniagraria.edu.co\/en\/la-u-verde-de-colombia-recibe-la-visita-de-ramo-inspiracion-y-aprendizaje-en-innovacion-para-nuestra-comunidad-academica\/#primaryimage"},"thumbnailUrl":"","articleSection":["Noticias"],"inLanguage":"es-CO"},{"@type":"WebPage","@id":"https:\/\/uniagraria.edu.co\/en\/la-u-verde-de-colombia-recibe-la-visita-de-ramo-inspiracion-y-aprendizaje-en-innovacion-para-nuestra-comunidad-academica\/","url":"https:\/\/uniagraria.edu.co\/en\/la-u-verde-de-colombia-recibe-la-visita-de-ramo-inspiracion-y-aprendizaje-en-innovacion-para-nuestra-comunidad-academica\/","name":"La U Verde de Colombia recibe la visita de Ramo: inspiraci\u00f3n y aprendizaje en innovaci\u00f3n para nuestra comunidad acad\u00e9mica - UNIAGRARIA","isPartOf":{"@id":"https:\/\/uniagraria.edu.co\/es\/#website"},"primaryImageOfPage":{"@id":"https:\/\/uniagraria.edu.co\/en\/la-u-verde-de-colombia-recibe-la-visita-de-ramo-inspiracion-y-aprendizaje-en-innovacion-para-nuestra-comunidad-academica\/#primaryimage"},"image":{"@id":"https:\/\/uniagraria.edu.co\/en\/la-u-verde-de-colombia-recibe-la-visita-de-ramo-inspiracion-y-aprendizaje-en-innovacion-para-nuestra-comunidad-academica\/#primaryimage"},"thumbnailUrl":"","datePublished":"2024-11-13T21:39:45+00:00","breadcrumb":{"@id":"https:\/\/uniagraria.edu.co\/en\/la-u-verde-de-colombia-recibe-la-visita-de-ramo-inspiracion-y-aprendizaje-en-innovacion-para-nuestra-comunidad-academica\/#breadcrumb"},"inLanguage":"es-CO","potentialAction":[{"@type":"ReadAction","target":["https:\/\/uniagraria.edu.co\/en\/la-u-verde-de-colombia-recibe-la-visita-de-ramo-inspiracion-y-aprendizaje-en-innovacion-para-nuestra-comunidad-academica\/"]}]},{"@type":"ImageObject","inLanguage":"es-CO","@id":"https:\/\/uniagraria.edu.co\/en\/la-u-verde-de-colombia-recibe-la-visita-de-ramo-inspiracion-y-aprendizaje-en-innovacion-para-nuestra-comunidad-academica\/#primaryimage","url":"","contentUrl":""},{"@type":"BreadcrumbList","@id":"https:\/\/uniagraria.edu.co\/en\/la-u-verde-de-colombia-recibe-la-visita-de-ramo-inspiracion-y-aprendizaje-en-innovacion-para-nuestra-comunidad-academica\/#breadcrumb","itemListElement":[{"@type":"ListItem","position":1,"name":"Inicio","item":"https:\/\/uniagraria.edu.co\/"},{"@type":"ListItem","position":2,"name":"Noticias","item":"https:\/\/uniagraria.edu.co\/es\/category\/noticias\/"},{"@type":"ListItem","position":3,"name":"La U Verde de Colombia recibe la visita de Ramo: inspiraci\u00f3n y aprendizaje en innovaci\u00f3n para nuestra comunidad acad\u00e9mica"}]},{"@type":"WebSite","@id":"https:\/\/uniagraria.edu.co\/es\/#website","url":"https:\/\/uniagraria.edu.co\/es\/","name":"UNIAGRARIA","description":"FUNDACION UNIVERSITARIA AGRARIA DE COLOMBIA","publisher":{"@id":"https:\/\/uniagraria.edu.co\/es\/#organization"},"potentialAction":[{"@type":"SearchAction","target":{"@type":"EntryPoint","urlTemplate":"https:\/\/uniagraria.edu.co\/es\/?s={search_term_string}"},"query-input":{"@type":"PropertyValueSpecification","valueRequired":true,"valueName":"search_term_string"}}],"inLanguage":"es-CO"},{"@type":"Organization","@id":"https:\/\/uniagraria.edu.co\/es\/#organization","name":"UNIAGRARIA","url":"https:\/\/uniagraria.edu.co\/es\/","logo":{"@type":"ImageObject","inLanguage":"es-CO","@id":"https:\/\/uniagraria.edu.co\/es\/#\/schema\/logo\/image\/","url":"https:\/\/novawebmaster.com\/uniagraria\/wp-content\/uploads\/2025\/02\/LogoUa2023Vertical.png","contentUrl":"https:\/\/novawebmaster.com\/uniagraria\/wp-content\/uploads\/2025\/02\/LogoUa2023Vertical.png","width":3300,"height":2550,"caption":"UNIAGRARIA"},"image":{"@id":"https:\/\/uniagraria.edu.co\/es\/#\/schema\/logo\/image\/"},"sameAs":["https:\/\/www.facebook.com\/uagraria\/?locale=es_LA","https:\/\/x.com\/UNIAGRARIA","https:\/\/www.instagram.com\/uniagraria\/profilecard\/?igsh=MXI2bTFlMWsxNzNjOA","https:\/\/www.tiktok.com\/discover\/uniagraria?lang=es","https:\/\/www.linkedin.com\/school\/uniagraria\/?originalSubdomain=co","https:\/\/www.youtube.com\/user\/UniagrariaUverde?themeRefresh=1","https:\/\/api.whatsapp.com\/send?phone=3134230649"]},{"@type":"Person","@id":"https:\/\/uniagraria.edu.co\/es\/#\/schema\/person\/0e33f5fa0e8c069958129cbe1ddd943f","name":"Comunicaciones UNIAGRARIA","image":{"@type":"ImageObject","inLanguage":"es-CO","@id":"https:\/\/secure.gravatar.com\/avatar\/f7e7249c4d3d9f8946f23544dbad58c5502cb22fc051cc2363fa7a13b9bc9939?s=96&d=mm&r=g","url":"https:\/\/secure.gravatar.com\/avatar\/f7e7249c4d3d9f8946f23544dbad58c5502cb22fc051cc2363fa7a13b9bc9939?s=96&d=mm&r=g","contentUrl":"https:\/\/secure.gravatar.com\/avatar\/f7e7249c4d3d9f8946f23544dbad58c5502cb22fc051cc2363fa7a13b9bc9939?s=96&d=mm&r=g","caption":"Comunicaciones UNIAGRARIA"},"url":"https:\/\/uniagraria.edu.co\/es\/author\/daniel-castellanos\/"}]}},"_links":{"self":[{"href":"https:\/\/uniagraria.edu.co\/es\/wp-json\/wp\/v2\/posts\/46506","targetHints":{"allow":["GET"]}}],"collection":[{"href":"https:\/\/uniagraria.edu.co\/es\/wp-json\/wp\/v2\/posts"}],"about":[{"href":"https:\/\/uniagraria.edu.co\/es\/wp-json\/wp\/v2\/types\/post"}],"author":[{"embeddable":true,"href":"https:\/\/uniagraria.edu.co\/es\/wp-json\/wp\/v2\/users\/5"}],"replies":[{"embeddable":true,"href":"https:\/\/uniagraria.edu.co\/es\/wp-json\/wp\/v2\/comments?post=46506"}],"version-history":[{"count":0,"href":"https:\/\/uniagraria.edu.co\/es\/wp-json\/wp\/v2\/posts\/46506\/revisions"}],"wp:featuredmedia":[{"embeddable":true,"href":"https:\/\/uniagraria.edu.co\/es\/wp-json\/"}],"wp:attachment":[{"href":"https:\/\/uniagraria.edu.co\/es\/wp-json\/wp\/v2\/media?parent=46506"}],"wp:term":[{"taxonomy":"category","embeddable":true,"href":"https:\/\/uniagraria.edu.co\/es\/wp-json\/wp\/v2\/categories?post=46506"},{"taxonomy":"post_tag","embeddable":true,"href":"https:\/\/uniagraria.edu.co\/es\/wp-json\/wp\/v2\/tags?post=46506"}],"curies":[{"name":"wp","href":"https:\/\/api.w.org\/{rel}","templated":true}]}}