{"id":67323,"date":"2025-05-12T19:13:23","date_gmt":"2025-05-13T00:13:23","guid":{"rendered":"https:\/\/novawebmaster.com\/uniagraria\/?p=67323"},"modified":"2025-05-26T08:51:07","modified_gmt":"2025-05-26T13:51:07","slug":"encuentro-de-egresados-de-la-facultad-de-ciencias-juridicas-y-sociales-un-espacio-de-conexion-y-aprendizaje","status":"publish","type":"post","link":"https:\/\/uniagraria.edu.co\/es\/encuentro-de-egresados-de-la-facultad-de-ciencias-juridicas-y-sociales-un-espacio-de-conexion-y-aprendizaje\/","title":{"rendered":"Encuentro de egresados de la Facultad de Ciencias Jur\u00eddicas y Sociales: un espacio de conexi\u00f3n y aprendizaje"},"content":{"rendered":"<h4 id=\"mce_0\" class=\"uk-container uk-container-xsmall\"><strong>Direcci\u00f3n de Comunicaciones UNIAGRARIA<\/strong><\/h4>\n<p class=\"uk-container uk-container-xsmall\">El pasado 29 de noviembre de 2024, se llev\u00f3 a cabo el esperado Encuentro de Egresados de la Facultad de Ciencias Jur\u00eddicas y Sociales de UNIAGRARIA. Este evento reuni\u00f3 a egresados de los programas de pregrado en Derecho, actualmente dirigido por la Dra. Ingrid Quintero, as\u00ed como de los programas de posgrado: la Especializaci\u00f3n en Legislaci\u00f3n Rural y Ordenamiento Territorial y la Especializaci\u00f3n en Responsabilidad Ambiental y Sostenibilidad, liderados por la Dra. Gleidis Navajas Jaraba.<\/p>\n<p class=\"uk-container uk-container-xsmall\">El evento incluy\u00f3 como actividad central el conversatorio y lanzamiento del libro *\u201cConfiguraci\u00f3n del ordenamiento territorial colombiano a partir del reconocimiento de las formas locales de organizaci\u00f3n rural de las comunidades campesinas\u201d, obra del Dr. Johnny Uribe Ochoa, Decano de la Facultad de Ciencias Jur\u00eddicas y Sociales. El conversatorio cont\u00f3 con la destacada participaci\u00f3n del Dr. Augusto Hern\u00e1ndez Becerra, Doctor en Derecho, Especialista en Derecho P\u00fablico, abogado y exmagistrado del Consejo de Estado, quien aport\u00f3 valiosas perspectivas al di\u00e1logo.<\/p>\n<p class=\"uk-container uk-container-xsmall\">La jornada fue transmitida en vivo a trav\u00e9s de Facebook Live, permitiendo la participaci\u00f3n de egresados ubicados en diversas regiones de Colombia, fortaleciendo as\u00ed los lazos entre la comunidad UNIAGRARIA y su alma mater, la U verde de Colombia.<\/p>\n<p class=\"uk-container uk-container-xsmall\">Agradecemos especialmente al maestro de ceremonias, Dr. Alfredo G\u00f3mez Arboleda, egresado del programa de Derecho y actual docente de posgrados, as\u00ed como a la Dra. Lenin Murcia, quien moder\u00f3 con excelencia el conversatorio.<\/p>\n<p class=\"uk-container uk-container-xsmall\">UNIAGRARIA reitera su compromiso con sus egresados y celebra la participaci\u00f3n activa de todos aquellos que se conectaron para ser parte de este importante encuentro. \u00a1Gracias por seguir siendo parte de nuestra familia!<\/p>\n<p><img fetchpriority=\"high\" decoding=\"async\" class=\"alignnone size-medium wp-image-67324\" src=\"https:\/\/novawebmaster.com\/uniagraria\/wp-content\/uploads\/2025\/05\/EncuentroDeEgresadosDeLaFacultadCienciasJuridicasSociales-01-1024x682-1-300x200.jpeg\" alt=\"\" width=\"300\" height=\"200\" srcset=\"https:\/\/uniagraria.edu.co\/wp-content\/uploads\/2025\/05\/EncuentroDeEgresadosDeLaFacultadCienciasJuridicasSociales-01-1024x682-1-300x200.jpeg 300w, https:\/\/uniagraria.edu.co\/wp-content\/uploads\/2025\/05\/EncuentroDeEgresadosDeLaFacultadCienciasJuridicasSociales-01-1024x682-1-768x512.jpeg 768w, https:\/\/uniagraria.edu.co\/wp-content\/uploads\/2025\/05\/EncuentroDeEgresadosDeLaFacultadCienciasJuridicasSociales-01-1024x682-1.jpeg 1024w\" sizes=\"(max-width: 300px) 100vw, 300px\" \/> <img decoding=\"async\" class=\"alignnone size-medium wp-image-67325\" src=\"https:\/\/novawebmaster.com\/uniagraria\/wp-content\/uploads\/2025\/05\/EncuentroDeEgresadosDeLaFacultadCienciasJuridicasSociales-02-1024x682-1-300x200.jpeg\" alt=\"\" width=\"300\" height=\"200\" srcset=\"https:\/\/uniagraria.edu.co\/wp-content\/uploads\/2025\/05\/EncuentroDeEgresadosDeLaFacultadCienciasJuridicasSociales-02-1024x682-1-300x200.jpeg 300w, https:\/\/uniagraria.edu.co\/wp-content\/uploads\/2025\/05\/EncuentroDeEgresadosDeLaFacultadCienciasJuridicasSociales-02-1024x682-1-768x512.jpeg 768w, https:\/\/uniagraria.edu.co\/wp-content\/uploads\/2025\/05\/EncuentroDeEgresadosDeLaFacultadCienciasJuridicasSociales-02-1024x682-1.jpeg 1024w\" sizes=\"(max-width: 300px) 100vw, 300px\" \/> <img decoding=\"async\" class=\"alignnone size-medium wp-image-67326\" src=\"https:\/\/novawebmaster.com\/uniagraria\/wp-content\/uploads\/2025\/05\/EncuentroDeEgresadosDeLaFacultadCienciasJuridicasSociales-03-1024x682-1-300x200.jpeg\" alt=\"\" width=\"300\" height=\"200\" srcset=\"https:\/\/uniagraria.edu.co\/wp-content\/uploads\/2025\/05\/EncuentroDeEgresadosDeLaFacultadCienciasJuridicasSociales-03-1024x682-1-300x200.jpeg 300w, https:\/\/uniagraria.edu.co\/wp-content\/uploads\/2025\/05\/EncuentroDeEgresadosDeLaFacultadCienciasJuridicasSociales-03-1024x682-1-768x512.jpeg 768w, https:\/\/uniagraria.edu.co\/wp-content\/uploads\/2025\/05\/EncuentroDeEgresadosDeLaFacultadCienciasJuridicasSociales-03-1024x682-1.jpeg 1024w\" sizes=\"(max-width: 300px) 100vw, 300px\" \/> <img loading=\"lazy\" decoding=\"async\" class=\"alignnone size-medium wp-image-67327\" src=\"https:\/\/novawebmaster.com\/uniagraria\/wp-content\/uploads\/2025\/05\/EncuentroDeEgresadosDeLaFacultadCienciasJuridicasSociales-04-1024x682-1-300x200.jpeg\" alt=\"\" width=\"300\" height=\"200\" srcset=\"https:\/\/uniagraria.edu.co\/wp-content\/uploads\/2025\/05\/EncuentroDeEgresadosDeLaFacultadCienciasJuridicasSociales-04-1024x682-1-300x200.jpeg 300w, https:\/\/uniagraria.edu.co\/wp-content\/uploads\/2025\/05\/EncuentroDeEgresadosDeLaFacultadCienciasJuridicasSociales-04-1024x682-1-768x512.jpeg 768w, https:\/\/uniagraria.edu.co\/wp-content\/uploads\/2025\/05\/EncuentroDeEgresadosDeLaFacultadCienciasJuridicasSociales-04-1024x682-1.jpeg 1024w\" sizes=\"(max-width: 300px) 100vw, 300px\" \/><\/p>\n","protected":false},"excerpt":{"rendered":"<p>Direcci\u00f3n de Comunicaciones UNIAGRARIA El pasado 29 de noviembre de 2024, se llev\u00f3 a cabo el esperado Encuentro de Egresados de la Facultad de Ciencias Jur\u00eddicas y Sociales de UNIAGRARIA. Este evento reuni\u00f3 a egresados de los programas de pregrado en Derecho, actualmente dirigido por la Dra. Ingrid Quintero, as\u00ed como de los programas de [&hellip;]<\/p>\n","protected":false},"author":8,"featured_media":67324,"comment_status":"closed","ping_status":"open","sticky":false,"template":"","format":"standard","meta":{"_acf_changed":false,"site-sidebar-layout":"default","site-content-layout":"","ast-site-content-layout":"default","site-content-style":"default","site-sidebar-style":"default","ast-global-header-display":"","ast-banner-title-visibility":"","ast-main-header-display":"","ast-hfb-above-header-display":"","ast-hfb-below-header-display":"","ast-hfb-mobile-header-display":"","site-post-title":"","ast-breadcrumbs-content":"","ast-featured-img":"","footer-sml-layout":"","ast-disable-related-posts":"","theme-transparent-header-meta":"default","adv-header-id-meta":"","stick-header-meta":"default","header-above-stick-meta":"","header-main-stick-meta":"","header-below-stick-meta":"","astra-migrate-meta-layouts":"set","ast-page-background-enabled":"default","ast-page-background-meta":{"desktop":{"background-color":"var(--ast-global-color-4)","background-image":"","background-repeat":"repeat","background-position":"center center","background-size":"auto","background-attachment":"scroll","background-type":"","background-media":"","overlay-type":"","overlay-color":"","overlay-opacity":"","overlay-gradient":""},"tablet":{"background-color":"","background-image":"","background-repeat":"repeat","background-position":"center center","background-size":"auto","background-attachment":"scroll","background-type":"","background-media":"","overlay-type":"","overlay-color":"","overlay-opacity":"","overlay-gradient":""},"mobile":{"background-color":"","background-image":"","background-repeat":"repeat","background-position":"center center","background-size":"auto","background-attachment":"scroll","background-type":"","background-media":"","overlay-type":"","overlay-color":"","overlay-opacity":"","overlay-gradient":""}},"ast-content-background-meta":{"desktop":{"background-color":"var(--ast-global-color-5)","background-image":"","background-repeat":"repeat","background-position":"center center","background-size":"auto","background-attachment":"scroll","background-type":"","background-media":"","overlay-type":"","overlay-color":"","overlay-opacity":"","overlay-gradient":""},"tablet":{"background-color":"var(--ast-global-color-5)","background-image":"","background-repeat":"repeat","background-position":"center center","background-size":"auto","background-attachment":"scroll","background-type":"","background-media":"","overlay-type":"","overlay-color":"","overlay-opacity":"","overlay-gradient":""},"mobile":{"background-color":"var(--ast-global-color-5)","background-image":"","background-repeat":"repeat","background-position":"center center","background-size":"auto","background-attachment":"scroll","background-type":"","background-media":"","overlay-type":"","overlay-color":"","overlay-opacity":"","overlay-gradient":""}},"footnotes":""},"categories":[128,96],"tags":[],"class_list":["post-67323","post","type-post","status-publish","format-standard","has-post-thumbnail","hentry","category-egresados","category-legislacion-rural-y-ordenamiento-territorial"],"acf":[],"yoast_head":"<!-- This site is optimized with the Yoast SEO plugin v27.5 - https:\/\/yoast.com\/product\/yoast-seo-wordpress\/ -->\n<title>Encuentro de egresados de la Facultad de Ciencias Jur\u00eddicas y Sociales: un espacio de conexi\u00f3n y aprendizaje - UNIAGRARIA<\/title>\n<meta name=\"robots\" content=\"index, follow, max-snippet:-1, max-image-preview:large, max-video-preview:-1\" \/>\n<link rel=\"canonical\" href=\"https:\/\/uniagraria.edu.co\/es\/encuentro-de-egresados-de-la-facultad-de-ciencias-juridicas-y-sociales-un-espacio-de-conexion-y-aprendizaje\/\" \/>\n<meta property=\"og:locale\" content=\"es_ES\" \/>\n<meta property=\"og:type\" content=\"article\" \/>\n<meta property=\"og:title\" content=\"Encuentro de egresados de la Facultad de Ciencias Jur\u00eddicas y Sociales: un espacio de conexi\u00f3n y aprendizaje - UNIAGRARIA\" \/>\n<meta property=\"og:description\" content=\"Direcci\u00f3n de Comunicaciones UNIAGRARIA El pasado 29 de noviembre de 2024, se llev\u00f3 a cabo el esperado Encuentro de Egresados de la Facultad de Ciencias Jur\u00eddicas y Sociales de UNIAGRARIA. Este evento reuni\u00f3 a egresados de los programas de pregrado en Derecho, actualmente dirigido por la Dra. Ingrid Quintero, as\u00ed como de los programas de [&hellip;]\" \/>\n<meta property=\"og:url\" content=\"https:\/\/uniagraria.edu.co\/es\/encuentro-de-egresados-de-la-facultad-de-ciencias-juridicas-y-sociales-un-espacio-de-conexion-y-aprendizaje\/\" \/>\n<meta property=\"og:site_name\" content=\"UNIAGRARIA\" \/>\n<meta property=\"article:publisher\" content=\"https:\/\/www.facebook.com\/uagraria\/?locale=es_LA\" \/>\n<meta property=\"article:published_time\" content=\"2025-05-13T00:13:23+00:00\" \/>\n<meta property=\"article:modified_time\" content=\"2025-05-26T13:51:07+00:00\" \/>\n<meta property=\"og:image\" content=\"https:\/\/uniagraria.edu.co\/wp-content\/uploads\/2025\/05\/EncuentroDeEgresadosDeLaFacultadCienciasJuridicasSociales-01-1024x682-1.jpeg\" \/>\n\t<meta property=\"og:image:width\" content=\"1024\" \/>\n\t<meta property=\"og:image:height\" content=\"682\" \/>\n\t<meta property=\"og:image:type\" content=\"image\/jpeg\" \/>\n<meta name=\"author\" content=\"Comunicaciones UNIAGRARIA\" \/>\n<meta name=\"twitter:card\" content=\"summary_large_image\" \/>\n<meta name=\"twitter:creator\" content=\"@UNIAGRARIA\" \/>\n<meta name=\"twitter:site\" content=\"@UNIAGRARIA\" \/>\n<meta name=\"twitter:label1\" content=\"Escrito por\" \/>\n\t<meta name=\"twitter:data1\" content=\"Comunicaciones UNIAGRARIA\" \/>\n\t<meta name=\"twitter:label2\" content=\"Tiempo de lectura\" \/>\n\t<meta name=\"twitter:data2\" content=\"1 minuto\" \/>\n<script type=\"application\/ld+json\" class=\"yoast-schema-graph\">{\"@context\":\"https:\\\/\\\/schema.org\",\"@graph\":[{\"@type\":\"Article\",\"@id\":\"https:\\\/\\\/uniagraria.edu.co\\\/en\\\/encuentro-de-egresados-de-la-facultad-de-ciencias-juridicas-y-sociales-un-espacio-de-conexion-y-aprendizaje\\\/#article\",\"isPartOf\":{\"@id\":\"https:\\\/\\\/uniagraria.edu.co\\\/en\\\/encuentro-de-egresados-de-la-facultad-de-ciencias-juridicas-y-sociales-un-espacio-de-conexion-y-aprendizaje\\\/\"},\"author\":{\"name\":\"Comunicaciones UNIAGRARIA\",\"@id\":\"https:\\\/\\\/uniagraria.edu.co\\\/es\\\/#\\\/schema\\\/person\\\/f2ff0c07d9addb88b935755100b8db03\"},\"headline\":\"Encuentro de egresados de la Facultad de Ciencias Jur\u00eddicas y Sociales: un espacio de conexi\u00f3n y aprendizaje\",\"datePublished\":\"2025-05-13T00:13:23+00:00\",\"dateModified\":\"2025-05-26T13:51:07+00:00\",\"mainEntityOfPage\":{\"@id\":\"https:\\\/\\\/uniagraria.edu.co\\\/en\\\/encuentro-de-egresados-de-la-facultad-de-ciencias-juridicas-y-sociales-un-espacio-de-conexion-y-aprendizaje\\\/\"},\"wordCount\":296,\"publisher\":{\"@id\":\"https:\\\/\\\/uniagraria.edu.co\\\/es\\\/#organization\"},\"image\":{\"@id\":\"https:\\\/\\\/uniagraria.edu.co\\\/en\\\/encuentro-de-egresados-de-la-facultad-de-ciencias-juridicas-y-sociales-un-espacio-de-conexion-y-aprendizaje\\\/#primaryimage\"},\"thumbnailUrl\":\"https:\\\/\\\/uniagraria.edu.co\\\/wp-content\\\/uploads\\\/2025\\\/05\\\/EncuentroDeEgresadosDeLaFacultadCienciasJuridicasSociales-01-1024x682-1.jpeg\",\"articleSection\":[\"Egresados\",\"Legislaci\u00f3n Rural y Ordenamiento Territorial\"],\"inLanguage\":\"es-CO\"},{\"@type\":\"WebPage\",\"@id\":\"https:\\\/\\\/uniagraria.edu.co\\\/en\\\/encuentro-de-egresados-de-la-facultad-de-ciencias-juridicas-y-sociales-un-espacio-de-conexion-y-aprendizaje\\\/\",\"url\":\"https:\\\/\\\/uniagraria.edu.co\\\/en\\\/encuentro-de-egresados-de-la-facultad-de-ciencias-juridicas-y-sociales-un-espacio-de-conexion-y-aprendizaje\\\/\",\"name\":\"Encuentro de egresados de la Facultad de Ciencias Jur\u00eddicas y Sociales: un espacio de conexi\u00f3n y aprendizaje - UNIAGRARIA\",\"isPartOf\":{\"@id\":\"https:\\\/\\\/uniagraria.edu.co\\\/es\\\/#website\"},\"primaryImageOfPage\":{\"@id\":\"https:\\\/\\\/uniagraria.edu.co\\\/en\\\/encuentro-de-egresados-de-la-facultad-de-ciencias-juridicas-y-sociales-un-espacio-de-conexion-y-aprendizaje\\\/#primaryimage\"},\"image\":{\"@id\":\"https:\\\/\\\/uniagraria.edu.co\\\/en\\\/encuentro-de-egresados-de-la-facultad-de-ciencias-juridicas-y-sociales-un-espacio-de-conexion-y-aprendizaje\\\/#primaryimage\"},\"thumbnailUrl\":\"https:\\\/\\\/uniagraria.edu.co\\\/wp-content\\\/uploads\\\/2025\\\/05\\\/EncuentroDeEgresadosDeLaFacultadCienciasJuridicasSociales-01-1024x682-1.jpeg\",\"datePublished\":\"2025-05-13T00:13:23+00:00\",\"dateModified\":\"2025-05-26T13:51:07+00:00\",\"breadcrumb\":{\"@id\":\"https:\\\/\\\/uniagraria.edu.co\\\/en\\\/encuentro-de-egresados-de-la-facultad-de-ciencias-juridicas-y-sociales-un-espacio-de-conexion-y-aprendizaje\\\/#breadcrumb\"},\"inLanguage\":\"es-CO\",\"potentialAction\":[{\"@type\":\"ReadAction\",\"target\":[\"https:\\\/\\\/uniagraria.edu.co\\\/en\\\/encuentro-de-egresados-de-la-facultad-de-ciencias-juridicas-y-sociales-un-espacio-de-conexion-y-aprendizaje\\\/\"]}]},{\"@type\":\"ImageObject\",\"inLanguage\":\"es-CO\",\"@id\":\"https:\\\/\\\/uniagraria.edu.co\\\/en\\\/encuentro-de-egresados-de-la-facultad-de-ciencias-juridicas-y-sociales-un-espacio-de-conexion-y-aprendizaje\\\/#primaryimage\",\"url\":\"https:\\\/\\\/uniagraria.edu.co\\\/wp-content\\\/uploads\\\/2025\\\/05\\\/EncuentroDeEgresadosDeLaFacultadCienciasJuridicasSociales-01-1024x682-1.jpeg\",\"contentUrl\":\"https:\\\/\\\/uniagraria.edu.co\\\/wp-content\\\/uploads\\\/2025\\\/05\\\/EncuentroDeEgresadosDeLaFacultadCienciasJuridicasSociales-01-1024x682-1.jpeg\",\"width\":1024,\"height\":682},{\"@type\":\"BreadcrumbList\",\"@id\":\"https:\\\/\\\/uniagraria.edu.co\\\/en\\\/encuentro-de-egresados-de-la-facultad-de-ciencias-juridicas-y-sociales-un-espacio-de-conexion-y-aprendizaje\\\/#breadcrumb\",\"itemListElement\":[{\"@type\":\"ListItem\",\"position\":1,\"name\":\"Inicio\",\"item\":\"https:\\\/\\\/uniagraria.edu.co\\\/\"},{\"@type\":\"ListItem\",\"position\":2,\"name\":\"Egresados\",\"item\":\"https:\\\/\\\/uniagraria.edu.co\\\/es\\\/category\\\/egresados\\\/\"},{\"@type\":\"ListItem\",\"position\":3,\"name\":\"Encuentro de egresados de la Facultad de Ciencias Jur\u00eddicas y Sociales: un espacio de conexi\u00f3n y aprendizaje\"}]},{\"@type\":\"WebSite\",\"@id\":\"https:\\\/\\\/uniagraria.edu.co\\\/es\\\/#website\",\"url\":\"https:\\\/\\\/uniagraria.edu.co\\\/es\\\/\",\"name\":\"UNIAGRARIA\",\"description\":\"FUNDACION UNIVERSITARIA AGRARIA DE COLOMBIA\",\"publisher\":{\"@id\":\"https:\\\/\\\/uniagraria.edu.co\\\/es\\\/#organization\"},\"potentialAction\":[{\"@type\":\"SearchAction\",\"target\":{\"@type\":\"EntryPoint\",\"urlTemplate\":\"https:\\\/\\\/uniagraria.edu.co\\\/es\\\/?s={search_term_string}\"},\"query-input\":{\"@type\":\"PropertyValueSpecification\",\"valueRequired\":true,\"valueName\":\"search_term_string\"}}],\"inLanguage\":\"es-CO\"},{\"@type\":\"Organization\",\"@id\":\"https:\\\/\\\/uniagraria.edu.co\\\/es\\\/#organization\",\"name\":\"UNIAGRARIA\",\"url\":\"https:\\\/\\\/uniagraria.edu.co\\\/es\\\/\",\"logo\":{\"@type\":\"ImageObject\",\"inLanguage\":\"es-CO\",\"@id\":\"https:\\\/\\\/uniagraria.edu.co\\\/es\\\/#\\\/schema\\\/logo\\\/image\\\/\",\"url\":\"https:\\\/\\\/novawebmaster.com\\\/uniagraria\\\/wp-content\\\/uploads\\\/2025\\\/02\\\/LogoUa2023Vertical.png\",\"contentUrl\":\"https:\\\/\\\/novawebmaster.com\\\/uniagraria\\\/wp-content\\\/uploads\\\/2025\\\/02\\\/LogoUa2023Vertical.png\",\"width\":3300,\"height\":2550,\"caption\":\"UNIAGRARIA\"},\"image\":{\"@id\":\"https:\\\/\\\/uniagraria.edu.co\\\/es\\\/#\\\/schema\\\/logo\\\/image\\\/\"},\"sameAs\":[\"https:\\\/\\\/www.facebook.com\\\/uagraria\\\/?locale=es_LA\",\"https:\\\/\\\/x.com\\\/UNIAGRARIA\",\"https:\\\/\\\/www.instagram.com\\\/uniagraria\\\/profilecard\\\/?igsh=MXI2bTFlMWsxNzNjOA\",\"https:\\\/\\\/www.tiktok.com\\\/discover\\\/uniagraria?lang=es\",\"https:\\\/\\\/www.linkedin.com\\\/school\\\/uniagraria\\\/?originalSubdomain=co\",\"https:\\\/\\\/www.youtube.com\\\/user\\\/UniagrariaUverde?themeRefresh=1\",\"https:\\\/\\\/api.whatsapp.com\\\/send?phone=3134230649\"]},{\"@type\":\"Person\",\"@id\":\"https:\\\/\\\/uniagraria.edu.co\\\/es\\\/#\\\/schema\\\/person\\\/f2ff0c07d9addb88b935755100b8db03\",\"name\":\"Comunicaciones UNIAGRARIA\",\"image\":{\"@type\":\"ImageObject\",\"inLanguage\":\"es-CO\",\"@id\":\"https:\\\/\\\/secure.gravatar.com\\\/avatar\\\/5c34977f632fe7cabe2da5a1818394efca9475d46ad9f02e8eab7fd408884103?s=96&d=mm&r=g\",\"url\":\"https:\\\/\\\/secure.gravatar.com\\\/avatar\\\/5c34977f632fe7cabe2da5a1818394efca9475d46ad9f02e8eab7fd408884103?s=96&d=mm&r=g\",\"contentUrl\":\"https:\\\/\\\/secure.gravatar.com\\\/avatar\\\/5c34977f632fe7cabe2da5a1818394efca9475d46ad9f02e8eab7fd408884103?s=96&d=mm&r=g\",\"caption\":\"Comunicaciones UNIAGRARIA\"},\"url\":\"https:\\\/\\\/uniagraria.edu.co\\\/es\\\/author\\\/4ndr3sf371p3\\\/\"}]}<\/script>\n<!-- \/ Yoast SEO plugin. -->","yoast_head_json":{"title":"Encuentro de egresados de la Facultad de Ciencias Jur\u00eddicas y Sociales: un espacio de conexi\u00f3n y aprendizaje - UNIAGRARIA","robots":{"index":"index","follow":"follow","max-snippet":"max-snippet:-1","max-image-preview":"max-image-preview:large","max-video-preview":"max-video-preview:-1"},"canonical":"https:\/\/uniagraria.edu.co\/es\/encuentro-de-egresados-de-la-facultad-de-ciencias-juridicas-y-sociales-un-espacio-de-conexion-y-aprendizaje\/","og_locale":"es_ES","og_type":"article","og_title":"Encuentro de egresados de la Facultad de Ciencias Jur\u00eddicas y Sociales: un espacio de conexi\u00f3n y aprendizaje - UNIAGRARIA","og_description":"Direcci\u00f3n de Comunicaciones UNIAGRARIA El pasado 29 de noviembre de 2024, se llev\u00f3 a cabo el esperado Encuentro de Egresados de la Facultad de Ciencias Jur\u00eddicas y Sociales de UNIAGRARIA. Este evento reuni\u00f3 a egresados de los programas de pregrado en Derecho, actualmente dirigido por la Dra. Ingrid Quintero, as\u00ed como de los programas de [&hellip;]","og_url":"https:\/\/uniagraria.edu.co\/es\/encuentro-de-egresados-de-la-facultad-de-ciencias-juridicas-y-sociales-un-espacio-de-conexion-y-aprendizaje\/","og_site_name":"UNIAGRARIA","article_publisher":"https:\/\/www.facebook.com\/uagraria\/?locale=es_LA","article_published_time":"2025-05-13T00:13:23+00:00","article_modified_time":"2025-05-26T13:51:07+00:00","og_image":[{"width":1024,"height":682,"url":"https:\/\/uniagraria.edu.co\/wp-content\/uploads\/2025\/05\/EncuentroDeEgresadosDeLaFacultadCienciasJuridicasSociales-01-1024x682-1.jpeg","type":"image\/jpeg"}],"author":"Comunicaciones UNIAGRARIA","twitter_card":"summary_large_image","twitter_creator":"@UNIAGRARIA","twitter_site":"@UNIAGRARIA","twitter_misc":{"Escrito por":"Comunicaciones UNIAGRARIA","Tiempo de lectura":"1 minuto"},"schema":{"@context":"https:\/\/schema.org","@graph":[{"@type":"Article","@id":"https:\/\/uniagraria.edu.co\/en\/encuentro-de-egresados-de-la-facultad-de-ciencias-juridicas-y-sociales-un-espacio-de-conexion-y-aprendizaje\/#article","isPartOf":{"@id":"https:\/\/uniagraria.edu.co\/en\/encuentro-de-egresados-de-la-facultad-de-ciencias-juridicas-y-sociales-un-espacio-de-conexion-y-aprendizaje\/"},"author":{"name":"Comunicaciones UNIAGRARIA","@id":"https:\/\/uniagraria.edu.co\/es\/#\/schema\/person\/f2ff0c07d9addb88b935755100b8db03"},"headline":"Encuentro de egresados de la Facultad de Ciencias Jur\u00eddicas y Sociales: un espacio de conexi\u00f3n y aprendizaje","datePublished":"2025-05-13T00:13:23+00:00","dateModified":"2025-05-26T13:51:07+00:00","mainEntityOfPage":{"@id":"https:\/\/uniagraria.edu.co\/en\/encuentro-de-egresados-de-la-facultad-de-ciencias-juridicas-y-sociales-un-espacio-de-conexion-y-aprendizaje\/"},"wordCount":296,"publisher":{"@id":"https:\/\/uniagraria.edu.co\/es\/#organization"},"image":{"@id":"https:\/\/uniagraria.edu.co\/en\/encuentro-de-egresados-de-la-facultad-de-ciencias-juridicas-y-sociales-un-espacio-de-conexion-y-aprendizaje\/#primaryimage"},"thumbnailUrl":"https:\/\/uniagraria.edu.co\/wp-content\/uploads\/2025\/05\/EncuentroDeEgresadosDeLaFacultadCienciasJuridicasSociales-01-1024x682-1.jpeg","articleSection":["Egresados","Legislaci\u00f3n Rural y Ordenamiento Territorial"],"inLanguage":"es-CO"},{"@type":"WebPage","@id":"https:\/\/uniagraria.edu.co\/en\/encuentro-de-egresados-de-la-facultad-de-ciencias-juridicas-y-sociales-un-espacio-de-conexion-y-aprendizaje\/","url":"https:\/\/uniagraria.edu.co\/en\/encuentro-de-egresados-de-la-facultad-de-ciencias-juridicas-y-sociales-un-espacio-de-conexion-y-aprendizaje\/","name":"Encuentro de egresados de la Facultad de Ciencias Jur\u00eddicas y Sociales: un espacio de conexi\u00f3n y aprendizaje - UNIAGRARIA","isPartOf":{"@id":"https:\/\/uniagraria.edu.co\/es\/#website"},"primaryImageOfPage":{"@id":"https:\/\/uniagraria.edu.co\/en\/encuentro-de-egresados-de-la-facultad-de-ciencias-juridicas-y-sociales-un-espacio-de-conexion-y-aprendizaje\/#primaryimage"},"image":{"@id":"https:\/\/uniagraria.edu.co\/en\/encuentro-de-egresados-de-la-facultad-de-ciencias-juridicas-y-sociales-un-espacio-de-conexion-y-aprendizaje\/#primaryimage"},"thumbnailUrl":"https:\/\/uniagraria.edu.co\/wp-content\/uploads\/2025\/05\/EncuentroDeEgresadosDeLaFacultadCienciasJuridicasSociales-01-1024x682-1.jpeg","datePublished":"2025-05-13T00:13:23+00:00","dateModified":"2025-05-26T13:51:07+00:00","breadcrumb":{"@id":"https:\/\/uniagraria.edu.co\/en\/encuentro-de-egresados-de-la-facultad-de-ciencias-juridicas-y-sociales-un-espacio-de-conexion-y-aprendizaje\/#breadcrumb"},"inLanguage":"es-CO","potentialAction":[{"@type":"ReadAction","target":["https:\/\/uniagraria.edu.co\/en\/encuentro-de-egresados-de-la-facultad-de-ciencias-juridicas-y-sociales-un-espacio-de-conexion-y-aprendizaje\/"]}]},{"@type":"ImageObject","inLanguage":"es-CO","@id":"https:\/\/uniagraria.edu.co\/en\/encuentro-de-egresados-de-la-facultad-de-ciencias-juridicas-y-sociales-un-espacio-de-conexion-y-aprendizaje\/#primaryimage","url":"https:\/\/uniagraria.edu.co\/wp-content\/uploads\/2025\/05\/EncuentroDeEgresadosDeLaFacultadCienciasJuridicasSociales-01-1024x682-1.jpeg","contentUrl":"https:\/\/uniagraria.edu.co\/wp-content\/uploads\/2025\/05\/EncuentroDeEgresadosDeLaFacultadCienciasJuridicasSociales-01-1024x682-1.jpeg","width":1024,"height":682},{"@type":"BreadcrumbList","@id":"https:\/\/uniagraria.edu.co\/en\/encuentro-de-egresados-de-la-facultad-de-ciencias-juridicas-y-sociales-un-espacio-de-conexion-y-aprendizaje\/#breadcrumb","itemListElement":[{"@type":"ListItem","position":1,"name":"Inicio","item":"https:\/\/uniagraria.edu.co\/"},{"@type":"ListItem","position":2,"name":"Egresados","item":"https:\/\/uniagraria.edu.co\/es\/category\/egresados\/"},{"@type":"ListItem","position":3,"name":"Encuentro de egresados de la Facultad de Ciencias Jur\u00eddicas y Sociales: un espacio de conexi\u00f3n y aprendizaje"}]},{"@type":"WebSite","@id":"https:\/\/uniagraria.edu.co\/es\/#website","url":"https:\/\/uniagraria.edu.co\/es\/","name":"UNIAGRARIA","description":"FUNDACION UNIVERSITARIA AGRARIA DE COLOMBIA","publisher":{"@id":"https:\/\/uniagraria.edu.co\/es\/#organization"},"potentialAction":[{"@type":"SearchAction","target":{"@type":"EntryPoint","urlTemplate":"https:\/\/uniagraria.edu.co\/es\/?s={search_term_string}"},"query-input":{"@type":"PropertyValueSpecification","valueRequired":true,"valueName":"search_term_string"}}],"inLanguage":"es-CO"},{"@type":"Organization","@id":"https:\/\/uniagraria.edu.co\/es\/#organization","name":"UNIAGRARIA","url":"https:\/\/uniagraria.edu.co\/es\/","logo":{"@type":"ImageObject","inLanguage":"es-CO","@id":"https:\/\/uniagraria.edu.co\/es\/#\/schema\/logo\/image\/","url":"https:\/\/novawebmaster.com\/uniagraria\/wp-content\/uploads\/2025\/02\/LogoUa2023Vertical.png","contentUrl":"https:\/\/novawebmaster.com\/uniagraria\/wp-content\/uploads\/2025\/02\/LogoUa2023Vertical.png","width":3300,"height":2550,"caption":"UNIAGRARIA"},"image":{"@id":"https:\/\/uniagraria.edu.co\/es\/#\/schema\/logo\/image\/"},"sameAs":["https:\/\/www.facebook.com\/uagraria\/?locale=es_LA","https:\/\/x.com\/UNIAGRARIA","https:\/\/www.instagram.com\/uniagraria\/profilecard\/?igsh=MXI2bTFlMWsxNzNjOA","https:\/\/www.tiktok.com\/discover\/uniagraria?lang=es","https:\/\/www.linkedin.com\/school\/uniagraria\/?originalSubdomain=co","https:\/\/www.youtube.com\/user\/UniagrariaUverde?themeRefresh=1","https:\/\/api.whatsapp.com\/send?phone=3134230649"]},{"@type":"Person","@id":"https:\/\/uniagraria.edu.co\/es\/#\/schema\/person\/f2ff0c07d9addb88b935755100b8db03","name":"Comunicaciones UNIAGRARIA","image":{"@type":"ImageObject","inLanguage":"es-CO","@id":"https:\/\/secure.gravatar.com\/avatar\/5c34977f632fe7cabe2da5a1818394efca9475d46ad9f02e8eab7fd408884103?s=96&d=mm&r=g","url":"https:\/\/secure.gravatar.com\/avatar\/5c34977f632fe7cabe2da5a1818394efca9475d46ad9f02e8eab7fd408884103?s=96&d=mm&r=g","contentUrl":"https:\/\/secure.gravatar.com\/avatar\/5c34977f632fe7cabe2da5a1818394efca9475d46ad9f02e8eab7fd408884103?s=96&d=mm&r=g","caption":"Comunicaciones UNIAGRARIA"},"url":"https:\/\/uniagraria.edu.co\/es\/author\/4ndr3sf371p3\/"}]}},"_links":{"self":[{"href":"https:\/\/uniagraria.edu.co\/es\/wp-json\/wp\/v2\/posts\/67323","targetHints":{"allow":["GET"]}}],"collection":[{"href":"https:\/\/uniagraria.edu.co\/es\/wp-json\/wp\/v2\/posts"}],"about":[{"href":"https:\/\/uniagraria.edu.co\/es\/wp-json\/wp\/v2\/types\/post"}],"author":[{"embeddable":true,"href":"https:\/\/uniagraria.edu.co\/es\/wp-json\/wp\/v2\/users\/8"}],"replies":[{"embeddable":true,"href":"https:\/\/uniagraria.edu.co\/es\/wp-json\/wp\/v2\/comments?post=67323"}],"version-history":[{"count":1,"href":"https:\/\/uniagraria.edu.co\/es\/wp-json\/wp\/v2\/posts\/67323\/revisions"}],"predecessor-version":[{"id":67328,"href":"https:\/\/uniagraria.edu.co\/es\/wp-json\/wp\/v2\/posts\/67323\/revisions\/67328"}],"wp:featuredmedia":[{"embeddable":true,"href":"https:\/\/uniagraria.edu.co\/es\/wp-json\/wp\/v2\/media\/67324"}],"wp:attachment":[{"href":"https:\/\/uniagraria.edu.co\/es\/wp-json\/wp\/v2\/media?parent=67323"}],"wp:term":[{"taxonomy":"category","embeddable":true,"href":"https:\/\/uniagraria.edu.co\/es\/wp-json\/wp\/v2\/categories?post=67323"},{"taxonomy":"post_tag","embeddable":true,"href":"https:\/\/uniagraria.edu.co\/es\/wp-json\/wp\/v2\/tags?post=67323"}],"curies":[{"name":"wp","href":"https:\/\/api.w.org\/{rel}","templated":true}]}}