{"id":69029,"date":"2025-05-08T15:56:22","date_gmt":"2025-05-08T20:56:22","guid":{"rendered":"https:\/\/www.uniagraria.edu.co\/?p=49807"},"modified":"2025-05-27T14:15:36","modified_gmt":"2025-05-27T19:15:36","slug":"ingenieria-mecatronica-facatativa-protagonista-en-el-xxiii-encuentro-regional-de-semilleros-de-investigacion","status":"publish","type":"post","link":"https:\/\/uniagraria.edu.co\/es\/ingenieria-mecatronica-facatativa-protagonista-en-el-xxiii-encuentro-regional-de-semilleros-de-investigacion\/","title":{"rendered":"Ingenier\u00eda Mecatr\u00f3nica Facatativ\u00e1, protagonista en el XXIII Encuentro Regional de Semilleros de Investigaci\u00f3n"},"content":{"rendered":"\r\n<h4 class=\"wp-block-heading\" id=\"mce_0\"><strong>Direcci\u00f3n de Comunicaciones UNIAGRARIA<\/strong><\/h4>\r\n\r\n\r\n\r\n<p style=\"text-align: justify;\">El jueves 8 de mayo de 2025, el Programa de Ingenier\u00eda Mecatr\u00f3nica de UNIAGRARIA, sede Facatativ\u00e1, tuvo una destacada participaci\u00f3n en el XXIII Encuentro Regional de Semilleros de Investigaci\u00f3n: \u201cArte, Ciencia e Innovaci\u00f3n. Una visi\u00f3n integral para la transformaci\u00f3n de los territorios\u201d, organizado por la Fundaci\u00f3n Red Colombiana de Semilleros de Investigaci\u00f3n \u2013 RedCOLSI, y llevado a cabo en la Universidad Militar Nueva Granada \u2013 Campus Cajic\u00e1.<\/p>\r\n\r\n\r\n\r\n<p style=\"text-align: justify;\">Durante esta jornada acad\u00e9mica, los docentes Ing. Carlos Andr\u00e9s Ulloa, Ing. Camilo Sarmiento e Ing. John \u00c1lvarez representaron a la instituci\u00f3n como pares evaluadores, aportando su conocimiento y experiencia al fortalecimiento de las competencias investigativas de los estudiantes participantes, en l\u00ednea con el compromiso institucional con la excelencia acad\u00e9mica y la investigaci\u00f3n formativa.<\/p>\r\n\r\n\r\n\r\n<p style=\"text-align: justify;\">Asimismo, estudiantes del Semillero MECA del programa de Ingenier\u00eda Mecatr\u00f3nica Facatativ\u00e1 presentaron los resultados de sus proyectos de investigaci\u00f3n con entusiasmo y compromiso, gracias al acompa\u00f1amiento constante de sus docentes y al respaldo de la sede.<\/p>\r\n\r\n\r\n\r\n<p style=\"text-align: justify;\">Entre los trabajos destacados se encuentra el proyecto \u201cSistema de control de temperatura para la producci\u00f3n av\u00edcola de pollos en la vereda Puente Piedra, Madrid, Cundinamarca\u201d desarrollado por Jos\u00e9 Alejandro Ram\u00edrez Garz\u00f3n y Duvan Arley Monta\u00f1o Rueda; as\u00ed como \u201cInnovando en el proceso de fabricaci\u00f3n de productos en vitroconcreto: impulsando el emprendimiento verde con ECOINDUSTRIA\u201d a cargo de Wilmer Duv\u00e1n Casta\u00f1eda Plazas y Jhoan Santiago C\u00e9spedes Guti\u00e9rrez.<\/p>\r\n\r\n\r\n\r\n<p style=\"text-align: justify;\">Esta loable participaci\u00f3n refuerza el compromiso de UNIAGRARIA con la promoci\u00f3n de la investigaci\u00f3n formativa en la regi\u00f3n, fortalece el perfil investigativo del programa y contribuye a los pilares institucionales de sostenibilidad, innovaci\u00f3n y transformaci\u00f3n del territorio.<\/p>\r\n\r\n\r\n\r\n<p style=\"text-align: justify;\">Alineados con la filosof\u00eda de RedCOLSI, en UNIAGRARIA creemos firmemente que el arte, la ciencia y la innovaci\u00f3n son motores de cambio capaces de transformar nuestros territorios y construir un futuro mejor para TOD@S.<\/p>\r\n\r\n\r\n\r\n<ul class=\"wp-block-gallery columns-3 is-cropped wp-block-gallery-1 is-layout-flex wp-block-gallery-is-layout-flex\">\r\n<li class=\"blocks-gallery-item\">\r\n<figure><img decoding=\"async\" class=\"wp-image-49803\" src=\"https:\/\/www.uniagraria.edu.co\/wp-content\/uploads\/2025\/05\/EncuentroRegionalDeSemillerosDeInvestigacion-01-1024x768.jpeg\" alt=\"\" data-id=\"49803\" data-link=\"https:\/\/www.uniagraria.edu.co\/encuentroregionaldesemillerosdeinvestigacion-01\/\" \/><\/figure>\r\n<\/li>\r\n<li class=\"blocks-gallery-item\">\r\n<figure><img decoding=\"async\" class=\"wp-image-49806\" src=\"https:\/\/www.uniagraria.edu.co\/wp-content\/uploads\/2025\/05\/EncuentroRegionalDeSemillerosDeInvestigacion-04-1024x768.jpeg\" alt=\"\" data-id=\"49806\" data-link=\"https:\/\/www.uniagraria.edu.co\/encuentroregionaldesemillerosdeinvestigacion-04\/\" \/><\/figure>\r\n<\/li>\r\n<li class=\"blocks-gallery-item\">\r\n<figure><img decoding=\"async\" class=\"wp-image-49805\" src=\"https:\/\/www.uniagraria.edu.co\/wp-content\/uploads\/2025\/05\/EncuentroRegionalDeSemillerosDeInvestigacion-03-768x1024.jpeg\" alt=\"\" data-id=\"49805\" data-link=\"https:\/\/www.uniagraria.edu.co\/encuentroregionaldesemillerosdeinvestigacion-03\/\" \/><\/figure>\r\n<\/li>\r\n<li class=\"blocks-gallery-item\">\r\n<figure><img decoding=\"async\" class=\"wp-image-49804\" src=\"https:\/\/www.uniagraria.edu.co\/wp-content\/uploads\/2025\/05\/EncuentroRegionalDeSemillerosDeInvestigacion-02-768x1024.jpeg\" alt=\"\" data-id=\"49804\" data-link=\"https:\/\/www.uniagraria.edu.co\/encuentroregionaldesemillerosdeinvestigacion-02\/\" \/><\/figure>\r\n<\/li>\r\n<\/ul>\r\n","protected":false},"excerpt":{"rendered":"<p>Direcci\u00f3n de Comunicaciones UNIAGRARIA El jueves 8 de mayo de 2025, el Programa de Ingenier\u00eda Mecatr\u00f3nica de UNIAGRARIA, sede Facatativ\u00e1, tuvo una destacada participaci\u00f3n en el XXIII Encuentro Regional de Semilleros de Investigaci\u00f3n: \u201cArte, Ciencia e Innovaci\u00f3n. Una visi\u00f3n integral para la transformaci\u00f3n de los territorios\u201d, organizado por la Fundaci\u00f3n Red Colombiana de Semilleros de [&hellip;]<\/p>\n","protected":false},"author":8,"featured_media":49806,"comment_status":"closed","ping_status":"closed","sticky":false,"template":"","format":"standard","meta":{"_acf_changed":false,"site-sidebar-layout":"default","site-content-layout":"","ast-site-content-layout":"default","site-content-style":"default","site-sidebar-style":"default","ast-global-header-display":"","ast-banner-title-visibility":"","ast-main-header-display":"","ast-hfb-above-header-display":"","ast-hfb-below-header-display":"","ast-hfb-mobile-header-display":"","site-post-title":"","ast-breadcrumbs-content":"","ast-featured-img":"","footer-sml-layout":"","ast-disable-related-posts":"","theme-transparent-header-meta":"default","adv-header-id-meta":"","stick-header-meta":"default","header-above-stick-meta":"","header-main-stick-meta":"","header-below-stick-meta":"","astra-migrate-meta-layouts":"set","ast-page-background-enabled":"default","ast-page-background-meta":{"desktop":{"background-color":"var(--ast-global-color-4)","background-image":"","background-repeat":"repeat","background-position":"center center","background-size":"auto","background-attachment":"scroll","background-type":"","background-media":"","overlay-type":"","overlay-color":"","overlay-opacity":"","overlay-gradient":""},"tablet":{"background-color":"","background-image":"","background-repeat":"repeat","background-position":"center center","background-size":"auto","background-attachment":"scroll","background-type":"","background-media":"","overlay-type":"","overlay-color":"","overlay-opacity":"","overlay-gradient":""},"mobile":{"background-color":"","background-image":"","background-repeat":"repeat","background-position":"center center","background-size":"auto","background-attachment":"scroll","background-type":"","background-media":"","overlay-type":"","overlay-color":"","overlay-opacity":"","overlay-gradient":""}},"ast-content-background-meta":{"desktop":{"background-color":"var(--ast-global-color-5)","background-image":"","background-repeat":"repeat","background-position":"center center","background-size":"auto","background-attachment":"scroll","background-type":"","background-media":"","overlay-type":"","overlay-color":"","overlay-opacity":"","overlay-gradient":""},"tablet":{"background-color":"var(--ast-global-color-5)","background-image":"","background-repeat":"repeat","background-position":"center center","background-size":"auto","background-attachment":"scroll","background-type":"","background-media":"","overlay-type":"","overlay-color":"","overlay-opacity":"","overlay-gradient":""},"mobile":{"background-color":"var(--ast-global-color-5)","background-image":"","background-repeat":"repeat","background-position":"center center","background-size":"auto","background-attachment":"scroll","background-type":"","background-media":"","overlay-type":"","overlay-color":"","overlay-opacity":"","overlay-gradient":""}},"footnotes":""},"categories":[132],"tags":[39],"class_list":["post-69029","post","type-post","status-publish","format-standard","has-post-thumbnail","hentry","category-noticias-de-ingenieria-mecatronica","tag-ingenieria-mecatronica"],"acf":[],"yoast_head":"<!-- This site is optimized with the Yoast SEO plugin v27.5 - https:\/\/yoast.com\/product\/yoast-seo-wordpress\/ -->\n<title>Ingenier\u00eda Mecatr\u00f3nica Facatativ\u00e1, protagonista en el XXIII Encuentro Regional de Semilleros de Investigaci\u00f3n - UNIAGRARIA<\/title>\n<meta name=\"robots\" content=\"index, follow, max-snippet:-1, max-image-preview:large, max-video-preview:-1\" \/>\n<link rel=\"canonical\" href=\"https:\/\/uniagraria.edu.co\/es\/ingenieria-mecatronica-facatativa-protagonista-en-el-xxiii-encuentro-regional-de-semilleros-de-investigacion\/\" \/>\n<meta property=\"og:locale\" content=\"es_ES\" \/>\n<meta property=\"og:type\" content=\"article\" \/>\n<meta property=\"og:title\" content=\"Ingenier\u00eda Mecatr\u00f3nica Facatativ\u00e1, protagonista en el XXIII Encuentro Regional de Semilleros de Investigaci\u00f3n - UNIAGRARIA\" \/>\n<meta property=\"og:description\" content=\"Direcci\u00f3n de Comunicaciones UNIAGRARIA El jueves 8 de mayo de 2025, el Programa de Ingenier\u00eda Mecatr\u00f3nica de UNIAGRARIA, sede Facatativ\u00e1, tuvo una destacada participaci\u00f3n en el XXIII Encuentro Regional de Semilleros de Investigaci\u00f3n: \u201cArte, Ciencia e Innovaci\u00f3n. Una visi\u00f3n integral para la transformaci\u00f3n de los territorios\u201d, organizado por la Fundaci\u00f3n Red Colombiana de Semilleros de [&hellip;]\" \/>\n<meta property=\"og:url\" content=\"https:\/\/uniagraria.edu.co\/es\/ingenieria-mecatronica-facatativa-protagonista-en-el-xxiii-encuentro-regional-de-semilleros-de-investigacion\/\" \/>\n<meta property=\"og:site_name\" content=\"UNIAGRARIA\" \/>\n<meta property=\"article:publisher\" content=\"https:\/\/www.facebook.com\/uagraria\/?locale=es_LA\" \/>\n<meta property=\"article:published_time\" content=\"2025-05-08T20:56:22+00:00\" \/>\n<meta property=\"article:modified_time\" content=\"2025-05-27T19:15:36+00:00\" \/>\n<meta name=\"author\" content=\"Comunicaciones UNIAGRARIA\" \/>\n<meta name=\"twitter:card\" content=\"summary_large_image\" \/>\n<meta name=\"twitter:creator\" content=\"@UNIAGRARIA\" \/>\n<meta name=\"twitter:site\" content=\"@UNIAGRARIA\" \/>\n<meta name=\"twitter:label1\" content=\"Escrito por\" \/>\n\t<meta name=\"twitter:data1\" content=\"Comunicaciones UNIAGRARIA\" \/>\n\t<meta name=\"twitter:label2\" content=\"Tiempo de lectura\" \/>\n\t<meta name=\"twitter:data2\" content=\"2 minutos\" \/>\n<script type=\"application\/ld+json\" class=\"yoast-schema-graph\">{\"@context\":\"https:\\\/\\\/schema.org\",\"@graph\":[{\"@type\":\"Article\",\"@id\":\"https:\\\/\\\/uniagraria.edu.co\\\/es\\\/ingenieria-mecatronica-facatativa-protagonista-en-el-xxiii-encuentro-regional-de-semilleros-de-investigacion\\\/#article\",\"isPartOf\":{\"@id\":\"https:\\\/\\\/uniagraria.edu.co\\\/es\\\/ingenieria-mecatronica-facatativa-protagonista-en-el-xxiii-encuentro-regional-de-semilleros-de-investigacion\\\/\"},\"author\":{\"name\":\"Comunicaciones UNIAGRARIA\",\"@id\":\"https:\\\/\\\/uniagraria.edu.co\\\/es\\\/#\\\/schema\\\/person\\\/f2ff0c07d9addb88b935755100b8db03\"},\"headline\":\"Ingenier\u00eda Mecatr\u00f3nica Facatativ\u00e1, protagonista en el XXIII Encuentro Regional de Semilleros de Investigaci\u00f3n\",\"datePublished\":\"2025-05-08T20:56:22+00:00\",\"dateModified\":\"2025-05-27T19:15:36+00:00\",\"mainEntityOfPage\":{\"@id\":\"https:\\\/\\\/uniagraria.edu.co\\\/es\\\/ingenieria-mecatronica-facatativa-protagonista-en-el-xxiii-encuentro-regional-de-semilleros-de-investigacion\\\/\"},\"wordCount\":349,\"publisher\":{\"@id\":\"https:\\\/\\\/uniagraria.edu.co\\\/es\\\/#organization\"},\"image\":{\"@id\":\"https:\\\/\\\/uniagraria.edu.co\\\/es\\\/ingenieria-mecatronica-facatativa-protagonista-en-el-xxiii-encuentro-regional-de-semilleros-de-investigacion\\\/#primaryimage\"},\"thumbnailUrl\":\"\",\"keywords\":[\"Ingenier\u00eda Mecatr\u00f3nica\"],\"articleSection\":[\"Noticias de Ingenier\u00eda Mecatr\u00f3nica\"],\"inLanguage\":\"es-CO\"},{\"@type\":\"WebPage\",\"@id\":\"https:\\\/\\\/uniagraria.edu.co\\\/es\\\/ingenieria-mecatronica-facatativa-protagonista-en-el-xxiii-encuentro-regional-de-semilleros-de-investigacion\\\/\",\"url\":\"https:\\\/\\\/uniagraria.edu.co\\\/es\\\/ingenieria-mecatronica-facatativa-protagonista-en-el-xxiii-encuentro-regional-de-semilleros-de-investigacion\\\/\",\"name\":\"Ingenier\u00eda Mecatr\u00f3nica Facatativ\u00e1, protagonista en el XXIII Encuentro Regional de Semilleros de Investigaci\u00f3n - UNIAGRARIA\",\"isPartOf\":{\"@id\":\"https:\\\/\\\/uniagraria.edu.co\\\/es\\\/#website\"},\"primaryImageOfPage\":{\"@id\":\"https:\\\/\\\/uniagraria.edu.co\\\/es\\\/ingenieria-mecatronica-facatativa-protagonista-en-el-xxiii-encuentro-regional-de-semilleros-de-investigacion\\\/#primaryimage\"},\"image\":{\"@id\":\"https:\\\/\\\/uniagraria.edu.co\\\/es\\\/ingenieria-mecatronica-facatativa-protagonista-en-el-xxiii-encuentro-regional-de-semilleros-de-investigacion\\\/#primaryimage\"},\"thumbnailUrl\":\"\",\"datePublished\":\"2025-05-08T20:56:22+00:00\",\"dateModified\":\"2025-05-27T19:15:36+00:00\",\"breadcrumb\":{\"@id\":\"https:\\\/\\\/uniagraria.edu.co\\\/es\\\/ingenieria-mecatronica-facatativa-protagonista-en-el-xxiii-encuentro-regional-de-semilleros-de-investigacion\\\/#breadcrumb\"},\"inLanguage\":\"es-CO\",\"potentialAction\":[{\"@type\":\"ReadAction\",\"target\":[\"https:\\\/\\\/uniagraria.edu.co\\\/es\\\/ingenieria-mecatronica-facatativa-protagonista-en-el-xxiii-encuentro-regional-de-semilleros-de-investigacion\\\/\"]}]},{\"@type\":\"ImageObject\",\"inLanguage\":\"es-CO\",\"@id\":\"https:\\\/\\\/uniagraria.edu.co\\\/es\\\/ingenieria-mecatronica-facatativa-protagonista-en-el-xxiii-encuentro-regional-de-semilleros-de-investigacion\\\/#primaryimage\",\"url\":\"\",\"contentUrl\":\"\"},{\"@type\":\"BreadcrumbList\",\"@id\":\"https:\\\/\\\/uniagraria.edu.co\\\/es\\\/ingenieria-mecatronica-facatativa-protagonista-en-el-xxiii-encuentro-regional-de-semilleros-de-investigacion\\\/#breadcrumb\",\"itemListElement\":[{\"@type\":\"ListItem\",\"position\":1,\"name\":\"Inicio\",\"item\":\"https:\\\/\\\/uniagraria.edu.co\\\/\"},{\"@type\":\"ListItem\",\"position\":2,\"name\":\"Noticias de Ingenier\u00eda Mecatr\u00f3nica\",\"item\":\"https:\\\/\\\/uniagraria.edu.co\\\/es\\\/category\\\/noticias-de-ingenieria-mecatronica\\\/\"},{\"@type\":\"ListItem\",\"position\":3,\"name\":\"Ingenier\u00eda Mecatr\u00f3nica Facatativ\u00e1, protagonista en el XXIII Encuentro Regional de Semilleros de Investigaci\u00f3n\"}]},{\"@type\":\"WebSite\",\"@id\":\"https:\\\/\\\/uniagraria.edu.co\\\/es\\\/#website\",\"url\":\"https:\\\/\\\/uniagraria.edu.co\\\/es\\\/\",\"name\":\"UNIAGRARIA\",\"description\":\"FUNDACION UNIVERSITARIA AGRARIA DE COLOMBIA\",\"publisher\":{\"@id\":\"https:\\\/\\\/uniagraria.edu.co\\\/es\\\/#organization\"},\"potentialAction\":[{\"@type\":\"SearchAction\",\"target\":{\"@type\":\"EntryPoint\",\"urlTemplate\":\"https:\\\/\\\/uniagraria.edu.co\\\/es\\\/?s={search_term_string}\"},\"query-input\":{\"@type\":\"PropertyValueSpecification\",\"valueRequired\":true,\"valueName\":\"search_term_string\"}}],\"inLanguage\":\"es-CO\"},{\"@type\":\"Organization\",\"@id\":\"https:\\\/\\\/uniagraria.edu.co\\\/es\\\/#organization\",\"name\":\"UNIAGRARIA\",\"url\":\"https:\\\/\\\/uniagraria.edu.co\\\/es\\\/\",\"logo\":{\"@type\":\"ImageObject\",\"inLanguage\":\"es-CO\",\"@id\":\"https:\\\/\\\/uniagraria.edu.co\\\/es\\\/#\\\/schema\\\/logo\\\/image\\\/\",\"url\":\"https:\\\/\\\/novawebmaster.com\\\/uniagraria\\\/wp-content\\\/uploads\\\/2025\\\/02\\\/LogoUa2023Vertical.png\",\"contentUrl\":\"https:\\\/\\\/novawebmaster.com\\\/uniagraria\\\/wp-content\\\/uploads\\\/2025\\\/02\\\/LogoUa2023Vertical.png\",\"width\":3300,\"height\":2550,\"caption\":\"UNIAGRARIA\"},\"image\":{\"@id\":\"https:\\\/\\\/uniagraria.edu.co\\\/es\\\/#\\\/schema\\\/logo\\\/image\\\/\"},\"sameAs\":[\"https:\\\/\\\/www.facebook.com\\\/uagraria\\\/?locale=es_LA\",\"https:\\\/\\\/x.com\\\/UNIAGRARIA\",\"https:\\\/\\\/www.instagram.com\\\/uniagraria\\\/profilecard\\\/?igsh=MXI2bTFlMWsxNzNjOA\",\"https:\\\/\\\/www.tiktok.com\\\/discover\\\/uniagraria?lang=es\",\"https:\\\/\\\/www.linkedin.com\\\/school\\\/uniagraria\\\/?originalSubdomain=co\",\"https:\\\/\\\/www.youtube.com\\\/user\\\/UniagrariaUverde?themeRefresh=1\",\"https:\\\/\\\/api.whatsapp.com\\\/send?phone=3134230649\"]},{\"@type\":\"Person\",\"@id\":\"https:\\\/\\\/uniagraria.edu.co\\\/es\\\/#\\\/schema\\\/person\\\/f2ff0c07d9addb88b935755100b8db03\",\"name\":\"Comunicaciones UNIAGRARIA\",\"image\":{\"@type\":\"ImageObject\",\"inLanguage\":\"es-CO\",\"@id\":\"https:\\\/\\\/secure.gravatar.com\\\/avatar\\\/5c34977f632fe7cabe2da5a1818394efca9475d46ad9f02e8eab7fd408884103?s=96&d=mm&r=g\",\"url\":\"https:\\\/\\\/secure.gravatar.com\\\/avatar\\\/5c34977f632fe7cabe2da5a1818394efca9475d46ad9f02e8eab7fd408884103?s=96&d=mm&r=g\",\"contentUrl\":\"https:\\\/\\\/secure.gravatar.com\\\/avatar\\\/5c34977f632fe7cabe2da5a1818394efca9475d46ad9f02e8eab7fd408884103?s=96&d=mm&r=g\",\"caption\":\"Comunicaciones UNIAGRARIA\"},\"url\":\"https:\\\/\\\/uniagraria.edu.co\\\/es\\\/author\\\/4ndr3sf371p3\\\/\"}]}<\/script>\n<!-- \/ Yoast SEO plugin. -->","yoast_head_json":{"title":"Ingenier\u00eda Mecatr\u00f3nica Facatativ\u00e1, protagonista en el XXIII Encuentro Regional de Semilleros de Investigaci\u00f3n - UNIAGRARIA","robots":{"index":"index","follow":"follow","max-snippet":"max-snippet:-1","max-image-preview":"max-image-preview:large","max-video-preview":"max-video-preview:-1"},"canonical":"https:\/\/uniagraria.edu.co\/es\/ingenieria-mecatronica-facatativa-protagonista-en-el-xxiii-encuentro-regional-de-semilleros-de-investigacion\/","og_locale":"es_ES","og_type":"article","og_title":"Ingenier\u00eda Mecatr\u00f3nica Facatativ\u00e1, protagonista en el XXIII Encuentro Regional de Semilleros de Investigaci\u00f3n - UNIAGRARIA","og_description":"Direcci\u00f3n de Comunicaciones UNIAGRARIA El jueves 8 de mayo de 2025, el Programa de Ingenier\u00eda Mecatr\u00f3nica de UNIAGRARIA, sede Facatativ\u00e1, tuvo una destacada participaci\u00f3n en el XXIII Encuentro Regional de Semilleros de Investigaci\u00f3n: \u201cArte, Ciencia e Innovaci\u00f3n. Una visi\u00f3n integral para la transformaci\u00f3n de los territorios\u201d, organizado por la Fundaci\u00f3n Red Colombiana de Semilleros de [&hellip;]","og_url":"https:\/\/uniagraria.edu.co\/es\/ingenieria-mecatronica-facatativa-protagonista-en-el-xxiii-encuentro-regional-de-semilleros-de-investigacion\/","og_site_name":"UNIAGRARIA","article_publisher":"https:\/\/www.facebook.com\/uagraria\/?locale=es_LA","article_published_time":"2025-05-08T20:56:22+00:00","article_modified_time":"2025-05-27T19:15:36+00:00","author":"Comunicaciones UNIAGRARIA","twitter_card":"summary_large_image","twitter_creator":"@UNIAGRARIA","twitter_site":"@UNIAGRARIA","twitter_misc":{"Escrito por":"Comunicaciones UNIAGRARIA","Tiempo de lectura":"2 minutos"},"schema":{"@context":"https:\/\/schema.org","@graph":[{"@type":"Article","@id":"https:\/\/uniagraria.edu.co\/es\/ingenieria-mecatronica-facatativa-protagonista-en-el-xxiii-encuentro-regional-de-semilleros-de-investigacion\/#article","isPartOf":{"@id":"https:\/\/uniagraria.edu.co\/es\/ingenieria-mecatronica-facatativa-protagonista-en-el-xxiii-encuentro-regional-de-semilleros-de-investigacion\/"},"author":{"name":"Comunicaciones UNIAGRARIA","@id":"https:\/\/uniagraria.edu.co\/es\/#\/schema\/person\/f2ff0c07d9addb88b935755100b8db03"},"headline":"Ingenier\u00eda Mecatr\u00f3nica Facatativ\u00e1, protagonista en el XXIII Encuentro Regional de Semilleros de Investigaci\u00f3n","datePublished":"2025-05-08T20:56:22+00:00","dateModified":"2025-05-27T19:15:36+00:00","mainEntityOfPage":{"@id":"https:\/\/uniagraria.edu.co\/es\/ingenieria-mecatronica-facatativa-protagonista-en-el-xxiii-encuentro-regional-de-semilleros-de-investigacion\/"},"wordCount":349,"publisher":{"@id":"https:\/\/uniagraria.edu.co\/es\/#organization"},"image":{"@id":"https:\/\/uniagraria.edu.co\/es\/ingenieria-mecatronica-facatativa-protagonista-en-el-xxiii-encuentro-regional-de-semilleros-de-investigacion\/#primaryimage"},"thumbnailUrl":"","keywords":["Ingenier\u00eda Mecatr\u00f3nica"],"articleSection":["Noticias de Ingenier\u00eda Mecatr\u00f3nica"],"inLanguage":"es-CO"},{"@type":"WebPage","@id":"https:\/\/uniagraria.edu.co\/es\/ingenieria-mecatronica-facatativa-protagonista-en-el-xxiii-encuentro-regional-de-semilleros-de-investigacion\/","url":"https:\/\/uniagraria.edu.co\/es\/ingenieria-mecatronica-facatativa-protagonista-en-el-xxiii-encuentro-regional-de-semilleros-de-investigacion\/","name":"Ingenier\u00eda Mecatr\u00f3nica Facatativ\u00e1, protagonista en el XXIII Encuentro Regional de Semilleros de Investigaci\u00f3n - UNIAGRARIA","isPartOf":{"@id":"https:\/\/uniagraria.edu.co\/es\/#website"},"primaryImageOfPage":{"@id":"https:\/\/uniagraria.edu.co\/es\/ingenieria-mecatronica-facatativa-protagonista-en-el-xxiii-encuentro-regional-de-semilleros-de-investigacion\/#primaryimage"},"image":{"@id":"https:\/\/uniagraria.edu.co\/es\/ingenieria-mecatronica-facatativa-protagonista-en-el-xxiii-encuentro-regional-de-semilleros-de-investigacion\/#primaryimage"},"thumbnailUrl":"","datePublished":"2025-05-08T20:56:22+00:00","dateModified":"2025-05-27T19:15:36+00:00","breadcrumb":{"@id":"https:\/\/uniagraria.edu.co\/es\/ingenieria-mecatronica-facatativa-protagonista-en-el-xxiii-encuentro-regional-de-semilleros-de-investigacion\/#breadcrumb"},"inLanguage":"es-CO","potentialAction":[{"@type":"ReadAction","target":["https:\/\/uniagraria.edu.co\/es\/ingenieria-mecatronica-facatativa-protagonista-en-el-xxiii-encuentro-regional-de-semilleros-de-investigacion\/"]}]},{"@type":"ImageObject","inLanguage":"es-CO","@id":"https:\/\/uniagraria.edu.co\/es\/ingenieria-mecatronica-facatativa-protagonista-en-el-xxiii-encuentro-regional-de-semilleros-de-investigacion\/#primaryimage","url":"","contentUrl":""},{"@type":"BreadcrumbList","@id":"https:\/\/uniagraria.edu.co\/es\/ingenieria-mecatronica-facatativa-protagonista-en-el-xxiii-encuentro-regional-de-semilleros-de-investigacion\/#breadcrumb","itemListElement":[{"@type":"ListItem","position":1,"name":"Inicio","item":"https:\/\/uniagraria.edu.co\/"},{"@type":"ListItem","position":2,"name":"Noticias de Ingenier\u00eda Mecatr\u00f3nica","item":"https:\/\/uniagraria.edu.co\/es\/category\/noticias-de-ingenieria-mecatronica\/"},{"@type":"ListItem","position":3,"name":"Ingenier\u00eda Mecatr\u00f3nica Facatativ\u00e1, protagonista en el XXIII Encuentro Regional de Semilleros de Investigaci\u00f3n"}]},{"@type":"WebSite","@id":"https:\/\/uniagraria.edu.co\/es\/#website","url":"https:\/\/uniagraria.edu.co\/es\/","name":"UNIAGRARIA","description":"FUNDACION UNIVERSITARIA AGRARIA DE COLOMBIA","publisher":{"@id":"https:\/\/uniagraria.edu.co\/es\/#organization"},"potentialAction":[{"@type":"SearchAction","target":{"@type":"EntryPoint","urlTemplate":"https:\/\/uniagraria.edu.co\/es\/?s={search_term_string}"},"query-input":{"@type":"PropertyValueSpecification","valueRequired":true,"valueName":"search_term_string"}}],"inLanguage":"es-CO"},{"@type":"Organization","@id":"https:\/\/uniagraria.edu.co\/es\/#organization","name":"UNIAGRARIA","url":"https:\/\/uniagraria.edu.co\/es\/","logo":{"@type":"ImageObject","inLanguage":"es-CO","@id":"https:\/\/uniagraria.edu.co\/es\/#\/schema\/logo\/image\/","url":"https:\/\/novawebmaster.com\/uniagraria\/wp-content\/uploads\/2025\/02\/LogoUa2023Vertical.png","contentUrl":"https:\/\/novawebmaster.com\/uniagraria\/wp-content\/uploads\/2025\/02\/LogoUa2023Vertical.png","width":3300,"height":2550,"caption":"UNIAGRARIA"},"image":{"@id":"https:\/\/uniagraria.edu.co\/es\/#\/schema\/logo\/image\/"},"sameAs":["https:\/\/www.facebook.com\/uagraria\/?locale=es_LA","https:\/\/x.com\/UNIAGRARIA","https:\/\/www.instagram.com\/uniagraria\/profilecard\/?igsh=MXI2bTFlMWsxNzNjOA","https:\/\/www.tiktok.com\/discover\/uniagraria?lang=es","https:\/\/www.linkedin.com\/school\/uniagraria\/?originalSubdomain=co","https:\/\/www.youtube.com\/user\/UniagrariaUverde?themeRefresh=1","https:\/\/api.whatsapp.com\/send?phone=3134230649"]},{"@type":"Person","@id":"https:\/\/uniagraria.edu.co\/es\/#\/schema\/person\/f2ff0c07d9addb88b935755100b8db03","name":"Comunicaciones UNIAGRARIA","image":{"@type":"ImageObject","inLanguage":"es-CO","@id":"https:\/\/secure.gravatar.com\/avatar\/5c34977f632fe7cabe2da5a1818394efca9475d46ad9f02e8eab7fd408884103?s=96&d=mm&r=g","url":"https:\/\/secure.gravatar.com\/avatar\/5c34977f632fe7cabe2da5a1818394efca9475d46ad9f02e8eab7fd408884103?s=96&d=mm&r=g","contentUrl":"https:\/\/secure.gravatar.com\/avatar\/5c34977f632fe7cabe2da5a1818394efca9475d46ad9f02e8eab7fd408884103?s=96&d=mm&r=g","caption":"Comunicaciones UNIAGRARIA"},"url":"https:\/\/uniagraria.edu.co\/es\/author\/4ndr3sf371p3\/"}]}},"_links":{"self":[{"href":"https:\/\/uniagraria.edu.co\/es\/wp-json\/wp\/v2\/posts\/69029","targetHints":{"allow":["GET"]}}],"collection":[{"href":"https:\/\/uniagraria.edu.co\/es\/wp-json\/wp\/v2\/posts"}],"about":[{"href":"https:\/\/uniagraria.edu.co\/es\/wp-json\/wp\/v2\/types\/post"}],"author":[{"embeddable":true,"href":"https:\/\/uniagraria.edu.co\/es\/wp-json\/wp\/v2\/users\/8"}],"replies":[{"embeddable":true,"href":"https:\/\/uniagraria.edu.co\/es\/wp-json\/wp\/v2\/comments?post=69029"}],"version-history":[{"count":1,"href":"https:\/\/uniagraria.edu.co\/es\/wp-json\/wp\/v2\/posts\/69029\/revisions"}],"predecessor-version":[{"id":70457,"href":"https:\/\/uniagraria.edu.co\/es\/wp-json\/wp\/v2\/posts\/69029\/revisions\/70457"}],"wp:featuredmedia":[{"embeddable":true,"href":"https:\/\/uniagraria.edu.co\/es\/wp-json\/"}],"wp:attachment":[{"href":"https:\/\/uniagraria.edu.co\/es\/wp-json\/wp\/v2\/media?parent=69029"}],"wp:term":[{"taxonomy":"category","embeddable":true,"href":"https:\/\/uniagraria.edu.co\/es\/wp-json\/wp\/v2\/categories?post=69029"},{"taxonomy":"post_tag","embeddable":true,"href":"https:\/\/uniagraria.edu.co\/es\/wp-json\/wp\/v2\/tags?post=69029"}],"curies":[{"name":"wp","href":"https:\/\/api.w.org\/{rel}","templated":true}]}}