{"id":71005,"date":"2025-05-28T11:22:31","date_gmt":"2025-05-28T16:22:31","guid":{"rendered":"https:\/\/novawebmaster.com\/uniagraria\/?p=71005"},"modified":"2025-05-30T13:49:23","modified_gmt":"2025-05-30T18:49:23","slug":"espacios-academicos-verdes-no-49-presencia-diferenciada-del-estado-y-politicas-publicas-inclusivas","status":"publish","type":"post","link":"https:\/\/uniagraria.edu.co\/es\/espacios-academicos-verdes-no-49-presencia-diferenciada-del-estado-y-politicas-publicas-inclusivas\/","title":{"rendered":"Espacios Acad\u00e9micos Verdes No. 49 &#8211; Presencia diferenciada del Estado y pol\u00edticas publicas inclusivas"},"content":{"rendered":"\t\t<div data-elementor-type=\"wp-post\" data-elementor-id=\"71005\" class=\"elementor elementor-71005\" data-elementor-post-type=\"post\">\n\t\t\t\t<div class=\"elementor-element elementor-element-18dda3f e-flex e-con-boxed e-con e-parent\" data-id=\"18dda3f\" data-element_type=\"container\" data-e-type=\"container\">\n\t\t\t\t\t<div class=\"e-con-inner\">\n\t\t\t\t<div class=\"elementor-element elementor-element-2e86b3e elementor-widget elementor-widget-text-editor\" data-id=\"2e86b3e\" data-element_type=\"widget\" data-e-type=\"widget\" data-widget_type=\"text-editor.default\">\n\t\t\t\t<div class=\"elementor-widget-container\">\n\t\t\t\t\t\t\t\t\t<div class=\"uk-grid-collapse uk-margin-small-bottom uk-grid\"><p class=\"uk-width-expand\"><time datetime=\"2024-09-10T00:00:00+00:00\">jueves 29\u00a0 de mayo de 2025<\/time><\/p><div class=\"uk-article-meta\"><div class=\"uk-grid-collapse uk-margin-small-bottom uk-grid\"><p class=\"uk-width-expand\"><em>Hora 2 pm a 4 pm<\/em><\/p><\/div><\/div><div id=\"evento_meta\" class=\"uk-section uk-section-xsmall\"><h4><span style=\"font-size: 14pt;\">M\u00e1s informaci\u00f3n:<\/span><\/h4><div class=\"uk-grid-collapse uk-margin-small-bottom uk-grid\"><dl class=\"uk-description-list uk-width-expand\"><dt>Con\u00e9ctate aqu\u00ed:<\/dt><dd class=\"evento_meta_enlace\"><strong><a href=\"https:\/\/www.facebook.com\/uagraria\" target=\"_blank\" rel=\"noopener noreferrer\">https:\/\/www.facebook.com\/uagraria<\/a><\/strong><\/dd><\/dl><\/div><\/div><\/div>\t\t\t\t\t\t\t\t<\/div>\n\t\t\t\t<\/div>\n\t\t\t\t\t<\/div>\n\t\t\t\t<\/div>\n\t\t<div class=\"elementor-element elementor-element-861902a e-flex e-con-boxed e-con e-parent\" data-id=\"861902a\" data-element_type=\"container\" data-e-type=\"container\">\n\t\t\t\t\t<div class=\"e-con-inner\">\n\t\t<div class=\"elementor-element elementor-element-5ada189 e-con-full e-flex e-con e-child\" data-id=\"5ada189\" data-element_type=\"container\" data-e-type=\"container\">\n\t\t\t\t<div class=\"elementor-element elementor-element-0933c1a elementor-widget__width-initial elementor-widget elementor-widget-image\" data-id=\"0933c1a\" data-element_type=\"widget\" data-e-type=\"widget\" data-widget_type=\"image.default\">\n\t\t\t\t<div class=\"elementor-widget-container\">\n\t\t\t\t\t\t\t\t\t\t\t\t\t\t\t<img fetchpriority=\"high\" decoding=\"async\" width=\"819\" height=\"1024\" src=\"https:\/\/uniagraria.edu.co\/wp-content\/uploads\/2025\/05\/EspaciosAcademicosVerdesNo49-819x1024.png\" class=\"attachment-large size-large wp-image-71004\" alt=\"\" srcset=\"https:\/\/uniagraria.edu.co\/wp-content\/uploads\/2025\/05\/EspaciosAcademicosVerdesNo49-819x1024.png 819w, https:\/\/uniagraria.edu.co\/wp-content\/uploads\/2025\/05\/EspaciosAcademicosVerdesNo49-240x300.png 240w, https:\/\/uniagraria.edu.co\/wp-content\/uploads\/2025\/05\/EspaciosAcademicosVerdesNo49-768x960.png 768w, https:\/\/uniagraria.edu.co\/wp-content\/uploads\/2025\/05\/EspaciosAcademicosVerdesNo49-1229x1536.png 1229w, https:\/\/uniagraria.edu.co\/wp-content\/uploads\/2025\/05\/EspaciosAcademicosVerdesNo49-1638x2048.png 1638w, https:\/\/uniagraria.edu.co\/wp-content\/uploads\/2025\/05\/EspaciosAcademicosVerdesNo49-scaled.png 2048w\" sizes=\"(max-width: 819px) 100vw, 819px\" \/>\t\t\t\t\t\t\t\t\t\t\t\t\t\t\t<\/div>\n\t\t\t\t<\/div>\n\t\t\t\t<\/div>\n\t\t\t\t\t<\/div>\n\t\t\t\t<\/div>\n\t\t\t\t<\/div>\n\t\t","protected":false},"excerpt":{"rendered":"<p>jueves 29\u00a0 de mayo de 2025 Hora 2 pm a 4 pm M\u00e1s informaci\u00f3n: Con\u00e9ctate aqu\u00ed: https:\/\/www.facebook.com\/uagraria<\/p>\n","protected":false},"author":5,"featured_media":71004,"comment_status":"closed","ping_status":"open","sticky":false,"template":"","format":"standard","meta":{"_acf_changed":false,"site-sidebar-layout":"default","site-content-layout":"","ast-site-content-layout":"default","site-content-style":"default","site-sidebar-style":"default","ast-global-header-display":"","ast-banner-title-visibility":"","ast-main-header-display":"","ast-hfb-above-header-display":"","ast-hfb-below-header-display":"","ast-hfb-mobile-header-display":"","site-post-title":"","ast-breadcrumbs-content":"","ast-featured-img":"","footer-sml-layout":"","ast-disable-related-posts":"","theme-transparent-header-meta":"default","adv-header-id-meta":"","stick-header-meta":"default","header-above-stick-meta":"","header-main-stick-meta":"","header-below-stick-meta":"","astra-migrate-meta-layouts":"set","ast-page-background-enabled":"default","ast-page-background-meta":{"desktop":{"background-color":"var(--ast-global-color-4)","background-image":"","background-repeat":"repeat","background-position":"center center","background-size":"auto","background-attachment":"scroll","background-type":"","background-media":"","overlay-type":"","overlay-color":"","overlay-opacity":"","overlay-gradient":""},"tablet":{"background-color":"","background-image":"","background-repeat":"repeat","background-position":"center center","background-size":"auto","background-attachment":"scroll","background-type":"","background-media":"","overlay-type":"","overlay-color":"","overlay-opacity":"","overlay-gradient":""},"mobile":{"background-color":"","background-image":"","background-repeat":"repeat","background-position":"center center","background-size":"auto","background-attachment":"scroll","background-type":"","background-media":"","overlay-type":"","overlay-color":"","overlay-opacity":"","overlay-gradient":""}},"ast-content-background-meta":{"desktop":{"background-color":"var(--ast-global-color-5)","background-image":"","background-repeat":"repeat","background-position":"center center","background-size":"auto","background-attachment":"scroll","background-type":"","background-media":"","overlay-type":"","overlay-color":"","overlay-opacity":"","overlay-gradient":""},"tablet":{"background-color":"var(--ast-global-color-5)","background-image":"","background-repeat":"repeat","background-position":"center center","background-size":"auto","background-attachment":"scroll","background-type":"","background-media":"","overlay-type":"","overlay-color":"","overlay-opacity":"","overlay-gradient":""},"mobile":{"background-color":"var(--ast-global-color-5)","background-image":"","background-repeat":"repeat","background-position":"center center","background-size":"auto","background-attachment":"scroll","background-type":"","background-media":"","overlay-type":"","overlay-color":"","overlay-opacity":"","overlay-gradient":""}},"footnotes":""},"categories":[11],"tags":[20],"class_list":["post-71005","post","type-post","status-publish","format-standard","has-post-thumbnail","hentry","category-events","tag-eventos"],"acf":[],"yoast_head":"<!-- This site is optimized with the Yoast SEO plugin v27.5 - https:\/\/yoast.com\/product\/yoast-seo-wordpress\/ -->\n<title>Espacios Acad\u00e9micos Verdes No. 49 - Presencia diferenciada del Estado y pol\u00edticas publicas inclusivas - UNIAGRARIA<\/title>\n<meta name=\"robots\" content=\"index, follow, max-snippet:-1, max-image-preview:large, max-video-preview:-1\" \/>\n<link rel=\"canonical\" href=\"https:\/\/uniagraria.edu.co\/es\/espacios-academicos-verdes-no-49-presencia-diferenciada-del-estado-y-politicas-publicas-inclusivas\/\" \/>\n<meta property=\"og:locale\" content=\"es_ES\" \/>\n<meta property=\"og:type\" content=\"article\" \/>\n<meta property=\"og:title\" content=\"Espacios Acad\u00e9micos Verdes No. 49 - Presencia diferenciada del Estado y pol\u00edticas publicas inclusivas - UNIAGRARIA\" \/>\n<meta property=\"og:description\" content=\"jueves 29\u00a0 de mayo de 2025 Hora 2 pm a 4 pm M\u00e1s informaci\u00f3n: Con\u00e9ctate aqu\u00ed: https:\/\/www.facebook.com\/uagraria\" \/>\n<meta property=\"og:url\" content=\"https:\/\/uniagraria.edu.co\/es\/espacios-academicos-verdes-no-49-presencia-diferenciada-del-estado-y-politicas-publicas-inclusivas\/\" \/>\n<meta property=\"og:site_name\" content=\"UNIAGRARIA\" \/>\n<meta property=\"article:publisher\" content=\"https:\/\/www.facebook.com\/uagraria\/?locale=es_LA\" \/>\n<meta property=\"article:published_time\" content=\"2025-05-28T16:22:31+00:00\" \/>\n<meta property=\"article:modified_time\" content=\"2025-05-30T18:49:23+00:00\" \/>\n<meta property=\"og:image\" content=\"https:\/\/uniagraria.edu.co\/wp-content\/uploads\/2025\/05\/EspaciosAcademicosVerdesNo49-scaled.png\" \/>\n\t<meta property=\"og:image:width\" content=\"2048\" \/>\n\t<meta property=\"og:image:height\" content=\"2560\" \/>\n\t<meta property=\"og:image:type\" content=\"image\/png\" \/>\n<meta name=\"author\" content=\"Comunicaciones UNIAGRARIA\" \/>\n<meta name=\"twitter:card\" content=\"summary_large_image\" \/>\n<meta name=\"twitter:creator\" content=\"@UNIAGRARIA\" \/>\n<meta name=\"twitter:site\" content=\"@UNIAGRARIA\" \/>\n<meta name=\"twitter:label1\" content=\"Escrito por\" \/>\n\t<meta name=\"twitter:data1\" content=\"Comunicaciones UNIAGRARIA\" \/>\n<script type=\"application\/ld+json\" class=\"yoast-schema-graph\">{\"@context\":\"https:\\\/\\\/schema.org\",\"@graph\":[{\"@type\":\"Article\",\"@id\":\"https:\\\/\\\/uniagraria.edu.co\\\/es\\\/espacios-academicos-verdes-no-49-presencia-diferenciada-del-estado-y-politicas-publicas-inclusivas\\\/#article\",\"isPartOf\":{\"@id\":\"https:\\\/\\\/uniagraria.edu.co\\\/es\\\/espacios-academicos-verdes-no-49-presencia-diferenciada-del-estado-y-politicas-publicas-inclusivas\\\/\"},\"author\":{\"name\":\"Comunicaciones UNIAGRARIA\",\"@id\":\"https:\\\/\\\/uniagraria.edu.co\\\/es\\\/#\\\/schema\\\/person\\\/0e33f5fa0e8c069958129cbe1ddd943f\"},\"headline\":\"Espacios Acad\u00e9micos Verdes No. 49 &#8211; Presencia diferenciada del Estado y pol\u00edticas publicas inclusivas\",\"datePublished\":\"2025-05-28T16:22:31+00:00\",\"dateModified\":\"2025-05-30T18:49:23+00:00\",\"mainEntityOfPage\":{\"@id\":\"https:\\\/\\\/uniagraria.edu.co\\\/es\\\/espacios-academicos-verdes-no-49-presencia-diferenciada-del-estado-y-politicas-publicas-inclusivas\\\/\"},\"wordCount\":35,\"publisher\":{\"@id\":\"https:\\\/\\\/uniagraria.edu.co\\\/es\\\/#organization\"},\"image\":{\"@id\":\"https:\\\/\\\/uniagraria.edu.co\\\/es\\\/espacios-academicos-verdes-no-49-presencia-diferenciada-del-estado-y-politicas-publicas-inclusivas\\\/#primaryimage\"},\"thumbnailUrl\":\"https:\\\/\\\/uniagraria.edu.co\\\/wp-content\\\/uploads\\\/2025\\\/05\\\/EspaciosAcademicosVerdesNo49-scaled.png\",\"keywords\":[\"Ver m\u00e1s Eventos\"],\"articleSection\":[\"Events\"],\"inLanguage\":\"es-CO\"},{\"@type\":\"WebPage\",\"@id\":\"https:\\\/\\\/uniagraria.edu.co\\\/es\\\/espacios-academicos-verdes-no-49-presencia-diferenciada-del-estado-y-politicas-publicas-inclusivas\\\/\",\"url\":\"https:\\\/\\\/uniagraria.edu.co\\\/es\\\/espacios-academicos-verdes-no-49-presencia-diferenciada-del-estado-y-politicas-publicas-inclusivas\\\/\",\"name\":\"Espacios Acad\u00e9micos Verdes No. 49 - Presencia diferenciada del Estado y pol\u00edticas publicas inclusivas - UNIAGRARIA\",\"isPartOf\":{\"@id\":\"https:\\\/\\\/uniagraria.edu.co\\\/es\\\/#website\"},\"primaryImageOfPage\":{\"@id\":\"https:\\\/\\\/uniagraria.edu.co\\\/es\\\/espacios-academicos-verdes-no-49-presencia-diferenciada-del-estado-y-politicas-publicas-inclusivas\\\/#primaryimage\"},\"image\":{\"@id\":\"https:\\\/\\\/uniagraria.edu.co\\\/es\\\/espacios-academicos-verdes-no-49-presencia-diferenciada-del-estado-y-politicas-publicas-inclusivas\\\/#primaryimage\"},\"thumbnailUrl\":\"https:\\\/\\\/uniagraria.edu.co\\\/wp-content\\\/uploads\\\/2025\\\/05\\\/EspaciosAcademicosVerdesNo49-scaled.png\",\"datePublished\":\"2025-05-28T16:22:31+00:00\",\"dateModified\":\"2025-05-30T18:49:23+00:00\",\"breadcrumb\":{\"@id\":\"https:\\\/\\\/uniagraria.edu.co\\\/es\\\/espacios-academicos-verdes-no-49-presencia-diferenciada-del-estado-y-politicas-publicas-inclusivas\\\/#breadcrumb\"},\"inLanguage\":\"es-CO\",\"potentialAction\":[{\"@type\":\"ReadAction\",\"target\":[\"https:\\\/\\\/uniagraria.edu.co\\\/es\\\/espacios-academicos-verdes-no-49-presencia-diferenciada-del-estado-y-politicas-publicas-inclusivas\\\/\"]}]},{\"@type\":\"ImageObject\",\"inLanguage\":\"es-CO\",\"@id\":\"https:\\\/\\\/uniagraria.edu.co\\\/es\\\/espacios-academicos-verdes-no-49-presencia-diferenciada-del-estado-y-politicas-publicas-inclusivas\\\/#primaryimage\",\"url\":\"https:\\\/\\\/uniagraria.edu.co\\\/wp-content\\\/uploads\\\/2025\\\/05\\\/EspaciosAcademicosVerdesNo49-scaled.png\",\"contentUrl\":\"https:\\\/\\\/uniagraria.edu.co\\\/wp-content\\\/uploads\\\/2025\\\/05\\\/EspaciosAcademicosVerdesNo49-scaled.png\",\"width\":2048,\"height\":2560},{\"@type\":\"BreadcrumbList\",\"@id\":\"https:\\\/\\\/uniagraria.edu.co\\\/es\\\/espacios-academicos-verdes-no-49-presencia-diferenciada-del-estado-y-politicas-publicas-inclusivas\\\/#breadcrumb\",\"itemListElement\":[{\"@type\":\"ListItem\",\"position\":1,\"name\":\"Inicio\",\"item\":\"https:\\\/\\\/uniagraria.edu.co\\\/\"},{\"@type\":\"ListItem\",\"position\":2,\"name\":\"Events\",\"item\":\"https:\\\/\\\/uniagraria.edu.co\\\/es\\\/category\\\/events\\\/\"},{\"@type\":\"ListItem\",\"position\":3,\"name\":\"Espacios Acad\u00e9micos Verdes No. 49 &#8211; Presencia diferenciada del Estado y pol\u00edticas publicas inclusivas\"}]},{\"@type\":\"WebSite\",\"@id\":\"https:\\\/\\\/uniagraria.edu.co\\\/es\\\/#website\",\"url\":\"https:\\\/\\\/uniagraria.edu.co\\\/es\\\/\",\"name\":\"UNIAGRARIA\",\"description\":\"FUNDACION UNIVERSITARIA AGRARIA DE COLOMBIA\",\"publisher\":{\"@id\":\"https:\\\/\\\/uniagraria.edu.co\\\/es\\\/#organization\"},\"potentialAction\":[{\"@type\":\"SearchAction\",\"target\":{\"@type\":\"EntryPoint\",\"urlTemplate\":\"https:\\\/\\\/uniagraria.edu.co\\\/es\\\/?s={search_term_string}\"},\"query-input\":{\"@type\":\"PropertyValueSpecification\",\"valueRequired\":true,\"valueName\":\"search_term_string\"}}],\"inLanguage\":\"es-CO\"},{\"@type\":\"Organization\",\"@id\":\"https:\\\/\\\/uniagraria.edu.co\\\/es\\\/#organization\",\"name\":\"UNIAGRARIA\",\"url\":\"https:\\\/\\\/uniagraria.edu.co\\\/es\\\/\",\"logo\":{\"@type\":\"ImageObject\",\"inLanguage\":\"es-CO\",\"@id\":\"https:\\\/\\\/uniagraria.edu.co\\\/es\\\/#\\\/schema\\\/logo\\\/image\\\/\",\"url\":\"https:\\\/\\\/novawebmaster.com\\\/uniagraria\\\/wp-content\\\/uploads\\\/2025\\\/02\\\/LogoUa2023Vertical.png\",\"contentUrl\":\"https:\\\/\\\/novawebmaster.com\\\/uniagraria\\\/wp-content\\\/uploads\\\/2025\\\/02\\\/LogoUa2023Vertical.png\",\"width\":3300,\"height\":2550,\"caption\":\"UNIAGRARIA\"},\"image\":{\"@id\":\"https:\\\/\\\/uniagraria.edu.co\\\/es\\\/#\\\/schema\\\/logo\\\/image\\\/\"},\"sameAs\":[\"https:\\\/\\\/www.facebook.com\\\/uagraria\\\/?locale=es_LA\",\"https:\\\/\\\/x.com\\\/UNIAGRARIA\",\"https:\\\/\\\/www.instagram.com\\\/uniagraria\\\/profilecard\\\/?igsh=MXI2bTFlMWsxNzNjOA\",\"https:\\\/\\\/www.tiktok.com\\\/discover\\\/uniagraria?lang=es\",\"https:\\\/\\\/www.linkedin.com\\\/school\\\/uniagraria\\\/?originalSubdomain=co\",\"https:\\\/\\\/www.youtube.com\\\/user\\\/UniagrariaUverde?themeRefresh=1\",\"https:\\\/\\\/api.whatsapp.com\\\/send?phone=3134230649\"]},{\"@type\":\"Person\",\"@id\":\"https:\\\/\\\/uniagraria.edu.co\\\/es\\\/#\\\/schema\\\/person\\\/0e33f5fa0e8c069958129cbe1ddd943f\",\"name\":\"Comunicaciones UNIAGRARIA\",\"image\":{\"@type\":\"ImageObject\",\"inLanguage\":\"es-CO\",\"@id\":\"https:\\\/\\\/secure.gravatar.com\\\/avatar\\\/f7e7249c4d3d9f8946f23544dbad58c5502cb22fc051cc2363fa7a13b9bc9939?s=96&d=mm&r=g\",\"url\":\"https:\\\/\\\/secure.gravatar.com\\\/avatar\\\/f7e7249c4d3d9f8946f23544dbad58c5502cb22fc051cc2363fa7a13b9bc9939?s=96&d=mm&r=g\",\"contentUrl\":\"https:\\\/\\\/secure.gravatar.com\\\/avatar\\\/f7e7249c4d3d9f8946f23544dbad58c5502cb22fc051cc2363fa7a13b9bc9939?s=96&d=mm&r=g\",\"caption\":\"Comunicaciones UNIAGRARIA\"},\"url\":\"https:\\\/\\\/uniagraria.edu.co\\\/es\\\/author\\\/daniel-castellanos\\\/\"}]}<\/script>\n<!-- \/ Yoast SEO plugin. -->","yoast_head_json":{"title":"Espacios Acad\u00e9micos Verdes No. 49 - Presencia diferenciada del Estado y pol\u00edticas publicas inclusivas - UNIAGRARIA","robots":{"index":"index","follow":"follow","max-snippet":"max-snippet:-1","max-image-preview":"max-image-preview:large","max-video-preview":"max-video-preview:-1"},"canonical":"https:\/\/uniagraria.edu.co\/es\/espacios-academicos-verdes-no-49-presencia-diferenciada-del-estado-y-politicas-publicas-inclusivas\/","og_locale":"es_ES","og_type":"article","og_title":"Espacios Acad\u00e9micos Verdes No. 49 - Presencia diferenciada del Estado y pol\u00edticas publicas inclusivas - UNIAGRARIA","og_description":"jueves 29\u00a0 de mayo de 2025 Hora 2 pm a 4 pm M\u00e1s informaci\u00f3n: Con\u00e9ctate aqu\u00ed: https:\/\/www.facebook.com\/uagraria","og_url":"https:\/\/uniagraria.edu.co\/es\/espacios-academicos-verdes-no-49-presencia-diferenciada-del-estado-y-politicas-publicas-inclusivas\/","og_site_name":"UNIAGRARIA","article_publisher":"https:\/\/www.facebook.com\/uagraria\/?locale=es_LA","article_published_time":"2025-05-28T16:22:31+00:00","article_modified_time":"2025-05-30T18:49:23+00:00","og_image":[{"width":2048,"height":2560,"url":"https:\/\/uniagraria.edu.co\/wp-content\/uploads\/2025\/05\/EspaciosAcademicosVerdesNo49-scaled.png","type":"image\/png"}],"author":"Comunicaciones UNIAGRARIA","twitter_card":"summary_large_image","twitter_creator":"@UNIAGRARIA","twitter_site":"@UNIAGRARIA","twitter_misc":{"Escrito por":"Comunicaciones UNIAGRARIA"},"schema":{"@context":"https:\/\/schema.org","@graph":[{"@type":"Article","@id":"https:\/\/uniagraria.edu.co\/es\/espacios-academicos-verdes-no-49-presencia-diferenciada-del-estado-y-politicas-publicas-inclusivas\/#article","isPartOf":{"@id":"https:\/\/uniagraria.edu.co\/es\/espacios-academicos-verdes-no-49-presencia-diferenciada-del-estado-y-politicas-publicas-inclusivas\/"},"author":{"name":"Comunicaciones UNIAGRARIA","@id":"https:\/\/uniagraria.edu.co\/es\/#\/schema\/person\/0e33f5fa0e8c069958129cbe1ddd943f"},"headline":"Espacios Acad\u00e9micos Verdes No. 49 &#8211; Presencia diferenciada del Estado y pol\u00edticas publicas inclusivas","datePublished":"2025-05-28T16:22:31+00:00","dateModified":"2025-05-30T18:49:23+00:00","mainEntityOfPage":{"@id":"https:\/\/uniagraria.edu.co\/es\/espacios-academicos-verdes-no-49-presencia-diferenciada-del-estado-y-politicas-publicas-inclusivas\/"},"wordCount":35,"publisher":{"@id":"https:\/\/uniagraria.edu.co\/es\/#organization"},"image":{"@id":"https:\/\/uniagraria.edu.co\/es\/espacios-academicos-verdes-no-49-presencia-diferenciada-del-estado-y-politicas-publicas-inclusivas\/#primaryimage"},"thumbnailUrl":"https:\/\/uniagraria.edu.co\/wp-content\/uploads\/2025\/05\/EspaciosAcademicosVerdesNo49-scaled.png","keywords":["Ver m\u00e1s Eventos"],"articleSection":["Events"],"inLanguage":"es-CO"},{"@type":"WebPage","@id":"https:\/\/uniagraria.edu.co\/es\/espacios-academicos-verdes-no-49-presencia-diferenciada-del-estado-y-politicas-publicas-inclusivas\/","url":"https:\/\/uniagraria.edu.co\/es\/espacios-academicos-verdes-no-49-presencia-diferenciada-del-estado-y-politicas-publicas-inclusivas\/","name":"Espacios Acad\u00e9micos Verdes No. 49 - Presencia diferenciada del Estado y pol\u00edticas publicas inclusivas - UNIAGRARIA","isPartOf":{"@id":"https:\/\/uniagraria.edu.co\/es\/#website"},"primaryImageOfPage":{"@id":"https:\/\/uniagraria.edu.co\/es\/espacios-academicos-verdes-no-49-presencia-diferenciada-del-estado-y-politicas-publicas-inclusivas\/#primaryimage"},"image":{"@id":"https:\/\/uniagraria.edu.co\/es\/espacios-academicos-verdes-no-49-presencia-diferenciada-del-estado-y-politicas-publicas-inclusivas\/#primaryimage"},"thumbnailUrl":"https:\/\/uniagraria.edu.co\/wp-content\/uploads\/2025\/05\/EspaciosAcademicosVerdesNo49-scaled.png","datePublished":"2025-05-28T16:22:31+00:00","dateModified":"2025-05-30T18:49:23+00:00","breadcrumb":{"@id":"https:\/\/uniagraria.edu.co\/es\/espacios-academicos-verdes-no-49-presencia-diferenciada-del-estado-y-politicas-publicas-inclusivas\/#breadcrumb"},"inLanguage":"es-CO","potentialAction":[{"@type":"ReadAction","target":["https:\/\/uniagraria.edu.co\/es\/espacios-academicos-verdes-no-49-presencia-diferenciada-del-estado-y-politicas-publicas-inclusivas\/"]}]},{"@type":"ImageObject","inLanguage":"es-CO","@id":"https:\/\/uniagraria.edu.co\/es\/espacios-academicos-verdes-no-49-presencia-diferenciada-del-estado-y-politicas-publicas-inclusivas\/#primaryimage","url":"https:\/\/uniagraria.edu.co\/wp-content\/uploads\/2025\/05\/EspaciosAcademicosVerdesNo49-scaled.png","contentUrl":"https:\/\/uniagraria.edu.co\/wp-content\/uploads\/2025\/05\/EspaciosAcademicosVerdesNo49-scaled.png","width":2048,"height":2560},{"@type":"BreadcrumbList","@id":"https:\/\/uniagraria.edu.co\/es\/espacios-academicos-verdes-no-49-presencia-diferenciada-del-estado-y-politicas-publicas-inclusivas\/#breadcrumb","itemListElement":[{"@type":"ListItem","position":1,"name":"Inicio","item":"https:\/\/uniagraria.edu.co\/"},{"@type":"ListItem","position":2,"name":"Events","item":"https:\/\/uniagraria.edu.co\/es\/category\/events\/"},{"@type":"ListItem","position":3,"name":"Espacios Acad\u00e9micos Verdes No. 49 &#8211; Presencia diferenciada del Estado y pol\u00edticas publicas inclusivas"}]},{"@type":"WebSite","@id":"https:\/\/uniagraria.edu.co\/es\/#website","url":"https:\/\/uniagraria.edu.co\/es\/","name":"UNIAGRARIA","description":"FUNDACION UNIVERSITARIA AGRARIA DE COLOMBIA","publisher":{"@id":"https:\/\/uniagraria.edu.co\/es\/#organization"},"potentialAction":[{"@type":"SearchAction","target":{"@type":"EntryPoint","urlTemplate":"https:\/\/uniagraria.edu.co\/es\/?s={search_term_string}"},"query-input":{"@type":"PropertyValueSpecification","valueRequired":true,"valueName":"search_term_string"}}],"inLanguage":"es-CO"},{"@type":"Organization","@id":"https:\/\/uniagraria.edu.co\/es\/#organization","name":"UNIAGRARIA","url":"https:\/\/uniagraria.edu.co\/es\/","logo":{"@type":"ImageObject","inLanguage":"es-CO","@id":"https:\/\/uniagraria.edu.co\/es\/#\/schema\/logo\/image\/","url":"https:\/\/novawebmaster.com\/uniagraria\/wp-content\/uploads\/2025\/02\/LogoUa2023Vertical.png","contentUrl":"https:\/\/novawebmaster.com\/uniagraria\/wp-content\/uploads\/2025\/02\/LogoUa2023Vertical.png","width":3300,"height":2550,"caption":"UNIAGRARIA"},"image":{"@id":"https:\/\/uniagraria.edu.co\/es\/#\/schema\/logo\/image\/"},"sameAs":["https:\/\/www.facebook.com\/uagraria\/?locale=es_LA","https:\/\/x.com\/UNIAGRARIA","https:\/\/www.instagram.com\/uniagraria\/profilecard\/?igsh=MXI2bTFlMWsxNzNjOA","https:\/\/www.tiktok.com\/discover\/uniagraria?lang=es","https:\/\/www.linkedin.com\/school\/uniagraria\/?originalSubdomain=co","https:\/\/www.youtube.com\/user\/UniagrariaUverde?themeRefresh=1","https:\/\/api.whatsapp.com\/send?phone=3134230649"]},{"@type":"Person","@id":"https:\/\/uniagraria.edu.co\/es\/#\/schema\/person\/0e33f5fa0e8c069958129cbe1ddd943f","name":"Comunicaciones UNIAGRARIA","image":{"@type":"ImageObject","inLanguage":"es-CO","@id":"https:\/\/secure.gravatar.com\/avatar\/f7e7249c4d3d9f8946f23544dbad58c5502cb22fc051cc2363fa7a13b9bc9939?s=96&d=mm&r=g","url":"https:\/\/secure.gravatar.com\/avatar\/f7e7249c4d3d9f8946f23544dbad58c5502cb22fc051cc2363fa7a13b9bc9939?s=96&d=mm&r=g","contentUrl":"https:\/\/secure.gravatar.com\/avatar\/f7e7249c4d3d9f8946f23544dbad58c5502cb22fc051cc2363fa7a13b9bc9939?s=96&d=mm&r=g","caption":"Comunicaciones UNIAGRARIA"},"url":"https:\/\/uniagraria.edu.co\/es\/author\/daniel-castellanos\/"}]}},"_links":{"self":[{"href":"https:\/\/uniagraria.edu.co\/es\/wp-json\/wp\/v2\/posts\/71005","targetHints":{"allow":["GET"]}}],"collection":[{"href":"https:\/\/uniagraria.edu.co\/es\/wp-json\/wp\/v2\/posts"}],"about":[{"href":"https:\/\/uniagraria.edu.co\/es\/wp-json\/wp\/v2\/types\/post"}],"author":[{"embeddable":true,"href":"https:\/\/uniagraria.edu.co\/es\/wp-json\/wp\/v2\/users\/5"}],"replies":[{"embeddable":true,"href":"https:\/\/uniagraria.edu.co\/es\/wp-json\/wp\/v2\/comments?post=71005"}],"version-history":[{"count":25,"href":"https:\/\/uniagraria.edu.co\/es\/wp-json\/wp\/v2\/posts\/71005\/revisions"}],"predecessor-version":[{"id":71227,"href":"https:\/\/uniagraria.edu.co\/es\/wp-json\/wp\/v2\/posts\/71005\/revisions\/71227"}],"wp:featuredmedia":[{"embeddable":true,"href":"https:\/\/uniagraria.edu.co\/es\/wp-json\/wp\/v2\/media\/71004"}],"wp:attachment":[{"href":"https:\/\/uniagraria.edu.co\/es\/wp-json\/wp\/v2\/media?parent=71005"}],"wp:term":[{"taxonomy":"category","embeddable":true,"href":"https:\/\/uniagraria.edu.co\/es\/wp-json\/wp\/v2\/categories?post=71005"},{"taxonomy":"post_tag","embeddable":true,"href":"https:\/\/uniagraria.edu.co\/es\/wp-json\/wp\/v2\/tags?post=71005"}],"curies":[{"name":"wp","href":"https:\/\/api.w.org\/{rel}","templated":true}]}}