{"id":77459,"date":"2025-09-16T12:13:59","date_gmt":"2025-09-16T17:13:59","guid":{"rendered":"https:\/\/novawebmaster.com\/uniagraria\/?p=77459"},"modified":"2025-09-16T12:16:05","modified_gmt":"2025-09-16T17:16:05","slug":"semillero-de-derecho-de-uniagraria-participo-con-ponencia-en-la-cumbre-internacional-de-sostenibilidad-e-innovacion-ambiental","status":"publish","type":"post","link":"https:\/\/uniagraria.edu.co\/es\/semillero-de-derecho-de-uniagraria-participo-con-ponencia-en-la-cumbre-internacional-de-sostenibilidad-e-innovacion-ambiental\/","title":{"rendered":"Semillero de Derecho de UNIAGRARIA particip\u00f3 con ponencia en la Cumbre Internacional de Sostenibilidad e Innovaci\u00f3n Ambiental"},"content":{"rendered":"\t\t<div data-elementor-type=\"wp-post\" data-elementor-id=\"77459\" class=\"elementor elementor-77459\" data-elementor-post-type=\"post\">\n\t\t\t\t<div class=\"elementor-element elementor-element-6c17632c e-flex e-con-boxed e-con e-parent\" data-id=\"6c17632c\" data-element_type=\"container\" data-e-type=\"container\">\n\t\t\t\t\t<div class=\"e-con-inner\">\n\t\t\t\t<div class=\"elementor-element elementor-element-180a424c elementor-widget elementor-widget-text-editor\" data-id=\"180a424c\" data-element_type=\"widget\" data-e-type=\"widget\" data-widget_type=\"text-editor.default\">\n\t\t\t\t<div class=\"elementor-widget-container\">\n\t\t\t\t\t\t\t\t\t<p class=\"uk-container uk-container-xsmall\">Por convocatoria realizada por la CAR Cundinamarca, el semillero Derecho, Ruralidad y Ambiente \u2013 l\u00ednea ambiental fue seleccionado para participar con una ponencia en modalidad p\u00f3ster en la Cumbre Internacional de Sostenibilidad e Innovaci\u00f3n Ambiental, que se llev\u00f3 a cabo los d\u00edas 9, 10 y 11 de septiembre.<\/p>\r\n<p class=\"uk-container uk-container-xsmall\">Este importante logro es resultado del trabajo investigativo y el compromiso de los estudiantes del programa de Derecho, s\u00e9ptimo semestre, quienes bajo la orientaci\u00f3n acad\u00e9mica de la docente Carolina Z\u00fa\u00f1iga Fonseca, asumieron con responsabilidad el reto de aportar a la construcci\u00f3n de conocimiento en torno a la sostenibilidad y la innovaci\u00f3n ambiental.<\/p>\r\n<p class=\"uk-container uk-container-xsmall\">Los estudiantes Andr\u00e9s Hern\u00e1ndez, Samuel Novoa, Leidy S\u00e1nchez, Karen Gonz\u00e1lez y Mar\u00eda Jos\u00e9 P\u00e9rez se destacan como ponentes de p\u00f3ster en este escenario internacional, dejando en alto el nombre de Uniagraria y reafirmando el compromiso institucional con la formaci\u00f3n integral, la investigaci\u00f3n y la proyecci\u00f3n social.<\/p>\r\n<p class=\"uk-container uk-container-xsmall\">Con este reconocimiento, Uniagraria contin\u00faa consolid\u00e1ndose como un referente en temas de sostenibilidad, ruralidad y medio ambiente, fortaleciendo el liderazgo de sus estudiantes en escenarios acad\u00e9micos nacionales e internacionales.<\/p>\t\t\t\t\t\t\t\t<\/div>\n\t\t\t\t<\/div>\n\t\t\t\t\t<\/div>\n\t\t\t\t<\/div>\n\t\t<div class=\"elementor-element elementor-element-83141e6 e-flex e-con-boxed e-con e-parent\" data-id=\"83141e6\" data-element_type=\"container\" data-e-type=\"container\">\n\t\t\t\t\t<div class=\"e-con-inner\">\n\t\t\t\t<div class=\"elementor-element elementor-element-6bb9c2c elementor--h-position-center elementor--v-position-middle elementor-arrows-position-inside elementor-pagination-position-inside elementor-widget elementor-widget-slides\" data-id=\"6bb9c2c\" data-element_type=\"widget\" data-e-type=\"widget\" data-settings=\"{&quot;navigation&quot;:&quot;both&quot;,&quot;autoplay&quot;:&quot;yes&quot;,&quot;pause_on_hover&quot;:&quot;yes&quot;,&quot;pause_on_interaction&quot;:&quot;yes&quot;,&quot;autoplay_speed&quot;:5000,&quot;infinite&quot;:&quot;yes&quot;,&quot;transition&quot;:&quot;slide&quot;,&quot;transition_speed&quot;:500}\" data-widget_type=\"slides.default\">\n\t\t\t\t<div class=\"elementor-widget-container\">\n\t\t\t\t\t\t\t\t\t<div class=\"elementor-swiper\">\n\t\t\t\t\t<div class=\"elementor-slides-wrapper elementor-main-swiper swiper\" role=\"region\" aria-roledescription=\"carousel\" aria-label=\"Slides\" dir=\"ltr\" data-animation=\"fadeInUp\">\n\t\t\t\t<div class=\"swiper-wrapper elementor-slides\">\n\t\t\t\t\t\t\t\t\t\t<div class=\"elementor-repeater-item-fbc7582 swiper-slide\" role=\"group\" aria-roledescription=\"slide\"><div class=\"swiper-slide-bg\" role=\"img\" aria-label=\"CumbreInternacionalDeSostenibilidad-05\"><\/div><div class=\"swiper-slide-inner\" ><div class=\"swiper-slide-contents\"><\/div><\/div><\/div><div class=\"elementor-repeater-item-fd4817e swiper-slide\" role=\"group\" aria-roledescription=\"slide\"><div class=\"swiper-slide-bg\" role=\"img\" aria-label=\"CumbreInternacionalDeSostenibilidad-04\"><\/div><div class=\"swiper-slide-inner\" ><div class=\"swiper-slide-contents\"><\/div><\/div><\/div><div class=\"elementor-repeater-item-451b13a swiper-slide\" role=\"group\" aria-roledescription=\"slide\"><div class=\"swiper-slide-bg\" role=\"img\" aria-label=\"CumbreInternacionalDeSostenibilidad-03\"><\/div><div class=\"swiper-slide-inner\" ><div class=\"swiper-slide-contents\"><\/div><\/div><\/div><div class=\"elementor-repeater-item-f2c4b2d swiper-slide\" role=\"group\" aria-roledescription=\"slide\"><div class=\"swiper-slide-bg\" role=\"img\" aria-label=\"CumbreInternacionalDeSostenibilidad-02\"><\/div><div class=\"swiper-slide-inner\" ><div class=\"swiper-slide-contents\"><\/div><\/div><\/div><div class=\"elementor-repeater-item-6351790 swiper-slide\" role=\"group\" aria-roledescription=\"slide\"><div class=\"swiper-slide-bg\" role=\"img\" aria-label=\"CumbreInternacionalDeSostenibilidad-01\"><\/div><div class=\"swiper-slide-inner\" ><div class=\"swiper-slide-contents\"><\/div><\/div><\/div>\t\t\t\t<\/div>\n\t\t\t\t\t\t\t\t\t\t\t\t\t\t\t<div class=\"elementor-swiper-button elementor-swiper-button-prev\" role=\"button\" tabindex=\"0\" aria-label=\"Diapositiva anterior\">\n\t\t\t\t\t\t\t<svg aria-hidden=\"true\" class=\"e-font-icon-svg e-eicon-chevron-left\" viewBox=\"0 0 1000 1000\" xmlns=\"http:\/\/www.w3.org\/2000\/svg\"><path d=\"M646 125C629 125 613 133 604 142L308 442C296 454 292 471 292 487 292 504 296 521 308 533L604 854C617 867 629 875 646 875 663 875 679 871 692 858 704 846 713 829 713 812 713 796 708 779 692 767L438 487 692 225C700 217 708 204 708 187 708 171 704 154 692 142 675 129 663 125 646 125Z\"><\/path><\/svg>\t\t\t\t\t\t<\/div>\n\t\t\t\t\t\t<div class=\"elementor-swiper-button elementor-swiper-button-next\" role=\"button\" tabindex=\"0\" aria-label=\"Siguiente diapositiva\">\n\t\t\t\t\t\t\t<svg aria-hidden=\"true\" class=\"e-font-icon-svg e-eicon-chevron-right\" viewBox=\"0 0 1000 1000\" xmlns=\"http:\/\/www.w3.org\/2000\/svg\"><path d=\"M696 533C708 521 713 504 713 487 713 471 708 454 696 446L400 146C388 133 375 125 354 125 338 125 325 129 313 142 300 154 292 171 292 187 292 204 296 221 308 233L563 492 304 771C292 783 288 800 288 817 288 833 296 850 308 863 321 871 338 875 354 875 371 875 388 867 400 854L696 533Z\"><\/path><\/svg>\t\t\t\t\t\t<\/div>\n\t\t\t\t\t\t\t\t\t\t\t\t\t\t\t\t<div class=\"swiper-pagination\"><\/div>\n\t\t\t\t\t\t\t\t\t\t\t\t<\/div>\n\t\t\t\t<\/div>\n\t\t\t\t\t\t\t\t<\/div>\n\t\t\t\t<\/div>\n\t\t\t\t\t<\/div>\n\t\t\t\t<\/div>\n\t\t\t\t<\/div>\n\t\t","protected":false},"excerpt":{"rendered":"<p>Por convocatoria realizada por la CAR Cundinamarca, el semillero Derecho, Ruralidad y Ambiente \u2013 l\u00ednea ambiental fue seleccionado para participar con una ponencia en modalidad p\u00f3ster en la Cumbre Internacional de Sostenibilidad e Innovaci\u00f3n Ambiental, que se llev\u00f3 a cabo los d\u00edas 9, 10 y 11 de septiembre. Este importante logro es resultado del trabajo [&hellip;]<\/p>\n","protected":false},"author":5,"featured_media":77458,"comment_status":"closed","ping_status":"open","sticky":false,"template":"","format":"standard","meta":{"_acf_changed":false,"site-sidebar-layout":"default","site-content-layout":"","ast-site-content-layout":"default","site-content-style":"default","site-sidebar-style":"default","ast-global-header-display":"","ast-banner-title-visibility":"","ast-main-header-display":"","ast-hfb-above-header-display":"","ast-hfb-below-header-display":"","ast-hfb-mobile-header-display":"","site-post-title":"","ast-breadcrumbs-content":"","ast-featured-img":"","footer-sml-layout":"","ast-disable-related-posts":"","theme-transparent-header-meta":"default","adv-header-id-meta":"","stick-header-meta":"default","header-above-stick-meta":"","header-main-stick-meta":"","header-below-stick-meta":"","astra-migrate-meta-layouts":"set","ast-page-background-enabled":"default","ast-page-background-meta":{"desktop":{"background-color":"var(--ast-global-color-4)","background-image":"","background-repeat":"repeat","background-position":"center center","background-size":"auto","background-attachment":"scroll","background-type":"","background-media":"","overlay-type":"","overlay-color":"","overlay-opacity":"","overlay-gradient":""},"tablet":{"background-color":"","background-image":"","background-repeat":"repeat","background-position":"center center","background-size":"auto","background-attachment":"scroll","background-type":"","background-media":"","overlay-type":"","overlay-color":"","overlay-opacity":"","overlay-gradient":""},"mobile":{"background-color":"","background-image":"","background-repeat":"repeat","background-position":"center center","background-size":"auto","background-attachment":"scroll","background-type":"","background-media":"","overlay-type":"","overlay-color":"","overlay-opacity":"","overlay-gradient":""}},"ast-content-background-meta":{"desktop":{"background-color":"var(--ast-global-color-5)","background-image":"","background-repeat":"repeat","background-position":"center center","background-size":"auto","background-attachment":"scroll","background-type":"","background-media":"","overlay-type":"","overlay-color":"","overlay-opacity":"","overlay-gradient":""},"tablet":{"background-color":"var(--ast-global-color-5)","background-image":"","background-repeat":"repeat","background-position":"center center","background-size":"auto","background-attachment":"scroll","background-type":"","background-media":"","overlay-type":"","overlay-color":"","overlay-opacity":"","overlay-gradient":""},"mobile":{"background-color":"var(--ast-global-color-5)","background-image":"","background-repeat":"repeat","background-position":"center center","background-size":"auto","background-attachment":"scroll","background-type":"","background-media":"","overlay-type":"","overlay-color":"","overlay-opacity":"","overlay-gradient":""}},"footnotes":""},"categories":[9,35,131],"tags":[],"class_list":["post-77459","post","type-post","status-publish","format-standard","has-post-thumbnail","hentry","category-noticia","category-noticias","category-noticias-de-derecho"],"acf":[],"yoast_head":"<!-- This site is optimized with the Yoast SEO plugin v27.5 - https:\/\/yoast.com\/product\/yoast-seo-wordpress\/ -->\n<title>Semillero de Derecho de UNIAGRARIA particip\u00f3 con ponencia en la Cumbre Internacional de Sostenibilidad e Innovaci\u00f3n Ambiental - UNIAGRARIA<\/title>\n<meta name=\"robots\" content=\"index, follow, max-snippet:-1, max-image-preview:large, max-video-preview:-1\" \/>\n<link rel=\"canonical\" href=\"https:\/\/uniagraria.edu.co\/es\/semillero-de-derecho-de-uniagraria-participo-con-ponencia-en-la-cumbre-internacional-de-sostenibilidad-e-innovacion-ambiental\/\" \/>\n<meta property=\"og:locale\" content=\"es_ES\" \/>\n<meta property=\"og:type\" content=\"article\" \/>\n<meta property=\"og:title\" content=\"Semillero de Derecho de UNIAGRARIA particip\u00f3 con ponencia en la Cumbre Internacional de Sostenibilidad e Innovaci\u00f3n Ambiental - UNIAGRARIA\" \/>\n<meta property=\"og:description\" content=\"Por convocatoria realizada por la CAR Cundinamarca, el semillero Derecho, Ruralidad y Ambiente \u2013 l\u00ednea ambiental fue seleccionado para participar con una ponencia en modalidad p\u00f3ster en la Cumbre Internacional de Sostenibilidad e Innovaci\u00f3n Ambiental, que se llev\u00f3 a cabo los d\u00edas 9, 10 y 11 de septiembre. Este importante logro es resultado del trabajo [&hellip;]\" \/>\n<meta property=\"og:url\" content=\"https:\/\/uniagraria.edu.co\/es\/semillero-de-derecho-de-uniagraria-participo-con-ponencia-en-la-cumbre-internacional-de-sostenibilidad-e-innovacion-ambiental\/\" \/>\n<meta property=\"og:site_name\" content=\"UNIAGRARIA\" \/>\n<meta property=\"article:publisher\" content=\"https:\/\/www.facebook.com\/uagraria\/?locale=es_LA\" \/>\n<meta property=\"article:published_time\" content=\"2025-09-16T17:13:59+00:00\" \/>\n<meta property=\"article:modified_time\" content=\"2025-09-16T17:16:05+00:00\" \/>\n<meta property=\"og:image\" content=\"https:\/\/uniagraria.edu.co\/wp-content\/uploads\/2025\/09\/CumbreInternacionalDeSostenibilidad-05.jpeg\" \/>\n\t<meta property=\"og:image:width\" content=\"768\" \/>\n\t<meta property=\"og:image:height\" content=\"1024\" \/>\n\t<meta property=\"og:image:type\" content=\"image\/jpeg\" \/>\n<meta name=\"author\" content=\"Comunicaciones UNIAGRARIA\" \/>\n<meta name=\"twitter:card\" content=\"summary_large_image\" \/>\n<meta name=\"twitter:creator\" content=\"@UNIAGRARIA\" \/>\n<meta name=\"twitter:site\" content=\"@UNIAGRARIA\" \/>\n<meta name=\"twitter:label1\" content=\"Escrito por\" \/>\n\t<meta name=\"twitter:data1\" content=\"Comunicaciones UNIAGRARIA\" \/>\n\t<meta name=\"twitter:label2\" content=\"Tiempo de lectura\" \/>\n\t<meta name=\"twitter:data2\" content=\"1 minuto\" \/>\n<script type=\"application\/ld+json\" class=\"yoast-schema-graph\">{\"@context\":\"https:\\\/\\\/schema.org\",\"@graph\":[{\"@type\":\"Article\",\"@id\":\"https:\\\/\\\/uniagraria.edu.co\\\/es\\\/semillero-de-derecho-de-uniagraria-participo-con-ponencia-en-la-cumbre-internacional-de-sostenibilidad-e-innovacion-ambiental\\\/#article\",\"isPartOf\":{\"@id\":\"https:\\\/\\\/uniagraria.edu.co\\\/es\\\/semillero-de-derecho-de-uniagraria-participo-con-ponencia-en-la-cumbre-internacional-de-sostenibilidad-e-innovacion-ambiental\\\/\"},\"author\":{\"name\":\"Comunicaciones UNIAGRARIA\",\"@id\":\"https:\\\/\\\/uniagraria.edu.co\\\/es\\\/#\\\/schema\\\/person\\\/0e33f5fa0e8c069958129cbe1ddd943f\"},\"headline\":\"Semillero de Derecho de UNIAGRARIA particip\u00f3 con ponencia en la Cumbre Internacional de Sostenibilidad e Innovaci\u00f3n Ambiental\",\"datePublished\":\"2025-09-16T17:13:59+00:00\",\"dateModified\":\"2025-09-16T17:16:05+00:00\",\"mainEntityOfPage\":{\"@id\":\"https:\\\/\\\/uniagraria.edu.co\\\/es\\\/semillero-de-derecho-de-uniagraria-participo-con-ponencia-en-la-cumbre-internacional-de-sostenibilidad-e-innovacion-ambiental\\\/\"},\"wordCount\":212,\"publisher\":{\"@id\":\"https:\\\/\\\/uniagraria.edu.co\\\/es\\\/#organization\"},\"image\":{\"@id\":\"https:\\\/\\\/uniagraria.edu.co\\\/es\\\/semillero-de-derecho-de-uniagraria-participo-con-ponencia-en-la-cumbre-internacional-de-sostenibilidad-e-innovacion-ambiental\\\/#primaryimage\"},\"thumbnailUrl\":\"https:\\\/\\\/uniagraria.edu.co\\\/wp-content\\\/uploads\\\/2025\\\/09\\\/CumbreInternacionalDeSostenibilidad-05.jpeg\",\"articleSection\":[\"Noticia\",\"Noticias\",\"Noticias de Derecho\"],\"inLanguage\":\"es-CO\"},{\"@type\":\"WebPage\",\"@id\":\"https:\\\/\\\/uniagraria.edu.co\\\/es\\\/semillero-de-derecho-de-uniagraria-participo-con-ponencia-en-la-cumbre-internacional-de-sostenibilidad-e-innovacion-ambiental\\\/\",\"url\":\"https:\\\/\\\/uniagraria.edu.co\\\/es\\\/semillero-de-derecho-de-uniagraria-participo-con-ponencia-en-la-cumbre-internacional-de-sostenibilidad-e-innovacion-ambiental\\\/\",\"name\":\"Semillero de Derecho de UNIAGRARIA particip\u00f3 con ponencia en la Cumbre Internacional de Sostenibilidad e Innovaci\u00f3n Ambiental - UNIAGRARIA\",\"isPartOf\":{\"@id\":\"https:\\\/\\\/uniagraria.edu.co\\\/es\\\/#website\"},\"primaryImageOfPage\":{\"@id\":\"https:\\\/\\\/uniagraria.edu.co\\\/es\\\/semillero-de-derecho-de-uniagraria-participo-con-ponencia-en-la-cumbre-internacional-de-sostenibilidad-e-innovacion-ambiental\\\/#primaryimage\"},\"image\":{\"@id\":\"https:\\\/\\\/uniagraria.edu.co\\\/es\\\/semillero-de-derecho-de-uniagraria-participo-con-ponencia-en-la-cumbre-internacional-de-sostenibilidad-e-innovacion-ambiental\\\/#primaryimage\"},\"thumbnailUrl\":\"https:\\\/\\\/uniagraria.edu.co\\\/wp-content\\\/uploads\\\/2025\\\/09\\\/CumbreInternacionalDeSostenibilidad-05.jpeg\",\"datePublished\":\"2025-09-16T17:13:59+00:00\",\"dateModified\":\"2025-09-16T17:16:05+00:00\",\"breadcrumb\":{\"@id\":\"https:\\\/\\\/uniagraria.edu.co\\\/es\\\/semillero-de-derecho-de-uniagraria-participo-con-ponencia-en-la-cumbre-internacional-de-sostenibilidad-e-innovacion-ambiental\\\/#breadcrumb\"},\"inLanguage\":\"es-CO\",\"potentialAction\":[{\"@type\":\"ReadAction\",\"target\":[\"https:\\\/\\\/uniagraria.edu.co\\\/es\\\/semillero-de-derecho-de-uniagraria-participo-con-ponencia-en-la-cumbre-internacional-de-sostenibilidad-e-innovacion-ambiental\\\/\"]}]},{\"@type\":\"ImageObject\",\"inLanguage\":\"es-CO\",\"@id\":\"https:\\\/\\\/uniagraria.edu.co\\\/es\\\/semillero-de-derecho-de-uniagraria-participo-con-ponencia-en-la-cumbre-internacional-de-sostenibilidad-e-innovacion-ambiental\\\/#primaryimage\",\"url\":\"https:\\\/\\\/uniagraria.edu.co\\\/wp-content\\\/uploads\\\/2025\\\/09\\\/CumbreInternacionalDeSostenibilidad-05.jpeg\",\"contentUrl\":\"https:\\\/\\\/uniagraria.edu.co\\\/wp-content\\\/uploads\\\/2025\\\/09\\\/CumbreInternacionalDeSostenibilidad-05.jpeg\",\"width\":768,\"height\":1024},{\"@type\":\"BreadcrumbList\",\"@id\":\"https:\\\/\\\/uniagraria.edu.co\\\/es\\\/semillero-de-derecho-de-uniagraria-participo-con-ponencia-en-la-cumbre-internacional-de-sostenibilidad-e-innovacion-ambiental\\\/#breadcrumb\",\"itemListElement\":[{\"@type\":\"ListItem\",\"position\":1,\"name\":\"Inicio\",\"item\":\"https:\\\/\\\/uniagraria.edu.co\\\/\"},{\"@type\":\"ListItem\",\"position\":2,\"name\":\"Noticia\",\"item\":\"https:\\\/\\\/uniagraria.edu.co\\\/es\\\/category\\\/noticia\\\/\"},{\"@type\":\"ListItem\",\"position\":3,\"name\":\"Semillero de Derecho de UNIAGRARIA particip\u00f3 con ponencia en la Cumbre Internacional de Sostenibilidad e Innovaci\u00f3n Ambiental\"}]},{\"@type\":\"WebSite\",\"@id\":\"https:\\\/\\\/uniagraria.edu.co\\\/es\\\/#website\",\"url\":\"https:\\\/\\\/uniagraria.edu.co\\\/es\\\/\",\"name\":\"UNIAGRARIA\",\"description\":\"FUNDACION UNIVERSITARIA AGRARIA DE COLOMBIA\",\"publisher\":{\"@id\":\"https:\\\/\\\/uniagraria.edu.co\\\/es\\\/#organization\"},\"potentialAction\":[{\"@type\":\"SearchAction\",\"target\":{\"@type\":\"EntryPoint\",\"urlTemplate\":\"https:\\\/\\\/uniagraria.edu.co\\\/es\\\/?s={search_term_string}\"},\"query-input\":{\"@type\":\"PropertyValueSpecification\",\"valueRequired\":true,\"valueName\":\"search_term_string\"}}],\"inLanguage\":\"es-CO\"},{\"@type\":\"Organization\",\"@id\":\"https:\\\/\\\/uniagraria.edu.co\\\/es\\\/#organization\",\"name\":\"UNIAGRARIA\",\"url\":\"https:\\\/\\\/uniagraria.edu.co\\\/es\\\/\",\"logo\":{\"@type\":\"ImageObject\",\"inLanguage\":\"es-CO\",\"@id\":\"https:\\\/\\\/uniagraria.edu.co\\\/es\\\/#\\\/schema\\\/logo\\\/image\\\/\",\"url\":\"https:\\\/\\\/novawebmaster.com\\\/uniagraria\\\/wp-content\\\/uploads\\\/2025\\\/02\\\/LogoUa2023Vertical.png\",\"contentUrl\":\"https:\\\/\\\/novawebmaster.com\\\/uniagraria\\\/wp-content\\\/uploads\\\/2025\\\/02\\\/LogoUa2023Vertical.png\",\"width\":3300,\"height\":2550,\"caption\":\"UNIAGRARIA\"},\"image\":{\"@id\":\"https:\\\/\\\/uniagraria.edu.co\\\/es\\\/#\\\/schema\\\/logo\\\/image\\\/\"},\"sameAs\":[\"https:\\\/\\\/www.facebook.com\\\/uagraria\\\/?locale=es_LA\",\"https:\\\/\\\/x.com\\\/UNIAGRARIA\",\"https:\\\/\\\/www.instagram.com\\\/uniagraria\\\/profilecard\\\/?igsh=MXI2bTFlMWsxNzNjOA\",\"https:\\\/\\\/www.tiktok.com\\\/discover\\\/uniagraria?lang=es\",\"https:\\\/\\\/www.linkedin.com\\\/school\\\/uniagraria\\\/?originalSubdomain=co\",\"https:\\\/\\\/www.youtube.com\\\/user\\\/UniagrariaUverde?themeRefresh=1\",\"https:\\\/\\\/api.whatsapp.com\\\/send?phone=3134230649\"]},{\"@type\":\"Person\",\"@id\":\"https:\\\/\\\/uniagraria.edu.co\\\/es\\\/#\\\/schema\\\/person\\\/0e33f5fa0e8c069958129cbe1ddd943f\",\"name\":\"Comunicaciones UNIAGRARIA\",\"image\":{\"@type\":\"ImageObject\",\"inLanguage\":\"es-CO\",\"@id\":\"https:\\\/\\\/secure.gravatar.com\\\/avatar\\\/f7e7249c4d3d9f8946f23544dbad58c5502cb22fc051cc2363fa7a13b9bc9939?s=96&d=mm&r=g\",\"url\":\"https:\\\/\\\/secure.gravatar.com\\\/avatar\\\/f7e7249c4d3d9f8946f23544dbad58c5502cb22fc051cc2363fa7a13b9bc9939?s=96&d=mm&r=g\",\"contentUrl\":\"https:\\\/\\\/secure.gravatar.com\\\/avatar\\\/f7e7249c4d3d9f8946f23544dbad58c5502cb22fc051cc2363fa7a13b9bc9939?s=96&d=mm&r=g\",\"caption\":\"Comunicaciones UNIAGRARIA\"},\"url\":\"https:\\\/\\\/uniagraria.edu.co\\\/es\\\/author\\\/daniel-castellanos\\\/\"}]}<\/script>\n<!-- \/ Yoast SEO plugin. -->","yoast_head_json":{"title":"Semillero de Derecho de UNIAGRARIA particip\u00f3 con ponencia en la Cumbre Internacional de Sostenibilidad e Innovaci\u00f3n Ambiental - UNIAGRARIA","robots":{"index":"index","follow":"follow","max-snippet":"max-snippet:-1","max-image-preview":"max-image-preview:large","max-video-preview":"max-video-preview:-1"},"canonical":"https:\/\/uniagraria.edu.co\/es\/semillero-de-derecho-de-uniagraria-participo-con-ponencia-en-la-cumbre-internacional-de-sostenibilidad-e-innovacion-ambiental\/","og_locale":"es_ES","og_type":"article","og_title":"Semillero de Derecho de UNIAGRARIA particip\u00f3 con ponencia en la Cumbre Internacional de Sostenibilidad e Innovaci\u00f3n Ambiental - UNIAGRARIA","og_description":"Por convocatoria realizada por la CAR Cundinamarca, el semillero Derecho, Ruralidad y Ambiente \u2013 l\u00ednea ambiental fue seleccionado para participar con una ponencia en modalidad p\u00f3ster en la Cumbre Internacional de Sostenibilidad e Innovaci\u00f3n Ambiental, que se llev\u00f3 a cabo los d\u00edas 9, 10 y 11 de septiembre. Este importante logro es resultado del trabajo [&hellip;]","og_url":"https:\/\/uniagraria.edu.co\/es\/semillero-de-derecho-de-uniagraria-participo-con-ponencia-en-la-cumbre-internacional-de-sostenibilidad-e-innovacion-ambiental\/","og_site_name":"UNIAGRARIA","article_publisher":"https:\/\/www.facebook.com\/uagraria\/?locale=es_LA","article_published_time":"2025-09-16T17:13:59+00:00","article_modified_time":"2025-09-16T17:16:05+00:00","og_image":[{"width":768,"height":1024,"url":"https:\/\/uniagraria.edu.co\/wp-content\/uploads\/2025\/09\/CumbreInternacionalDeSostenibilidad-05.jpeg","type":"image\/jpeg"}],"author":"Comunicaciones UNIAGRARIA","twitter_card":"summary_large_image","twitter_creator":"@UNIAGRARIA","twitter_site":"@UNIAGRARIA","twitter_misc":{"Escrito por":"Comunicaciones UNIAGRARIA","Tiempo de lectura":"1 minuto"},"schema":{"@context":"https:\/\/schema.org","@graph":[{"@type":"Article","@id":"https:\/\/uniagraria.edu.co\/es\/semillero-de-derecho-de-uniagraria-participo-con-ponencia-en-la-cumbre-internacional-de-sostenibilidad-e-innovacion-ambiental\/#article","isPartOf":{"@id":"https:\/\/uniagraria.edu.co\/es\/semillero-de-derecho-de-uniagraria-participo-con-ponencia-en-la-cumbre-internacional-de-sostenibilidad-e-innovacion-ambiental\/"},"author":{"name":"Comunicaciones UNIAGRARIA","@id":"https:\/\/uniagraria.edu.co\/es\/#\/schema\/person\/0e33f5fa0e8c069958129cbe1ddd943f"},"headline":"Semillero de Derecho de UNIAGRARIA particip\u00f3 con ponencia en la Cumbre Internacional de Sostenibilidad e Innovaci\u00f3n Ambiental","datePublished":"2025-09-16T17:13:59+00:00","dateModified":"2025-09-16T17:16:05+00:00","mainEntityOfPage":{"@id":"https:\/\/uniagraria.edu.co\/es\/semillero-de-derecho-de-uniagraria-participo-con-ponencia-en-la-cumbre-internacional-de-sostenibilidad-e-innovacion-ambiental\/"},"wordCount":212,"publisher":{"@id":"https:\/\/uniagraria.edu.co\/es\/#organization"},"image":{"@id":"https:\/\/uniagraria.edu.co\/es\/semillero-de-derecho-de-uniagraria-participo-con-ponencia-en-la-cumbre-internacional-de-sostenibilidad-e-innovacion-ambiental\/#primaryimage"},"thumbnailUrl":"https:\/\/uniagraria.edu.co\/wp-content\/uploads\/2025\/09\/CumbreInternacionalDeSostenibilidad-05.jpeg","articleSection":["Noticia","Noticias","Noticias de Derecho"],"inLanguage":"es-CO"},{"@type":"WebPage","@id":"https:\/\/uniagraria.edu.co\/es\/semillero-de-derecho-de-uniagraria-participo-con-ponencia-en-la-cumbre-internacional-de-sostenibilidad-e-innovacion-ambiental\/","url":"https:\/\/uniagraria.edu.co\/es\/semillero-de-derecho-de-uniagraria-participo-con-ponencia-en-la-cumbre-internacional-de-sostenibilidad-e-innovacion-ambiental\/","name":"Semillero de Derecho de UNIAGRARIA particip\u00f3 con ponencia en la Cumbre Internacional de Sostenibilidad e Innovaci\u00f3n Ambiental - UNIAGRARIA","isPartOf":{"@id":"https:\/\/uniagraria.edu.co\/es\/#website"},"primaryImageOfPage":{"@id":"https:\/\/uniagraria.edu.co\/es\/semillero-de-derecho-de-uniagraria-participo-con-ponencia-en-la-cumbre-internacional-de-sostenibilidad-e-innovacion-ambiental\/#primaryimage"},"image":{"@id":"https:\/\/uniagraria.edu.co\/es\/semillero-de-derecho-de-uniagraria-participo-con-ponencia-en-la-cumbre-internacional-de-sostenibilidad-e-innovacion-ambiental\/#primaryimage"},"thumbnailUrl":"https:\/\/uniagraria.edu.co\/wp-content\/uploads\/2025\/09\/CumbreInternacionalDeSostenibilidad-05.jpeg","datePublished":"2025-09-16T17:13:59+00:00","dateModified":"2025-09-16T17:16:05+00:00","breadcrumb":{"@id":"https:\/\/uniagraria.edu.co\/es\/semillero-de-derecho-de-uniagraria-participo-con-ponencia-en-la-cumbre-internacional-de-sostenibilidad-e-innovacion-ambiental\/#breadcrumb"},"inLanguage":"es-CO","potentialAction":[{"@type":"ReadAction","target":["https:\/\/uniagraria.edu.co\/es\/semillero-de-derecho-de-uniagraria-participo-con-ponencia-en-la-cumbre-internacional-de-sostenibilidad-e-innovacion-ambiental\/"]}]},{"@type":"ImageObject","inLanguage":"es-CO","@id":"https:\/\/uniagraria.edu.co\/es\/semillero-de-derecho-de-uniagraria-participo-con-ponencia-en-la-cumbre-internacional-de-sostenibilidad-e-innovacion-ambiental\/#primaryimage","url":"https:\/\/uniagraria.edu.co\/wp-content\/uploads\/2025\/09\/CumbreInternacionalDeSostenibilidad-05.jpeg","contentUrl":"https:\/\/uniagraria.edu.co\/wp-content\/uploads\/2025\/09\/CumbreInternacionalDeSostenibilidad-05.jpeg","width":768,"height":1024},{"@type":"BreadcrumbList","@id":"https:\/\/uniagraria.edu.co\/es\/semillero-de-derecho-de-uniagraria-participo-con-ponencia-en-la-cumbre-internacional-de-sostenibilidad-e-innovacion-ambiental\/#breadcrumb","itemListElement":[{"@type":"ListItem","position":1,"name":"Inicio","item":"https:\/\/uniagraria.edu.co\/"},{"@type":"ListItem","position":2,"name":"Noticia","item":"https:\/\/uniagraria.edu.co\/es\/category\/noticia\/"},{"@type":"ListItem","position":3,"name":"Semillero de Derecho de UNIAGRARIA particip\u00f3 con ponencia en la Cumbre Internacional de Sostenibilidad e Innovaci\u00f3n Ambiental"}]},{"@type":"WebSite","@id":"https:\/\/uniagraria.edu.co\/es\/#website","url":"https:\/\/uniagraria.edu.co\/es\/","name":"UNIAGRARIA","description":"FUNDACION UNIVERSITARIA AGRARIA DE COLOMBIA","publisher":{"@id":"https:\/\/uniagraria.edu.co\/es\/#organization"},"potentialAction":[{"@type":"SearchAction","target":{"@type":"EntryPoint","urlTemplate":"https:\/\/uniagraria.edu.co\/es\/?s={search_term_string}"},"query-input":{"@type":"PropertyValueSpecification","valueRequired":true,"valueName":"search_term_string"}}],"inLanguage":"es-CO"},{"@type":"Organization","@id":"https:\/\/uniagraria.edu.co\/es\/#organization","name":"UNIAGRARIA","url":"https:\/\/uniagraria.edu.co\/es\/","logo":{"@type":"ImageObject","inLanguage":"es-CO","@id":"https:\/\/uniagraria.edu.co\/es\/#\/schema\/logo\/image\/","url":"https:\/\/novawebmaster.com\/uniagraria\/wp-content\/uploads\/2025\/02\/LogoUa2023Vertical.png","contentUrl":"https:\/\/novawebmaster.com\/uniagraria\/wp-content\/uploads\/2025\/02\/LogoUa2023Vertical.png","width":3300,"height":2550,"caption":"UNIAGRARIA"},"image":{"@id":"https:\/\/uniagraria.edu.co\/es\/#\/schema\/logo\/image\/"},"sameAs":["https:\/\/www.facebook.com\/uagraria\/?locale=es_LA","https:\/\/x.com\/UNIAGRARIA","https:\/\/www.instagram.com\/uniagraria\/profilecard\/?igsh=MXI2bTFlMWsxNzNjOA","https:\/\/www.tiktok.com\/discover\/uniagraria?lang=es","https:\/\/www.linkedin.com\/school\/uniagraria\/?originalSubdomain=co","https:\/\/www.youtube.com\/user\/UniagrariaUverde?themeRefresh=1","https:\/\/api.whatsapp.com\/send?phone=3134230649"]},{"@type":"Person","@id":"https:\/\/uniagraria.edu.co\/es\/#\/schema\/person\/0e33f5fa0e8c069958129cbe1ddd943f","name":"Comunicaciones UNIAGRARIA","image":{"@type":"ImageObject","inLanguage":"es-CO","@id":"https:\/\/secure.gravatar.com\/avatar\/f7e7249c4d3d9f8946f23544dbad58c5502cb22fc051cc2363fa7a13b9bc9939?s=96&d=mm&r=g","url":"https:\/\/secure.gravatar.com\/avatar\/f7e7249c4d3d9f8946f23544dbad58c5502cb22fc051cc2363fa7a13b9bc9939?s=96&d=mm&r=g","contentUrl":"https:\/\/secure.gravatar.com\/avatar\/f7e7249c4d3d9f8946f23544dbad58c5502cb22fc051cc2363fa7a13b9bc9939?s=96&d=mm&r=g","caption":"Comunicaciones UNIAGRARIA"},"url":"https:\/\/uniagraria.edu.co\/es\/author\/daniel-castellanos\/"}]}},"_links":{"self":[{"href":"https:\/\/uniagraria.edu.co\/es\/wp-json\/wp\/v2\/posts\/77459","targetHints":{"allow":["GET"]}}],"collection":[{"href":"https:\/\/uniagraria.edu.co\/es\/wp-json\/wp\/v2\/posts"}],"about":[{"href":"https:\/\/uniagraria.edu.co\/es\/wp-json\/wp\/v2\/types\/post"}],"author":[{"embeddable":true,"href":"https:\/\/uniagraria.edu.co\/es\/wp-json\/wp\/v2\/users\/5"}],"replies":[{"embeddable":true,"href":"https:\/\/uniagraria.edu.co\/es\/wp-json\/wp\/v2\/comments?post=77459"}],"version-history":[{"count":7,"href":"https:\/\/uniagraria.edu.co\/es\/wp-json\/wp\/v2\/posts\/77459\/revisions"}],"predecessor-version":[{"id":77466,"href":"https:\/\/uniagraria.edu.co\/es\/wp-json\/wp\/v2\/posts\/77459\/revisions\/77466"}],"wp:featuredmedia":[{"embeddable":true,"href":"https:\/\/uniagraria.edu.co\/es\/wp-json\/wp\/v2\/media\/77458"}],"wp:attachment":[{"href":"https:\/\/uniagraria.edu.co\/es\/wp-json\/wp\/v2\/media?parent=77459"}],"wp:term":[{"taxonomy":"category","embeddable":true,"href":"https:\/\/uniagraria.edu.co\/es\/wp-json\/wp\/v2\/categories?post=77459"},{"taxonomy":"post_tag","embeddable":true,"href":"https:\/\/uniagraria.edu.co\/es\/wp-json\/wp\/v2\/tags?post=77459"}],"curies":[{"name":"wp","href":"https:\/\/api.w.org\/{rel}","templated":true}]}}