{"id":82709,"date":"2026-03-06T15:13:33","date_gmt":"2026-03-06T20:13:33","guid":{"rendered":"https:\/\/uniagraria.edu.co\/?p=82709"},"modified":"2026-03-09T08:00:42","modified_gmt":"2026-03-09T13:00:42","slug":"ingenieria-industrial-y-la-especializacion-en-seguridad-industrial-higiene-y-gestion-ambiental-de-uniagraria-presentes-en-el-evento-vive-la-innovacion-educacion-con-futuro","status":"publish","type":"post","link":"https:\/\/uniagraria.edu.co\/es\/ingenieria-industrial-y-la-especializacion-en-seguridad-industrial-higiene-y-gestion-ambiental-de-uniagraria-presentes-en-el-evento-vive-la-innovacion-educacion-con-futuro\/","title":{"rendered":"Ingenier\u00eda Industrial y la Especializaci\u00f3n en Seguridad Industrial, Higiene y Gesti\u00f3n Ambiental de UNIAGRARIA presentes en el evento \u201cVive la Innovaci\u00f3n \u2013 Educaci\u00f3n con Futuro\u201d"},"content":{"rendered":"\t\t<div data-elementor-type=\"wp-post\" data-elementor-id=\"82709\" class=\"elementor elementor-82709\" data-elementor-post-type=\"post\">\n\t\t\t\t<div class=\"elementor-element elementor-element-2de07a5d e-flex e-con-boxed e-con e-parent\" data-id=\"2de07a5d\" data-element_type=\"container\" data-e-type=\"container\">\n\t\t\t\t\t<div class=\"e-con-inner\">\n\t\t\t\t<div class=\"elementor-element elementor-element-68feedd9 elementor-widget elementor-widget-text-editor\" data-id=\"68feedd9\" data-element_type=\"widget\" data-e-type=\"widget\" data-widget_type=\"text-editor.default\">\n\t\t\t\t<div class=\"elementor-widget-container\">\n\t\t\t\t\t\t\t\t\t<p>\u00a0<\/p><p>El programa de Ingenier\u00eda Industrial de UNIAGRARIA y la Especializaci\u00f3n en Seguridad Industrial, Higiene y Gesti\u00f3n Ambiental (ESIHGA) participaron en el evento \u201cVive la Innovaci\u00f3n \u2013 Educaci\u00f3n con Futuro\u201d, un espacio de di\u00e1logo y reflexi\u00f3n sobre las transformaciones que enfrenta la educaci\u00f3n en el contexto de los avances tecnol\u00f3gicos y las nuevas demandas del sector productivo.<\/p><p>La jornada cont\u00f3 con la participaci\u00f3n del ingeniero Andr\u00e9s Mauricio D\u00edaz Quintero, director del programa de Ingenier\u00eda Industrial, y del Dr. Nelson Enrique Rodr\u00edguez Corredor, director de la ESIHGA, quienes asistieron como invitados a la charla \u201cVive la Educaci\u00f3n con Futuro\u201d, organizada por la empresa certificadora SGS y Way Group.<\/p><p>Durante el encuentro, representantes del sector acad\u00e9mico y empresarial compartieron experiencias y reflexiones en torno a la manera en que la educaci\u00f3n se est\u00e1 transformando para responder a los desaf\u00edos asociados con la innovaci\u00f3n, la tecnolog\u00eda y la digitalizaci\u00f3n en los entornos sociales y organizacionales. En este contexto, se abord\u00f3 la importancia de preparar profesionales capaces de afrontar escenarios complejos y de liderar equipos de trabajo en entornos cambiantes, lo cual implica repensar las metodolog\u00edas de ense\u00f1anza, entrenamiento, evaluaci\u00f3n y certificaci\u00f3n.<\/p><p>Asimismo, la charla permiti\u00f3 analizar enfoques educativos integrales orientados a la sostenibilidad y a la formaci\u00f3n de l\u00edderes comprometidos con la mejora de las condiciones de vida de los actores que intervienen en los procesos productivos, especialmente mediante el fortalecimiento de la seguridad y la salud en el trabajo.<\/p><p>Como parte de la agenda del evento, los asistentes tambi\u00e9n participaron en una experiencia inmersiva en tecnolog\u00edas digitales, a trav\u00e9s de simuladores que recrearon situaciones frecuentes dentro de las organizaciones, permitiendo comprender de manera pr\u00e1ctica c\u00f3mo estas herramientas contribuyen a optimizar procesos y a fortalecer la toma de decisiones.<\/p><p>Desde el programa de Ingenier\u00eda Industrial y la Especializaci\u00f3n en Seguridad Industrial, Higiene y Gesti\u00f3n Ambiental de UNIAGRARIA se reafirma el compromiso de fortalecer las relaciones con el sector productivo y acad\u00e9mico mediante alianzas estrat\u00e9gicas que impulsen la transformaci\u00f3n digital y contribuyan a la formaci\u00f3n de profesionales preparados para enfrentar los desaf\u00edos que plantean las nuevas tecnolog\u00edas.<\/p>\t\t\t\t\t\t\t\t<\/div>\n\t\t\t\t<\/div>\n\t\t\t\t\t<\/div>\n\t\t\t\t<\/div>\n\t\t<div class=\"elementor-element elementor-element-3d94c9b e-flex e-con-boxed e-con e-parent\" data-id=\"3d94c9b\" data-element_type=\"container\" data-e-type=\"container\">\n\t\t\t\t\t<div class=\"e-con-inner\">\n\t\t\t\t<div class=\"elementor-element elementor-element-05e5d90 elementor-widget elementor-widget-image\" data-id=\"05e5d90\" data-element_type=\"widget\" data-e-type=\"widget\" data-widget_type=\"image.default\">\n\t\t\t\t<div class=\"elementor-widget-container\">\n\t\t\t\t\t\t\t\t\t\t\t\t\t\t\t<img fetchpriority=\"high\" decoding=\"async\" width=\"1024\" height=\"771\" src=\"https:\/\/uniagraria.edu.co\/wp-content\/uploads\/2026\/03\/WhatsApp-Image-2026-03-06-at-14.19.26-1024x771.jpeg\" class=\"attachment-large size-large wp-image-82712\" alt=\"\" srcset=\"https:\/\/uniagraria.edu.co\/wp-content\/uploads\/2026\/03\/WhatsApp-Image-2026-03-06-at-14.19.26-1024x771.jpeg 1024w, https:\/\/uniagraria.edu.co\/wp-content\/uploads\/2026\/03\/WhatsApp-Image-2026-03-06-at-14.19.26-300x226.jpeg 300w, https:\/\/uniagraria.edu.co\/wp-content\/uploads\/2026\/03\/WhatsApp-Image-2026-03-06-at-14.19.26-768x578.jpeg 768w, https:\/\/uniagraria.edu.co\/wp-content\/uploads\/2026\/03\/WhatsApp-Image-2026-03-06-at-14.19.26-1536x1156.jpeg 1536w, https:\/\/uniagraria.edu.co\/wp-content\/uploads\/2026\/03\/WhatsApp-Image-2026-03-06-at-14.19.26-16x12.jpeg 16w, https:\/\/uniagraria.edu.co\/wp-content\/uploads\/2026\/03\/WhatsApp-Image-2026-03-06-at-14.19.26.jpeg 1600w\" sizes=\"(max-width: 1024px) 100vw, 1024px\" \/>\t\t\t\t\t\t\t\t\t\t\t\t\t\t\t<\/div>\n\t\t\t\t<\/div>\n\t\t<div class=\"elementor-element elementor-element-1946427 e-con-full e-flex e-con e-child\" data-id=\"1946427\" data-element_type=\"container\" data-e-type=\"container\" data-settings=\"{&quot;background_background&quot;:&quot;classic&quot;}\">\n\t\t\t\t<div class=\"elementor-element elementor-element-adc01b4 elementor-widget__width-initial elementor-widget elementor-widget-image\" data-id=\"adc01b4\" data-element_type=\"widget\" data-e-type=\"widget\" data-widget_type=\"image.default\">\n\t\t\t\t<div class=\"elementor-widget-container\">\n\t\t\t\t\t\t\t\t\t\t\t\t\t\t\t<img decoding=\"async\" width=\"254\" height=\"198\" src=\"https:\/\/uniagraria.edu.co\/wp-content\/uploads\/2026\/03\/WhatsApp-Image-2026-03-06-at-14.20.30-1.jpeg\" class=\"attachment-full size-full wp-image-82713\" alt=\"\" srcset=\"https:\/\/uniagraria.edu.co\/wp-content\/uploads\/2026\/03\/WhatsApp-Image-2026-03-06-at-14.20.30-1.jpeg 254w, https:\/\/uniagraria.edu.co\/wp-content\/uploads\/2026\/03\/WhatsApp-Image-2026-03-06-at-14.20.30-1-15x12.jpeg 15w\" sizes=\"(max-width: 254px) 100vw, 254px\" \/>\t\t\t\t\t\t\t\t\t\t\t\t\t\t\t<\/div>\n\t\t\t\t<\/div>\n\t\t\t\t<div class=\"elementor-element elementor-element-8c85083 elementor-widget elementor-widget-image\" data-id=\"8c85083\" data-element_type=\"widget\" data-e-type=\"widget\" data-widget_type=\"image.default\">\n\t\t\t\t<div class=\"elementor-widget-container\">\n\t\t\t\t\t\t\t\t\t\t\t\t\t\t\t<img decoding=\"async\" width=\"439\" height=\"259\" src=\"https:\/\/uniagraria.edu.co\/wp-content\/uploads\/2026\/03\/WhatsApp-Image-2026-03-06-at-14.20.30.jpeg\" class=\"attachment-full size-full wp-image-82714\" alt=\"\" srcset=\"https:\/\/uniagraria.edu.co\/wp-content\/uploads\/2026\/03\/WhatsApp-Image-2026-03-06-at-14.20.30.jpeg 439w, https:\/\/uniagraria.edu.co\/wp-content\/uploads\/2026\/03\/WhatsApp-Image-2026-03-06-at-14.20.30-300x177.jpeg 300w, https:\/\/uniagraria.edu.co\/wp-content\/uploads\/2026\/03\/WhatsApp-Image-2026-03-06-at-14.20.30-18x12.jpeg 18w\" sizes=\"(max-width: 439px) 100vw, 439px\" \/>\t\t\t\t\t\t\t\t\t\t\t\t\t\t\t<\/div>\n\t\t\t\t<\/div>\n\t\t\t\t<\/div>\n\t\t\t\t\t<\/div>\n\t\t\t\t<\/div>\n\t\t\t\t<\/div>\n\t\t","protected":false},"excerpt":{"rendered":"<p>El programa de Ingenier\u00eda Industrial de UNIAGRARIA y la Especializaci\u00f3n en Seguridad Industrial, Higiene y Gesti\u00f3n Ambiental (ESIHGA) participaron en el evento \u201cVive la Innovaci\u00f3n \u2013 Educaci\u00f3n con Futuro\u201d, un espacio de di\u00e1logo y reflexi\u00f3n sobre las transformaciones que enfrenta la educaci\u00f3n en el contexto de los avances tecnol\u00f3gicos y las nuevas demandas del sector [&hellip;]<\/p>\n","protected":false},"author":18,"featured_media":82710,"comment_status":"closed","ping_status":"open","sticky":false,"template":"","format":"standard","meta":{"_acf_changed":false,"site-sidebar-layout":"default","site-content-layout":"","ast-site-content-layout":"default","site-content-style":"default","site-sidebar-style":"default","ast-global-header-display":"","ast-banner-title-visibility":"","ast-main-header-display":"","ast-hfb-above-header-display":"","ast-hfb-below-header-display":"","ast-hfb-mobile-header-display":"","site-post-title":"","ast-breadcrumbs-content":"","ast-featured-img":"","footer-sml-layout":"","ast-disable-related-posts":"","theme-transparent-header-meta":"default","adv-header-id-meta":"","stick-header-meta":"","header-above-stick-meta":"","header-main-stick-meta":"","header-below-stick-meta":"","astra-migrate-meta-layouts":"set","ast-page-background-enabled":"default","ast-page-background-meta":{"desktop":{"background-color":"var(--ast-global-color-4)","background-image":"","background-repeat":"repeat","background-position":"center center","background-size":"auto","background-attachment":"scroll","background-type":"","background-media":"","overlay-type":"","overlay-color":"","overlay-opacity":"","overlay-gradient":""},"tablet":{"background-color":"","background-image":"","background-repeat":"repeat","background-position":"center center","background-size":"auto","background-attachment":"scroll","background-type":"","background-media":"","overlay-type":"","overlay-color":"","overlay-opacity":"","overlay-gradient":""},"mobile":{"background-color":"","background-image":"","background-repeat":"repeat","background-position":"center center","background-size":"auto","background-attachment":"scroll","background-type":"","background-media":"","overlay-type":"","overlay-color":"","overlay-opacity":"","overlay-gradient":""}},"ast-content-background-meta":{"desktop":{"background-color":"var(--ast-global-color-5)","background-image":"","background-repeat":"repeat","background-position":"center center","background-size":"auto","background-attachment":"scroll","background-type":"","background-media":"","overlay-type":"","overlay-color":"","overlay-opacity":"","overlay-gradient":""},"tablet":{"background-color":"var(--ast-global-color-5)","background-image":"","background-repeat":"repeat","background-position":"center center","background-size":"auto","background-attachment":"scroll","background-type":"","background-media":"","overlay-type":"","overlay-color":"","overlay-opacity":"","overlay-gradient":""},"mobile":{"background-color":"var(--ast-global-color-5)","background-image":"","background-repeat":"repeat","background-position":"center center","background-size":"auto","background-attachment":"scroll","background-type":"","background-media":"","overlay-type":"","overlay-color":"","overlay-opacity":"","overlay-gradient":""}},"footnotes":""},"categories":[35,139,98],"tags":[121,120],"class_list":["post-82709","post","type-post","status-publish","format-standard","has-post-thumbnail","hentry","category-noticias","category-noticias-de-ingenieria-industrial","category-seguridad-industrial-higiene-y-gestion-ambiental","tag-especializacion-en-seguridad-industrial-higiene-y-gestion-ambiental","tag-ingenieria-industrial"],"acf":[],"yoast_head":"<!-- This site is optimized with the Yoast SEO plugin v27.5 - https:\/\/yoast.com\/product\/yoast-seo-wordpress\/ -->\n<title>Ingenier\u00eda Industrial y la Especializaci\u00f3n en Seguridad Industrial, Higiene y Gesti\u00f3n Ambiental de UNIAGRARIA presentes en el evento \u201cVive la Innovaci\u00f3n \u2013 Educaci\u00f3n con Futuro\u201d - UNIAGRARIA<\/title>\n<meta name=\"robots\" content=\"index, follow, max-snippet:-1, max-image-preview:large, max-video-preview:-1\" \/>\n<link rel=\"canonical\" href=\"https:\/\/uniagraria.edu.co\/es\/ingenieria-industrial-y-la-especializacion-en-seguridad-industrial-higiene-y-gestion-ambiental-de-uniagraria-presentes-en-el-evento-vive-la-innovacion-educacion-con-futuro\/\" \/>\n<meta property=\"og:locale\" content=\"es_ES\" \/>\n<meta property=\"og:type\" content=\"article\" \/>\n<meta property=\"og:title\" content=\"Ingenier\u00eda Industrial y la Especializaci\u00f3n en Seguridad Industrial, Higiene y Gesti\u00f3n Ambiental de UNIAGRARIA presentes en el evento \u201cVive la Innovaci\u00f3n \u2013 Educaci\u00f3n con Futuro\u201d - UNIAGRARIA\" \/>\n<meta property=\"og:description\" content=\"El programa de Ingenier\u00eda Industrial de UNIAGRARIA y la Especializaci\u00f3n en Seguridad Industrial, Higiene y Gesti\u00f3n Ambiental (ESIHGA) participaron en el evento \u201cVive la Innovaci\u00f3n \u2013 Educaci\u00f3n con Futuro\u201d, un espacio de di\u00e1logo y reflexi\u00f3n sobre las transformaciones que enfrenta la educaci\u00f3n en el contexto de los avances tecnol\u00f3gicos y las nuevas demandas del sector [&hellip;]\" \/>\n<meta property=\"og:url\" content=\"https:\/\/uniagraria.edu.co\/es\/ingenieria-industrial-y-la-especializacion-en-seguridad-industrial-higiene-y-gestion-ambiental-de-uniagraria-presentes-en-el-evento-vive-la-innovacion-educacion-con-futuro\/\" \/>\n<meta property=\"og:site_name\" content=\"UNIAGRARIA\" \/>\n<meta property=\"article:publisher\" content=\"https:\/\/www.facebook.com\/uagraria\/?locale=es_LA\" \/>\n<meta property=\"article:published_time\" content=\"2026-03-06T20:13:33+00:00\" \/>\n<meta property=\"article:modified_time\" content=\"2026-03-09T13:00:42+00:00\" \/>\n<meta property=\"og:image\" content=\"https:\/\/uniagraria.edu.co\/wp-content\/uploads\/2026\/03\/WhatsApp-Image-2026-03-06-at-14.19.26-1.jpeg\" \/>\n\t<meta property=\"og:image:width\" content=\"1600\" \/>\n\t<meta property=\"og:image:height\" content=\"1204\" \/>\n\t<meta property=\"og:image:type\" content=\"image\/jpeg\" \/>\n<meta name=\"author\" content=\"Comunicaciones UNIAGRARIA\" \/>\n<meta name=\"twitter:card\" content=\"summary_large_image\" \/>\n<meta name=\"twitter:creator\" content=\"@UNIAGRARIA\" \/>\n<meta name=\"twitter:site\" content=\"@UNIAGRARIA\" \/>\n<meta name=\"twitter:label1\" content=\"Escrito por\" \/>\n\t<meta name=\"twitter:data1\" content=\"Comunicaciones UNIAGRARIA\" \/>\n\t<meta name=\"twitter:label2\" content=\"Tiempo de lectura\" \/>\n\t<meta name=\"twitter:data2\" content=\"3 minutos\" \/>\n<script type=\"application\/ld+json\" class=\"yoast-schema-graph\">{\"@context\":\"https:\\\/\\\/schema.org\",\"@graph\":[{\"@type\":\"Article\",\"@id\":\"https:\\\/\\\/uniagraria.edu.co\\\/ingenieria-industrial-y-la-especializacion-en-seguridad-industrial-higiene-y-gestion-ambiental-de-uniagraria-presentes-en-el-evento-vive-la-innovacion-educacion-con-futuro\\\/#article\",\"isPartOf\":{\"@id\":\"https:\\\/\\\/uniagraria.edu.co\\\/ingenieria-industrial-y-la-especializacion-en-seguridad-industrial-higiene-y-gestion-ambiental-de-uniagraria-presentes-en-el-evento-vive-la-innovacion-educacion-con-futuro\\\/\"},\"author\":{\"name\":\"Comunicaciones UNIAGRARIA\",\"@id\":\"https:\\\/\\\/uniagraria.edu.co\\\/es\\\/#\\\/schema\\\/person\\\/4034d09f22f296c0e5ef4183437a9a00\"},\"headline\":\"Ingenier\u00eda Industrial y la Especializaci\u00f3n en Seguridad Industrial, Higiene y Gesti\u00f3n Ambiental de UNIAGRARIA presentes en el evento \u201cVive la Innovaci\u00f3n \u2013 Educaci\u00f3n con Futuro\u201d\",\"datePublished\":\"2026-03-06T20:13:33+00:00\",\"dateModified\":\"2026-03-09T13:00:42+00:00\",\"mainEntityOfPage\":{\"@id\":\"https:\\\/\\\/uniagraria.edu.co\\\/ingenieria-industrial-y-la-especializacion-en-seguridad-industrial-higiene-y-gestion-ambiental-de-uniagraria-presentes-en-el-evento-vive-la-innovacion-educacion-con-futuro\\\/\"},\"wordCount\":411,\"publisher\":{\"@id\":\"https:\\\/\\\/uniagraria.edu.co\\\/es\\\/#organization\"},\"image\":{\"@id\":\"https:\\\/\\\/uniagraria.edu.co\\\/ingenieria-industrial-y-la-especializacion-en-seguridad-industrial-higiene-y-gestion-ambiental-de-uniagraria-presentes-en-el-evento-vive-la-innovacion-educacion-con-futuro\\\/#primaryimage\"},\"thumbnailUrl\":\"https:\\\/\\\/uniagraria.edu.co\\\/wp-content\\\/uploads\\\/2026\\\/03\\\/WhatsApp-Image-2026-03-06-at-14.19.26-1.jpeg\",\"keywords\":[\"Especializaci\u00f3n en Seguridad Industrial Higiene y Gesti\u00f3n Ambiental\",\"Ingenier\u00eda Industrial\"],\"articleSection\":[\"Noticias\",\"Noticias de Ingenieria Industrial\",\"Seguridad Industrial, Higiene y Gesti\u00f3n Ambiental\"],\"inLanguage\":\"es-CO\"},{\"@type\":\"WebPage\",\"@id\":\"https:\\\/\\\/uniagraria.edu.co\\\/ingenieria-industrial-y-la-especializacion-en-seguridad-industrial-higiene-y-gestion-ambiental-de-uniagraria-presentes-en-el-evento-vive-la-innovacion-educacion-con-futuro\\\/\",\"url\":\"https:\\\/\\\/uniagraria.edu.co\\\/ingenieria-industrial-y-la-especializacion-en-seguridad-industrial-higiene-y-gestion-ambiental-de-uniagraria-presentes-en-el-evento-vive-la-innovacion-educacion-con-futuro\\\/\",\"name\":\"Ingenier\u00eda Industrial y la Especializaci\u00f3n en Seguridad Industrial, Higiene y Gesti\u00f3n Ambiental de UNIAGRARIA presentes en el evento \u201cVive la Innovaci\u00f3n \u2013 Educaci\u00f3n con Futuro\u201d - UNIAGRARIA\",\"isPartOf\":{\"@id\":\"https:\\\/\\\/uniagraria.edu.co\\\/es\\\/#website\"},\"primaryImageOfPage\":{\"@id\":\"https:\\\/\\\/uniagraria.edu.co\\\/ingenieria-industrial-y-la-especializacion-en-seguridad-industrial-higiene-y-gestion-ambiental-de-uniagraria-presentes-en-el-evento-vive-la-innovacion-educacion-con-futuro\\\/#primaryimage\"},\"image\":{\"@id\":\"https:\\\/\\\/uniagraria.edu.co\\\/ingenieria-industrial-y-la-especializacion-en-seguridad-industrial-higiene-y-gestion-ambiental-de-uniagraria-presentes-en-el-evento-vive-la-innovacion-educacion-con-futuro\\\/#primaryimage\"},\"thumbnailUrl\":\"https:\\\/\\\/uniagraria.edu.co\\\/wp-content\\\/uploads\\\/2026\\\/03\\\/WhatsApp-Image-2026-03-06-at-14.19.26-1.jpeg\",\"datePublished\":\"2026-03-06T20:13:33+00:00\",\"dateModified\":\"2026-03-09T13:00:42+00:00\",\"breadcrumb\":{\"@id\":\"https:\\\/\\\/uniagraria.edu.co\\\/ingenieria-industrial-y-la-especializacion-en-seguridad-industrial-higiene-y-gestion-ambiental-de-uniagraria-presentes-en-el-evento-vive-la-innovacion-educacion-con-futuro\\\/#breadcrumb\"},\"inLanguage\":\"es-CO\",\"potentialAction\":[{\"@type\":\"ReadAction\",\"target\":[\"https:\\\/\\\/uniagraria.edu.co\\\/ingenieria-industrial-y-la-especializacion-en-seguridad-industrial-higiene-y-gestion-ambiental-de-uniagraria-presentes-en-el-evento-vive-la-innovacion-educacion-con-futuro\\\/\"]}]},{\"@type\":\"ImageObject\",\"inLanguage\":\"es-CO\",\"@id\":\"https:\\\/\\\/uniagraria.edu.co\\\/ingenieria-industrial-y-la-especializacion-en-seguridad-industrial-higiene-y-gestion-ambiental-de-uniagraria-presentes-en-el-evento-vive-la-innovacion-educacion-con-futuro\\\/#primaryimage\",\"url\":\"https:\\\/\\\/uniagraria.edu.co\\\/wp-content\\\/uploads\\\/2026\\\/03\\\/WhatsApp-Image-2026-03-06-at-14.19.26-1.jpeg\",\"contentUrl\":\"https:\\\/\\\/uniagraria.edu.co\\\/wp-content\\\/uploads\\\/2026\\\/03\\\/WhatsApp-Image-2026-03-06-at-14.19.26-1.jpeg\",\"width\":1600,\"height\":1204},{\"@type\":\"BreadcrumbList\",\"@id\":\"https:\\\/\\\/uniagraria.edu.co\\\/ingenieria-industrial-y-la-especializacion-en-seguridad-industrial-higiene-y-gestion-ambiental-de-uniagraria-presentes-en-el-evento-vive-la-innovacion-educacion-con-futuro\\\/#breadcrumb\",\"itemListElement\":[{\"@type\":\"ListItem\",\"position\":1,\"name\":\"Inicio\",\"item\":\"https:\\\/\\\/uniagraria.edu.co\\\/\"},{\"@type\":\"ListItem\",\"position\":2,\"name\":\"Noticias de Ingenieria Industrial\",\"item\":\"https:\\\/\\\/uniagraria.edu.co\\\/es\\\/category\\\/noticias-de-ingenieria-industrial\\\/\"},{\"@type\":\"ListItem\",\"position\":3,\"name\":\"Ingenier\u00eda Industrial y la Especializaci\u00f3n en Seguridad Industrial, Higiene y Gesti\u00f3n Ambiental de UNIAGRARIA presentes en el evento \u201cVive la Innovaci\u00f3n \u2013 Educaci\u00f3n con Futuro\u201d\"}]},{\"@type\":\"WebSite\",\"@id\":\"https:\\\/\\\/uniagraria.edu.co\\\/es\\\/#website\",\"url\":\"https:\\\/\\\/uniagraria.edu.co\\\/es\\\/\",\"name\":\"UNIAGRARIA\",\"description\":\"FUNDACION UNIVERSITARIA AGRARIA DE COLOMBIA\",\"publisher\":{\"@id\":\"https:\\\/\\\/uniagraria.edu.co\\\/es\\\/#organization\"},\"potentialAction\":[{\"@type\":\"SearchAction\",\"target\":{\"@type\":\"EntryPoint\",\"urlTemplate\":\"https:\\\/\\\/uniagraria.edu.co\\\/es\\\/?s={search_term_string}\"},\"query-input\":{\"@type\":\"PropertyValueSpecification\",\"valueRequired\":true,\"valueName\":\"search_term_string\"}}],\"inLanguage\":\"es-CO\"},{\"@type\":\"Organization\",\"@id\":\"https:\\\/\\\/uniagraria.edu.co\\\/es\\\/#organization\",\"name\":\"UNIAGRARIA\",\"url\":\"https:\\\/\\\/uniagraria.edu.co\\\/es\\\/\",\"logo\":{\"@type\":\"ImageObject\",\"inLanguage\":\"es-CO\",\"@id\":\"https:\\\/\\\/uniagraria.edu.co\\\/es\\\/#\\\/schema\\\/logo\\\/image\\\/\",\"url\":\"https:\\\/\\\/novawebmaster.com\\\/uniagraria\\\/wp-content\\\/uploads\\\/2025\\\/02\\\/LogoUa2023Vertical.png\",\"contentUrl\":\"https:\\\/\\\/novawebmaster.com\\\/uniagraria\\\/wp-content\\\/uploads\\\/2025\\\/02\\\/LogoUa2023Vertical.png\",\"width\":3300,\"height\":2550,\"caption\":\"UNIAGRARIA\"},\"image\":{\"@id\":\"https:\\\/\\\/uniagraria.edu.co\\\/es\\\/#\\\/schema\\\/logo\\\/image\\\/\"},\"sameAs\":[\"https:\\\/\\\/www.facebook.com\\\/uagraria\\\/?locale=es_LA\",\"https:\\\/\\\/x.com\\\/UNIAGRARIA\",\"https:\\\/\\\/www.instagram.com\\\/uniagraria\\\/profilecard\\\/?igsh=MXI2bTFlMWsxNzNjOA\",\"https:\\\/\\\/www.tiktok.com\\\/discover\\\/uniagraria?lang=es\",\"https:\\\/\\\/www.linkedin.com\\\/school\\\/uniagraria\\\/?originalSubdomain=co\",\"https:\\\/\\\/www.youtube.com\\\/user\\\/UniagrariaUverde?themeRefresh=1\",\"https:\\\/\\\/api.whatsapp.com\\\/send?phone=3134230649\"]},{\"@type\":\"Person\",\"@id\":\"https:\\\/\\\/uniagraria.edu.co\\\/es\\\/#\\\/schema\\\/person\\\/4034d09f22f296c0e5ef4183437a9a00\",\"name\":\"Comunicaciones UNIAGRARIA\",\"image\":{\"@type\":\"ImageObject\",\"inLanguage\":\"es-CO\",\"@id\":\"https:\\\/\\\/secure.gravatar.com\\\/avatar\\\/3c69f4f1e34bab3955e0d8fa0d59a1a3c3830637a1190d707a2d9e9e54240cbd?s=96&d=mm&r=g\",\"url\":\"https:\\\/\\\/secure.gravatar.com\\\/avatar\\\/3c69f4f1e34bab3955e0d8fa0d59a1a3c3830637a1190d707a2d9e9e54240cbd?s=96&d=mm&r=g\",\"contentUrl\":\"https:\\\/\\\/secure.gravatar.com\\\/avatar\\\/3c69f4f1e34bab3955e0d8fa0d59a1a3c3830637a1190d707a2d9e9e54240cbd?s=96&d=mm&r=g\",\"caption\":\"Comunicaciones UNIAGRARIA\"},\"url\":\"https:\\\/\\\/uniagraria.edu.co\\\/es\\\/author\\\/victor-webmaster\\\/\"}]}<\/script>\n<!-- \/ Yoast SEO plugin. -->","yoast_head_json":{"title":"Ingenier\u00eda Industrial y la Especializaci\u00f3n en Seguridad Industrial, Higiene y Gesti\u00f3n Ambiental de UNIAGRARIA presentes en el evento \u201cVive la Innovaci\u00f3n \u2013 Educaci\u00f3n con Futuro\u201d - UNIAGRARIA","robots":{"index":"index","follow":"follow","max-snippet":"max-snippet:-1","max-image-preview":"max-image-preview:large","max-video-preview":"max-video-preview:-1"},"canonical":"https:\/\/uniagraria.edu.co\/es\/ingenieria-industrial-y-la-especializacion-en-seguridad-industrial-higiene-y-gestion-ambiental-de-uniagraria-presentes-en-el-evento-vive-la-innovacion-educacion-con-futuro\/","og_locale":"es_ES","og_type":"article","og_title":"Ingenier\u00eda Industrial y la Especializaci\u00f3n en Seguridad Industrial, Higiene y Gesti\u00f3n Ambiental de UNIAGRARIA presentes en el evento \u201cVive la Innovaci\u00f3n \u2013 Educaci\u00f3n con Futuro\u201d - UNIAGRARIA","og_description":"El programa de Ingenier\u00eda Industrial de UNIAGRARIA y la Especializaci\u00f3n en Seguridad Industrial, Higiene y Gesti\u00f3n Ambiental (ESIHGA) participaron en el evento \u201cVive la Innovaci\u00f3n \u2013 Educaci\u00f3n con Futuro\u201d, un espacio de di\u00e1logo y reflexi\u00f3n sobre las transformaciones que enfrenta la educaci\u00f3n en el contexto de los avances tecnol\u00f3gicos y las nuevas demandas del sector [&hellip;]","og_url":"https:\/\/uniagraria.edu.co\/es\/ingenieria-industrial-y-la-especializacion-en-seguridad-industrial-higiene-y-gestion-ambiental-de-uniagraria-presentes-en-el-evento-vive-la-innovacion-educacion-con-futuro\/","og_site_name":"UNIAGRARIA","article_publisher":"https:\/\/www.facebook.com\/uagraria\/?locale=es_LA","article_published_time":"2026-03-06T20:13:33+00:00","article_modified_time":"2026-03-09T13:00:42+00:00","og_image":[{"width":1600,"height":1204,"url":"https:\/\/uniagraria.edu.co\/wp-content\/uploads\/2026\/03\/WhatsApp-Image-2026-03-06-at-14.19.26-1.jpeg","type":"image\/jpeg"}],"author":"Comunicaciones UNIAGRARIA","twitter_card":"summary_large_image","twitter_creator":"@UNIAGRARIA","twitter_site":"@UNIAGRARIA","twitter_misc":{"Escrito por":"Comunicaciones UNIAGRARIA","Tiempo de lectura":"3 minutos"},"schema":{"@context":"https:\/\/schema.org","@graph":[{"@type":"Article","@id":"https:\/\/uniagraria.edu.co\/ingenieria-industrial-y-la-especializacion-en-seguridad-industrial-higiene-y-gestion-ambiental-de-uniagraria-presentes-en-el-evento-vive-la-innovacion-educacion-con-futuro\/#article","isPartOf":{"@id":"https:\/\/uniagraria.edu.co\/ingenieria-industrial-y-la-especializacion-en-seguridad-industrial-higiene-y-gestion-ambiental-de-uniagraria-presentes-en-el-evento-vive-la-innovacion-educacion-con-futuro\/"},"author":{"name":"Comunicaciones UNIAGRARIA","@id":"https:\/\/uniagraria.edu.co\/es\/#\/schema\/person\/4034d09f22f296c0e5ef4183437a9a00"},"headline":"Ingenier\u00eda Industrial y la Especializaci\u00f3n en Seguridad Industrial, Higiene y Gesti\u00f3n Ambiental de UNIAGRARIA presentes en el evento \u201cVive la Innovaci\u00f3n \u2013 Educaci\u00f3n con Futuro\u201d","datePublished":"2026-03-06T20:13:33+00:00","dateModified":"2026-03-09T13:00:42+00:00","mainEntityOfPage":{"@id":"https:\/\/uniagraria.edu.co\/ingenieria-industrial-y-la-especializacion-en-seguridad-industrial-higiene-y-gestion-ambiental-de-uniagraria-presentes-en-el-evento-vive-la-innovacion-educacion-con-futuro\/"},"wordCount":411,"publisher":{"@id":"https:\/\/uniagraria.edu.co\/es\/#organization"},"image":{"@id":"https:\/\/uniagraria.edu.co\/ingenieria-industrial-y-la-especializacion-en-seguridad-industrial-higiene-y-gestion-ambiental-de-uniagraria-presentes-en-el-evento-vive-la-innovacion-educacion-con-futuro\/#primaryimage"},"thumbnailUrl":"https:\/\/uniagraria.edu.co\/wp-content\/uploads\/2026\/03\/WhatsApp-Image-2026-03-06-at-14.19.26-1.jpeg","keywords":["Especializaci\u00f3n en Seguridad Industrial Higiene y Gesti\u00f3n Ambiental","Ingenier\u00eda Industrial"],"articleSection":["Noticias","Noticias de Ingenieria Industrial","Seguridad Industrial, Higiene y Gesti\u00f3n Ambiental"],"inLanguage":"es-CO"},{"@type":"WebPage","@id":"https:\/\/uniagraria.edu.co\/ingenieria-industrial-y-la-especializacion-en-seguridad-industrial-higiene-y-gestion-ambiental-de-uniagraria-presentes-en-el-evento-vive-la-innovacion-educacion-con-futuro\/","url":"https:\/\/uniagraria.edu.co\/ingenieria-industrial-y-la-especializacion-en-seguridad-industrial-higiene-y-gestion-ambiental-de-uniagraria-presentes-en-el-evento-vive-la-innovacion-educacion-con-futuro\/","name":"Ingenier\u00eda Industrial y la Especializaci\u00f3n en Seguridad Industrial, Higiene y Gesti\u00f3n Ambiental de UNIAGRARIA presentes en el evento \u201cVive la Innovaci\u00f3n \u2013 Educaci\u00f3n con Futuro\u201d - UNIAGRARIA","isPartOf":{"@id":"https:\/\/uniagraria.edu.co\/es\/#website"},"primaryImageOfPage":{"@id":"https:\/\/uniagraria.edu.co\/ingenieria-industrial-y-la-especializacion-en-seguridad-industrial-higiene-y-gestion-ambiental-de-uniagraria-presentes-en-el-evento-vive-la-innovacion-educacion-con-futuro\/#primaryimage"},"image":{"@id":"https:\/\/uniagraria.edu.co\/ingenieria-industrial-y-la-especializacion-en-seguridad-industrial-higiene-y-gestion-ambiental-de-uniagraria-presentes-en-el-evento-vive-la-innovacion-educacion-con-futuro\/#primaryimage"},"thumbnailUrl":"https:\/\/uniagraria.edu.co\/wp-content\/uploads\/2026\/03\/WhatsApp-Image-2026-03-06-at-14.19.26-1.jpeg","datePublished":"2026-03-06T20:13:33+00:00","dateModified":"2026-03-09T13:00:42+00:00","breadcrumb":{"@id":"https:\/\/uniagraria.edu.co\/ingenieria-industrial-y-la-especializacion-en-seguridad-industrial-higiene-y-gestion-ambiental-de-uniagraria-presentes-en-el-evento-vive-la-innovacion-educacion-con-futuro\/#breadcrumb"},"inLanguage":"es-CO","potentialAction":[{"@type":"ReadAction","target":["https:\/\/uniagraria.edu.co\/ingenieria-industrial-y-la-especializacion-en-seguridad-industrial-higiene-y-gestion-ambiental-de-uniagraria-presentes-en-el-evento-vive-la-innovacion-educacion-con-futuro\/"]}]},{"@type":"ImageObject","inLanguage":"es-CO","@id":"https:\/\/uniagraria.edu.co\/ingenieria-industrial-y-la-especializacion-en-seguridad-industrial-higiene-y-gestion-ambiental-de-uniagraria-presentes-en-el-evento-vive-la-innovacion-educacion-con-futuro\/#primaryimage","url":"https:\/\/uniagraria.edu.co\/wp-content\/uploads\/2026\/03\/WhatsApp-Image-2026-03-06-at-14.19.26-1.jpeg","contentUrl":"https:\/\/uniagraria.edu.co\/wp-content\/uploads\/2026\/03\/WhatsApp-Image-2026-03-06-at-14.19.26-1.jpeg","width":1600,"height":1204},{"@type":"BreadcrumbList","@id":"https:\/\/uniagraria.edu.co\/ingenieria-industrial-y-la-especializacion-en-seguridad-industrial-higiene-y-gestion-ambiental-de-uniagraria-presentes-en-el-evento-vive-la-innovacion-educacion-con-futuro\/#breadcrumb","itemListElement":[{"@type":"ListItem","position":1,"name":"Inicio","item":"https:\/\/uniagraria.edu.co\/"},{"@type":"ListItem","position":2,"name":"Noticias de Ingenieria Industrial","item":"https:\/\/uniagraria.edu.co\/es\/category\/noticias-de-ingenieria-industrial\/"},{"@type":"ListItem","position":3,"name":"Ingenier\u00eda Industrial y la Especializaci\u00f3n en Seguridad Industrial, Higiene y Gesti\u00f3n Ambiental de UNIAGRARIA presentes en el evento \u201cVive la Innovaci\u00f3n \u2013 Educaci\u00f3n con Futuro\u201d"}]},{"@type":"WebSite","@id":"https:\/\/uniagraria.edu.co\/es\/#website","url":"https:\/\/uniagraria.edu.co\/es\/","name":"UNIAGRARIA","description":"FUNDACION UNIVERSITARIA AGRARIA DE COLOMBIA","publisher":{"@id":"https:\/\/uniagraria.edu.co\/es\/#organization"},"potentialAction":[{"@type":"SearchAction","target":{"@type":"EntryPoint","urlTemplate":"https:\/\/uniagraria.edu.co\/es\/?s={search_term_string}"},"query-input":{"@type":"PropertyValueSpecification","valueRequired":true,"valueName":"search_term_string"}}],"inLanguage":"es-CO"},{"@type":"Organization","@id":"https:\/\/uniagraria.edu.co\/es\/#organization","name":"UNIAGRARIA","url":"https:\/\/uniagraria.edu.co\/es\/","logo":{"@type":"ImageObject","inLanguage":"es-CO","@id":"https:\/\/uniagraria.edu.co\/es\/#\/schema\/logo\/image\/","url":"https:\/\/novawebmaster.com\/uniagraria\/wp-content\/uploads\/2025\/02\/LogoUa2023Vertical.png","contentUrl":"https:\/\/novawebmaster.com\/uniagraria\/wp-content\/uploads\/2025\/02\/LogoUa2023Vertical.png","width":3300,"height":2550,"caption":"UNIAGRARIA"},"image":{"@id":"https:\/\/uniagraria.edu.co\/es\/#\/schema\/logo\/image\/"},"sameAs":["https:\/\/www.facebook.com\/uagraria\/?locale=es_LA","https:\/\/x.com\/UNIAGRARIA","https:\/\/www.instagram.com\/uniagraria\/profilecard\/?igsh=MXI2bTFlMWsxNzNjOA","https:\/\/www.tiktok.com\/discover\/uniagraria?lang=es","https:\/\/www.linkedin.com\/school\/uniagraria\/?originalSubdomain=co","https:\/\/www.youtube.com\/user\/UniagrariaUverde?themeRefresh=1","https:\/\/api.whatsapp.com\/send?phone=3134230649"]},{"@type":"Person","@id":"https:\/\/uniagraria.edu.co\/es\/#\/schema\/person\/4034d09f22f296c0e5ef4183437a9a00","name":"Comunicaciones UNIAGRARIA","image":{"@type":"ImageObject","inLanguage":"es-CO","@id":"https:\/\/secure.gravatar.com\/avatar\/3c69f4f1e34bab3955e0d8fa0d59a1a3c3830637a1190d707a2d9e9e54240cbd?s=96&d=mm&r=g","url":"https:\/\/secure.gravatar.com\/avatar\/3c69f4f1e34bab3955e0d8fa0d59a1a3c3830637a1190d707a2d9e9e54240cbd?s=96&d=mm&r=g","contentUrl":"https:\/\/secure.gravatar.com\/avatar\/3c69f4f1e34bab3955e0d8fa0d59a1a3c3830637a1190d707a2d9e9e54240cbd?s=96&d=mm&r=g","caption":"Comunicaciones UNIAGRARIA"},"url":"https:\/\/uniagraria.edu.co\/es\/author\/victor-webmaster\/"}]}},"_links":{"self":[{"href":"https:\/\/uniagraria.edu.co\/es\/wp-json\/wp\/v2\/posts\/82709","targetHints":{"allow":["GET"]}}],"collection":[{"href":"https:\/\/uniagraria.edu.co\/es\/wp-json\/wp\/v2\/posts"}],"about":[{"href":"https:\/\/uniagraria.edu.co\/es\/wp-json\/wp\/v2\/types\/post"}],"author":[{"embeddable":true,"href":"https:\/\/uniagraria.edu.co\/es\/wp-json\/wp\/v2\/users\/18"}],"replies":[{"embeddable":true,"href":"https:\/\/uniagraria.edu.co\/es\/wp-json\/wp\/v2\/comments?post=82709"}],"version-history":[{"count":8,"href":"https:\/\/uniagraria.edu.co\/es\/wp-json\/wp\/v2\/posts\/82709\/revisions"}],"predecessor-version":[{"id":82763,"href":"https:\/\/uniagraria.edu.co\/es\/wp-json\/wp\/v2\/posts\/82709\/revisions\/82763"}],"wp:featuredmedia":[{"embeddable":true,"href":"https:\/\/uniagraria.edu.co\/es\/wp-json\/wp\/v2\/media\/82710"}],"wp:attachment":[{"href":"https:\/\/uniagraria.edu.co\/es\/wp-json\/wp\/v2\/media?parent=82709"}],"wp:term":[{"taxonomy":"category","embeddable":true,"href":"https:\/\/uniagraria.edu.co\/es\/wp-json\/wp\/v2\/categories?post=82709"},{"taxonomy":"post_tag","embeddable":true,"href":"https:\/\/uniagraria.edu.co\/es\/wp-json\/wp\/v2\/tags?post=82709"}],"curies":[{"name":"wp","href":"https:\/\/api.w.org\/{rel}","templated":true}]}}