{"id":83563,"date":"2026-03-26T13:51:49","date_gmt":"2026-03-26T18:51:49","guid":{"rendered":"https:\/\/uniagraria.edu.co\/?p=83563"},"modified":"2026-03-26T14:03:37","modified_gmt":"2026-03-26T19:03:37","slug":"uniagraria-conmemoro-el-primer-aniversario-del-fallecimiento-de-su-cofundadora-la-dra-teresita-escobar-de-torres","status":"publish","type":"post","link":"https:\/\/uniagraria.edu.co\/es\/uniagraria-conmemoro-el-primer-aniversario-del-fallecimiento-de-su-cofundadora-la-dra-teresita-escobar-de-torres\/","title":{"rendered":"UNIAGRARIA conmemor\u00f3 el primer aniversario del fallecimiento de su cofundadora, la Dra. Teresita Escobar de Torres"},"content":{"rendered":"\t\t<div data-elementor-type=\"wp-post\" data-elementor-id=\"83563\" class=\"elementor elementor-83563\" data-elementor-post-type=\"post\">\n\t\t\t\t<div class=\"elementor-element elementor-element-f334ca1 e-flex e-con-boxed e-con e-parent\" data-id=\"f334ca1\" data-element_type=\"container\" data-e-type=\"container\">\n\t\t\t\t\t<div class=\"e-con-inner\">\n\t\t\t\t<div class=\"elementor-element elementor-element-b5e75f2 elementor-widget elementor-widget-text-editor\" data-id=\"b5e75f2\" data-element_type=\"widget\" data-e-type=\"widget\" data-widget_type=\"text-editor.default\">\n\t\t\t\t<div class=\"elementor-widget-container\">\n\t\t\t\t\t\t\t\t\t<p>En un emotivo encuentro cargado de gratitud y memoria, la Fundaci\u00f3n Universitaria Agraria de Colombia \u2013 UNIAGRARIA realiz\u00f3 la misa de conmemoraci\u00f3n del primer aniversario del fallecimiento de la Dra. Teresita Escobar de Torres, cofundadora de la instituci\u00f3n. La Eucarist\u00eda se llev\u00f3 a cabo el jueves 26 de marzo en el Auditorio Auxiliar de UNIAGRARIA Bogot\u00e1 y fue presidida por el padre Luis Alfonso Moyano, padre de la Parroquia Santa Mar\u00eda del Prado, ubicada en cercan\u00eda de la universidad.<\/p>\n<p>La ceremonia reuni\u00f3 a directivos, docentes, colaboradores, familiares y miembros de la comunidad acad\u00e9mica, quienes se unieron para honrar la memoria de una mujer cuya vida estuvo dedicada al servicio de la educaci\u00f3n superior y al desarrollo rural del pa\u00eds. Tras la Eucarist\u00eda, la Dra. Gloria Nelly Rodr\u00edguez de Mart\u00ednez, miembro del Consejo de Fundadores de UNIAGRARIA, Emiro Mart\u00ednez (QEPD), ofreci\u00f3 unas sentidas palabras en homenaje a la Dra. Teresita, recordando su calidez humana, su liderazgo y su invaluable aporte a la consolidaci\u00f3n institucional.<\/p>\n<p><b>Una vida al servicio de la educaci\u00f3n y el pa\u00eds<\/b><\/p>\n<p>El legado de Teresita Escobar de Torres en la educaci\u00f3n superior y el desarrollo rural de Colombia es innegable. Cofundadora de UNIAGRARIA en 1985, su trayectoria estuvo marcada por un profundo compromiso con la formaci\u00f3n de talento humano y la construcci\u00f3n de una instituci\u00f3n que ha dejado huella en el pa\u00eds.<\/p>\n<p>Fue traductora e int\u00e9rprete oficial juramentada ante el Ministerio de Justicia. Su labor en la Caja Agraria, como int\u00e9rprete en reuniones de alta gerencia, result\u00f3 clave para la determinaci\u00f3n de negocios y convenios institucionales, as\u00ed como para la traducci\u00f3n de documentos fundamentales en la toma de decisiones.<\/p>\n<p>Desde la creaci\u00f3n de UNIAGRARIA, se desempe\u00f1\u00f3 como miembro principal del Consejo Superior y ocup\u00f3 diversos cargos de relevancia. Entre 1992 y 2007 dirigi\u00f3 el \u00e1rea de Bienestar Universitario, donde impuls\u00f3 iniciativas orientadas al bienestar integral de la comunidad acad\u00e9mica. Asimismo, fue una de las fundadoras de la Organizaci\u00f3n de Universidades del Norte (OUN), representando a UNIAGRARIA en este esfuerzo por fortalecer la educaci\u00f3n superior en la regi\u00f3n.<\/p>\n<p>Su compromiso la llev\u00f3 a asumir importantes responsabilidades como Presidenta de la Asamblea General de Fundadores, Presidenta del Consejo Superior, Secretaria General encargada y miembro de las comisiones Acad\u00e9mica, Administrativa y Financiera. Tambi\u00e9n integr\u00f3 el Claustro de Fundadores, participando activamente en la toma de decisiones estrat\u00e9gicas para el crecimiento y consolidaci\u00f3n de la instituci\u00f3n.<\/p>\n<p><b>Una visi\u00f3n transformadora que permanece<\/b><\/p>\n<p>El pensamiento de la Dra. Teresita reflejaba una visi\u00f3n de educaci\u00f3n transformadora y comprometida con la realidad del pa\u00eds. Sosten\u00eda que la instituci\u00f3n deb\u00eda analizar constantemente la situaci\u00f3n nacional, identificar necesidades y generar soluciones pertinentes a los desaf\u00edos sociales y econ\u00f3micos. Cre\u00eda firmemente en la formaci\u00f3n de profesionales capaces de adaptarse a los cambios del siglo XXI, con s\u00f3lida \u00e9tica profesional y compromiso con el desarrollo sostenible.<\/p>\n<p>Su trabajo fue fundamental para consolidar a UNIAGRARIA como la \u201cU Verde de Colombia\u201d, enfocada en la sustentabilidad ambiental, la cultura del emprendimiento y el desarrollo regional con enfoque territorial. Hoy, su legado permanece vivo en cada proyecto, programa y acci\u00f3n que contin\u00faa transformando la educaci\u00f3n superior y aportando al progreso del campo colombiano.<\/p>\n<p>La Dra. Teresita Escobar de Torres falleci\u00f3 el 25 de marzo de 2025 a los 86 a\u00f1os. Nacida en 1938, habr\u00eda cumplido 87 a\u00f1os el 18 de julio. Su vida estuvo dedicada al servicio de la educaci\u00f3n y al desarrollo rural del pa\u00eds.<\/p>\n<p>Con profunda gratitud y reconocimiento, la comunidad uniagrarista honra su memoria, convencida de que su visi\u00f3n y compromiso seguir\u00e1n inspirando a futuras generaciones de estudiantes, docentes y profesionales comprometidos con el desarrollo del campo y la sociedad.<\/p>\t\t\t\t\t\t\t\t<\/div>\n\t\t\t\t<\/div>\n\t\t<div class=\"elementor-element elementor-element-ced721f e-con-full e-flex e-con e-child\" data-id=\"ced721f\" data-element_type=\"container\" data-e-type=\"container\">\n\t\t\t\t<div class=\"elementor-element elementor-element-b4d2cb3 elementor-widget elementor-widget-heading\" data-id=\"b4d2cb3\" data-element_type=\"widget\" data-e-type=\"widget\" data-widget_type=\"heading.default\">\n\t\t\t\t<div class=\"elementor-widget-container\">\n\t\t\t\t\t<h5 class=\"elementor-heading-title elementor-size-default\">Galer\u00eda<\/h5>\t\t\t\t<\/div>\n\t\t\t\t<\/div>\n\t\t\t\t<div class=\"elementor-element elementor-element-a895f9a elementor--h-position-center elementor--v-position-middle elementor-arrows-position-inside elementor-pagination-position-inside elementor-widget elementor-widget-slides\" data-id=\"a895f9a\" data-element_type=\"widget\" data-e-type=\"widget\" data-settings=\"{&quot;navigation&quot;:&quot;both&quot;,&quot;autoplay&quot;:&quot;yes&quot;,&quot;pause_on_hover&quot;:&quot;yes&quot;,&quot;pause_on_interaction&quot;:&quot;yes&quot;,&quot;autoplay_speed&quot;:5000,&quot;infinite&quot;:&quot;yes&quot;,&quot;transition&quot;:&quot;slide&quot;,&quot;transition_speed&quot;:500}\" data-widget_type=\"slides.default\">\n\t\t\t\t<div class=\"elementor-widget-container\">\n\t\t\t\t\t\t\t\t\t<div class=\"elementor-swiper\">\n\t\t\t\t\t<div class=\"elementor-slides-wrapper elementor-main-swiper swiper\" role=\"region\" aria-roledescription=\"carousel\" aria-label=\"Slides\" dir=\"ltr\" data-animation=\"fadeInUp\">\n\t\t\t\t<div class=\"swiper-wrapper elementor-slides\">\n\t\t\t\t\t\t\t\t\t\t<div class=\"elementor-repeater-item-8c1b72c swiper-slide\" role=\"group\" aria-roledescription=\"slide\"><div class=\"swiper-slide-bg\" role=\"img\" aria-label=\"1\"><\/div><div class=\"swiper-slide-inner\" ><div class=\"swiper-slide-contents\"><\/div><\/div><\/div><div class=\"elementor-repeater-item-9fe57c2 swiper-slide\" role=\"group\" aria-roledescription=\"slide\"><div class=\"swiper-slide-bg\" role=\"img\" aria-label=\"2\"><\/div><div class=\"swiper-slide-inner\" ><div class=\"swiper-slide-contents\"><\/div><\/div><\/div><div class=\"elementor-repeater-item-bd6e5a2 swiper-slide\" role=\"group\" aria-roledescription=\"slide\"><div class=\"swiper-slide-bg\" role=\"img\" aria-label=\"3\"><\/div><div class=\"swiper-slide-inner\" ><div class=\"swiper-slide-contents\"><\/div><\/div><\/div><div class=\"elementor-repeater-item-9109e8e swiper-slide\" role=\"group\" aria-roledescription=\"slide\"><div class=\"swiper-slide-bg\" role=\"img\" aria-label=\"4\"><\/div><div class=\"swiper-slide-inner\" ><div class=\"swiper-slide-contents\"><\/div><\/div><\/div><div class=\"elementor-repeater-item-1e6dc3b swiper-slide\" role=\"group\" aria-roledescription=\"slide\"><div class=\"swiper-slide-bg\" role=\"img\" aria-label=\"5\"><\/div><div class=\"swiper-slide-inner\" ><div class=\"swiper-slide-contents\"><\/div><\/div><\/div><div class=\"elementor-repeater-item-02016a1 swiper-slide\" role=\"group\" aria-roledescription=\"slide\"><div class=\"swiper-slide-bg\" role=\"img\" aria-label=\"6\"><\/div><div class=\"swiper-slide-inner\" ><div class=\"swiper-slide-contents\"><\/div><\/div><\/div><div class=\"elementor-repeater-item-518322a swiper-slide\" role=\"group\" aria-roledescription=\"slide\"><div class=\"swiper-slide-bg\" role=\"img\" aria-label=\"7\"><\/div><div class=\"swiper-slide-inner\" ><div class=\"swiper-slide-contents\"><\/div><\/div><\/div><div class=\"elementor-repeater-item-ea2e73b swiper-slide\" role=\"group\" aria-roledescription=\"slide\"><div class=\"swiper-slide-bg\" role=\"img\" aria-label=\"8\"><\/div><div class=\"swiper-slide-inner\" ><div class=\"swiper-slide-contents\"><\/div><\/div><\/div>\t\t\t\t<\/div>\n\t\t\t\t\t\t\t\t\t\t\t\t\t\t\t<div class=\"elementor-swiper-button elementor-swiper-button-prev\" role=\"button\" tabindex=\"0\" aria-label=\"Diapositiva anterior\">\n\t\t\t\t\t\t\t<svg aria-hidden=\"true\" class=\"e-font-icon-svg e-eicon-chevron-left\" viewBox=\"0 0 1000 1000\" xmlns=\"http:\/\/www.w3.org\/2000\/svg\"><path d=\"M646 125C629 125 613 133 604 142L308 442C296 454 292 471 292 487 292 504 296 521 308 533L604 854C617 867 629 875 646 875 663 875 679 871 692 858 704 846 713 829 713 812 713 796 708 779 692 767L438 487 692 225C700 217 708 204 708 187 708 171 704 154 692 142 675 129 663 125 646 125Z\"><\/path><\/svg>\t\t\t\t\t\t<\/div>\n\t\t\t\t\t\t<div class=\"elementor-swiper-button elementor-swiper-button-next\" role=\"button\" tabindex=\"0\" aria-label=\"Siguiente diapositiva\">\n\t\t\t\t\t\t\t<svg aria-hidden=\"true\" class=\"e-font-icon-svg e-eicon-chevron-right\" viewBox=\"0 0 1000 1000\" xmlns=\"http:\/\/www.w3.org\/2000\/svg\"><path d=\"M696 533C708 521 713 504 713 487 713 471 708 454 696 446L400 146C388 133 375 125 354 125 338 125 325 129 313 142 300 154 292 171 292 187 292 204 296 221 308 233L563 492 304 771C292 783 288 800 288 817 288 833 296 850 308 863 321 871 338 875 354 875 371 875 388 867 400 854L696 533Z\"><\/path><\/svg>\t\t\t\t\t\t<\/div>\n\t\t\t\t\t\t\t\t\t\t\t\t\t\t\t\t<div class=\"swiper-pagination\"><\/div>\n\t\t\t\t\t\t\t\t\t\t\t\t<\/div>\n\t\t\t\t<\/div>\n\t\t\t\t\t\t\t\t<\/div>\n\t\t\t\t<\/div>\n\t\t\t\t<\/div>\n\t\t\t\t\t<\/div>\n\t\t\t\t<\/div>\n\t\t\t\t<\/div>\n\t\t","protected":false},"excerpt":{"rendered":"<p>En un emotivo encuentro cargado de gratitud y memoria, la Fundaci\u00f3n Universitaria Agraria de Colombia \u2013 UNIAGRARIA realiz\u00f3 la misa de conmemoraci\u00f3n del primer aniversario del fallecimiento de la Dra. Teresita Escobar de Torres, cofundadora de la instituci\u00f3n. La Eucarist\u00eda se llev\u00f3 a cabo el jueves 26 de marzo en el Auditorio Auxiliar de UNIAGRARIA [&hellip;]<\/p>\n","protected":false},"author":18,"featured_media":83564,"comment_status":"closed","ping_status":"open","sticky":false,"template":"","format":"standard","meta":{"_acf_changed":false,"site-sidebar-layout":"default","site-content-layout":"","ast-site-content-layout":"default","site-content-style":"default","site-sidebar-style":"default","ast-global-header-display":"","ast-banner-title-visibility":"","ast-main-header-display":"","ast-hfb-above-header-display":"","ast-hfb-below-header-display":"","ast-hfb-mobile-header-display":"","site-post-title":"","ast-breadcrumbs-content":"","ast-featured-img":"","footer-sml-layout":"","ast-disable-related-posts":"","theme-transparent-header-meta":"","adv-header-id-meta":"","stick-header-meta":"","header-above-stick-meta":"","header-main-stick-meta":"","header-below-stick-meta":"","astra-migrate-meta-layouts":"default","ast-page-background-enabled":"default","ast-page-background-meta":{"desktop":{"background-color":"var(--ast-global-color-4)","background-image":"","background-repeat":"repeat","background-position":"center center","background-size":"auto","background-attachment":"scroll","background-type":"","background-media":"","overlay-type":"","overlay-color":"","overlay-opacity":"","overlay-gradient":""},"tablet":{"background-color":"","background-image":"","background-repeat":"repeat","background-position":"center center","background-size":"auto","background-attachment":"scroll","background-type":"","background-media":"","overlay-type":"","overlay-color":"","overlay-opacity":"","overlay-gradient":""},"mobile":{"background-color":"","background-image":"","background-repeat":"repeat","background-position":"center center","background-size":"auto","background-attachment":"scroll","background-type":"","background-media":"","overlay-type":"","overlay-color":"","overlay-opacity":"","overlay-gradient":""}},"ast-content-background-meta":{"desktop":{"background-color":"var(--ast-global-color-5)","background-image":"","background-repeat":"repeat","background-position":"center center","background-size":"auto","background-attachment":"scroll","background-type":"","background-media":"","overlay-type":"","overlay-color":"","overlay-opacity":"","overlay-gradient":""},"tablet":{"background-color":"var(--ast-global-color-5)","background-image":"","background-repeat":"repeat","background-position":"center center","background-size":"auto","background-attachment":"scroll","background-type":"","background-media":"","overlay-type":"","overlay-color":"","overlay-opacity":"","overlay-gradient":""},"mobile":{"background-color":"var(--ast-global-color-5)","background-image":"","background-repeat":"repeat","background-position":"center center","background-size":"auto","background-attachment":"scroll","background-type":"","background-media":"","overlay-type":"","overlay-color":"","overlay-opacity":"","overlay-gradient":""}},"footnotes":""},"categories":[35],"tags":[],"class_list":["post-83563","post","type-post","status-publish","format-standard","has-post-thumbnail","hentry","category-noticias"],"acf":[],"yoast_head":"<!-- This site is optimized with the Yoast SEO plugin v27.5 - https:\/\/yoast.com\/product\/yoast-seo-wordpress\/ -->\n<title>UNIAGRARIA conmemor\u00f3 el primer aniversario del fallecimiento de su cofundadora, la Dra. Teresita Escobar de Torres - UNIAGRARIA<\/title>\n<meta name=\"robots\" content=\"index, follow, max-snippet:-1, max-image-preview:large, max-video-preview:-1\" \/>\n<link rel=\"canonical\" href=\"https:\/\/uniagraria.edu.co\/es\/uniagraria-conmemoro-el-primer-aniversario-del-fallecimiento-de-su-cofundadora-la-dra-teresita-escobar-de-torres\/\" \/>\n<meta property=\"og:locale\" content=\"es_ES\" \/>\n<meta property=\"og:type\" content=\"article\" \/>\n<meta property=\"og:title\" content=\"UNIAGRARIA conmemor\u00f3 el primer aniversario del fallecimiento de su cofundadora, la Dra. Teresita Escobar de Torres - UNIAGRARIA\" \/>\n<meta property=\"og:description\" content=\"En un emotivo encuentro cargado de gratitud y memoria, la Fundaci\u00f3n Universitaria Agraria de Colombia \u2013 UNIAGRARIA realiz\u00f3 la misa de conmemoraci\u00f3n del primer aniversario del fallecimiento de la Dra. Teresita Escobar de Torres, cofundadora de la instituci\u00f3n. La Eucarist\u00eda se llev\u00f3 a cabo el jueves 26 de marzo en el Auditorio Auxiliar de UNIAGRARIA [&hellip;]\" \/>\n<meta property=\"og:url\" content=\"https:\/\/uniagraria.edu.co\/es\/uniagraria-conmemoro-el-primer-aniversario-del-fallecimiento-de-su-cofundadora-la-dra-teresita-escobar-de-torres\/\" \/>\n<meta property=\"og:site_name\" content=\"UNIAGRARIA\" \/>\n<meta property=\"article:publisher\" content=\"https:\/\/www.facebook.com\/uagraria\/?locale=es_LA\" \/>\n<meta property=\"article:published_time\" content=\"2026-03-26T18:51:49+00:00\" \/>\n<meta property=\"article:modified_time\" content=\"2026-03-26T19:03:37+00:00\" \/>\n<meta property=\"og:image\" content=\"https:\/\/uniagraria.edu.co\/wp-content\/uploads\/2026\/03\/1-5-scaled.jpeg\" \/>\n\t<meta property=\"og:image:width\" content=\"2560\" \/>\n\t<meta property=\"og:image:height\" content=\"1441\" \/>\n\t<meta property=\"og:image:type\" content=\"image\/jpeg\" \/>\n<meta name=\"author\" content=\"Comunicaciones UNIAGRARIA\" \/>\n<meta name=\"twitter:card\" content=\"summary_large_image\" \/>\n<meta name=\"twitter:creator\" content=\"@UNIAGRARIA\" \/>\n<meta name=\"twitter:site\" content=\"@UNIAGRARIA\" \/>\n<meta name=\"twitter:label1\" content=\"Escrito por\" \/>\n\t<meta name=\"twitter:data1\" content=\"Comunicaciones UNIAGRARIA\" \/>\n\t<meta name=\"twitter:label2\" content=\"Tiempo de lectura\" \/>\n\t<meta name=\"twitter:data2\" content=\"3 minutos\" \/>\n<script type=\"application\/ld+json\" class=\"yoast-schema-graph\">{\"@context\":\"https:\\\/\\\/schema.org\",\"@graph\":[{\"@type\":\"Article\",\"@id\":\"https:\\\/\\\/uniagraria.edu.co\\\/uniagraria-conmemoro-el-primer-aniversario-del-fallecimiento-de-su-cofundadora-la-dra-teresita-escobar-de-torres\\\/#article\",\"isPartOf\":{\"@id\":\"https:\\\/\\\/uniagraria.edu.co\\\/uniagraria-conmemoro-el-primer-aniversario-del-fallecimiento-de-su-cofundadora-la-dra-teresita-escobar-de-torres\\\/\"},\"author\":{\"name\":\"Comunicaciones UNIAGRARIA\",\"@id\":\"https:\\\/\\\/uniagraria.edu.co\\\/es\\\/#\\\/schema\\\/person\\\/4034d09f22f296c0e5ef4183437a9a00\"},\"headline\":\"UNIAGRARIA conmemor\u00f3 el primer aniversario del fallecimiento de su cofundadora, la Dra. Teresita Escobar de Torres\",\"datePublished\":\"2026-03-26T18:51:49+00:00\",\"dateModified\":\"2026-03-26T19:03:37+00:00\",\"mainEntityOfPage\":{\"@id\":\"https:\\\/\\\/uniagraria.edu.co\\\/uniagraria-conmemoro-el-primer-aniversario-del-fallecimiento-de-su-cofundadora-la-dra-teresita-escobar-de-torres\\\/\"},\"wordCount\":664,\"publisher\":{\"@id\":\"https:\\\/\\\/uniagraria.edu.co\\\/es\\\/#organization\"},\"image\":{\"@id\":\"https:\\\/\\\/uniagraria.edu.co\\\/uniagraria-conmemoro-el-primer-aniversario-del-fallecimiento-de-su-cofundadora-la-dra-teresita-escobar-de-torres\\\/#primaryimage\"},\"thumbnailUrl\":\"https:\\\/\\\/uniagraria.edu.co\\\/wp-content\\\/uploads\\\/2026\\\/03\\\/1-5-scaled.jpeg\",\"articleSection\":[\"Noticias\"],\"inLanguage\":\"es-CO\"},{\"@type\":\"WebPage\",\"@id\":\"https:\\\/\\\/uniagraria.edu.co\\\/uniagraria-conmemoro-el-primer-aniversario-del-fallecimiento-de-su-cofundadora-la-dra-teresita-escobar-de-torres\\\/\",\"url\":\"https:\\\/\\\/uniagraria.edu.co\\\/uniagraria-conmemoro-el-primer-aniversario-del-fallecimiento-de-su-cofundadora-la-dra-teresita-escobar-de-torres\\\/\",\"name\":\"UNIAGRARIA conmemor\u00f3 el primer aniversario del fallecimiento de su cofundadora, la Dra. Teresita Escobar de Torres - UNIAGRARIA\",\"isPartOf\":{\"@id\":\"https:\\\/\\\/uniagraria.edu.co\\\/es\\\/#website\"},\"primaryImageOfPage\":{\"@id\":\"https:\\\/\\\/uniagraria.edu.co\\\/uniagraria-conmemoro-el-primer-aniversario-del-fallecimiento-de-su-cofundadora-la-dra-teresita-escobar-de-torres\\\/#primaryimage\"},\"image\":{\"@id\":\"https:\\\/\\\/uniagraria.edu.co\\\/uniagraria-conmemoro-el-primer-aniversario-del-fallecimiento-de-su-cofundadora-la-dra-teresita-escobar-de-torres\\\/#primaryimage\"},\"thumbnailUrl\":\"https:\\\/\\\/uniagraria.edu.co\\\/wp-content\\\/uploads\\\/2026\\\/03\\\/1-5-scaled.jpeg\",\"datePublished\":\"2026-03-26T18:51:49+00:00\",\"dateModified\":\"2026-03-26T19:03:37+00:00\",\"breadcrumb\":{\"@id\":\"https:\\\/\\\/uniagraria.edu.co\\\/uniagraria-conmemoro-el-primer-aniversario-del-fallecimiento-de-su-cofundadora-la-dra-teresita-escobar-de-torres\\\/#breadcrumb\"},\"inLanguage\":\"es-CO\",\"potentialAction\":[{\"@type\":\"ReadAction\",\"target\":[\"https:\\\/\\\/uniagraria.edu.co\\\/uniagraria-conmemoro-el-primer-aniversario-del-fallecimiento-de-su-cofundadora-la-dra-teresita-escobar-de-torres\\\/\"]}]},{\"@type\":\"ImageObject\",\"inLanguage\":\"es-CO\",\"@id\":\"https:\\\/\\\/uniagraria.edu.co\\\/uniagraria-conmemoro-el-primer-aniversario-del-fallecimiento-de-su-cofundadora-la-dra-teresita-escobar-de-torres\\\/#primaryimage\",\"url\":\"https:\\\/\\\/uniagraria.edu.co\\\/wp-content\\\/uploads\\\/2026\\\/03\\\/1-5-scaled.jpeg\",\"contentUrl\":\"https:\\\/\\\/uniagraria.edu.co\\\/wp-content\\\/uploads\\\/2026\\\/03\\\/1-5-scaled.jpeg\",\"width\":2560,\"height\":1441},{\"@type\":\"BreadcrumbList\",\"@id\":\"https:\\\/\\\/uniagraria.edu.co\\\/uniagraria-conmemoro-el-primer-aniversario-del-fallecimiento-de-su-cofundadora-la-dra-teresita-escobar-de-torres\\\/#breadcrumb\",\"itemListElement\":[{\"@type\":\"ListItem\",\"position\":1,\"name\":\"Inicio\",\"item\":\"https:\\\/\\\/uniagraria.edu.co\\\/\"},{\"@type\":\"ListItem\",\"position\":2,\"name\":\"Noticias\",\"item\":\"https:\\\/\\\/uniagraria.edu.co\\\/es\\\/category\\\/noticias\\\/\"},{\"@type\":\"ListItem\",\"position\":3,\"name\":\"UNIAGRARIA conmemor\u00f3 el primer aniversario del fallecimiento de su cofundadora, la Dra. Teresita Escobar de Torres\"}]},{\"@type\":\"WebSite\",\"@id\":\"https:\\\/\\\/uniagraria.edu.co\\\/es\\\/#website\",\"url\":\"https:\\\/\\\/uniagraria.edu.co\\\/es\\\/\",\"name\":\"UNIAGRARIA\",\"description\":\"FUNDACION UNIVERSITARIA AGRARIA DE COLOMBIA\",\"publisher\":{\"@id\":\"https:\\\/\\\/uniagraria.edu.co\\\/es\\\/#organization\"},\"potentialAction\":[{\"@type\":\"SearchAction\",\"target\":{\"@type\":\"EntryPoint\",\"urlTemplate\":\"https:\\\/\\\/uniagraria.edu.co\\\/es\\\/?s={search_term_string}\"},\"query-input\":{\"@type\":\"PropertyValueSpecification\",\"valueRequired\":true,\"valueName\":\"search_term_string\"}}],\"inLanguage\":\"es-CO\"},{\"@type\":\"Organization\",\"@id\":\"https:\\\/\\\/uniagraria.edu.co\\\/es\\\/#organization\",\"name\":\"UNIAGRARIA\",\"url\":\"https:\\\/\\\/uniagraria.edu.co\\\/es\\\/\",\"logo\":{\"@type\":\"ImageObject\",\"inLanguage\":\"es-CO\",\"@id\":\"https:\\\/\\\/uniagraria.edu.co\\\/es\\\/#\\\/schema\\\/logo\\\/image\\\/\",\"url\":\"https:\\\/\\\/novawebmaster.com\\\/uniagraria\\\/wp-content\\\/uploads\\\/2025\\\/02\\\/LogoUa2023Vertical.png\",\"contentUrl\":\"https:\\\/\\\/novawebmaster.com\\\/uniagraria\\\/wp-content\\\/uploads\\\/2025\\\/02\\\/LogoUa2023Vertical.png\",\"width\":3300,\"height\":2550,\"caption\":\"UNIAGRARIA\"},\"image\":{\"@id\":\"https:\\\/\\\/uniagraria.edu.co\\\/es\\\/#\\\/schema\\\/logo\\\/image\\\/\"},\"sameAs\":[\"https:\\\/\\\/www.facebook.com\\\/uagraria\\\/?locale=es_LA\",\"https:\\\/\\\/x.com\\\/UNIAGRARIA\",\"https:\\\/\\\/www.instagram.com\\\/uniagraria\\\/profilecard\\\/?igsh=MXI2bTFlMWsxNzNjOA\",\"https:\\\/\\\/www.tiktok.com\\\/discover\\\/uniagraria?lang=es\",\"https:\\\/\\\/www.linkedin.com\\\/school\\\/uniagraria\\\/?originalSubdomain=co\",\"https:\\\/\\\/www.youtube.com\\\/user\\\/UniagrariaUverde?themeRefresh=1\",\"https:\\\/\\\/api.whatsapp.com\\\/send?phone=3134230649\"]},{\"@type\":\"Person\",\"@id\":\"https:\\\/\\\/uniagraria.edu.co\\\/es\\\/#\\\/schema\\\/person\\\/4034d09f22f296c0e5ef4183437a9a00\",\"name\":\"Comunicaciones UNIAGRARIA\",\"image\":{\"@type\":\"ImageObject\",\"inLanguage\":\"es-CO\",\"@id\":\"https:\\\/\\\/secure.gravatar.com\\\/avatar\\\/3c69f4f1e34bab3955e0d8fa0d59a1a3c3830637a1190d707a2d9e9e54240cbd?s=96&d=mm&r=g\",\"url\":\"https:\\\/\\\/secure.gravatar.com\\\/avatar\\\/3c69f4f1e34bab3955e0d8fa0d59a1a3c3830637a1190d707a2d9e9e54240cbd?s=96&d=mm&r=g\",\"contentUrl\":\"https:\\\/\\\/secure.gravatar.com\\\/avatar\\\/3c69f4f1e34bab3955e0d8fa0d59a1a3c3830637a1190d707a2d9e9e54240cbd?s=96&d=mm&r=g\",\"caption\":\"Comunicaciones UNIAGRARIA\"},\"url\":\"https:\\\/\\\/uniagraria.edu.co\\\/es\\\/author\\\/victor-webmaster\\\/\"}]}<\/script>\n<!-- \/ Yoast SEO plugin. -->","yoast_head_json":{"title":"UNIAGRARIA conmemor\u00f3 el primer aniversario del fallecimiento de su cofundadora, la Dra. Teresita Escobar de Torres - UNIAGRARIA","robots":{"index":"index","follow":"follow","max-snippet":"max-snippet:-1","max-image-preview":"max-image-preview:large","max-video-preview":"max-video-preview:-1"},"canonical":"https:\/\/uniagraria.edu.co\/es\/uniagraria-conmemoro-el-primer-aniversario-del-fallecimiento-de-su-cofundadora-la-dra-teresita-escobar-de-torres\/","og_locale":"es_ES","og_type":"article","og_title":"UNIAGRARIA conmemor\u00f3 el primer aniversario del fallecimiento de su cofundadora, la Dra. Teresita Escobar de Torres - UNIAGRARIA","og_description":"En un emotivo encuentro cargado de gratitud y memoria, la Fundaci\u00f3n Universitaria Agraria de Colombia \u2013 UNIAGRARIA realiz\u00f3 la misa de conmemoraci\u00f3n del primer aniversario del fallecimiento de la Dra. Teresita Escobar de Torres, cofundadora de la instituci\u00f3n. La Eucarist\u00eda se llev\u00f3 a cabo el jueves 26 de marzo en el Auditorio Auxiliar de UNIAGRARIA [&hellip;]","og_url":"https:\/\/uniagraria.edu.co\/es\/uniagraria-conmemoro-el-primer-aniversario-del-fallecimiento-de-su-cofundadora-la-dra-teresita-escobar-de-torres\/","og_site_name":"UNIAGRARIA","article_publisher":"https:\/\/www.facebook.com\/uagraria\/?locale=es_LA","article_published_time":"2026-03-26T18:51:49+00:00","article_modified_time":"2026-03-26T19:03:37+00:00","og_image":[{"width":2560,"height":1441,"url":"https:\/\/uniagraria.edu.co\/wp-content\/uploads\/2026\/03\/1-5-scaled.jpeg","type":"image\/jpeg"}],"author":"Comunicaciones UNIAGRARIA","twitter_card":"summary_large_image","twitter_creator":"@UNIAGRARIA","twitter_site":"@UNIAGRARIA","twitter_misc":{"Escrito por":"Comunicaciones UNIAGRARIA","Tiempo de lectura":"3 minutos"},"schema":{"@context":"https:\/\/schema.org","@graph":[{"@type":"Article","@id":"https:\/\/uniagraria.edu.co\/uniagraria-conmemoro-el-primer-aniversario-del-fallecimiento-de-su-cofundadora-la-dra-teresita-escobar-de-torres\/#article","isPartOf":{"@id":"https:\/\/uniagraria.edu.co\/uniagraria-conmemoro-el-primer-aniversario-del-fallecimiento-de-su-cofundadora-la-dra-teresita-escobar-de-torres\/"},"author":{"name":"Comunicaciones UNIAGRARIA","@id":"https:\/\/uniagraria.edu.co\/es\/#\/schema\/person\/4034d09f22f296c0e5ef4183437a9a00"},"headline":"UNIAGRARIA conmemor\u00f3 el primer aniversario del fallecimiento de su cofundadora, la Dra. Teresita Escobar de Torres","datePublished":"2026-03-26T18:51:49+00:00","dateModified":"2026-03-26T19:03:37+00:00","mainEntityOfPage":{"@id":"https:\/\/uniagraria.edu.co\/uniagraria-conmemoro-el-primer-aniversario-del-fallecimiento-de-su-cofundadora-la-dra-teresita-escobar-de-torres\/"},"wordCount":664,"publisher":{"@id":"https:\/\/uniagraria.edu.co\/es\/#organization"},"image":{"@id":"https:\/\/uniagraria.edu.co\/uniagraria-conmemoro-el-primer-aniversario-del-fallecimiento-de-su-cofundadora-la-dra-teresita-escobar-de-torres\/#primaryimage"},"thumbnailUrl":"https:\/\/uniagraria.edu.co\/wp-content\/uploads\/2026\/03\/1-5-scaled.jpeg","articleSection":["Noticias"],"inLanguage":"es-CO"},{"@type":"WebPage","@id":"https:\/\/uniagraria.edu.co\/uniagraria-conmemoro-el-primer-aniversario-del-fallecimiento-de-su-cofundadora-la-dra-teresita-escobar-de-torres\/","url":"https:\/\/uniagraria.edu.co\/uniagraria-conmemoro-el-primer-aniversario-del-fallecimiento-de-su-cofundadora-la-dra-teresita-escobar-de-torres\/","name":"UNIAGRARIA conmemor\u00f3 el primer aniversario del fallecimiento de su cofundadora, la Dra. Teresita Escobar de Torres - UNIAGRARIA","isPartOf":{"@id":"https:\/\/uniagraria.edu.co\/es\/#website"},"primaryImageOfPage":{"@id":"https:\/\/uniagraria.edu.co\/uniagraria-conmemoro-el-primer-aniversario-del-fallecimiento-de-su-cofundadora-la-dra-teresita-escobar-de-torres\/#primaryimage"},"image":{"@id":"https:\/\/uniagraria.edu.co\/uniagraria-conmemoro-el-primer-aniversario-del-fallecimiento-de-su-cofundadora-la-dra-teresita-escobar-de-torres\/#primaryimage"},"thumbnailUrl":"https:\/\/uniagraria.edu.co\/wp-content\/uploads\/2026\/03\/1-5-scaled.jpeg","datePublished":"2026-03-26T18:51:49+00:00","dateModified":"2026-03-26T19:03:37+00:00","breadcrumb":{"@id":"https:\/\/uniagraria.edu.co\/uniagraria-conmemoro-el-primer-aniversario-del-fallecimiento-de-su-cofundadora-la-dra-teresita-escobar-de-torres\/#breadcrumb"},"inLanguage":"es-CO","potentialAction":[{"@type":"ReadAction","target":["https:\/\/uniagraria.edu.co\/uniagraria-conmemoro-el-primer-aniversario-del-fallecimiento-de-su-cofundadora-la-dra-teresita-escobar-de-torres\/"]}]},{"@type":"ImageObject","inLanguage":"es-CO","@id":"https:\/\/uniagraria.edu.co\/uniagraria-conmemoro-el-primer-aniversario-del-fallecimiento-de-su-cofundadora-la-dra-teresita-escobar-de-torres\/#primaryimage","url":"https:\/\/uniagraria.edu.co\/wp-content\/uploads\/2026\/03\/1-5-scaled.jpeg","contentUrl":"https:\/\/uniagraria.edu.co\/wp-content\/uploads\/2026\/03\/1-5-scaled.jpeg","width":2560,"height":1441},{"@type":"BreadcrumbList","@id":"https:\/\/uniagraria.edu.co\/uniagraria-conmemoro-el-primer-aniversario-del-fallecimiento-de-su-cofundadora-la-dra-teresita-escobar-de-torres\/#breadcrumb","itemListElement":[{"@type":"ListItem","position":1,"name":"Inicio","item":"https:\/\/uniagraria.edu.co\/"},{"@type":"ListItem","position":2,"name":"Noticias","item":"https:\/\/uniagraria.edu.co\/es\/category\/noticias\/"},{"@type":"ListItem","position":3,"name":"UNIAGRARIA conmemor\u00f3 el primer aniversario del fallecimiento de su cofundadora, la Dra. Teresita Escobar de Torres"}]},{"@type":"WebSite","@id":"https:\/\/uniagraria.edu.co\/es\/#website","url":"https:\/\/uniagraria.edu.co\/es\/","name":"UNIAGRARIA","description":"FUNDACION UNIVERSITARIA AGRARIA DE COLOMBIA","publisher":{"@id":"https:\/\/uniagraria.edu.co\/es\/#organization"},"potentialAction":[{"@type":"SearchAction","target":{"@type":"EntryPoint","urlTemplate":"https:\/\/uniagraria.edu.co\/es\/?s={search_term_string}"},"query-input":{"@type":"PropertyValueSpecification","valueRequired":true,"valueName":"search_term_string"}}],"inLanguage":"es-CO"},{"@type":"Organization","@id":"https:\/\/uniagraria.edu.co\/es\/#organization","name":"UNIAGRARIA","url":"https:\/\/uniagraria.edu.co\/es\/","logo":{"@type":"ImageObject","inLanguage":"es-CO","@id":"https:\/\/uniagraria.edu.co\/es\/#\/schema\/logo\/image\/","url":"https:\/\/novawebmaster.com\/uniagraria\/wp-content\/uploads\/2025\/02\/LogoUa2023Vertical.png","contentUrl":"https:\/\/novawebmaster.com\/uniagraria\/wp-content\/uploads\/2025\/02\/LogoUa2023Vertical.png","width":3300,"height":2550,"caption":"UNIAGRARIA"},"image":{"@id":"https:\/\/uniagraria.edu.co\/es\/#\/schema\/logo\/image\/"},"sameAs":["https:\/\/www.facebook.com\/uagraria\/?locale=es_LA","https:\/\/x.com\/UNIAGRARIA","https:\/\/www.instagram.com\/uniagraria\/profilecard\/?igsh=MXI2bTFlMWsxNzNjOA","https:\/\/www.tiktok.com\/discover\/uniagraria?lang=es","https:\/\/www.linkedin.com\/school\/uniagraria\/?originalSubdomain=co","https:\/\/www.youtube.com\/user\/UniagrariaUverde?themeRefresh=1","https:\/\/api.whatsapp.com\/send?phone=3134230649"]},{"@type":"Person","@id":"https:\/\/uniagraria.edu.co\/es\/#\/schema\/person\/4034d09f22f296c0e5ef4183437a9a00","name":"Comunicaciones UNIAGRARIA","image":{"@type":"ImageObject","inLanguage":"es-CO","@id":"https:\/\/secure.gravatar.com\/avatar\/3c69f4f1e34bab3955e0d8fa0d59a1a3c3830637a1190d707a2d9e9e54240cbd?s=96&d=mm&r=g","url":"https:\/\/secure.gravatar.com\/avatar\/3c69f4f1e34bab3955e0d8fa0d59a1a3c3830637a1190d707a2d9e9e54240cbd?s=96&d=mm&r=g","contentUrl":"https:\/\/secure.gravatar.com\/avatar\/3c69f4f1e34bab3955e0d8fa0d59a1a3c3830637a1190d707a2d9e9e54240cbd?s=96&d=mm&r=g","caption":"Comunicaciones UNIAGRARIA"},"url":"https:\/\/uniagraria.edu.co\/es\/author\/victor-webmaster\/"}]}},"_links":{"self":[{"href":"https:\/\/uniagraria.edu.co\/es\/wp-json\/wp\/v2\/posts\/83563","targetHints":{"allow":["GET"]}}],"collection":[{"href":"https:\/\/uniagraria.edu.co\/es\/wp-json\/wp\/v2\/posts"}],"about":[{"href":"https:\/\/uniagraria.edu.co\/es\/wp-json\/wp\/v2\/types\/post"}],"author":[{"embeddable":true,"href":"https:\/\/uniagraria.edu.co\/es\/wp-json\/wp\/v2\/users\/18"}],"replies":[{"embeddable":true,"href":"https:\/\/uniagraria.edu.co\/es\/wp-json\/wp\/v2\/comments?post=83563"}],"version-history":[{"count":12,"href":"https:\/\/uniagraria.edu.co\/es\/wp-json\/wp\/v2\/posts\/83563\/revisions"}],"predecessor-version":[{"id":83584,"href":"https:\/\/uniagraria.edu.co\/es\/wp-json\/wp\/v2\/posts\/83563\/revisions\/83584"}],"wp:featuredmedia":[{"embeddable":true,"href":"https:\/\/uniagraria.edu.co\/es\/wp-json\/wp\/v2\/media\/83564"}],"wp:attachment":[{"href":"https:\/\/uniagraria.edu.co\/es\/wp-json\/wp\/v2\/media?parent=83563"}],"wp:term":[{"taxonomy":"category","embeddable":true,"href":"https:\/\/uniagraria.edu.co\/es\/wp-json\/wp\/v2\/categories?post=83563"},{"taxonomy":"post_tag","embeddable":true,"href":"https:\/\/uniagraria.edu.co\/es\/wp-json\/wp\/v2\/tags?post=83563"}],"curies":[{"name":"wp","href":"https:\/\/api.w.org\/{rel}","templated":true}]}}