{"id":83585,"date":"2026-03-26T14:56:56","date_gmt":"2026-03-26T19:56:56","guid":{"rendered":"https:\/\/uniagraria.edu.co\/?p=83585"},"modified":"2026-03-26T15:02:34","modified_gmt":"2026-03-26T20:02:34","slug":"uniagraria-realizo-el-foro-la-mujer-en-el-desarrollo-de-la-agricultura-campesina-familiar-etnica-y-comunitaria","status":"publish","type":"post","link":"https:\/\/uniagraria.edu.co\/es\/uniagraria-realizo-el-foro-la-mujer-en-el-desarrollo-de-la-agricultura-campesina-familiar-etnica-y-comunitaria\/","title":{"rendered":"UNIAGRARIA realiz\u00f3 el foro \u201cLa mujer en el desarrollo de la agricultura campesina, familiar, \u00e9tnica y comunitaria\u201d"},"content":{"rendered":"\t\t<div data-elementor-type=\"wp-post\" data-elementor-id=\"83585\" class=\"elementor elementor-83585\" data-elementor-post-type=\"post\">\n\t\t\t\t<div class=\"elementor-element elementor-element-87e946f e-flex e-con-boxed e-con e-parent\" data-id=\"87e946f\" data-element_type=\"container\" data-e-type=\"container\">\n\t\t\t\t\t<div class=\"e-con-inner\">\n\t\t\t\t<div class=\"elementor-element elementor-element-d1584fd elementor-widget elementor-widget-text-editor\" data-id=\"d1584fd\" data-element_type=\"widget\" data-e-type=\"widget\" data-widget_type=\"text-editor.default\">\n\t\t\t\t<div class=\"elementor-widget-container\">\n\t\t\t\t\t\t\t\t\t<p>En el marco del A\u00f1o de la Mujer Agricultora, la Fundaci\u00f3n Universitaria Agraria de Colombia \u2013 UNIAGRARIA llev\u00f3 a cabo el foro \u201cLa mujer en el desarrollo de la agricultura campesina, familiar, \u00e9tnica y comunitaria\u201d, el pasado 25 de marzo en el Auditorio Auxiliar de la sede Bogot\u00e1. El evento fue organizado por la directora del Instituto para la Familia Rural, la Teresa L\u00f3pez Guti\u00e9rrez, y reuni\u00f3 a estudiantes, docentes, organizaciones campesinas y miembros de la comunidad acad\u00e9mica y social en un espacio de reconocimiento y reflexi\u00f3n sobre el papel de las mujeres rurales en la seguridad y soberan\u00eda alimentaria.<\/p><p><b>Apertura y participaci\u00f3n de expertas y expertos<\/b><\/p><p>La jornada inici\u00f3 con las palabras de la Dra. Gloria Nelly Rodr\u00edguez de Mart\u00ednez, miembro del Consejo de Fundadores de UNIAGRARIA, quien destac\u00f3 la importancia de visibilizar el rol transformador de la mujer en el campo colombiano.<\/p><p>Posteriormente, se dio la bienvenida por parte de la Dra. Leonor Hern\u00e1ndez, jefe del Centro de Pensamiento para el Desarrollo Rural y la Extensi\u00f3n. El foro cont\u00f3 con la participaci\u00f3n de destacadas invitadas e invitados que abordaron distintas perspectivas del desarrollo rural:<\/p><p>\u2022\u2060 \u2060Intervenci\u00f3n de la Dra. Martha Patricia Pel\u00e1ez, de la Fundaci\u00f3n Revindica y del Colegio de Familia, con el tema \u201cGeograf\u00eda del bienestar y salud mental de la mujer rural\u201d.<br \/>\u2022\u2060 \u2060Ponencia del Dr. Arlex Angarita Leiton y la Dra. Judith Ximena Cantor, de la Universidad Minuto de Dios y la RENAF, sobre *\u201cAgrodiversidad y pol\u00edtica p\u00fablica de agroecolog\u00eda: el papel de la mujer de la ACFEC\u201d.<br \/>\u2022\u2060 \u2060Intervenci\u00f3n de Isabel Cristina Gonz\u00e1lez S\u00e1nchez, de RENAF, con el tema \u201cLa incidencia de la mujer en la agricultura familiar\u201d.<br \/>\u2022\u2060 \u2060Participaci\u00f3n de la Dra. M\u00f3nica Dugue Roa, de la Secretar\u00eda Agropecuaria y Desarrollo Econ\u00f3mico de Viot\u00e1, quien abord\u00f3 los \u201cRetos de la implementaci\u00f3n de la Ley 2462 de 2025\u201d, entre otras intervenciones.<\/p><p><b>Reconocimiento al papel de la mujer rural<\/b><\/p><p>Durante el foro se resalt\u00f3 que la labor de las mujeres rurales abarca m\u00faltiples dimensiones: el cuidado de la familia, la producci\u00f3n agroecol\u00f3gica, la conservaci\u00f3n del ambiente y la transmisi\u00f3n de saberes ancestrales. Su aporte resulta esencial para el fortalecimiento del desarrollo rural y la sostenibilidad del pa\u00eds.<\/p><p>Este espacio tuvo como prop\u00f3sito visibilizar el trabajo constante de las mujeres campesinas, familiares, \u00e9tnicas y comunitarias, contribuyendo a la reducci\u00f3n de desigualdades y promoviendo la construcci\u00f3n de pol\u00edticas p\u00fablicas que garanticen mayores oportunidades y fortalezcan el desarrollo rural integral.<\/p><p>Quienes deseen revivir el evento pueden ver la transmisi\u00f3n en vivo en el siguiente enlace:<br \/>[<a href=\"https:\/\/www.youtube.com\/live\/EQ7dstFapqQ?si=z1ul3BGgtsXwuFWG\" target=\"_blank\" rel=\"noopener\">https:\/\/www.youtube.com\/live\/EQ7dstFapqQ?si=z1ul3BGgtsXwuFWG<\/a>]<\/p>\t\t\t\t\t\t\t\t<\/div>\n\t\t\t\t<\/div>\n\t\t<div class=\"elementor-element elementor-element-96cb2da e-con-full e-flex e-con e-child\" data-id=\"96cb2da\" data-element_type=\"container\" data-e-type=\"container\">\n\t\t\t\t<div class=\"elementor-element elementor-element-c2767c5 elementor-widget elementor-widget-heading\" data-id=\"c2767c5\" data-element_type=\"widget\" data-e-type=\"widget\" data-widget_type=\"heading.default\">\n\t\t\t\t<div class=\"elementor-widget-container\">\n\t\t\t\t\t<h5 class=\"elementor-heading-title elementor-size-default\">Galer\u00eda<\/h5>\t\t\t\t<\/div>\n\t\t\t\t<\/div>\n\t\t\t\t<div class=\"elementor-element elementor-element-bbb5d32 elementor--h-position-center elementor--v-position-middle elementor-arrows-position-inside elementor-pagination-position-inside elementor-widget elementor-widget-slides\" data-id=\"bbb5d32\" data-element_type=\"widget\" data-e-type=\"widget\" data-settings=\"{&quot;navigation&quot;:&quot;both&quot;,&quot;autoplay&quot;:&quot;yes&quot;,&quot;pause_on_hover&quot;:&quot;yes&quot;,&quot;pause_on_interaction&quot;:&quot;yes&quot;,&quot;autoplay_speed&quot;:5000,&quot;infinite&quot;:&quot;yes&quot;,&quot;transition&quot;:&quot;slide&quot;,&quot;transition_speed&quot;:500}\" data-widget_type=\"slides.default\">\n\t\t\t\t<div class=\"elementor-widget-container\">\n\t\t\t\t\t\t\t\t\t<div class=\"elementor-swiper\">\n\t\t\t\t\t<div class=\"elementor-slides-wrapper elementor-main-swiper swiper\" role=\"region\" aria-roledescription=\"carousel\" aria-label=\"Slides\" dir=\"ltr\" data-animation=\"fadeInUp\">\n\t\t\t\t<div class=\"swiper-wrapper elementor-slides\">\n\t\t\t\t\t\t\t\t\t\t<div class=\"elementor-repeater-item-8c1b72c swiper-slide\" role=\"group\" aria-roledescription=\"slide\"><div class=\"swiper-slide-bg\" role=\"img\" aria-label=\"1\"><\/div><div class=\"swiper-slide-inner\" ><div class=\"swiper-slide-contents\"><\/div><\/div><\/div><div class=\"elementor-repeater-item-9fe57c2 swiper-slide\" role=\"group\" aria-roledescription=\"slide\"><div class=\"swiper-slide-bg\" role=\"img\" aria-label=\"2\"><\/div><div class=\"swiper-slide-inner\" ><div class=\"swiper-slide-contents\"><\/div><\/div><\/div><div class=\"elementor-repeater-item-bd6e5a2 swiper-slide\" role=\"group\" aria-roledescription=\"slide\"><div class=\"swiper-slide-bg\" role=\"img\" aria-label=\"3\"><\/div><div class=\"swiper-slide-inner\" ><div class=\"swiper-slide-contents\"><\/div><\/div><\/div><div class=\"elementor-repeater-item-9109e8e swiper-slide\" role=\"group\" aria-roledescription=\"slide\"><div class=\"swiper-slide-bg\" role=\"img\" aria-label=\"4\"><\/div><div class=\"swiper-slide-inner\" ><div class=\"swiper-slide-contents\"><\/div><\/div><\/div>\t\t\t\t<\/div>\n\t\t\t\t\t\t\t\t\t\t\t\t\t\t\t<div class=\"elementor-swiper-button elementor-swiper-button-prev\" role=\"button\" tabindex=\"0\" aria-label=\"Previous slide\">\n\t\t\t\t\t\t\t<svg aria-hidden=\"true\" class=\"e-font-icon-svg e-eicon-chevron-left\" viewBox=\"0 0 1000 1000\" xmlns=\"http:\/\/www.w3.org\/2000\/svg\"><path d=\"M646 125C629 125 613 133 604 142L308 442C296 454 292 471 292 487 292 504 296 521 308 533L604 854C617 867 629 875 646 875 663 875 679 871 692 858 704 846 713 829 713 812 713 796 708 779 692 767L438 487 692 225C700 217 708 204 708 187 708 171 704 154 692 142 675 129 663 125 646 125Z\"><\/path><\/svg>\t\t\t\t\t\t<\/div>\n\t\t\t\t\t\t<div class=\"elementor-swiper-button elementor-swiper-button-next\" role=\"button\" tabindex=\"0\" aria-label=\"Next slide\">\n\t\t\t\t\t\t\t<svg aria-hidden=\"true\" class=\"e-font-icon-svg e-eicon-chevron-right\" viewBox=\"0 0 1000 1000\" xmlns=\"http:\/\/www.w3.org\/2000\/svg\"><path d=\"M696 533C708 521 713 504 713 487 713 471 708 454 696 446L400 146C388 133 375 125 354 125 338 125 325 129 313 142 300 154 292 171 292 187 292 204 296 221 308 233L563 492 304 771C292 783 288 800 288 817 288 833 296 850 308 863 321 871 338 875 354 875 371 875 388 867 400 854L696 533Z\"><\/path><\/svg>\t\t\t\t\t\t<\/div>\n\t\t\t\t\t\t\t\t\t\t\t\t\t\t\t\t<div class=\"swiper-pagination\"><\/div>\n\t\t\t\t\t\t\t\t\t\t\t\t<\/div>\n\t\t\t\t<\/div>\n\t\t\t\t\t\t\t\t<\/div>\n\t\t\t\t<\/div>\n\t\t\t\t<\/div>\n\t\t\t\t\t<\/div>\n\t\t\t\t<\/div>\n\t\t\t\t<\/div>\n\t\t","protected":false},"excerpt":{"rendered":"<p>En el marco del A\u00f1o de la Mujer Agricultora, la Fundaci\u00f3n Universitaria Agraria de Colombia \u2013 UNIAGRARIA llev\u00f3 a cabo el foro \u201cLa mujer en el desarrollo de la agricultura campesina, familiar, \u00e9tnica y comunitaria\u201d, el pasado 25 de marzo en el Auditorio Auxiliar de la sede Bogot\u00e1. El evento fue organizado por la directora [&hellip;]<\/p>\n","protected":false},"author":18,"featured_media":83586,"comment_status":"closed","ping_status":"open","sticky":false,"template":"","format":"standard","meta":{"_acf_changed":false,"site-sidebar-layout":"default","site-content-layout":"","ast-site-content-layout":"default","site-content-style":"default","site-sidebar-style":"default","ast-global-header-display":"","ast-banner-title-visibility":"","ast-main-header-display":"","ast-hfb-above-header-display":"","ast-hfb-below-header-display":"","ast-hfb-mobile-header-display":"","site-post-title":"","ast-breadcrumbs-content":"","ast-featured-img":"","footer-sml-layout":"","ast-disable-related-posts":"","theme-transparent-header-meta":"","adv-header-id-meta":"","stick-header-meta":"","header-above-stick-meta":"","header-main-stick-meta":"","header-below-stick-meta":"","astra-migrate-meta-layouts":"default","ast-page-background-enabled":"default","ast-page-background-meta":{"desktop":{"background-color":"var(--ast-global-color-4)","background-image":"","background-repeat":"repeat","background-position":"center center","background-size":"auto","background-attachment":"scroll","background-type":"","background-media":"","overlay-type":"","overlay-color":"","overlay-opacity":"","overlay-gradient":""},"tablet":{"background-color":"","background-image":"","background-repeat":"repeat","background-position":"center center","background-size":"auto","background-attachment":"scroll","background-type":"","background-media":"","overlay-type":"","overlay-color":"","overlay-opacity":"","overlay-gradient":""},"mobile":{"background-color":"","background-image":"","background-repeat":"repeat","background-position":"center center","background-size":"auto","background-attachment":"scroll","background-type":"","background-media":"","overlay-type":"","overlay-color":"","overlay-opacity":"","overlay-gradient":""}},"ast-content-background-meta":{"desktop":{"background-color":"var(--ast-global-color-5)","background-image":"","background-repeat":"repeat","background-position":"center center","background-size":"auto","background-attachment":"scroll","background-type":"","background-media":"","overlay-type":"","overlay-color":"","overlay-opacity":"","overlay-gradient":""},"tablet":{"background-color":"var(--ast-global-color-5)","background-image":"","background-repeat":"repeat","background-position":"center center","background-size":"auto","background-attachment":"scroll","background-type":"","background-media":"","overlay-type":"","overlay-color":"","overlay-opacity":"","overlay-gradient":""},"mobile":{"background-color":"var(--ast-global-color-5)","background-image":"","background-repeat":"repeat","background-position":"center center","background-size":"auto","background-attachment":"scroll","background-type":"","background-media":"","overlay-type":"","overlay-color":"","overlay-opacity":"","overlay-gradient":""}},"footnotes":""},"categories":[35],"tags":[],"class_list":["post-83585","post","type-post","status-publish","format-standard","has-post-thumbnail","hentry","category-noticias"],"acf":[],"yoast_head":"<!-- This site is optimized with the Yoast SEO plugin v27.5 - https:\/\/yoast.com\/product\/yoast-seo-wordpress\/ -->\n<title>UNIAGRARIA realiz\u00f3 el foro \u201cLa mujer en el desarrollo de la agricultura campesina, familiar, \u00e9tnica y comunitaria\u201d - UNIAGRARIA<\/title>\n<meta name=\"robots\" content=\"index, follow, max-snippet:-1, max-image-preview:large, max-video-preview:-1\" \/>\n<link rel=\"canonical\" href=\"https:\/\/uniagraria.edu.co\/es\/uniagraria-realizo-el-foro-la-mujer-en-el-desarrollo-de-la-agricultura-campesina-familiar-etnica-y-comunitaria\/\" \/>\n<meta property=\"og:locale\" content=\"es_ES\" \/>\n<meta property=\"og:type\" content=\"article\" \/>\n<meta property=\"og:title\" content=\"UNIAGRARIA realiz\u00f3 el foro \u201cLa mujer en el desarrollo de la agricultura campesina, familiar, \u00e9tnica y comunitaria\u201d - UNIAGRARIA\" \/>\n<meta property=\"og:description\" content=\"En el marco del A\u00f1o de la Mujer Agricultora, la Fundaci\u00f3n Universitaria Agraria de Colombia \u2013 UNIAGRARIA llev\u00f3 a cabo el foro \u201cLa mujer en el desarrollo de la agricultura campesina, familiar, \u00e9tnica y comunitaria\u201d, el pasado 25 de marzo en el Auditorio Auxiliar de la sede Bogot\u00e1. El evento fue organizado por la directora [&hellip;]\" \/>\n<meta property=\"og:url\" content=\"https:\/\/uniagraria.edu.co\/es\/uniagraria-realizo-el-foro-la-mujer-en-el-desarrollo-de-la-agricultura-campesina-familiar-etnica-y-comunitaria\/\" \/>\n<meta property=\"og:site_name\" content=\"UNIAGRARIA\" \/>\n<meta property=\"article:publisher\" content=\"https:\/\/www.facebook.com\/uagraria\/?locale=es_LA\" \/>\n<meta property=\"article:published_time\" content=\"2026-03-26T19:56:56+00:00\" \/>\n<meta property=\"article:modified_time\" content=\"2026-03-26T20:02:34+00:00\" \/>\n<meta property=\"og:image\" content=\"https:\/\/uniagraria.edu.co\/wp-content\/uploads\/2026\/03\/1-6-scaled.jpeg\" \/>\n\t<meta property=\"og:image:width\" content=\"2560\" \/>\n\t<meta property=\"og:image:height\" content=\"1441\" \/>\n\t<meta property=\"og:image:type\" content=\"image\/jpeg\" \/>\n<meta name=\"author\" content=\"Comunicaciones UNIAGRARIA\" \/>\n<meta name=\"twitter:card\" content=\"summary_large_image\" \/>\n<meta name=\"twitter:creator\" content=\"@UNIAGRARIA\" \/>\n<meta name=\"twitter:site\" content=\"@UNIAGRARIA\" \/>\n<meta name=\"twitter:label1\" content=\"Escrito por\" \/>\n\t<meta name=\"twitter:data1\" content=\"Comunicaciones UNIAGRARIA\" \/>\n\t<meta name=\"twitter:label2\" content=\"Tiempo de lectura\" \/>\n\t<meta name=\"twitter:data2\" content=\"2 minutos\" \/>\n<script type=\"application\/ld+json\" class=\"yoast-schema-graph\">{\"@context\":\"https:\\\/\\\/schema.org\",\"@graph\":[{\"@type\":\"Article\",\"@id\":\"https:\\\/\\\/uniagraria.edu.co\\\/uniagraria-realizo-el-foro-la-mujer-en-el-desarrollo-de-la-agricultura-campesina-familiar-etnica-y-comunitaria\\\/#article\",\"isPartOf\":{\"@id\":\"https:\\\/\\\/uniagraria.edu.co\\\/uniagraria-realizo-el-foro-la-mujer-en-el-desarrollo-de-la-agricultura-campesina-familiar-etnica-y-comunitaria\\\/\"},\"author\":{\"name\":\"Comunicaciones UNIAGRARIA\",\"@id\":\"https:\\\/\\\/uniagraria.edu.co\\\/es\\\/#\\\/schema\\\/person\\\/4034d09f22f296c0e5ef4183437a9a00\"},\"headline\":\"UNIAGRARIA realiz\u00f3 el foro \u201cLa mujer en el desarrollo de la agricultura campesina, familiar, \u00e9tnica y comunitaria\u201d\",\"datePublished\":\"2026-03-26T19:56:56+00:00\",\"dateModified\":\"2026-03-26T20:02:34+00:00\",\"mainEntityOfPage\":{\"@id\":\"https:\\\/\\\/uniagraria.edu.co\\\/uniagraria-realizo-el-foro-la-mujer-en-el-desarrollo-de-la-agricultura-campesina-familiar-etnica-y-comunitaria\\\/\"},\"wordCount\":479,\"publisher\":{\"@id\":\"https:\\\/\\\/uniagraria.edu.co\\\/es\\\/#organization\"},\"image\":{\"@id\":\"https:\\\/\\\/uniagraria.edu.co\\\/uniagraria-realizo-el-foro-la-mujer-en-el-desarrollo-de-la-agricultura-campesina-familiar-etnica-y-comunitaria\\\/#primaryimage\"},\"thumbnailUrl\":\"https:\\\/\\\/uniagraria.edu.co\\\/wp-content\\\/uploads\\\/2026\\\/03\\\/1-6-scaled.jpeg\",\"articleSection\":[\"Noticias\"],\"inLanguage\":\"es-CO\"},{\"@type\":\"WebPage\",\"@id\":\"https:\\\/\\\/uniagraria.edu.co\\\/uniagraria-realizo-el-foro-la-mujer-en-el-desarrollo-de-la-agricultura-campesina-familiar-etnica-y-comunitaria\\\/\",\"url\":\"https:\\\/\\\/uniagraria.edu.co\\\/uniagraria-realizo-el-foro-la-mujer-en-el-desarrollo-de-la-agricultura-campesina-familiar-etnica-y-comunitaria\\\/\",\"name\":\"UNIAGRARIA realiz\u00f3 el foro \u201cLa mujer en el desarrollo de la agricultura campesina, familiar, \u00e9tnica y comunitaria\u201d - UNIAGRARIA\",\"isPartOf\":{\"@id\":\"https:\\\/\\\/uniagraria.edu.co\\\/es\\\/#website\"},\"primaryImageOfPage\":{\"@id\":\"https:\\\/\\\/uniagraria.edu.co\\\/uniagraria-realizo-el-foro-la-mujer-en-el-desarrollo-de-la-agricultura-campesina-familiar-etnica-y-comunitaria\\\/#primaryimage\"},\"image\":{\"@id\":\"https:\\\/\\\/uniagraria.edu.co\\\/uniagraria-realizo-el-foro-la-mujer-en-el-desarrollo-de-la-agricultura-campesina-familiar-etnica-y-comunitaria\\\/#primaryimage\"},\"thumbnailUrl\":\"https:\\\/\\\/uniagraria.edu.co\\\/wp-content\\\/uploads\\\/2026\\\/03\\\/1-6-scaled.jpeg\",\"datePublished\":\"2026-03-26T19:56:56+00:00\",\"dateModified\":\"2026-03-26T20:02:34+00:00\",\"breadcrumb\":{\"@id\":\"https:\\\/\\\/uniagraria.edu.co\\\/uniagraria-realizo-el-foro-la-mujer-en-el-desarrollo-de-la-agricultura-campesina-familiar-etnica-y-comunitaria\\\/#breadcrumb\"},\"inLanguage\":\"es-CO\",\"potentialAction\":[{\"@type\":\"ReadAction\",\"target\":[\"https:\\\/\\\/uniagraria.edu.co\\\/uniagraria-realizo-el-foro-la-mujer-en-el-desarrollo-de-la-agricultura-campesina-familiar-etnica-y-comunitaria\\\/\"]}]},{\"@type\":\"ImageObject\",\"inLanguage\":\"es-CO\",\"@id\":\"https:\\\/\\\/uniagraria.edu.co\\\/uniagraria-realizo-el-foro-la-mujer-en-el-desarrollo-de-la-agricultura-campesina-familiar-etnica-y-comunitaria\\\/#primaryimage\",\"url\":\"https:\\\/\\\/uniagraria.edu.co\\\/wp-content\\\/uploads\\\/2026\\\/03\\\/1-6-scaled.jpeg\",\"contentUrl\":\"https:\\\/\\\/uniagraria.edu.co\\\/wp-content\\\/uploads\\\/2026\\\/03\\\/1-6-scaled.jpeg\",\"width\":2560,\"height\":1441},{\"@type\":\"BreadcrumbList\",\"@id\":\"https:\\\/\\\/uniagraria.edu.co\\\/uniagraria-realizo-el-foro-la-mujer-en-el-desarrollo-de-la-agricultura-campesina-familiar-etnica-y-comunitaria\\\/#breadcrumb\",\"itemListElement\":[{\"@type\":\"ListItem\",\"position\":1,\"name\":\"Inicio\",\"item\":\"https:\\\/\\\/uniagraria.edu.co\\\/\"},{\"@type\":\"ListItem\",\"position\":2,\"name\":\"Uncategorized\",\"item\":\"https:\\\/\\\/uniagraria.edu.co\\\/category\\\/uncategorized-es\\\/\"},{\"@type\":\"ListItem\",\"position\":3,\"name\":\"UNIAGRARIA realiz\u00f3 el foro \u201cLa mujer en el desarrollo de la agricultura campesina, familiar, \u00e9tnica y comunitaria\u201d\"}]},{\"@type\":\"WebSite\",\"@id\":\"https:\\\/\\\/uniagraria.edu.co\\\/es\\\/#website\",\"url\":\"https:\\\/\\\/uniagraria.edu.co\\\/es\\\/\",\"name\":\"UNIAGRARIA\",\"description\":\"FUNDACION UNIVERSITARIA AGRARIA DE COLOMBIA\",\"publisher\":{\"@id\":\"https:\\\/\\\/uniagraria.edu.co\\\/es\\\/#organization\"},\"potentialAction\":[{\"@type\":\"SearchAction\",\"target\":{\"@type\":\"EntryPoint\",\"urlTemplate\":\"https:\\\/\\\/uniagraria.edu.co\\\/es\\\/?s={search_term_string}\"},\"query-input\":{\"@type\":\"PropertyValueSpecification\",\"valueRequired\":true,\"valueName\":\"search_term_string\"}}],\"inLanguage\":\"es-CO\"},{\"@type\":\"Organization\",\"@id\":\"https:\\\/\\\/uniagraria.edu.co\\\/es\\\/#organization\",\"name\":\"UNIAGRARIA\",\"url\":\"https:\\\/\\\/uniagraria.edu.co\\\/es\\\/\",\"logo\":{\"@type\":\"ImageObject\",\"inLanguage\":\"es-CO\",\"@id\":\"https:\\\/\\\/uniagraria.edu.co\\\/es\\\/#\\\/schema\\\/logo\\\/image\\\/\",\"url\":\"https:\\\/\\\/novawebmaster.com\\\/uniagraria\\\/wp-content\\\/uploads\\\/2025\\\/02\\\/LogoUa2023Vertical.png\",\"contentUrl\":\"https:\\\/\\\/novawebmaster.com\\\/uniagraria\\\/wp-content\\\/uploads\\\/2025\\\/02\\\/LogoUa2023Vertical.png\",\"width\":3300,\"height\":2550,\"caption\":\"UNIAGRARIA\"},\"image\":{\"@id\":\"https:\\\/\\\/uniagraria.edu.co\\\/es\\\/#\\\/schema\\\/logo\\\/image\\\/\"},\"sameAs\":[\"https:\\\/\\\/www.facebook.com\\\/uagraria\\\/?locale=es_LA\",\"https:\\\/\\\/x.com\\\/UNIAGRARIA\",\"https:\\\/\\\/www.instagram.com\\\/uniagraria\\\/profilecard\\\/?igsh=MXI2bTFlMWsxNzNjOA\",\"https:\\\/\\\/www.tiktok.com\\\/discover\\\/uniagraria?lang=es\",\"https:\\\/\\\/www.linkedin.com\\\/school\\\/uniagraria\\\/?originalSubdomain=co\",\"https:\\\/\\\/www.youtube.com\\\/user\\\/UniagrariaUverde?themeRefresh=1\",\"https:\\\/\\\/api.whatsapp.com\\\/send?phone=3134230649\"]},{\"@type\":\"Person\",\"@id\":\"https:\\\/\\\/uniagraria.edu.co\\\/es\\\/#\\\/schema\\\/person\\\/4034d09f22f296c0e5ef4183437a9a00\",\"name\":\"Comunicaciones UNIAGRARIA\",\"image\":{\"@type\":\"ImageObject\",\"inLanguage\":\"es-CO\",\"@id\":\"https:\\\/\\\/secure.gravatar.com\\\/avatar\\\/3c69f4f1e34bab3955e0d8fa0d59a1a3c3830637a1190d707a2d9e9e54240cbd?s=96&d=mm&r=g\",\"url\":\"https:\\\/\\\/secure.gravatar.com\\\/avatar\\\/3c69f4f1e34bab3955e0d8fa0d59a1a3c3830637a1190d707a2d9e9e54240cbd?s=96&d=mm&r=g\",\"contentUrl\":\"https:\\\/\\\/secure.gravatar.com\\\/avatar\\\/3c69f4f1e34bab3955e0d8fa0d59a1a3c3830637a1190d707a2d9e9e54240cbd?s=96&d=mm&r=g\",\"caption\":\"Comunicaciones UNIAGRARIA\"},\"url\":\"https:\\\/\\\/uniagraria.edu.co\\\/es\\\/author\\\/victor-webmaster\\\/\"}]}<\/script>\n<!-- \/ Yoast SEO plugin. -->","yoast_head_json":{"title":"UNIAGRARIA realiz\u00f3 el foro \u201cLa mujer en el desarrollo de la agricultura campesina, familiar, \u00e9tnica y comunitaria\u201d - UNIAGRARIA","robots":{"index":"index","follow":"follow","max-snippet":"max-snippet:-1","max-image-preview":"max-image-preview:large","max-video-preview":"max-video-preview:-1"},"canonical":"https:\/\/uniagraria.edu.co\/es\/uniagraria-realizo-el-foro-la-mujer-en-el-desarrollo-de-la-agricultura-campesina-familiar-etnica-y-comunitaria\/","og_locale":"es_ES","og_type":"article","og_title":"UNIAGRARIA realiz\u00f3 el foro \u201cLa mujer en el desarrollo de la agricultura campesina, familiar, \u00e9tnica y comunitaria\u201d - UNIAGRARIA","og_description":"En el marco del A\u00f1o de la Mujer Agricultora, la Fundaci\u00f3n Universitaria Agraria de Colombia \u2013 UNIAGRARIA llev\u00f3 a cabo el foro \u201cLa mujer en el desarrollo de la agricultura campesina, familiar, \u00e9tnica y comunitaria\u201d, el pasado 25 de marzo en el Auditorio Auxiliar de la sede Bogot\u00e1. El evento fue organizado por la directora [&hellip;]","og_url":"https:\/\/uniagraria.edu.co\/es\/uniagraria-realizo-el-foro-la-mujer-en-el-desarrollo-de-la-agricultura-campesina-familiar-etnica-y-comunitaria\/","og_site_name":"UNIAGRARIA","article_publisher":"https:\/\/www.facebook.com\/uagraria\/?locale=es_LA","article_published_time":"2026-03-26T19:56:56+00:00","article_modified_time":"2026-03-26T20:02:34+00:00","og_image":[{"width":2560,"height":1441,"url":"https:\/\/uniagraria.edu.co\/wp-content\/uploads\/2026\/03\/1-6-scaled.jpeg","type":"image\/jpeg"}],"author":"Comunicaciones UNIAGRARIA","twitter_card":"summary_large_image","twitter_creator":"@UNIAGRARIA","twitter_site":"@UNIAGRARIA","twitter_misc":{"Escrito por":"Comunicaciones UNIAGRARIA","Tiempo de lectura":"2 minutos"},"schema":{"@context":"https:\/\/schema.org","@graph":[{"@type":"Article","@id":"https:\/\/uniagraria.edu.co\/uniagraria-realizo-el-foro-la-mujer-en-el-desarrollo-de-la-agricultura-campesina-familiar-etnica-y-comunitaria\/#article","isPartOf":{"@id":"https:\/\/uniagraria.edu.co\/uniagraria-realizo-el-foro-la-mujer-en-el-desarrollo-de-la-agricultura-campesina-familiar-etnica-y-comunitaria\/"},"author":{"name":"Comunicaciones UNIAGRARIA","@id":"https:\/\/uniagraria.edu.co\/es\/#\/schema\/person\/4034d09f22f296c0e5ef4183437a9a00"},"headline":"UNIAGRARIA realiz\u00f3 el foro \u201cLa mujer en el desarrollo de la agricultura campesina, familiar, \u00e9tnica y comunitaria\u201d","datePublished":"2026-03-26T19:56:56+00:00","dateModified":"2026-03-26T20:02:34+00:00","mainEntityOfPage":{"@id":"https:\/\/uniagraria.edu.co\/uniagraria-realizo-el-foro-la-mujer-en-el-desarrollo-de-la-agricultura-campesina-familiar-etnica-y-comunitaria\/"},"wordCount":479,"publisher":{"@id":"https:\/\/uniagraria.edu.co\/es\/#organization"},"image":{"@id":"https:\/\/uniagraria.edu.co\/uniagraria-realizo-el-foro-la-mujer-en-el-desarrollo-de-la-agricultura-campesina-familiar-etnica-y-comunitaria\/#primaryimage"},"thumbnailUrl":"https:\/\/uniagraria.edu.co\/wp-content\/uploads\/2026\/03\/1-6-scaled.jpeg","articleSection":["Noticias"],"inLanguage":"es-CO"},{"@type":"WebPage","@id":"https:\/\/uniagraria.edu.co\/uniagraria-realizo-el-foro-la-mujer-en-el-desarrollo-de-la-agricultura-campesina-familiar-etnica-y-comunitaria\/","url":"https:\/\/uniagraria.edu.co\/uniagraria-realizo-el-foro-la-mujer-en-el-desarrollo-de-la-agricultura-campesina-familiar-etnica-y-comunitaria\/","name":"UNIAGRARIA realiz\u00f3 el foro \u201cLa mujer en el desarrollo de la agricultura campesina, familiar, \u00e9tnica y comunitaria\u201d - UNIAGRARIA","isPartOf":{"@id":"https:\/\/uniagraria.edu.co\/es\/#website"},"primaryImageOfPage":{"@id":"https:\/\/uniagraria.edu.co\/uniagraria-realizo-el-foro-la-mujer-en-el-desarrollo-de-la-agricultura-campesina-familiar-etnica-y-comunitaria\/#primaryimage"},"image":{"@id":"https:\/\/uniagraria.edu.co\/uniagraria-realizo-el-foro-la-mujer-en-el-desarrollo-de-la-agricultura-campesina-familiar-etnica-y-comunitaria\/#primaryimage"},"thumbnailUrl":"https:\/\/uniagraria.edu.co\/wp-content\/uploads\/2026\/03\/1-6-scaled.jpeg","datePublished":"2026-03-26T19:56:56+00:00","dateModified":"2026-03-26T20:02:34+00:00","breadcrumb":{"@id":"https:\/\/uniagraria.edu.co\/uniagraria-realizo-el-foro-la-mujer-en-el-desarrollo-de-la-agricultura-campesina-familiar-etnica-y-comunitaria\/#breadcrumb"},"inLanguage":"es-CO","potentialAction":[{"@type":"ReadAction","target":["https:\/\/uniagraria.edu.co\/uniagraria-realizo-el-foro-la-mujer-en-el-desarrollo-de-la-agricultura-campesina-familiar-etnica-y-comunitaria\/"]}]},{"@type":"ImageObject","inLanguage":"es-CO","@id":"https:\/\/uniagraria.edu.co\/uniagraria-realizo-el-foro-la-mujer-en-el-desarrollo-de-la-agricultura-campesina-familiar-etnica-y-comunitaria\/#primaryimage","url":"https:\/\/uniagraria.edu.co\/wp-content\/uploads\/2026\/03\/1-6-scaled.jpeg","contentUrl":"https:\/\/uniagraria.edu.co\/wp-content\/uploads\/2026\/03\/1-6-scaled.jpeg","width":2560,"height":1441},{"@type":"BreadcrumbList","@id":"https:\/\/uniagraria.edu.co\/uniagraria-realizo-el-foro-la-mujer-en-el-desarrollo-de-la-agricultura-campesina-familiar-etnica-y-comunitaria\/#breadcrumb","itemListElement":[{"@type":"ListItem","position":1,"name":"Inicio","item":"https:\/\/uniagraria.edu.co\/"},{"@type":"ListItem","position":2,"name":"Uncategorized","item":"https:\/\/uniagraria.edu.co\/category\/uncategorized-es\/"},{"@type":"ListItem","position":3,"name":"UNIAGRARIA realiz\u00f3 el foro \u201cLa mujer en el desarrollo de la agricultura campesina, familiar, \u00e9tnica y comunitaria\u201d"}]},{"@type":"WebSite","@id":"https:\/\/uniagraria.edu.co\/es\/#website","url":"https:\/\/uniagraria.edu.co\/es\/","name":"UNIAGRARIA","description":"FUNDACION UNIVERSITARIA AGRARIA DE COLOMBIA","publisher":{"@id":"https:\/\/uniagraria.edu.co\/es\/#organization"},"potentialAction":[{"@type":"SearchAction","target":{"@type":"EntryPoint","urlTemplate":"https:\/\/uniagraria.edu.co\/es\/?s={search_term_string}"},"query-input":{"@type":"PropertyValueSpecification","valueRequired":true,"valueName":"search_term_string"}}],"inLanguage":"es-CO"},{"@type":"Organization","@id":"https:\/\/uniagraria.edu.co\/es\/#organization","name":"UNIAGRARIA","url":"https:\/\/uniagraria.edu.co\/es\/","logo":{"@type":"ImageObject","inLanguage":"es-CO","@id":"https:\/\/uniagraria.edu.co\/es\/#\/schema\/logo\/image\/","url":"https:\/\/novawebmaster.com\/uniagraria\/wp-content\/uploads\/2025\/02\/LogoUa2023Vertical.png","contentUrl":"https:\/\/novawebmaster.com\/uniagraria\/wp-content\/uploads\/2025\/02\/LogoUa2023Vertical.png","width":3300,"height":2550,"caption":"UNIAGRARIA"},"image":{"@id":"https:\/\/uniagraria.edu.co\/es\/#\/schema\/logo\/image\/"},"sameAs":["https:\/\/www.facebook.com\/uagraria\/?locale=es_LA","https:\/\/x.com\/UNIAGRARIA","https:\/\/www.instagram.com\/uniagraria\/profilecard\/?igsh=MXI2bTFlMWsxNzNjOA","https:\/\/www.tiktok.com\/discover\/uniagraria?lang=es","https:\/\/www.linkedin.com\/school\/uniagraria\/?originalSubdomain=co","https:\/\/www.youtube.com\/user\/UniagrariaUverde?themeRefresh=1","https:\/\/api.whatsapp.com\/send?phone=3134230649"]},{"@type":"Person","@id":"https:\/\/uniagraria.edu.co\/es\/#\/schema\/person\/4034d09f22f296c0e5ef4183437a9a00","name":"Comunicaciones UNIAGRARIA","image":{"@type":"ImageObject","inLanguage":"es-CO","@id":"https:\/\/secure.gravatar.com\/avatar\/3c69f4f1e34bab3955e0d8fa0d59a1a3c3830637a1190d707a2d9e9e54240cbd?s=96&d=mm&r=g","url":"https:\/\/secure.gravatar.com\/avatar\/3c69f4f1e34bab3955e0d8fa0d59a1a3c3830637a1190d707a2d9e9e54240cbd?s=96&d=mm&r=g","contentUrl":"https:\/\/secure.gravatar.com\/avatar\/3c69f4f1e34bab3955e0d8fa0d59a1a3c3830637a1190d707a2d9e9e54240cbd?s=96&d=mm&r=g","caption":"Comunicaciones UNIAGRARIA"},"url":"https:\/\/uniagraria.edu.co\/es\/author\/victor-webmaster\/"}]}},"_links":{"self":[{"href":"https:\/\/uniagraria.edu.co\/es\/wp-json\/wp\/v2\/posts\/83585","targetHints":{"allow":["GET"]}}],"collection":[{"href":"https:\/\/uniagraria.edu.co\/es\/wp-json\/wp\/v2\/posts"}],"about":[{"href":"https:\/\/uniagraria.edu.co\/es\/wp-json\/wp\/v2\/types\/post"}],"author":[{"embeddable":true,"href":"https:\/\/uniagraria.edu.co\/es\/wp-json\/wp\/v2\/users\/18"}],"replies":[{"embeddable":true,"href":"https:\/\/uniagraria.edu.co\/es\/wp-json\/wp\/v2\/comments?post=83585"}],"version-history":[{"count":6,"href":"https:\/\/uniagraria.edu.co\/es\/wp-json\/wp\/v2\/posts\/83585\/revisions"}],"predecessor-version":[{"id":83595,"href":"https:\/\/uniagraria.edu.co\/es\/wp-json\/wp\/v2\/posts\/83585\/revisions\/83595"}],"wp:featuredmedia":[{"embeddable":true,"href":"https:\/\/uniagraria.edu.co\/es\/wp-json\/wp\/v2\/media\/83586"}],"wp:attachment":[{"href":"https:\/\/uniagraria.edu.co\/es\/wp-json\/wp\/v2\/media?parent=83585"}],"wp:term":[{"taxonomy":"category","embeddable":true,"href":"https:\/\/uniagraria.edu.co\/es\/wp-json\/wp\/v2\/categories?post=83585"},{"taxonomy":"post_tag","embeddable":true,"href":"https:\/\/uniagraria.edu.co\/es\/wp-json\/wp\/v2\/tags?post=83585"}],"curies":[{"name":"wp","href":"https:\/\/api.w.org\/{rel}","templated":true}]}}