{"id":83706,"date":"2026-03-28T16:24:22","date_gmt":"2026-03-28T21:24:22","guid":{"rendered":"https:\/\/uniagraria.edu.co\/?p=83706"},"modified":"2026-03-28T16:26:39","modified_gmt":"2026-03-28T21:26:39","slug":"aprendizaje-experiencial-en-accion-estudiantes-de-derecho-vivencian-el-proceso-legislativo-y-la-historia-constitucional-en-el-congreso-de-la-republica-y-la-academia-colombiana-de-historia","status":"publish","type":"post","link":"https:\/\/uniagraria.edu.co\/es\/aprendizaje-experiencial-en-accion-estudiantes-de-derecho-vivencian-el-proceso-legislativo-y-la-historia-constitucional-en-el-congreso-de-la-republica-y-la-academia-colombiana-de-historia\/","title":{"rendered":"Aprendizaje experiencial en acci\u00f3n: estudiantes de Derecho vivencian el proceso legislativo y la historia constitucional en el Congreso de la Rep\u00fablica y la Academia Colombiana de Historia"},"content":{"rendered":"\t\t<div data-elementor-type=\"wp-post\" data-elementor-id=\"83706\" class=\"elementor elementor-83706\" data-elementor-post-type=\"post\">\n\t\t\t\t<div class=\"elementor-element elementor-element-77beea3 e-flex e-con-boxed e-con e-parent\" data-id=\"77beea3\" data-element_type=\"container\" data-e-type=\"container\">\n\t\t\t\t\t<div class=\"e-con-inner\">\n\t\t\t\t<div class=\"elementor-element elementor-element-ec11c71 elementor-widget elementor-widget-text-editor\" data-id=\"ec11c71\" data-element_type=\"widget\" data-e-type=\"widget\" data-widget_type=\"text-editor.default\">\n\t\t\t\t<div class=\"elementor-widget-container\">\n\t\t\t\t\t\t\t\t\t<p>El Programa de Derecho de la Facultad de Ciencias Jur\u00eddicas y Sociales, en articulaci\u00f3n entre las sedes de Bogot\u00e1 y Facatativ\u00e1, desarroll\u00f3 el pasado 27 de marzo de 2026 una jornada acad\u00e9mica de alto valor formativo, orientada al fortalecimiento del aprendizaje experiencial de sus estudiantes.<\/p><p>La actividad incluy\u00f3 una visita al Congreso de la Rep\u00fablica de Colombia, donde los participantes tuvieron la oportunidad de conocer de primera mano el funcionamiento del poder legislativo y participar en un ejercicio guiado de tr\u00e1mite de ley en sesi\u00f3n plenaria. Esta experiencia permiti\u00f3 comprender, desde la pr\u00e1ctica, las din\u00e1micas reales de producci\u00f3n normativa, deliberaci\u00f3n democr\u00e1tica y t\u00e9cnica legislativa.<\/p><p>Posteriormente, la jornada continu\u00f3 en la Academia Colombiana de Historia, espacio en el que los estudiantes profundizaron en la evoluci\u00f3n hist\u00f3rica del derecho, con especial \u00e9nfasis en la importancia del constitucionalismo en Colombia y su impacto en la configuraci\u00f3n del Estado social de derecho.<\/p><p>En esta salida acad\u00e9mica participaron 32 estudiantes y tres docentes: la Dra. Carolina Z\u00fa\u00f1iga, la Dra. Leni Murcia Naranjo y la Dra. Yessica Valencia, quienes acompa\u00f1aron y lideraron el proceso formativo. La actividad se desarroll\u00f3 en representaci\u00f3n del Observatorio de Derecho Agrario, el Semillero de Derecho, Ambiente y Ruralidad y las distintas \u00e1reas del Programa de Derecho.<\/p><p>Este tipo de iniciativas reafirman el compromiso institucional con una formaci\u00f3n jur\u00eddica integral, que articula teor\u00eda y pr\u00e1ctica, y que permite a los estudiantes aproximarse a escenarios reales de ejercicio profesional, fortaleciendo as\u00ed sus competencias cr\u00edticas, investigativas y argumentativas.\u00a0<\/p>\t\t\t\t\t\t\t\t<\/div>\n\t\t\t\t<\/div>\n\t\t<div class=\"elementor-element elementor-element-60d1248 e-con-full e-flex e-con e-child\" data-id=\"60d1248\" data-element_type=\"container\" data-e-type=\"container\">\n\t\t\t\t<div class=\"elementor-element elementor-element-d1a218c elementor-widget elementor-widget-heading\" data-id=\"d1a218c\" data-element_type=\"widget\" data-e-type=\"widget\" data-widget_type=\"heading.default\">\n\t\t\t\t<div class=\"elementor-widget-container\">\n\t\t\t\t\t<h5 class=\"elementor-heading-title elementor-size-default\">Galer\u00eda<\/h5>\t\t\t\t<\/div>\n\t\t\t\t<\/div>\n\t\t\t\t<div class=\"elementor-element elementor-element-c5336cc elementor-widget elementor-widget-gallery\" data-id=\"c5336cc\" data-element_type=\"widget\" data-e-type=\"widget\" data-settings=\"{&quot;aspect_ratio&quot;:&quot;16:9&quot;,&quot;gap&quot;:{&quot;unit&quot;:&quot;px&quot;,&quot;size&quot;:15,&quot;sizes&quot;:[]},&quot;lazyload&quot;:&quot;yes&quot;,&quot;gallery_layout&quot;:&quot;grid&quot;,&quot;columns&quot;:4,&quot;columns_tablet&quot;:2,&quot;columns_mobile&quot;:1,&quot;gap_tablet&quot;:{&quot;unit&quot;:&quot;px&quot;,&quot;size&quot;:10,&quot;sizes&quot;:[]},&quot;gap_mobile&quot;:{&quot;unit&quot;:&quot;px&quot;,&quot;size&quot;:10,&quot;sizes&quot;:[]},&quot;link_to&quot;:&quot;file&quot;,&quot;overlay_background&quot;:&quot;yes&quot;,&quot;content_hover_animation&quot;:&quot;fade-in&quot;}\" data-widget_type=\"gallery.default\">\n\t\t\t\t<div class=\"elementor-widget-container\">\n\t\t\t\t\t\t\t<div class=\"elementor-gallery__container\">\n\t\t\t\t\t\t\t<a class=\"e-gallery-item elementor-gallery-item elementor-animated-content\" href=\"https:\/\/uniagraria.edu.co\/wp-content\/uploads\/2026\/03\/1-7.jpeg\" data-elementor-open-lightbox=\"yes\" data-elementor-lightbox-slideshow=\"c5336cc\" data-elementor-lightbox-title=\"1\" data-e-action-hash=\"#elementor-action%3Aaction%3Dlightbox%26settings%3DeyJpZCI6ODM3MDcsInVybCI6Imh0dHBzOlwvXC91bmlhZ3JhcmlhLmVkdS5jb1wvd3AtY29udGVudFwvdXBsb2Fkc1wvMjAyNlwvMDNcLzEtNy5qcGVnIiwic2xpZGVzaG93IjoiYzUzMzZjYyJ9\">\n\t\t\t\t\t<div class=\"e-gallery-image elementor-gallery-item__image\" data-thumbnail=\"https:\/\/uniagraria.edu.co\/wp-content\/uploads\/2026\/03\/1-7-1024x768.jpeg\" data-width=\"1024\" data-height=\"768\" aria-label=\"\" role=\"img\" ><\/div>\n\t\t\t\t\t\t\t\t\t\t\t<div class=\"elementor-gallery-item__overlay\"><\/div>\n\t\t\t\t\t\t\t\t\t\t\t\t\t\t<\/a>\n\t\t\t\t\t\t\t<a class=\"e-gallery-item elementor-gallery-item elementor-animated-content\" href=\"https:\/\/uniagraria.edu.co\/wp-content\/uploads\/2026\/03\/2-7.jpeg\" data-elementor-open-lightbox=\"yes\" data-elementor-lightbox-slideshow=\"c5336cc\" data-elementor-lightbox-title=\"2\" data-e-action-hash=\"#elementor-action%3Aaction%3Dlightbox%26settings%3DeyJpZCI6ODM3MDgsInVybCI6Imh0dHBzOlwvXC91bmlhZ3JhcmlhLmVkdS5jb1wvd3AtY29udGVudFwvdXBsb2Fkc1wvMjAyNlwvMDNcLzItNy5qcGVnIiwic2xpZGVzaG93IjoiYzUzMzZjYyJ9\">\n\t\t\t\t\t<div class=\"e-gallery-image elementor-gallery-item__image\" data-thumbnail=\"https:\/\/uniagraria.edu.co\/wp-content\/uploads\/2026\/03\/2-7-768x1024.jpeg\" data-width=\"768\" data-height=\"1024\" aria-label=\"\" role=\"img\" ><\/div>\n\t\t\t\t\t\t\t\t\t\t\t<div class=\"elementor-gallery-item__overlay\"><\/div>\n\t\t\t\t\t\t\t\t\t\t\t\t\t\t<\/a>\n\t\t\t\t\t\t\t<a class=\"e-gallery-item elementor-gallery-item elementor-animated-content\" href=\"https:\/\/uniagraria.edu.co\/wp-content\/uploads\/2026\/03\/6-3.jpeg\" data-elementor-open-lightbox=\"yes\" data-elementor-lightbox-slideshow=\"c5336cc\" data-elementor-lightbox-title=\"6\" data-e-action-hash=\"#elementor-action%3Aaction%3Dlightbox%26settings%3DeyJpZCI6ODM3MTIsInVybCI6Imh0dHBzOlwvXC91bmlhZ3JhcmlhLmVkdS5jb1wvd3AtY29udGVudFwvdXBsb2Fkc1wvMjAyNlwvMDNcLzYtMy5qcGVnIiwic2xpZGVzaG93IjoiYzUzMzZjYyJ9\">\n\t\t\t\t\t<div class=\"e-gallery-image elementor-gallery-item__image\" data-thumbnail=\"https:\/\/uniagraria.edu.co\/wp-content\/uploads\/2026\/03\/6-3-1024x768.jpeg\" data-width=\"1024\" data-height=\"768\" aria-label=\"\" role=\"img\" ><\/div>\n\t\t\t\t\t\t\t\t\t\t\t<div class=\"elementor-gallery-item__overlay\"><\/div>\n\t\t\t\t\t\t\t\t\t\t\t\t\t\t<\/a>\n\t\t\t\t\t\t\t<a class=\"e-gallery-item elementor-gallery-item elementor-animated-content\" href=\"https:\/\/uniagraria.edu.co\/wp-content\/uploads\/2026\/03\/5-4.jpeg\" data-elementor-open-lightbox=\"yes\" data-elementor-lightbox-slideshow=\"c5336cc\" data-elementor-lightbox-title=\"5\" data-e-action-hash=\"#elementor-action%3Aaction%3Dlightbox%26settings%3DeyJpZCI6ODM3MTEsInVybCI6Imh0dHBzOlwvXC91bmlhZ3JhcmlhLmVkdS5jb1wvd3AtY29udGVudFwvdXBsb2Fkc1wvMjAyNlwvMDNcLzUtNC5qcGVnIiwic2xpZGVzaG93IjoiYzUzMzZjYyJ9\">\n\t\t\t\t\t<div class=\"e-gallery-image elementor-gallery-item__image\" data-thumbnail=\"https:\/\/uniagraria.edu.co\/wp-content\/uploads\/2026\/03\/5-4-1024x768.jpeg\" data-width=\"1024\" data-height=\"768\" aria-label=\"\" role=\"img\" ><\/div>\n\t\t\t\t\t\t\t\t\t\t\t<div class=\"elementor-gallery-item__overlay\"><\/div>\n\t\t\t\t\t\t\t\t\t\t\t\t\t\t<\/a>\n\t\t\t\t\t\t\t<a class=\"e-gallery-item elementor-gallery-item elementor-animated-content\" href=\"https:\/\/uniagraria.edu.co\/wp-content\/uploads\/2026\/03\/4-6.jpeg\" data-elementor-open-lightbox=\"yes\" data-elementor-lightbox-slideshow=\"c5336cc\" data-elementor-lightbox-title=\"4\" data-e-action-hash=\"#elementor-action%3Aaction%3Dlightbox%26settings%3DeyJpZCI6ODM3MTAsInVybCI6Imh0dHBzOlwvXC91bmlhZ3JhcmlhLmVkdS5jb1wvd3AtY29udGVudFwvdXBsb2Fkc1wvMjAyNlwvMDNcLzQtNi5qcGVnIiwic2xpZGVzaG93IjoiYzUzMzZjYyJ9\">\n\t\t\t\t\t<div class=\"e-gallery-image elementor-gallery-item__image\" data-thumbnail=\"https:\/\/uniagraria.edu.co\/wp-content\/uploads\/2026\/03\/4-6-1024x768.jpeg\" data-width=\"1024\" data-height=\"768\" aria-label=\"\" role=\"img\" ><\/div>\n\t\t\t\t\t\t\t\t\t\t\t<div class=\"elementor-gallery-item__overlay\"><\/div>\n\t\t\t\t\t\t\t\t\t\t\t\t\t\t<\/a>\n\t\t\t\t\t\t\t<a class=\"e-gallery-item elementor-gallery-item elementor-animated-content\" href=\"https:\/\/uniagraria.edu.co\/wp-content\/uploads\/2026\/03\/3-7.jpeg\" data-elementor-open-lightbox=\"yes\" data-elementor-lightbox-slideshow=\"c5336cc\" data-elementor-lightbox-title=\"3\" data-e-action-hash=\"#elementor-action%3Aaction%3Dlightbox%26settings%3DeyJpZCI6ODM3MDksInVybCI6Imh0dHBzOlwvXC91bmlhZ3JhcmlhLmVkdS5jb1wvd3AtY29udGVudFwvdXBsb2Fkc1wvMjAyNlwvMDNcLzMtNy5qcGVnIiwic2xpZGVzaG93IjoiYzUzMzZjYyJ9\">\n\t\t\t\t\t<div class=\"e-gallery-image elementor-gallery-item__image\" data-thumbnail=\"https:\/\/uniagraria.edu.co\/wp-content\/uploads\/2026\/03\/3-7-1024x768.jpeg\" data-width=\"1024\" data-height=\"768\" aria-label=\"\" role=\"img\" ><\/div>\n\t\t\t\t\t\t\t\t\t\t\t<div class=\"elementor-gallery-item__overlay\"><\/div>\n\t\t\t\t\t\t\t\t\t\t\t\t\t\t<\/a>\n\t\t\t\t\t<\/div>\n\t\t\t\t\t<\/div>\n\t\t\t\t<\/div>\n\t\t\t\t<\/div>\n\t\t\t\t\t<\/div>\n\t\t\t\t<\/div>\n\t\t\t\t<\/div>\n\t\t","protected":false},"excerpt":{"rendered":"<p>El Programa de Derecho de la Facultad de Ciencias Jur\u00eddicas y Sociales, en articulaci\u00f3n entre las sedes de Bogot\u00e1 y Facatativ\u00e1, desarroll\u00f3 el pasado 27 de marzo de 2026 una jornada acad\u00e9mica de alto valor formativo, orientada al fortalecimiento del aprendizaje experiencial de sus estudiantes. La actividad incluy\u00f3 una visita al Congreso de la Rep\u00fablica [&hellip;]<\/p>\n","protected":false},"author":18,"featured_media":83707,"comment_status":"closed","ping_status":"open","sticky":false,"template":"","format":"standard","meta":{"_acf_changed":false,"site-sidebar-layout":"default","site-content-layout":"","ast-site-content-layout":"default","site-content-style":"default","site-sidebar-style":"default","ast-global-header-display":"","ast-banner-title-visibility":"","ast-main-header-display":"","ast-hfb-above-header-display":"","ast-hfb-below-header-display":"","ast-hfb-mobile-header-display":"","site-post-title":"","ast-breadcrumbs-content":"","ast-featured-img":"","footer-sml-layout":"","ast-disable-related-posts":"","theme-transparent-header-meta":"","adv-header-id-meta":"","stick-header-meta":"","header-above-stick-meta":"","header-main-stick-meta":"","header-below-stick-meta":"","astra-migrate-meta-layouts":"default","ast-page-background-enabled":"default","ast-page-background-meta":{"desktop":{"background-color":"var(--ast-global-color-4)","background-image":"","background-repeat":"repeat","background-position":"center center","background-size":"auto","background-attachment":"scroll","background-type":"","background-media":"","overlay-type":"","overlay-color":"","overlay-opacity":"","overlay-gradient":""},"tablet":{"background-color":"","background-image":"","background-repeat":"repeat","background-position":"center center","background-size":"auto","background-attachment":"scroll","background-type":"","background-media":"","overlay-type":"","overlay-color":"","overlay-opacity":"","overlay-gradient":""},"mobile":{"background-color":"","background-image":"","background-repeat":"repeat","background-position":"center center","background-size":"auto","background-attachment":"scroll","background-type":"","background-media":"","overlay-type":"","overlay-color":"","overlay-opacity":"","overlay-gradient":""}},"ast-content-background-meta":{"desktop":{"background-color":"var(--ast-global-color-5)","background-image":"","background-repeat":"repeat","background-position":"center center","background-size":"auto","background-attachment":"scroll","background-type":"","background-media":"","overlay-type":"","overlay-color":"","overlay-opacity":"","overlay-gradient":""},"tablet":{"background-color":"var(--ast-global-color-5)","background-image":"","background-repeat":"repeat","background-position":"center center","background-size":"auto","background-attachment":"scroll","background-type":"","background-media":"","overlay-type":"","overlay-color":"","overlay-opacity":"","overlay-gradient":""},"mobile":{"background-color":"var(--ast-global-color-5)","background-image":"","background-repeat":"repeat","background-position":"center center","background-size":"auto","background-attachment":"scroll","background-type":"","background-media":"","overlay-type":"","overlay-color":"","overlay-opacity":"","overlay-gradient":""}},"footnotes":""},"categories":[35,131,619],"tags":[],"class_list":["post-83706","post","type-post","status-publish","format-standard","has-post-thumbnail","hentry","category-noticias","category-noticias-de-derecho","category-noticias-observatorio-de-derecho-agrario"],"acf":[],"yoast_head":"<!-- This site is optimized with the Yoast SEO plugin v27.5 - https:\/\/yoast.com\/product\/yoast-seo-wordpress\/ -->\n<title>Aprendizaje experiencial en acci\u00f3n: estudiantes de Derecho vivencian el proceso legislativo y la historia constitucional en el Congreso de la Rep\u00fablica y la Academia Colombiana de Historia - UNIAGRARIA<\/title>\n<meta name=\"robots\" content=\"index, follow, max-snippet:-1, max-image-preview:large, max-video-preview:-1\" \/>\n<link rel=\"canonical\" href=\"https:\/\/uniagraria.edu.co\/es\/aprendizaje-experiencial-en-accion-estudiantes-de-derecho-vivencian-el-proceso-legislativo-y-la-historia-constitucional-en-el-congreso-de-la-republica-y-la-academia-colombiana-de-historia\/\" \/>\n<meta property=\"og:locale\" content=\"es_ES\" \/>\n<meta property=\"og:type\" content=\"article\" \/>\n<meta property=\"og:title\" content=\"Aprendizaje experiencial en acci\u00f3n: estudiantes de Derecho vivencian el proceso legislativo y la historia constitucional en el Congreso de la Rep\u00fablica y la Academia Colombiana de Historia - UNIAGRARIA\" \/>\n<meta property=\"og:description\" content=\"El Programa de Derecho de la Facultad de Ciencias Jur\u00eddicas y Sociales, en articulaci\u00f3n entre las sedes de Bogot\u00e1 y Facatativ\u00e1, desarroll\u00f3 el pasado 27 de marzo de 2026 una jornada acad\u00e9mica de alto valor formativo, orientada al fortalecimiento del aprendizaje experiencial de sus estudiantes. La actividad incluy\u00f3 una visita al Congreso de la Rep\u00fablica [&hellip;]\" \/>\n<meta property=\"og:url\" content=\"https:\/\/uniagraria.edu.co\/es\/aprendizaje-experiencial-en-accion-estudiantes-de-derecho-vivencian-el-proceso-legislativo-y-la-historia-constitucional-en-el-congreso-de-la-republica-y-la-academia-colombiana-de-historia\/\" \/>\n<meta property=\"og:site_name\" content=\"UNIAGRARIA\" \/>\n<meta property=\"article:publisher\" content=\"https:\/\/www.facebook.com\/uagraria\/?locale=es_LA\" \/>\n<meta property=\"article:published_time\" content=\"2026-03-28T21:24:22+00:00\" \/>\n<meta property=\"article:modified_time\" content=\"2026-03-28T21:26:39+00:00\" \/>\n<meta property=\"og:image\" content=\"https:\/\/uniagraria.edu.co\/wp-content\/uploads\/2026\/03\/1-7.jpeg\" \/>\n\t<meta property=\"og:image:width\" content=\"1600\" \/>\n\t<meta property=\"og:image:height\" content=\"1200\" \/>\n\t<meta property=\"og:image:type\" content=\"image\/jpeg\" \/>\n<meta name=\"author\" content=\"Comunicaciones UNIAGRARIA\" \/>\n<meta name=\"twitter:card\" content=\"summary_large_image\" \/>\n<meta name=\"twitter:creator\" content=\"@UNIAGRARIA\" \/>\n<meta name=\"twitter:site\" content=\"@UNIAGRARIA\" \/>\n<meta name=\"twitter:label1\" content=\"Escrito por\" \/>\n\t<meta name=\"twitter:data1\" content=\"Comunicaciones UNIAGRARIA\" \/>\n\t<meta name=\"twitter:label2\" content=\"Tiempo de lectura\" \/>\n\t<meta name=\"twitter:data2\" content=\"2 minutos\" \/>\n<script type=\"application\/ld+json\" class=\"yoast-schema-graph\">{\"@context\":\"https:\\\/\\\/schema.org\",\"@graph\":[{\"@type\":\"Article\",\"@id\":\"https:\\\/\\\/uniagraria.edu.co\\\/aprendizaje-experiencial-en-accion-estudiantes-de-derecho-vivencian-el-proceso-legislativo-y-la-historia-constitucional-en-el-congreso-de-la-republica-y-la-academia-colombiana-de-historia\\\/#article\",\"isPartOf\":{\"@id\":\"https:\\\/\\\/uniagraria.edu.co\\\/aprendizaje-experiencial-en-accion-estudiantes-de-derecho-vivencian-el-proceso-legislativo-y-la-historia-constitucional-en-el-congreso-de-la-republica-y-la-academia-colombiana-de-historia\\\/\"},\"author\":{\"name\":\"Comunicaciones UNIAGRARIA\",\"@id\":\"https:\\\/\\\/uniagraria.edu.co\\\/es\\\/#\\\/schema\\\/person\\\/4034d09f22f296c0e5ef4183437a9a00\"},\"headline\":\"Aprendizaje experiencial en acci\u00f3n: estudiantes de Derecho vivencian el proceso legislativo y la historia constitucional en el Congreso de la Rep\u00fablica y la Academia Colombiana de Historia\",\"datePublished\":\"2026-03-28T21:24:22+00:00\",\"dateModified\":\"2026-03-28T21:26:39+00:00\",\"mainEntityOfPage\":{\"@id\":\"https:\\\/\\\/uniagraria.edu.co\\\/aprendizaje-experiencial-en-accion-estudiantes-de-derecho-vivencian-el-proceso-legislativo-y-la-historia-constitucional-en-el-congreso-de-la-republica-y-la-academia-colombiana-de-historia\\\/\"},\"wordCount\":296,\"publisher\":{\"@id\":\"https:\\\/\\\/uniagraria.edu.co\\\/es\\\/#organization\"},\"image\":{\"@id\":\"https:\\\/\\\/uniagraria.edu.co\\\/aprendizaje-experiencial-en-accion-estudiantes-de-derecho-vivencian-el-proceso-legislativo-y-la-historia-constitucional-en-el-congreso-de-la-republica-y-la-academia-colombiana-de-historia\\\/#primaryimage\"},\"thumbnailUrl\":\"https:\\\/\\\/uniagraria.edu.co\\\/wp-content\\\/uploads\\\/2026\\\/03\\\/1-7.jpeg\",\"articleSection\":[\"Noticias\",\"Noticias de Derecho\",\"Noticias Observatorio de Derecho Agrario\"],\"inLanguage\":\"es-CO\"},{\"@type\":\"WebPage\",\"@id\":\"https:\\\/\\\/uniagraria.edu.co\\\/aprendizaje-experiencial-en-accion-estudiantes-de-derecho-vivencian-el-proceso-legislativo-y-la-historia-constitucional-en-el-congreso-de-la-republica-y-la-academia-colombiana-de-historia\\\/\",\"url\":\"https:\\\/\\\/uniagraria.edu.co\\\/aprendizaje-experiencial-en-accion-estudiantes-de-derecho-vivencian-el-proceso-legislativo-y-la-historia-constitucional-en-el-congreso-de-la-republica-y-la-academia-colombiana-de-historia\\\/\",\"name\":\"Aprendizaje experiencial en acci\u00f3n: estudiantes de Derecho vivencian el proceso legislativo y la historia constitucional en el Congreso de la Rep\u00fablica y la Academia Colombiana de Historia - UNIAGRARIA\",\"isPartOf\":{\"@id\":\"https:\\\/\\\/uniagraria.edu.co\\\/es\\\/#website\"},\"primaryImageOfPage\":{\"@id\":\"https:\\\/\\\/uniagraria.edu.co\\\/aprendizaje-experiencial-en-accion-estudiantes-de-derecho-vivencian-el-proceso-legislativo-y-la-historia-constitucional-en-el-congreso-de-la-republica-y-la-academia-colombiana-de-historia\\\/#primaryimage\"},\"image\":{\"@id\":\"https:\\\/\\\/uniagraria.edu.co\\\/aprendizaje-experiencial-en-accion-estudiantes-de-derecho-vivencian-el-proceso-legislativo-y-la-historia-constitucional-en-el-congreso-de-la-republica-y-la-academia-colombiana-de-historia\\\/#primaryimage\"},\"thumbnailUrl\":\"https:\\\/\\\/uniagraria.edu.co\\\/wp-content\\\/uploads\\\/2026\\\/03\\\/1-7.jpeg\",\"datePublished\":\"2026-03-28T21:24:22+00:00\",\"dateModified\":\"2026-03-28T21:26:39+00:00\",\"breadcrumb\":{\"@id\":\"https:\\\/\\\/uniagraria.edu.co\\\/aprendizaje-experiencial-en-accion-estudiantes-de-derecho-vivencian-el-proceso-legislativo-y-la-historia-constitucional-en-el-congreso-de-la-republica-y-la-academia-colombiana-de-historia\\\/#breadcrumb\"},\"inLanguage\":\"es-CO\",\"potentialAction\":[{\"@type\":\"ReadAction\",\"target\":[\"https:\\\/\\\/uniagraria.edu.co\\\/aprendizaje-experiencial-en-accion-estudiantes-de-derecho-vivencian-el-proceso-legislativo-y-la-historia-constitucional-en-el-congreso-de-la-republica-y-la-academia-colombiana-de-historia\\\/\"]}]},{\"@type\":\"ImageObject\",\"inLanguage\":\"es-CO\",\"@id\":\"https:\\\/\\\/uniagraria.edu.co\\\/aprendizaje-experiencial-en-accion-estudiantes-de-derecho-vivencian-el-proceso-legislativo-y-la-historia-constitucional-en-el-congreso-de-la-republica-y-la-academia-colombiana-de-historia\\\/#primaryimage\",\"url\":\"https:\\\/\\\/uniagraria.edu.co\\\/wp-content\\\/uploads\\\/2026\\\/03\\\/1-7.jpeg\",\"contentUrl\":\"https:\\\/\\\/uniagraria.edu.co\\\/wp-content\\\/uploads\\\/2026\\\/03\\\/1-7.jpeg\",\"width\":1600,\"height\":1200},{\"@type\":\"BreadcrumbList\",\"@id\":\"https:\\\/\\\/uniagraria.edu.co\\\/aprendizaje-experiencial-en-accion-estudiantes-de-derecho-vivencian-el-proceso-legislativo-y-la-historia-constitucional-en-el-congreso-de-la-republica-y-la-academia-colombiana-de-historia\\\/#breadcrumb\",\"itemListElement\":[{\"@type\":\"ListItem\",\"position\":1,\"name\":\"Inicio\",\"item\":\"https:\\\/\\\/uniagraria.edu.co\\\/\"},{\"@type\":\"ListItem\",\"position\":2,\"name\":\"Uncategorized\",\"item\":\"https:\\\/\\\/uniagraria.edu.co\\\/category\\\/uncategorized-es\\\/\"},{\"@type\":\"ListItem\",\"position\":3,\"name\":\"Aprendizaje experiencial en acci\u00f3n: estudiantes de Derecho vivencian el proceso legislativo y la historia constitucional en el Congreso de la Rep\u00fablica y la Academia Colombiana de Historia\"}]},{\"@type\":\"WebSite\",\"@id\":\"https:\\\/\\\/uniagraria.edu.co\\\/es\\\/#website\",\"url\":\"https:\\\/\\\/uniagraria.edu.co\\\/es\\\/\",\"name\":\"UNIAGRARIA\",\"description\":\"FUNDACION UNIVERSITARIA AGRARIA DE COLOMBIA\",\"publisher\":{\"@id\":\"https:\\\/\\\/uniagraria.edu.co\\\/es\\\/#organization\"},\"potentialAction\":[{\"@type\":\"SearchAction\",\"target\":{\"@type\":\"EntryPoint\",\"urlTemplate\":\"https:\\\/\\\/uniagraria.edu.co\\\/es\\\/?s={search_term_string}\"},\"query-input\":{\"@type\":\"PropertyValueSpecification\",\"valueRequired\":true,\"valueName\":\"search_term_string\"}}],\"inLanguage\":\"es-CO\"},{\"@type\":\"Organization\",\"@id\":\"https:\\\/\\\/uniagraria.edu.co\\\/es\\\/#organization\",\"name\":\"UNIAGRARIA\",\"url\":\"https:\\\/\\\/uniagraria.edu.co\\\/es\\\/\",\"logo\":{\"@type\":\"ImageObject\",\"inLanguage\":\"es-CO\",\"@id\":\"https:\\\/\\\/uniagraria.edu.co\\\/es\\\/#\\\/schema\\\/logo\\\/image\\\/\",\"url\":\"https:\\\/\\\/novawebmaster.com\\\/uniagraria\\\/wp-content\\\/uploads\\\/2025\\\/02\\\/LogoUa2023Vertical.png\",\"contentUrl\":\"https:\\\/\\\/novawebmaster.com\\\/uniagraria\\\/wp-content\\\/uploads\\\/2025\\\/02\\\/LogoUa2023Vertical.png\",\"width\":3300,\"height\":2550,\"caption\":\"UNIAGRARIA\"},\"image\":{\"@id\":\"https:\\\/\\\/uniagraria.edu.co\\\/es\\\/#\\\/schema\\\/logo\\\/image\\\/\"},\"sameAs\":[\"https:\\\/\\\/www.facebook.com\\\/uagraria\\\/?locale=es_LA\",\"https:\\\/\\\/x.com\\\/UNIAGRARIA\",\"https:\\\/\\\/www.instagram.com\\\/uniagraria\\\/profilecard\\\/?igsh=MXI2bTFlMWsxNzNjOA\",\"https:\\\/\\\/www.tiktok.com\\\/discover\\\/uniagraria?lang=es\",\"https:\\\/\\\/www.linkedin.com\\\/school\\\/uniagraria\\\/?originalSubdomain=co\",\"https:\\\/\\\/www.youtube.com\\\/user\\\/UniagrariaUverde?themeRefresh=1\",\"https:\\\/\\\/api.whatsapp.com\\\/send?phone=3134230649\"]},{\"@type\":\"Person\",\"@id\":\"https:\\\/\\\/uniagraria.edu.co\\\/es\\\/#\\\/schema\\\/person\\\/4034d09f22f296c0e5ef4183437a9a00\",\"name\":\"Comunicaciones UNIAGRARIA\",\"image\":{\"@type\":\"ImageObject\",\"inLanguage\":\"es-CO\",\"@id\":\"https:\\\/\\\/secure.gravatar.com\\\/avatar\\\/3c69f4f1e34bab3955e0d8fa0d59a1a3c3830637a1190d707a2d9e9e54240cbd?s=96&d=mm&r=g\",\"url\":\"https:\\\/\\\/secure.gravatar.com\\\/avatar\\\/3c69f4f1e34bab3955e0d8fa0d59a1a3c3830637a1190d707a2d9e9e54240cbd?s=96&d=mm&r=g\",\"contentUrl\":\"https:\\\/\\\/secure.gravatar.com\\\/avatar\\\/3c69f4f1e34bab3955e0d8fa0d59a1a3c3830637a1190d707a2d9e9e54240cbd?s=96&d=mm&r=g\",\"caption\":\"Comunicaciones UNIAGRARIA\"},\"url\":\"https:\\\/\\\/uniagraria.edu.co\\\/es\\\/author\\\/victor-webmaster\\\/\"}]}<\/script>\n<!-- \/ Yoast SEO plugin. -->","yoast_head_json":{"title":"Aprendizaje experiencial en acci\u00f3n: estudiantes de Derecho vivencian el proceso legislativo y la historia constitucional en el Congreso de la Rep\u00fablica y la Academia Colombiana de Historia - UNIAGRARIA","robots":{"index":"index","follow":"follow","max-snippet":"max-snippet:-1","max-image-preview":"max-image-preview:large","max-video-preview":"max-video-preview:-1"},"canonical":"https:\/\/uniagraria.edu.co\/es\/aprendizaje-experiencial-en-accion-estudiantes-de-derecho-vivencian-el-proceso-legislativo-y-la-historia-constitucional-en-el-congreso-de-la-republica-y-la-academia-colombiana-de-historia\/","og_locale":"es_ES","og_type":"article","og_title":"Aprendizaje experiencial en acci\u00f3n: estudiantes de Derecho vivencian el proceso legislativo y la historia constitucional en el Congreso de la Rep\u00fablica y la Academia Colombiana de Historia - UNIAGRARIA","og_description":"El Programa de Derecho de la Facultad de Ciencias Jur\u00eddicas y Sociales, en articulaci\u00f3n entre las sedes de Bogot\u00e1 y Facatativ\u00e1, desarroll\u00f3 el pasado 27 de marzo de 2026 una jornada acad\u00e9mica de alto valor formativo, orientada al fortalecimiento del aprendizaje experiencial de sus estudiantes. La actividad incluy\u00f3 una visita al Congreso de la Rep\u00fablica [&hellip;]","og_url":"https:\/\/uniagraria.edu.co\/es\/aprendizaje-experiencial-en-accion-estudiantes-de-derecho-vivencian-el-proceso-legislativo-y-la-historia-constitucional-en-el-congreso-de-la-republica-y-la-academia-colombiana-de-historia\/","og_site_name":"UNIAGRARIA","article_publisher":"https:\/\/www.facebook.com\/uagraria\/?locale=es_LA","article_published_time":"2026-03-28T21:24:22+00:00","article_modified_time":"2026-03-28T21:26:39+00:00","og_image":[{"width":1600,"height":1200,"url":"https:\/\/uniagraria.edu.co\/wp-content\/uploads\/2026\/03\/1-7.jpeg","type":"image\/jpeg"}],"author":"Comunicaciones UNIAGRARIA","twitter_card":"summary_large_image","twitter_creator":"@UNIAGRARIA","twitter_site":"@UNIAGRARIA","twitter_misc":{"Escrito por":"Comunicaciones UNIAGRARIA","Tiempo de lectura":"2 minutos"},"schema":{"@context":"https:\/\/schema.org","@graph":[{"@type":"Article","@id":"https:\/\/uniagraria.edu.co\/aprendizaje-experiencial-en-accion-estudiantes-de-derecho-vivencian-el-proceso-legislativo-y-la-historia-constitucional-en-el-congreso-de-la-republica-y-la-academia-colombiana-de-historia\/#article","isPartOf":{"@id":"https:\/\/uniagraria.edu.co\/aprendizaje-experiencial-en-accion-estudiantes-de-derecho-vivencian-el-proceso-legislativo-y-la-historia-constitucional-en-el-congreso-de-la-republica-y-la-academia-colombiana-de-historia\/"},"author":{"name":"Comunicaciones UNIAGRARIA","@id":"https:\/\/uniagraria.edu.co\/es\/#\/schema\/person\/4034d09f22f296c0e5ef4183437a9a00"},"headline":"Aprendizaje experiencial en acci\u00f3n: estudiantes de Derecho vivencian el proceso legislativo y la historia constitucional en el Congreso de la Rep\u00fablica y la Academia Colombiana de Historia","datePublished":"2026-03-28T21:24:22+00:00","dateModified":"2026-03-28T21:26:39+00:00","mainEntityOfPage":{"@id":"https:\/\/uniagraria.edu.co\/aprendizaje-experiencial-en-accion-estudiantes-de-derecho-vivencian-el-proceso-legislativo-y-la-historia-constitucional-en-el-congreso-de-la-republica-y-la-academia-colombiana-de-historia\/"},"wordCount":296,"publisher":{"@id":"https:\/\/uniagraria.edu.co\/es\/#organization"},"image":{"@id":"https:\/\/uniagraria.edu.co\/aprendizaje-experiencial-en-accion-estudiantes-de-derecho-vivencian-el-proceso-legislativo-y-la-historia-constitucional-en-el-congreso-de-la-republica-y-la-academia-colombiana-de-historia\/#primaryimage"},"thumbnailUrl":"https:\/\/uniagraria.edu.co\/wp-content\/uploads\/2026\/03\/1-7.jpeg","articleSection":["Noticias","Noticias de Derecho","Noticias Observatorio de Derecho Agrario"],"inLanguage":"es-CO"},{"@type":"WebPage","@id":"https:\/\/uniagraria.edu.co\/aprendizaje-experiencial-en-accion-estudiantes-de-derecho-vivencian-el-proceso-legislativo-y-la-historia-constitucional-en-el-congreso-de-la-republica-y-la-academia-colombiana-de-historia\/","url":"https:\/\/uniagraria.edu.co\/aprendizaje-experiencial-en-accion-estudiantes-de-derecho-vivencian-el-proceso-legislativo-y-la-historia-constitucional-en-el-congreso-de-la-republica-y-la-academia-colombiana-de-historia\/","name":"Aprendizaje experiencial en acci\u00f3n: estudiantes de Derecho vivencian el proceso legislativo y la historia constitucional en el Congreso de la Rep\u00fablica y la Academia Colombiana de Historia - UNIAGRARIA","isPartOf":{"@id":"https:\/\/uniagraria.edu.co\/es\/#website"},"primaryImageOfPage":{"@id":"https:\/\/uniagraria.edu.co\/aprendizaje-experiencial-en-accion-estudiantes-de-derecho-vivencian-el-proceso-legislativo-y-la-historia-constitucional-en-el-congreso-de-la-republica-y-la-academia-colombiana-de-historia\/#primaryimage"},"image":{"@id":"https:\/\/uniagraria.edu.co\/aprendizaje-experiencial-en-accion-estudiantes-de-derecho-vivencian-el-proceso-legislativo-y-la-historia-constitucional-en-el-congreso-de-la-republica-y-la-academia-colombiana-de-historia\/#primaryimage"},"thumbnailUrl":"https:\/\/uniagraria.edu.co\/wp-content\/uploads\/2026\/03\/1-7.jpeg","datePublished":"2026-03-28T21:24:22+00:00","dateModified":"2026-03-28T21:26:39+00:00","breadcrumb":{"@id":"https:\/\/uniagraria.edu.co\/aprendizaje-experiencial-en-accion-estudiantes-de-derecho-vivencian-el-proceso-legislativo-y-la-historia-constitucional-en-el-congreso-de-la-republica-y-la-academia-colombiana-de-historia\/#breadcrumb"},"inLanguage":"es-CO","potentialAction":[{"@type":"ReadAction","target":["https:\/\/uniagraria.edu.co\/aprendizaje-experiencial-en-accion-estudiantes-de-derecho-vivencian-el-proceso-legislativo-y-la-historia-constitucional-en-el-congreso-de-la-republica-y-la-academia-colombiana-de-historia\/"]}]},{"@type":"ImageObject","inLanguage":"es-CO","@id":"https:\/\/uniagraria.edu.co\/aprendizaje-experiencial-en-accion-estudiantes-de-derecho-vivencian-el-proceso-legislativo-y-la-historia-constitucional-en-el-congreso-de-la-republica-y-la-academia-colombiana-de-historia\/#primaryimage","url":"https:\/\/uniagraria.edu.co\/wp-content\/uploads\/2026\/03\/1-7.jpeg","contentUrl":"https:\/\/uniagraria.edu.co\/wp-content\/uploads\/2026\/03\/1-7.jpeg","width":1600,"height":1200},{"@type":"BreadcrumbList","@id":"https:\/\/uniagraria.edu.co\/aprendizaje-experiencial-en-accion-estudiantes-de-derecho-vivencian-el-proceso-legislativo-y-la-historia-constitucional-en-el-congreso-de-la-republica-y-la-academia-colombiana-de-historia\/#breadcrumb","itemListElement":[{"@type":"ListItem","position":1,"name":"Inicio","item":"https:\/\/uniagraria.edu.co\/"},{"@type":"ListItem","position":2,"name":"Uncategorized","item":"https:\/\/uniagraria.edu.co\/category\/uncategorized-es\/"},{"@type":"ListItem","position":3,"name":"Aprendizaje experiencial en acci\u00f3n: estudiantes de Derecho vivencian el proceso legislativo y la historia constitucional en el Congreso de la Rep\u00fablica y la Academia Colombiana de Historia"}]},{"@type":"WebSite","@id":"https:\/\/uniagraria.edu.co\/es\/#website","url":"https:\/\/uniagraria.edu.co\/es\/","name":"UNIAGRARIA","description":"FUNDACION UNIVERSITARIA AGRARIA DE COLOMBIA","publisher":{"@id":"https:\/\/uniagraria.edu.co\/es\/#organization"},"potentialAction":[{"@type":"SearchAction","target":{"@type":"EntryPoint","urlTemplate":"https:\/\/uniagraria.edu.co\/es\/?s={search_term_string}"},"query-input":{"@type":"PropertyValueSpecification","valueRequired":true,"valueName":"search_term_string"}}],"inLanguage":"es-CO"},{"@type":"Organization","@id":"https:\/\/uniagraria.edu.co\/es\/#organization","name":"UNIAGRARIA","url":"https:\/\/uniagraria.edu.co\/es\/","logo":{"@type":"ImageObject","inLanguage":"es-CO","@id":"https:\/\/uniagraria.edu.co\/es\/#\/schema\/logo\/image\/","url":"https:\/\/novawebmaster.com\/uniagraria\/wp-content\/uploads\/2025\/02\/LogoUa2023Vertical.png","contentUrl":"https:\/\/novawebmaster.com\/uniagraria\/wp-content\/uploads\/2025\/02\/LogoUa2023Vertical.png","width":3300,"height":2550,"caption":"UNIAGRARIA"},"image":{"@id":"https:\/\/uniagraria.edu.co\/es\/#\/schema\/logo\/image\/"},"sameAs":["https:\/\/www.facebook.com\/uagraria\/?locale=es_LA","https:\/\/x.com\/UNIAGRARIA","https:\/\/www.instagram.com\/uniagraria\/profilecard\/?igsh=MXI2bTFlMWsxNzNjOA","https:\/\/www.tiktok.com\/discover\/uniagraria?lang=es","https:\/\/www.linkedin.com\/school\/uniagraria\/?originalSubdomain=co","https:\/\/www.youtube.com\/user\/UniagrariaUverde?themeRefresh=1","https:\/\/api.whatsapp.com\/send?phone=3134230649"]},{"@type":"Person","@id":"https:\/\/uniagraria.edu.co\/es\/#\/schema\/person\/4034d09f22f296c0e5ef4183437a9a00","name":"Comunicaciones UNIAGRARIA","image":{"@type":"ImageObject","inLanguage":"es-CO","@id":"https:\/\/secure.gravatar.com\/avatar\/3c69f4f1e34bab3955e0d8fa0d59a1a3c3830637a1190d707a2d9e9e54240cbd?s=96&d=mm&r=g","url":"https:\/\/secure.gravatar.com\/avatar\/3c69f4f1e34bab3955e0d8fa0d59a1a3c3830637a1190d707a2d9e9e54240cbd?s=96&d=mm&r=g","contentUrl":"https:\/\/secure.gravatar.com\/avatar\/3c69f4f1e34bab3955e0d8fa0d59a1a3c3830637a1190d707a2d9e9e54240cbd?s=96&d=mm&r=g","caption":"Comunicaciones UNIAGRARIA"},"url":"https:\/\/uniagraria.edu.co\/es\/author\/victor-webmaster\/"}]}},"_links":{"self":[{"href":"https:\/\/uniagraria.edu.co\/es\/wp-json\/wp\/v2\/posts\/83706","targetHints":{"allow":["GET"]}}],"collection":[{"href":"https:\/\/uniagraria.edu.co\/es\/wp-json\/wp\/v2\/posts"}],"about":[{"href":"https:\/\/uniagraria.edu.co\/es\/wp-json\/wp\/v2\/types\/post"}],"author":[{"embeddable":true,"href":"https:\/\/uniagraria.edu.co\/es\/wp-json\/wp\/v2\/users\/18"}],"replies":[{"embeddable":true,"href":"https:\/\/uniagraria.edu.co\/es\/wp-json\/wp\/v2\/comments?post=83706"}],"version-history":[{"count":6,"href":"https:\/\/uniagraria.edu.co\/es\/wp-json\/wp\/v2\/posts\/83706\/revisions"}],"predecessor-version":[{"id":83718,"href":"https:\/\/uniagraria.edu.co\/es\/wp-json\/wp\/v2\/posts\/83706\/revisions\/83718"}],"wp:featuredmedia":[{"embeddable":true,"href":"https:\/\/uniagraria.edu.co\/es\/wp-json\/wp\/v2\/media\/83707"}],"wp:attachment":[{"href":"https:\/\/uniagraria.edu.co\/es\/wp-json\/wp\/v2\/media?parent=83706"}],"wp:term":[{"taxonomy":"category","embeddable":true,"href":"https:\/\/uniagraria.edu.co\/es\/wp-json\/wp\/v2\/categories?post=83706"},{"taxonomy":"post_tag","embeddable":true,"href":"https:\/\/uniagraria.edu.co\/es\/wp-json\/wp\/v2\/tags?post=83706"}],"curies":[{"name":"wp","href":"https:\/\/api.w.org\/{rel}","templated":true}]}}