{"id":90794,"date":"2026-08-31T08:51:18","date_gmt":"2026-08-31T13:51:18","guid":{"rendered":"https:\/\/uniagraria.edu.co\/?p=90794"},"modified":"2026-08-31T08:59:30","modified_gmt":"2026-08-31T13:59:30","slug":"el-doctor-jose-antonio-parra-fandino-egresado-del-programa-de-derecho-facultad-de-ciencias-juridicas-y-sociales-de-uniagraria-fue-elegido-magistrado-del-consejo-nacional-electoral","status":"publish","type":"post","link":"https:\/\/uniagraria.edu.co\/es\/el-doctor-jose-antonio-parra-fandino-egresado-del-programa-de-derecho-facultad-de-ciencias-juridicas-y-sociales-de-uniagraria-fue-elegido-magistrado-del-consejo-nacional-electoral\/","title":{"rendered":"El Doctor Jos\u00e9 Antonio Parra Fandi\u00f1o, egresado del Programa de Derecho &#8211; Facultad de Ciencias Jur\u00eddicas y Sociales de UNIAGRARIA, fue elegido Magistrado del Consejo Nacional Electoral"},"content":{"rendered":"\t\t<div data-elementor-type=\"wp-post\" data-elementor-id=\"90794\" class=\"elementor elementor-90794\" data-elementor-post-type=\"post\">\n\t\t\t\t<div class=\"elementor-element elementor-element-74ca3c3 e-flex e-con-boxed e-con e-parent\" data-id=\"74ca3c3\" data-element_type=\"container\" data-e-type=\"container\">\n\t\t\t\t\t<div class=\"e-con-inner\">\n\t\t\t\t<div class=\"elementor-element elementor-element-7f9e984 elementor-widget elementor-widget-image\" data-id=\"7f9e984\" data-element_type=\"widget\" data-e-type=\"widget\" data-widget_type=\"image.default\">\n\t\t\t\t\t\t\t\t\t\t\t\t\t\t\t\t<a href=\"https:\/\/uniagraria.edu.co\/wp-content\/uploads\/2026\/08\/Dr-Parra2.jpeg\" data-elementor-open-lightbox=\"yes\" data-elementor-lightbox-title=\"Dr Parra2\" data-e-action-hash=\"#elementor-action%3Aaction%3Dlightbox%26settings%3DeyJpZCI6OTA4MDQsInVybCI6Imh0dHBzOlwvXC91bmlhZ3JhcmlhLmVkdS5jb1wvd3AtY29udGVudFwvdXBsb2Fkc1wvMjAyNlwvMDhcL0RyLVBhcnJhMi5qcGVnIn0%3D\">\n\t\t\t\t\t\t\t<img fetchpriority=\"high\" decoding=\"async\" width=\"517\" height=\"761\" src=\"https:\/\/uniagraria.edu.co\/wp-content\/uploads\/2026\/08\/Dr-Parra2.jpeg\" class=\"elementor-animation-grow attachment-medium_large size-medium_large wp-image-90804\" alt=\"\" srcset=\"https:\/\/uniagraria.edu.co\/wp-content\/uploads\/2026\/08\/Dr-Parra2.jpeg 517w, https:\/\/uniagraria.edu.co\/wp-content\/uploads\/2026\/08\/Dr-Parra2-204x300.jpeg 204w, https:\/\/uniagraria.edu.co\/wp-content\/uploads\/2026\/08\/Dr-Parra2-8x12.jpeg 8w\" sizes=\"(max-width: 517px) 100vw, 517px\" \/>\t\t\t\t\t\t\t\t<\/a>\n\t\t\t\t\t\t\t\t\t\t\t\t\t\t\t<\/div>\n\t\t\t\t<div class=\"elementor-element elementor-element-e3858fc elementor-widget elementor-widget-text-editor\" data-id=\"e3858fc\" data-element_type=\"widget\" data-e-type=\"widget\" data-widget_type=\"text-editor.default\">\n\t\t\t\t\t\t\t\t\t<p class=\"s3\"><span style=\"color: #000000;\"><b><span class=\"s2\">El <\/span><span class=\"s2\">A<\/span><span class=\"s2\">bogado <\/span><span class=\"s2\">U<\/span><span class=\"s2\">niagrarista har\u00e1 <\/span><span class=\"s5\">parte del organismo encargado de regular, inspeccionar, vigilar y controlar la actividad electoral en Colombia durante el periodo 2026-2030. <\/span><\/b><\/span><\/p><p class=\"s3\"><span style=\"color: #000000;\"><span class=\"s6\">La elecci\u00f3n se produjo el pasado\u00a0<\/span><span class=\"s5\">25 de agosto<\/span><span class=\"s6\">, cuando el Congreso de la Rep\u00fablica, reunido en pleno, escogi\u00f3 a los nueve magistrados que integrar\u00e1n el m\u00e1ximo organismo de la organizaci\u00f3n electoral colombiana durante los pr\u00f3ximos cuatro a\u00f1os.<\/span><\/span><\/p><p class=\"s3\"><span style=\"color: #000000;\"><span class=\"s6\">Este nombramiento constituye un motivo de especial orgullo para UNIAGRARIA y para toda su comunidad acad\u00e9mica, al representar el reconocimiento a la trayectoria profesional de uno de sus egresados y la llegada de un profesional formado en sus aulas a una de las instituciones de mayor relevancia para el funcionamiento de la democracia y el sistema electoral colombiano.<\/span><\/span><\/p><p class=\"s3\"><span style=\"color: #000000;\"><span class=\"s5\"><b>Una trayectoria construida desde el Derecho<\/b><\/span><\/span><\/p><p class=\"s3\"><span style=\"color: #000000;\"><span class=\"s6\">Jos\u00e9 Antonio Parra Fandi\u00f1o es <\/span><span class=\"s6\">A<\/span><span class=\"s6\">bogado egresado del programa de\u00a0<\/span><span class=\"s5\">Derecho <\/span><span class=\"s5\">\u2013 Facultad de C<\/span><span class=\"s5\">iencias<\/span><span class=\"s5\"> Jur\u00eddicas y<\/span><span class=\"s5\"> Sociales de UNIAGRARIA<\/span><span class=\"s6\">, t\u00edtulo obtenido en marzo de 2007.<\/span><\/span><\/p><p class=\"s3\"><span style=\"color: #000000;\"><span class=\"s6\">Posteriormente, fortaleci\u00f3 su formaci\u00f3n acad\u00e9mica con especializaciones en\u00a0<\/span><span class=\"s5\">Derecho Administrativo<\/span><span class=\"s6\">\u00a0y\u00a0<\/span><span class=\"s5\">Derecho Constitucional<\/span><span class=\"s6\">\u00a0de la Universidad del Rosario, una especializaci\u00f3n en\u00a0<\/span><span class=\"s5\">Democracia y R\u00e9gimen Electoral<\/span><span class=\"s6\">\u00a0de la Universidad Sergio Arboleda y una\u00a0<\/span><span class=\"s5\">Maestr\u00eda en Derecho con \u00e9nfasis en Derecho P\u00fablico<\/span><span class=\"s6\">\u00a0de la Universidad Externado de Colombia.<\/span><\/span><\/p><p class=\"s3\"><span class=\"s6\" style=\"color: #000000;\"><b>Actualmente es candidato a Doctor en Derecho de la Universidad Santo Tom\u00e1s.<\/b><\/span><\/p><p class=\"s3\"><span style=\"color: #000000;\"><span class=\"s6\">Su trayectoria profesional supera\u00a0las <\/span><span class=\"s6\">dos d\u00e9cadas<\/span><span class=\"s6\"> y ha estado estrechamente vinculada al sector p\u00fablico, particularmente a la administraci\u00f3n de justicia y a la organizaci\u00f3n electoral colombiana. Ha desempe\u00f1ado diferentes responsabilidades en la\u00a0<\/span><span class=\"s5\">Rama Judicial, la Procuradur\u00eda General de la Naci\u00f3n, la Registradur\u00eda Nacional del Estado Civil y el Consejo Nacional Electoral<\/span><span class=\"s6\">.<\/span><\/span><\/p><p class=\"s3\"><span style=\"color: #000000;\"><span class=\"s6\">Entre sus responsabilidades m\u00e1s recientes se encuentra la de\u00a0<\/span><span class=\"s5\">D<\/span><\/span><span class=\"s5\" style=\"color: #000000; font-style: inherit; font-weight: inherit;\">irector<\/span><span class=\"s5\" style=\"color: #000000; font-style: inherit; font-weight: inherit;\"> de Vigilancia e Inspecci\u00f3n Electoral del Consejo Nacional Electoral<\/span><span class=\"s6\" style=\"color: #000000; font-style: inherit; font-weight: inherit;\">, cargo que ocupaba desde enero de 2024. Previamente, se desempe\u00f1\u00f3 como <\/span><span class=\"s6\" style=\"color: #000000; font-style: inherit; font-weight: inherit;\">jefe<\/span><span class=\"s6\" style=\"color: #000000; font-style: inherit; font-weight: inherit;\"> de la Oficina Jur\u00eddica de la Registradur\u00eda Nacional del Estado Civil, Asesor de Inspecci\u00f3n y Vigilancia y Asesor de Relaciones Internacionales y Encuestas del CNE, <\/span><span class=\"s6\" style=\"color: #000000; font-style: inherit; font-weight: inherit;\">director nacional<\/span><span class=\"s6\" style=\"color: #000000; font-style: inherit; font-weight: inherit;\"> de Censo Electoral y Abogado Asesor de la Registradur\u00eda y del propio Consejo Nacional Electoral.<\/span><\/p><p class=\"s3\"><span style=\"color: #000000;\"><span class=\"s6\">Su experiencia tambi\u00e9n ha estado acompa\u00f1ada de una importante vocaci\u00f3n acad\u00e9mica. Desde 2010 ejerce como docente universitario en diferentes instituciones de educaci\u00f3n superior<\/span><span class=\"s6\"> incluyendo a Uniagraria<\/span><span class=\"s6\">, tanto en programas de pregrado como de posgrado, en \u00e1reas relacionadas con\u00a0<\/span><span class=\"s5\">Derecho Administrativo, Derecho Procesal Administrativo, Derecho Constitucional y Derecho Electoral<\/span><span class=\"s6\">.<\/span><\/span><\/p><p class=\"s3\"><span style=\"color: #000000;\"><span class=\"s5\"><b>Un egresado que representa a UNIAGRARIA en el \u00e1mbito nacional<\/b><\/span><\/span><\/p><p class=\"s3\"><span style=\"color: #000000;\"><span class=\"s6\">La elecci\u00f3n d<\/span><span class=\"s6\">el Dr.<\/span><span class=\"s6\"> Jos\u00e9 Antonio Parra Fandi\u00f1o como magistrado del Consejo Nacional Electoral es tambi\u00e9n una muestra del impacto que pueden alcanzar los profesionales formados en UNIAGRARIA y del compromiso de la Instituci\u00f3n con una educaci\u00f3n orientada al servicio de la sociedad.<\/span><\/span><\/p><p class=\"s3\"><span style=\"color: #000000;\"><span class=\"s6\">Su recorrido profesional, acad\u00e9mico y p\u00fablico refleja una formaci\u00f3n construida desde el Derecho y proyectada hacia escenarios de alta responsabilidad institucional, en los que el conocimiento jur\u00eddico, la experiencia y el compromiso con lo p\u00fablico adquieren especial relevancia.<\/span><\/span><\/p><p class=\"s3\"><span style=\"color: #000000;\"><span class=\"s6\">Como magistrado del CNE, <\/span><span class=\"s6\">el Dr.<\/span><span class=\"s6\"> Parra<\/span><span class=\"s6\"> Fandi\u00f1o integrar\u00e1 el organismo encargado, entre otras funciones, de\u00a0<\/span><span class=\"s5\">regular, inspeccionar, vigilar y controlar la actividad electoral y el funcionamiento de los partidos y movimientos pol\u00edticos<\/span><span class=\"s6\">, as\u00ed como de ejercer competencias relacionadas con la financiaci\u00f3n de campa\u00f1as y los escrutinios.<\/span><\/span><\/p><p class=\"s3\"><span style=\"color: #000000;\"><span class=\"s6\">Para\u00a0<\/span><span class=\"s5\">UNIAGRARIA<\/span><span class=\"s6\">, su elecci\u00f3n representa un logro que trasciende el \u00e1mbito individual y se convierte en motivo de orgullo para toda la comunidad universitaria. Es, adem\u00e1s, un testimonio de la trayectoria que pueden construir nuestros egresados cuando ponen su formaci\u00f3n, conocimiento y experiencia al servicio del pa\u00eds.<\/span><\/span><\/p><p class=\"s3\"><span style=\"color: #000000;\"><b><span class=\"s5\">UNIAGRARIA <\/span><span class=\"s5\">F<\/span><span class=\"s5\">elicita al <\/span><span class=\"s5\">D<\/span><span class=\"s5\">octor Jos\u00e9 Antonio Parra Fandi\u00f1o <\/span><span class=\"s5\">y su familia<\/span> <span class=\"s5\">por este importante logro y le desea muchos \u00e9xitos en el ejercicio de sus nuevas responsabilidades al servicio de la democracia colombiana.<\/span><\/b><\/span><\/p>\t\t\t\t\t\t\t\t<\/div>\n\t\t\t\t\t<\/div>\n\t\t\t\t<\/div>\n\t\t\t\t<\/div>\n\t\t","protected":false},"excerpt":{"rendered":"<p>El Abogado Uniagrarista har\u00e1 parte del organismo encargado de regular, inspeccionar, vigilar y controlar la actividad electoral en Colombia durante el periodo 2026-2030. La elecci\u00f3n se produjo el pasado\u00a025 de agosto, cuando el Congreso de la Rep\u00fablica, reunido en pleno, escogi\u00f3 a los nueve magistrados que integrar\u00e1n el m\u00e1ximo organismo de la organizaci\u00f3n electoral colombiana [&hellip;]<\/p>\n","protected":false},"author":18,"featured_media":90795,"comment_status":"closed","ping_status":"open","sticky":false,"template":"","format":"standard","meta":{"_acf_changed":false,"site-sidebar-layout":"default","site-content-layout":"","ast-site-content-layout":"default","site-content-style":"default","site-sidebar-style":"default","ast-global-header-display":"","ast-banner-title-visibility":"","ast-main-header-display":"","ast-hfb-above-header-display":"","ast-hfb-below-header-display":"","ast-hfb-mobile-header-display":"","site-post-title":"","ast-breadcrumbs-content":"","ast-featured-img":"","footer-sml-layout":"","ast-disable-related-posts":"","theme-transparent-header-meta":"default","adv-header-id-meta":"","stick-header-meta":"","header-above-stick-meta":"","header-main-stick-meta":"","header-below-stick-meta":"","astra-migrate-meta-layouts":"set","ast-page-background-enabled":"default","ast-page-background-meta":{"desktop":{"background-color":"var(--ast-global-color-4)","background-image":"","background-repeat":"repeat","background-position":"center center","background-size":"auto","background-attachment":"scroll","background-type":"","background-media":"","overlay-type":"","overlay-color":"","overlay-opacity":"","overlay-gradient":""},"tablet":{"background-color":"","background-image":"","background-repeat":"repeat","background-position":"center center","background-size":"auto","background-attachment":"scroll","background-type":"","background-media":"","overlay-type":"","overlay-color":"","overlay-opacity":"","overlay-gradient":""},"mobile":{"background-color":"","background-image":"","background-repeat":"repeat","background-position":"center center","background-size":"auto","background-attachment":"scroll","background-type":"","background-media":"","overlay-type":"","overlay-color":"","overlay-opacity":"","overlay-gradient":""}},"ast-content-background-meta":{"desktop":{"background-color":"var(--ast-global-color-5)","background-image":"","background-repeat":"repeat","background-position":"center center","background-size":"auto","background-attachment":"scroll","background-type":"","background-media":"","overlay-type":"","overlay-color":"","overlay-opacity":"","overlay-gradient":""},"tablet":{"background-color":"var(--ast-global-color-5)","background-image":"","background-repeat":"repeat","background-position":"center center","background-size":"auto","background-attachment":"scroll","background-type":"","background-media":"","overlay-type":"","overlay-color":"","overlay-opacity":"","overlay-gradient":""},"mobile":{"background-color":"var(--ast-global-color-5)","background-image":"","background-repeat":"repeat","background-position":"center center","background-size":"auto","background-attachment":"scroll","background-type":"","background-media":"","overlay-type":"","overlay-color":"","overlay-opacity":"","overlay-gradient":""}},"footnotes":""},"categories":[35,131],"tags":[],"class_list":["post-90794","post","type-post","status-publish","format-standard","has-post-thumbnail","hentry","category-noticias","category-noticias-de-derecho"],"acf":[],"yoast_head":"<!-- This site is optimized with the Yoast SEO plugin v28.3 - https:\/\/yoast.com\/product\/yoast-seo-wordpress\/ -->\n<title>El Doctor Jos\u00e9 Antonio Parra Fandi\u00f1o, egresado del Programa de Derecho - Facultad de Ciencias Jur\u00eddicas y Sociales de UNIAGRARIA, fue elegido Magistrado del Consejo Nacional Electoral - UNIAGRARIA<\/title>\n<meta name=\"robots\" content=\"index, follow, max-snippet:-1, max-image-preview:large, max-video-preview:-1\" \/>\n<link rel=\"canonical\" href=\"https:\/\/uniagraria.edu.co\/es\/el-doctor-jose-antonio-parra-fandino-egresado-del-programa-de-derecho-facultad-de-ciencias-juridicas-y-sociales-de-uniagraria-fue-elegido-magistrado-del-consejo-nacional-electoral\/\" \/>\n<meta property=\"og:locale\" content=\"es_ES\" \/>\n<meta property=\"og:type\" content=\"article\" \/>\n<meta property=\"og:title\" content=\"El Doctor Jos\u00e9 Antonio Parra Fandi\u00f1o, egresado del Programa de Derecho - Facultad de Ciencias Jur\u00eddicas y Sociales de UNIAGRARIA, fue elegido Magistrado del Consejo Nacional Electoral - UNIAGRARIA\" \/>\n<meta property=\"og:description\" content=\"El Abogado Uniagrarista har\u00e1 parte del organismo encargado de regular, inspeccionar, vigilar y controlar la actividad electoral en Colombia durante el periodo 2026-2030. La elecci\u00f3n se produjo el pasado\u00a025 de agosto, cuando el Congreso de la Rep\u00fablica, reunido en pleno, escogi\u00f3 a los nueve magistrados que integrar\u00e1n el m\u00e1ximo organismo de la organizaci\u00f3n electoral colombiana [&hellip;]\" \/>\n<meta property=\"og:url\" content=\"https:\/\/uniagraria.edu.co\/es\/el-doctor-jose-antonio-parra-fandino-egresado-del-programa-de-derecho-facultad-de-ciencias-juridicas-y-sociales-de-uniagraria-fue-elegido-magistrado-del-consejo-nacional-electoral\/\" \/>\n<meta property=\"og:site_name\" content=\"UNIAGRARIA\" \/>\n<meta property=\"article:publisher\" content=\"https:\/\/www.facebook.com\/uagraria\/?locale=es_LA\" \/>\n<meta property=\"article:published_time\" content=\"2026-08-31T13:51:18+00:00\" \/>\n<meta property=\"article:modified_time\" content=\"2026-08-31T13:59:30+00:00\" \/>\n<meta property=\"og:image\" content=\"https:\/\/uniagraria.edu.co\/wp-content\/uploads\/2026\/08\/Dr-Parra-e1788184696998.jpeg\" \/>\n\t<meta property=\"og:image:width\" content=\"516\" \/>\n\t<meta property=\"og:image:height\" content=\"446\" \/>\n\t<meta property=\"og:image:type\" content=\"image\/jpeg\" \/>\n<meta name=\"author\" content=\"Comunicaciones UNIAGRARIA\" \/>\n<meta name=\"twitter:card\" content=\"summary_large_image\" \/>\n<meta name=\"twitter:creator\" content=\"@UNIAGRARIA\" \/>\n<meta name=\"twitter:site\" content=\"@UNIAGRARIA\" \/>\n<meta name=\"twitter:label1\" content=\"Escrito por\" \/>\n\t<meta name=\"twitter:data1\" content=\"Comunicaciones UNIAGRARIA\" \/>\n\t<meta name=\"twitter:label2\" content=\"Tiempo de lectura\" \/>\n\t<meta name=\"twitter:data2\" content=\"3 minutos\" \/>\n<script type=\"application\/ld+json\" class=\"yoast-schema-graph\">{\"@context\":\"https:\\\/\\\/schema.org\",\"@graph\":[{\"@type\":\"Article\",\"@id\":\"https:\\\/\\\/uniagraria.edu.co\\\/es\\\/el-doctor-jose-antonio-parra-fandino-egresado-del-programa-de-derecho-facultad-de-ciencias-juridicas-y-sociales-de-uniagraria-fue-elegido-magistrado-del-consejo-nacional-electoral\\\/#article\",\"isPartOf\":{\"@id\":\"https:\\\/\\\/uniagraria.edu.co\\\/es\\\/el-doctor-jose-antonio-parra-fandino-egresado-del-programa-de-derecho-facultad-de-ciencias-juridicas-y-sociales-de-uniagraria-fue-elegido-magistrado-del-consejo-nacional-electoral\\\/\"},\"author\":{\"name\":\"Comunicaciones UNIAGRARIA\",\"@id\":\"https:\\\/\\\/uniagraria.edu.co\\\/es\\\/#\\\/schema\\\/person\\\/984baff61d5afdf305d86cb15f4003df\"},\"headline\":\"El Doctor Jos\u00e9 Antonio Parra Fandi\u00f1o, egresado del Programa de Derecho &#8211; Facultad de Ciencias Jur\u00eddicas y Sociales de UNIAGRARIA, fue elegido Magistrado del Consejo Nacional Electoral\",\"datePublished\":\"2026-08-31T13:51:18+00:00\",\"dateModified\":\"2026-08-31T13:59:30+00:00\",\"mainEntityOfPage\":{\"@id\":\"https:\\\/\\\/uniagraria.edu.co\\\/es\\\/el-doctor-jose-antonio-parra-fandino-egresado-del-programa-de-derecho-facultad-de-ciencias-juridicas-y-sociales-de-uniagraria-fue-elegido-magistrado-del-consejo-nacional-electoral\\\/\"},\"wordCount\":680,\"publisher\":{\"@id\":\"https:\\\/\\\/uniagraria.edu.co\\\/es\\\/#organization\"},\"image\":{\"@id\":\"https:\\\/\\\/uniagraria.edu.co\\\/es\\\/el-doctor-jose-antonio-parra-fandino-egresado-del-programa-de-derecho-facultad-de-ciencias-juridicas-y-sociales-de-uniagraria-fue-elegido-magistrado-del-consejo-nacional-electoral\\\/#primaryimage\"},\"thumbnailUrl\":\"https:\\\/\\\/uniagraria.edu.co\\\/wp-content\\\/uploads\\\/2026\\\/08\\\/Dr-Parra-e1788184696998.jpeg\",\"articleSection\":[\"Noticias\",\"Noticias de Derecho\"],\"inLanguage\":\"es-CO\"},{\"@type\":\"WebPage\",\"@id\":\"https:\\\/\\\/uniagraria.edu.co\\\/es\\\/el-doctor-jose-antonio-parra-fandino-egresado-del-programa-de-derecho-facultad-de-ciencias-juridicas-y-sociales-de-uniagraria-fue-elegido-magistrado-del-consejo-nacional-electoral\\\/\",\"url\":\"https:\\\/\\\/uniagraria.edu.co\\\/es\\\/el-doctor-jose-antonio-parra-fandino-egresado-del-programa-de-derecho-facultad-de-ciencias-juridicas-y-sociales-de-uniagraria-fue-elegido-magistrado-del-consejo-nacional-electoral\\\/\",\"name\":\"El Doctor Jos\u00e9 Antonio Parra Fandi\u00f1o, egresado del Programa de Derecho - Facultad de Ciencias Jur\u00eddicas y Sociales de UNIAGRARIA, fue elegido Magistrado del Consejo Nacional Electoral - UNIAGRARIA\",\"isPartOf\":{\"@id\":\"https:\\\/\\\/uniagraria.edu.co\\\/es\\\/#website\"},\"primaryImageOfPage\":{\"@id\":\"https:\\\/\\\/uniagraria.edu.co\\\/es\\\/el-doctor-jose-antonio-parra-fandino-egresado-del-programa-de-derecho-facultad-de-ciencias-juridicas-y-sociales-de-uniagraria-fue-elegido-magistrado-del-consejo-nacional-electoral\\\/#primaryimage\"},\"image\":{\"@id\":\"https:\\\/\\\/uniagraria.edu.co\\\/es\\\/el-doctor-jose-antonio-parra-fandino-egresado-del-programa-de-derecho-facultad-de-ciencias-juridicas-y-sociales-de-uniagraria-fue-elegido-magistrado-del-consejo-nacional-electoral\\\/#primaryimage\"},\"thumbnailUrl\":\"https:\\\/\\\/uniagraria.edu.co\\\/wp-content\\\/uploads\\\/2026\\\/08\\\/Dr-Parra-e1788184696998.jpeg\",\"datePublished\":\"2026-08-31T13:51:18+00:00\",\"dateModified\":\"2026-08-31T13:59:30+00:00\",\"breadcrumb\":{\"@id\":\"https:\\\/\\\/uniagraria.edu.co\\\/es\\\/el-doctor-jose-antonio-parra-fandino-egresado-del-programa-de-derecho-facultad-de-ciencias-juridicas-y-sociales-de-uniagraria-fue-elegido-magistrado-del-consejo-nacional-electoral\\\/#breadcrumb\"},\"inLanguage\":\"es-CO\",\"potentialAction\":[{\"@type\":\"ReadAction\",\"target\":[\"https:\\\/\\\/uniagraria.edu.co\\\/es\\\/el-doctor-jose-antonio-parra-fandino-egresado-del-programa-de-derecho-facultad-de-ciencias-juridicas-y-sociales-de-uniagraria-fue-elegido-magistrado-del-consejo-nacional-electoral\\\/\"]}]},{\"@type\":\"ImageObject\",\"inLanguage\":\"es-CO\",\"@id\":\"https:\\\/\\\/uniagraria.edu.co\\\/es\\\/el-doctor-jose-antonio-parra-fandino-egresado-del-programa-de-derecho-facultad-de-ciencias-juridicas-y-sociales-de-uniagraria-fue-elegido-magistrado-del-consejo-nacional-electoral\\\/#primaryimage\",\"url\":\"https:\\\/\\\/uniagraria.edu.co\\\/wp-content\\\/uploads\\\/2026\\\/08\\\/Dr-Parra-e1788184696998.jpeg\",\"contentUrl\":\"https:\\\/\\\/uniagraria.edu.co\\\/wp-content\\\/uploads\\\/2026\\\/08\\\/Dr-Parra-e1788184696998.jpeg\",\"width\":516,\"height\":446},{\"@type\":\"BreadcrumbList\",\"@id\":\"https:\\\/\\\/uniagraria.edu.co\\\/es\\\/el-doctor-jose-antonio-parra-fandino-egresado-del-programa-de-derecho-facultad-de-ciencias-juridicas-y-sociales-de-uniagraria-fue-elegido-magistrado-del-consejo-nacional-electoral\\\/#breadcrumb\",\"itemListElement\":[{\"@type\":\"ListItem\",\"position\":1,\"name\":\"Inicio\",\"item\":\"https:\\\/\\\/uniagraria.edu.co\\\/\"},{\"@type\":\"ListItem\",\"position\":2,\"name\":\"Noticias\",\"item\":\"https:\\\/\\\/uniagraria.edu.co\\\/es\\\/category\\\/noticias\\\/\"},{\"@type\":\"ListItem\",\"position\":3,\"name\":\"El Doctor Jos\u00e9 Antonio Parra Fandi\u00f1o, egresado del Programa de Derecho &#8211; Facultad de Ciencias Jur\u00eddicas y Sociales de UNIAGRARIA, fue elegido Magistrado del Consejo Nacional Electoral\"}]},{\"@type\":\"WebSite\",\"@id\":\"https:\\\/\\\/uniagraria.edu.co\\\/es\\\/#website\",\"url\":\"https:\\\/\\\/uniagraria.edu.co\\\/es\\\/\",\"name\":\"UNIAGRARIA\",\"description\":\"FUNDACION UNIVERSITARIA AGRARIA DE COLOMBIA\",\"publisher\":{\"@id\":\"https:\\\/\\\/uniagraria.edu.co\\\/es\\\/#organization\"},\"potentialAction\":[{\"@type\":\"SearchAction\",\"target\":{\"@type\":\"EntryPoint\",\"urlTemplate\":\"https:\\\/\\\/uniagraria.edu.co\\\/es\\\/?s={search_term_string}\"},\"query-input\":{\"@type\":\"PropertyValueSpecification\",\"valueRequired\":true,\"valueName\":\"search_term_string\"}}],\"inLanguage\":\"es-CO\"},{\"@type\":\"Organization\",\"@id\":\"https:\\\/\\\/uniagraria.edu.co\\\/es\\\/#organization\",\"name\":\"UNIAGRARIA\",\"url\":\"https:\\\/\\\/uniagraria.edu.co\\\/es\\\/\",\"logo\":{\"@type\":\"ImageObject\",\"inLanguage\":\"es-CO\",\"@id\":\"https:\\\/\\\/uniagraria.edu.co\\\/es\\\/#\\\/schema\\\/logo\\\/image\\\/\",\"url\":\"https:\\\/\\\/novawebmaster.com\\\/uniagraria\\\/wp-content\\\/uploads\\\/2025\\\/02\\\/LogoUa2023Vertical.png\",\"contentUrl\":\"https:\\\/\\\/novawebmaster.com\\\/uniagraria\\\/wp-content\\\/uploads\\\/2025\\\/02\\\/LogoUa2023Vertical.png\",\"width\":3300,\"height\":2550,\"caption\":\"UNIAGRARIA\"},\"image\":{\"@id\":\"https:\\\/\\\/uniagraria.edu.co\\\/es\\\/#\\\/schema\\\/logo\\\/image\\\/\"},\"sameAs\":[\"https:\\\/\\\/www.facebook.com\\\/uagraria\\\/?locale=es_LA\",\"https:\\\/\\\/x.com\\\/UNIAGRARIA\",\"https:\\\/\\\/www.instagram.com\\\/uniagraria\\\/profilecard\\\/?igsh=MXI2bTFlMWsxNzNjOA\",\"https:\\\/\\\/www.tiktok.com\\\/discover\\\/uniagraria?lang=es\",\"https:\\\/\\\/www.linkedin.com\\\/school\\\/uniagraria\\\/?originalSubdomain=co\",\"https:\\\/\\\/www.youtube.com\\\/user\\\/UniagrariaUverde?themeRefresh=1\",\"https:\\\/\\\/api.whatsapp.com\\\/send?phone=3134230649\"]},{\"@type\":\"Person\",\"@id\":\"https:\\\/\\\/uniagraria.edu.co\\\/es\\\/#\\\/schema\\\/person\\\/984baff61d5afdf305d86cb15f4003df\",\"name\":\"Comunicaciones UNIAGRARIA\",\"image\":{\"@type\":\"ImageObject\",\"inLanguage\":\"es-CO\",\"@id\":\"https:\\\/\\\/secure.gravatar.com\\\/avatar\\\/3c69f4f1e34bab3955e0d8fa0d59a1a3c3830637a1190d707a2d9e9e54240cbd?s=96&d=mm&r=g\",\"url\":\"https:\\\/\\\/secure.gravatar.com\\\/avatar\\\/3c69f4f1e34bab3955e0d8fa0d59a1a3c3830637a1190d707a2d9e9e54240cbd?s=96&d=mm&r=g\",\"contentUrl\":\"https:\\\/\\\/secure.gravatar.com\\\/avatar\\\/3c69f4f1e34bab3955e0d8fa0d59a1a3c3830637a1190d707a2d9e9e54240cbd?s=96&d=mm&r=g\",\"caption\":\"Comunicaciones UNIAGRARIA\"},\"url\":\"https:\\\/\\\/uniagraria.edu.co\\\/es\\\/author\\\/victor-webmaster\\\/\"}]}<\/script>\n<!-- \/ Yoast SEO plugin. -->","yoast_head_json":{"title":"El Doctor Jos\u00e9 Antonio Parra Fandi\u00f1o, egresado del Programa de Derecho - Facultad de Ciencias Jur\u00eddicas y Sociales de UNIAGRARIA, fue elegido Magistrado del Consejo Nacional Electoral - UNIAGRARIA","robots":{"index":"index","follow":"follow","max-snippet":"max-snippet:-1","max-image-preview":"max-image-preview:large","max-video-preview":"max-video-preview:-1"},"canonical":"https:\/\/uniagraria.edu.co\/es\/el-doctor-jose-antonio-parra-fandino-egresado-del-programa-de-derecho-facultad-de-ciencias-juridicas-y-sociales-de-uniagraria-fue-elegido-magistrado-del-consejo-nacional-electoral\/","og_locale":"es_ES","og_type":"article","og_title":"El Doctor Jos\u00e9 Antonio Parra Fandi\u00f1o, egresado del Programa de Derecho - Facultad de Ciencias Jur\u00eddicas y Sociales de UNIAGRARIA, fue elegido Magistrado del Consejo Nacional Electoral - UNIAGRARIA","og_description":"El Abogado Uniagrarista har\u00e1 parte del organismo encargado de regular, inspeccionar, vigilar y controlar la actividad electoral en Colombia durante el periodo 2026-2030. La elecci\u00f3n se produjo el pasado\u00a025 de agosto, cuando el Congreso de la Rep\u00fablica, reunido en pleno, escogi\u00f3 a los nueve magistrados que integrar\u00e1n el m\u00e1ximo organismo de la organizaci\u00f3n electoral colombiana [&hellip;]","og_url":"https:\/\/uniagraria.edu.co\/es\/el-doctor-jose-antonio-parra-fandino-egresado-del-programa-de-derecho-facultad-de-ciencias-juridicas-y-sociales-de-uniagraria-fue-elegido-magistrado-del-consejo-nacional-electoral\/","og_site_name":"UNIAGRARIA","article_publisher":"https:\/\/www.facebook.com\/uagraria\/?locale=es_LA","article_published_time":"2026-08-31T13:51:18+00:00","article_modified_time":"2026-08-31T13:59:30+00:00","og_image":[{"width":516,"height":446,"url":"https:\/\/uniagraria.edu.co\/wp-content\/uploads\/2026\/08\/Dr-Parra-e1788184696998.jpeg","type":"image\/jpeg"}],"author":"Comunicaciones UNIAGRARIA","twitter_card":"summary_large_image","twitter_creator":"@UNIAGRARIA","twitter_site":"@UNIAGRARIA","twitter_misc":{"Escrito por":"Comunicaciones UNIAGRARIA","Tiempo de lectura":"3 minutos"},"schema":{"@context":"https:\/\/schema.org","@graph":[{"@type":"Article","@id":"https:\/\/uniagraria.edu.co\/es\/el-doctor-jose-antonio-parra-fandino-egresado-del-programa-de-derecho-facultad-de-ciencias-juridicas-y-sociales-de-uniagraria-fue-elegido-magistrado-del-consejo-nacional-electoral\/#article","isPartOf":{"@id":"https:\/\/uniagraria.edu.co\/es\/el-doctor-jose-antonio-parra-fandino-egresado-del-programa-de-derecho-facultad-de-ciencias-juridicas-y-sociales-de-uniagraria-fue-elegido-magistrado-del-consejo-nacional-electoral\/"},"author":{"name":"Comunicaciones UNIAGRARIA","@id":"https:\/\/uniagraria.edu.co\/es\/#\/schema\/person\/984baff61d5afdf305d86cb15f4003df"},"headline":"El Doctor Jos\u00e9 Antonio Parra Fandi\u00f1o, egresado del Programa de Derecho &#8211; Facultad de Ciencias Jur\u00eddicas y Sociales de UNIAGRARIA, fue elegido Magistrado del Consejo Nacional Electoral","datePublished":"2026-08-31T13:51:18+00:00","dateModified":"2026-08-31T13:59:30+00:00","mainEntityOfPage":{"@id":"https:\/\/uniagraria.edu.co\/es\/el-doctor-jose-antonio-parra-fandino-egresado-del-programa-de-derecho-facultad-de-ciencias-juridicas-y-sociales-de-uniagraria-fue-elegido-magistrado-del-consejo-nacional-electoral\/"},"wordCount":680,"publisher":{"@id":"https:\/\/uniagraria.edu.co\/es\/#organization"},"image":{"@id":"https:\/\/uniagraria.edu.co\/es\/el-doctor-jose-antonio-parra-fandino-egresado-del-programa-de-derecho-facultad-de-ciencias-juridicas-y-sociales-de-uniagraria-fue-elegido-magistrado-del-consejo-nacional-electoral\/#primaryimage"},"thumbnailUrl":"https:\/\/uniagraria.edu.co\/wp-content\/uploads\/2026\/08\/Dr-Parra-e1788184696998.jpeg","articleSection":["Noticias","Noticias de Derecho"],"inLanguage":"es-CO"},{"@type":"WebPage","@id":"https:\/\/uniagraria.edu.co\/es\/el-doctor-jose-antonio-parra-fandino-egresado-del-programa-de-derecho-facultad-de-ciencias-juridicas-y-sociales-de-uniagraria-fue-elegido-magistrado-del-consejo-nacional-electoral\/","url":"https:\/\/uniagraria.edu.co\/es\/el-doctor-jose-antonio-parra-fandino-egresado-del-programa-de-derecho-facultad-de-ciencias-juridicas-y-sociales-de-uniagraria-fue-elegido-magistrado-del-consejo-nacional-electoral\/","name":"El Doctor Jos\u00e9 Antonio Parra Fandi\u00f1o, egresado del Programa de Derecho - Facultad de Ciencias Jur\u00eddicas y Sociales de UNIAGRARIA, fue elegido Magistrado del Consejo Nacional Electoral - UNIAGRARIA","isPartOf":{"@id":"https:\/\/uniagraria.edu.co\/es\/#website"},"primaryImageOfPage":{"@id":"https:\/\/uniagraria.edu.co\/es\/el-doctor-jose-antonio-parra-fandino-egresado-del-programa-de-derecho-facultad-de-ciencias-juridicas-y-sociales-de-uniagraria-fue-elegido-magistrado-del-consejo-nacional-electoral\/#primaryimage"},"image":{"@id":"https:\/\/uniagraria.edu.co\/es\/el-doctor-jose-antonio-parra-fandino-egresado-del-programa-de-derecho-facultad-de-ciencias-juridicas-y-sociales-de-uniagraria-fue-elegido-magistrado-del-consejo-nacional-electoral\/#primaryimage"},"thumbnailUrl":"https:\/\/uniagraria.edu.co\/wp-content\/uploads\/2026\/08\/Dr-Parra-e1788184696998.jpeg","datePublished":"2026-08-31T13:51:18+00:00","dateModified":"2026-08-31T13:59:30+00:00","breadcrumb":{"@id":"https:\/\/uniagraria.edu.co\/es\/el-doctor-jose-antonio-parra-fandino-egresado-del-programa-de-derecho-facultad-de-ciencias-juridicas-y-sociales-de-uniagraria-fue-elegido-magistrado-del-consejo-nacional-electoral\/#breadcrumb"},"inLanguage":"es-CO","potentialAction":[{"@type":"ReadAction","target":["https:\/\/uniagraria.edu.co\/es\/el-doctor-jose-antonio-parra-fandino-egresado-del-programa-de-derecho-facultad-de-ciencias-juridicas-y-sociales-de-uniagraria-fue-elegido-magistrado-del-consejo-nacional-electoral\/"]}]},{"@type":"ImageObject","inLanguage":"es-CO","@id":"https:\/\/uniagraria.edu.co\/es\/el-doctor-jose-antonio-parra-fandino-egresado-del-programa-de-derecho-facultad-de-ciencias-juridicas-y-sociales-de-uniagraria-fue-elegido-magistrado-del-consejo-nacional-electoral\/#primaryimage","url":"https:\/\/uniagraria.edu.co\/wp-content\/uploads\/2026\/08\/Dr-Parra-e1788184696998.jpeg","contentUrl":"https:\/\/uniagraria.edu.co\/wp-content\/uploads\/2026\/08\/Dr-Parra-e1788184696998.jpeg","width":516,"height":446},{"@type":"BreadcrumbList","@id":"https:\/\/uniagraria.edu.co\/es\/el-doctor-jose-antonio-parra-fandino-egresado-del-programa-de-derecho-facultad-de-ciencias-juridicas-y-sociales-de-uniagraria-fue-elegido-magistrado-del-consejo-nacional-electoral\/#breadcrumb","itemListElement":[{"@type":"ListItem","position":1,"name":"Inicio","item":"https:\/\/uniagraria.edu.co\/"},{"@type":"ListItem","position":2,"name":"Noticias","item":"https:\/\/uniagraria.edu.co\/es\/category\/noticias\/"},{"@type":"ListItem","position":3,"name":"El Doctor Jos\u00e9 Antonio Parra Fandi\u00f1o, egresado del Programa de Derecho &#8211; Facultad de Ciencias Jur\u00eddicas y Sociales de UNIAGRARIA, fue elegido Magistrado del Consejo Nacional Electoral"}]},{"@type":"WebSite","@id":"https:\/\/uniagraria.edu.co\/es\/#website","url":"https:\/\/uniagraria.edu.co\/es\/","name":"UNIAGRARIA","description":"FUNDACION UNIVERSITARIA AGRARIA DE COLOMBIA","publisher":{"@id":"https:\/\/uniagraria.edu.co\/es\/#organization"},"potentialAction":[{"@type":"SearchAction","target":{"@type":"EntryPoint","urlTemplate":"https:\/\/uniagraria.edu.co\/es\/?s={search_term_string}"},"query-input":{"@type":"PropertyValueSpecification","valueRequired":true,"valueName":"search_term_string"}}],"inLanguage":"es-CO"},{"@type":"Organization","@id":"https:\/\/uniagraria.edu.co\/es\/#organization","name":"UNIAGRARIA","url":"https:\/\/uniagraria.edu.co\/es\/","logo":{"@type":"ImageObject","inLanguage":"es-CO","@id":"https:\/\/uniagraria.edu.co\/es\/#\/schema\/logo\/image\/","url":"https:\/\/novawebmaster.com\/uniagraria\/wp-content\/uploads\/2025\/02\/LogoUa2023Vertical.png","contentUrl":"https:\/\/novawebmaster.com\/uniagraria\/wp-content\/uploads\/2025\/02\/LogoUa2023Vertical.png","width":3300,"height":2550,"caption":"UNIAGRARIA"},"image":{"@id":"https:\/\/uniagraria.edu.co\/es\/#\/schema\/logo\/image\/"},"sameAs":["https:\/\/www.facebook.com\/uagraria\/?locale=es_LA","https:\/\/x.com\/UNIAGRARIA","https:\/\/www.instagram.com\/uniagraria\/profilecard\/?igsh=MXI2bTFlMWsxNzNjOA","https:\/\/www.tiktok.com\/discover\/uniagraria?lang=es","https:\/\/www.linkedin.com\/school\/uniagraria\/?originalSubdomain=co","https:\/\/www.youtube.com\/user\/UniagrariaUverde?themeRefresh=1","https:\/\/api.whatsapp.com\/send?phone=3134230649"]},{"@type":"Person","@id":"https:\/\/uniagraria.edu.co\/es\/#\/schema\/person\/984baff61d5afdf305d86cb15f4003df","name":"Comunicaciones UNIAGRARIA","image":{"@type":"ImageObject","inLanguage":"es-CO","@id":"https:\/\/secure.gravatar.com\/avatar\/3c69f4f1e34bab3955e0d8fa0d59a1a3c3830637a1190d707a2d9e9e54240cbd?s=96&d=mm&r=g","url":"https:\/\/secure.gravatar.com\/avatar\/3c69f4f1e34bab3955e0d8fa0d59a1a3c3830637a1190d707a2d9e9e54240cbd?s=96&d=mm&r=g","contentUrl":"https:\/\/secure.gravatar.com\/avatar\/3c69f4f1e34bab3955e0d8fa0d59a1a3c3830637a1190d707a2d9e9e54240cbd?s=96&d=mm&r=g","caption":"Comunicaciones UNIAGRARIA"},"url":"https:\/\/uniagraria.edu.co\/es\/author\/victor-webmaster\/"}]}},"_links":{"self":[{"href":"https:\/\/uniagraria.edu.co\/es\/wp-json\/wp\/v2\/posts\/90794","targetHints":{"allow":["GET"]}}],"collection":[{"href":"https:\/\/uniagraria.edu.co\/es\/wp-json\/wp\/v2\/posts"}],"about":[{"href":"https:\/\/uniagraria.edu.co\/es\/wp-json\/wp\/v2\/types\/post"}],"author":[{"embeddable":true,"href":"https:\/\/uniagraria.edu.co\/es\/wp-json\/wp\/v2\/users\/18"}],"replies":[{"embeddable":true,"href":"https:\/\/uniagraria.edu.co\/es\/wp-json\/wp\/v2\/comments?post=90794"}],"version-history":[{"count":11,"href":"https:\/\/uniagraria.edu.co\/es\/wp-json\/wp\/v2\/posts\/90794\/revisions"}],"predecessor-version":[{"id":90807,"href":"https:\/\/uniagraria.edu.co\/es\/wp-json\/wp\/v2\/posts\/90794\/revisions\/90807"}],"wp:featuredmedia":[{"embeddable":true,"href":"https:\/\/uniagraria.edu.co\/es\/wp-json\/wp\/v2\/media\/90795"}],"wp:attachment":[{"href":"https:\/\/uniagraria.edu.co\/es\/wp-json\/wp\/v2\/media?parent=90794"}],"wp:term":[{"taxonomy":"category","embeddable":true,"href":"https:\/\/uniagraria.edu.co\/es\/wp-json\/wp\/v2\/categories?post=90794"},{"taxonomy":"post_tag","embeddable":true,"href":"https:\/\/uniagraria.edu.co\/es\/wp-json\/wp\/v2\/tags?post=90794"}],"curies":[{"name":"wp","href":"https:\/\/api.w.org\/{rel}","templated":true}]}}