{"id":90943,"date":"2026-09-02T12:29:13","date_gmt":"2026-09-02T17:29:13","guid":{"rendered":"https:\/\/uniagraria.edu.co\/?p=90943"},"modified":"2026-09-02T12:31:19","modified_gmt":"2026-09-02T17:31:19","slug":"uniagraria-afianza-su-articulacion-con-la-camara-de-comercio-de-facatativa-para-acompanar-la-formalizacion-de-emprendimientos-alimentarios","status":"publish","type":"post","link":"https:\/\/uniagraria.edu.co\/es\/uniagraria-afianza-su-articulacion-con-la-camara-de-comercio-de-facatativa-para-acompanar-la-formalizacion-de-emprendimientos-alimentarios\/","title":{"rendered":"UNIAGRARIA afianza su articulaci\u00f3n con la C\u00e1mara de Comercio de Facatativ\u00e1 para acompa\u00f1ar la formalizaci\u00f3n de emprendimientos alimentarios"},"content":{"rendered":"\t\t<div data-elementor-type=\"wp-post\" data-elementor-id=\"90943\" class=\"elementor elementor-90943\" data-elementor-post-type=\"post\">\n\t\t\t\t<div class=\"elementor-element elementor-element-03ed878 e-flex e-con-boxed e-con e-parent\" data-id=\"03ed878\" data-element_type=\"container\" data-e-type=\"container\">\n\t\t\t\t\t<div class=\"e-con-inner\">\n\t\t\t\t<div class=\"elementor-element elementor-element-1416c14 elementor-widget elementor-widget-text-editor\" data-id=\"1416c14\" data-element_type=\"widget\" data-e-type=\"widget\" data-widget_type=\"text-editor.default\">\n\t\t\t\t\t\t\t\t\t<p><span style=\"color: #000000;\">Ingenier\u00eda de Alimentos acompa\u00f1a a emprendedores de la regi\u00f3n en el cumplimiento de requisitos sanitarios y fortalece su compromiso con el desarrollo empresarial del territorio.<\/span><\/p><p><span style=\"color: #000000;\">En el marco del proceso de fortalecimiento de los v\u00ednculos institucionales con la C\u00e1mara de Comercio de Facatativ\u00e1, la Fundaci\u00f3n Universitaria Agraria de Colombia \u2013 UNIAGRARIA, a trav\u00e9s de su Programa de Ingenier\u00eda de Alimentos, contin\u00faa aportando al desarrollo y crecimiento de los emprendimientos de la regi\u00f3n mediante acciones de acompa\u00f1amiento t\u00e9cnico y formaci\u00f3n empresarial.<\/span><\/p><p><span style=\"color: #000000;\">Como parte de la Ruta de Formalizaci\u00f3n Empresarial, el director del Programa de Ingenier\u00eda de Alimentos, Dr. Esteban Villamil Galindo, lider\u00f3 dos talleres especializados sobre requisitos sanitarios y tr\u00e1mites ante el INVIMA, dirigidos a emprendedores de Facatativ\u00e1 y municipios de la regi\u00f3n.<\/span><\/p><p><span style=\"color: #000000;\">El primer encuentro se desarroll\u00f3 el 19 de agosto de 2026 en el Auditorio Principal de UNIAGRARIA, sede Facatativ\u00e1, mientras que el segundo tuvo lugar el 31 de agosto de 2026 en el Teatro Municipal de Mosquera. Estos espacios permitieron brindar orientaci\u00f3n pr\u00e1ctica a los participantes frente a los principales requisitos que deben considerar para avanzar en los procesos de formalizaci\u00f3n y comercializaci\u00f3n de sus productos alimenticios.<\/span><\/p><p><span style=\"color: #000000;\">Durante los talleres se abordaron aspectos relacionados con el cumplimiento de requisitos sanitarios, condiciones necesarias para la formalizaci\u00f3n de establecimientos y productos, y elementos fundamentales para que los emprendedores puedan avanzar de manera organizada en sus procesos ante la autoridad sanitaria.<\/span><\/p><p><span style=\"color: #000000;\"><b>Educaci\u00f3n superior al servicio del territorio<\/b><\/span><\/p><p><span style=\"color: #000000;\">Esta iniciativa refleja el compromiso de UNIAGRARIA con la transferencia de conocimiento y el acompa\u00f1amiento a los sectores productivos locales, articulando las capacidades acad\u00e9micas y t\u00e9cnicas de sus programas con las necesidades reales del territorio.<\/span><\/p><p><span style=\"color: #000000;\">Para el Programa de Ingenier\u00eda de Alimentos, estos espacios representan una oportunidad para acercar el conocimiento especializado a los emprendedores y contribuir a la consolidaci\u00f3n de negocios alimentarios m\u00e1s formales, seguros y competitivos.<\/span><\/p><p><span style=\"color: #000000;\">\u00ab\u201cDesde Ingenier\u00eda de Alimentos queremos que el conocimiento universitario trascienda las aulas y se convierta en una herramienta para fortalecer los emprendimientos y las empresas de nuestra regi\u00f3n. Acompa\u00f1ar a los emprendedores en el cumplimiento de los requisitos sanitarios es tambi\u00e9n contribuir a que sus productos puedan crecer y llegar a nuevos mercados\u201d, se\u00f1al\u00f3 el Dr. Esteban Villamil Galindo, director del Programa de Ingenier\u00eda de Alimentos de UNIAGRARIA.\u00bb<\/span><\/p><p><span style=\"color: #000000;\"><b>Una universidad que llega para acompa\u00f1ar el desarrollo regional<\/b><\/span><\/p><p><span style=\"color: #000000;\">Estas acciones adquieren especial relevancia en el marco del proceso de desarrollo de los registros transitorios para la oferta acad\u00e9mica presencial en la regi\u00f3n, mediante los cuales UNIAGRARIA proyecta fortalecer su presencia territorial y ampliar las oportunidades de formaci\u00f3n profesional para las comunidades de Facatativ\u00e1 y municipios cercanos.<\/span><\/p><p><span style=\"color: #000000;\">En este contexto, los programas de Ingenier\u00eda de Alimentos, Ingenier\u00eda Agroindustrial e Ingenier\u00eda Civil proyectan su oferta presencial para el periodo acad\u00e9mico 2027-1, consolidando una apuesta institucional por una educaci\u00f3n superior conectada con las necesidades sociales, empresariales y productivas del territorio.<\/span><\/p><p><span style=\"color: #000000;\">La articulaci\u00f3n con la C\u00e1mara de Comercio de Facatativ\u00e1 constituye as\u00ed un escenario estrat\u00e9gico para continuar desarrollando actividades de formaci\u00f3n, asesor\u00eda, transferencia de conocimiento y acompa\u00f1amiento empresarial, contribuyendo al fortalecimiento del ecosistema productivo regional.<\/span><\/p><p><span style=\"color: #000000;\">Con estas iniciativas, UNIAGRARIA reafirma su compromiso de ser una universidad cercana al territorio, que forma profesionales y, al mismo tiempo, acompa\u00f1a a quienes emprenden, producen y generan oportunidades para el desarrollo sostenible de la regi\u00f3n.<\/span><\/p>\t\t\t\t\t\t\t\t<\/div>\n\t\t\t\t<div class=\"elementor-element elementor-element-9ba8095 elementor-widget elementor-widget-heading\" data-id=\"9ba8095\" data-element_type=\"widget\" data-e-type=\"widget\" data-widget_type=\"heading.default\">\n\t\t\t\t\t<h5 class=\"elementor-heading-title elementor-size-default\">Galer\u00eda<\/h5>\t\t\t\t<\/div>\n\t\t\t\t<div class=\"elementor-element elementor-element-9888af3 elementor-widget elementor-widget-gallery\" data-id=\"9888af3\" data-element_type=\"widget\" data-e-type=\"widget\" data-settings=\"{&quot;gap&quot;:{&quot;unit&quot;:&quot;px&quot;,&quot;size&quot;:15,&quot;sizes&quot;:[]},&quot;columns&quot;:3,&quot;lazyload&quot;:&quot;yes&quot;,&quot;gallery_layout&quot;:&quot;grid&quot;,&quot;columns_tablet&quot;:2,&quot;columns_mobile&quot;:1,&quot;gap_tablet&quot;:{&quot;unit&quot;:&quot;px&quot;,&quot;size&quot;:10,&quot;sizes&quot;:[]},&quot;gap_mobile&quot;:{&quot;unit&quot;:&quot;px&quot;,&quot;size&quot;:10,&quot;sizes&quot;:[]},&quot;link_to&quot;:&quot;file&quot;,&quot;aspect_ratio&quot;:&quot;3:2&quot;,&quot;overlay_background&quot;:&quot;yes&quot;,&quot;content_hover_animation&quot;:&quot;fade-in&quot;}\" data-widget_type=\"gallery.default\">\n\t\t\t\t\t\t\t<div class=\"elementor-gallery__container\">\n\t\t\t\t\t\t\t<a class=\"e-gallery-item elementor-gallery-item elementor-animated-content\" href=\"https:\/\/uniagraria.edu.co\/wp-content\/uploads\/2026\/09\/Camara-comercio-Faca1.jpeg\" data-elementor-open-lightbox=\"yes\" data-elementor-lightbox-slideshow=\"9888af3\" data-elementor-lightbox-title=\"1\" data-e-action-hash=\"#elementor-action%3Aaction%3Dlightbox%26settings%3DeyJpZCI6OTA5NDksInVybCI6Imh0dHBzOlwvXC91bmlhZ3JhcmlhLmVkdS5jb1wvd3AtY29udGVudFwvdXBsb2Fkc1wvMjAyNlwvMDlcL0NhbWFyYS1jb21lcmNpby1GYWNhMS5qcGVnIiwic2xpZGVzaG93IjoiOTg4OGFmMyJ9\">\n\t\t\t\t\t<div class=\"e-gallery-image elementor-gallery-item__image\" data-thumbnail=\"https:\/\/uniagraria.edu.co\/wp-content\/uploads\/2026\/09\/Camara-comercio-Faca1-1024x768.jpeg\" data-width=\"1024\" data-height=\"768\" aria-label=\"\" role=\"img\" ><\/div>\n\t\t\t\t\t\t\t\t\t\t\t<div class=\"elementor-gallery-item__overlay\"><\/div>\n\t\t\t\t\t\t\t\t\t\t\t\t\t\t<\/a>\n\t\t\t\t\t\t\t<a class=\"e-gallery-item elementor-gallery-item elementor-animated-content\" href=\"https:\/\/uniagraria.edu.co\/wp-content\/uploads\/2026\/09\/Camara-comercio-Faca2.jpeg\" data-elementor-open-lightbox=\"yes\" data-elementor-lightbox-slideshow=\"9888af3\" data-elementor-lightbox-title=\"2\" data-e-action-hash=\"#elementor-action%3Aaction%3Dlightbox%26settings%3DeyJpZCI6OTA5NDgsInVybCI6Imh0dHBzOlwvXC91bmlhZ3JhcmlhLmVkdS5jb1wvd3AtY29udGVudFwvdXBsb2Fkc1wvMjAyNlwvMDlcL0NhbWFyYS1jb21lcmNpby1GYWNhMi5qcGVnIiwic2xpZGVzaG93IjoiOTg4OGFmMyJ9\">\n\t\t\t\t\t<div class=\"e-gallery-image elementor-gallery-item__image\" data-thumbnail=\"https:\/\/uniagraria.edu.co\/wp-content\/uploads\/2026\/09\/Camara-comercio-Faca2-1024x768.jpeg\" data-width=\"1024\" data-height=\"768\" aria-label=\"\" role=\"img\" ><\/div>\n\t\t\t\t\t\t\t\t\t\t\t<div class=\"elementor-gallery-item__overlay\"><\/div>\n\t\t\t\t\t\t\t\t\t\t\t\t\t\t<\/a>\n\t\t\t\t\t\t\t<a class=\"e-gallery-item elementor-gallery-item elementor-animated-content\" href=\"https:\/\/uniagraria.edu.co\/wp-content\/uploads\/2026\/09\/Camara-comercio-Faca3.jpeg\" data-elementor-open-lightbox=\"yes\" data-elementor-lightbox-slideshow=\"9888af3\" data-elementor-lightbox-title=\"3\" data-e-action-hash=\"#elementor-action%3Aaction%3Dlightbox%26settings%3DeyJpZCI6OTA5NDcsInVybCI6Imh0dHBzOlwvXC91bmlhZ3JhcmlhLmVkdS5jb1wvd3AtY29udGVudFwvdXBsb2Fkc1wvMjAyNlwvMDlcL0NhbWFyYS1jb21lcmNpby1GYWNhMy5qcGVnIiwic2xpZGVzaG93IjoiOTg4OGFmMyJ9\">\n\t\t\t\t\t<div class=\"e-gallery-image elementor-gallery-item__image\" data-thumbnail=\"https:\/\/uniagraria.edu.co\/wp-content\/uploads\/2026\/09\/Camara-comercio-Faca3-768x1024.jpeg\" data-width=\"768\" data-height=\"1024\" aria-label=\"\" role=\"img\" ><\/div>\n\t\t\t\t\t\t\t\t\t\t\t<div class=\"elementor-gallery-item__overlay\"><\/div>\n\t\t\t\t\t\t\t\t\t\t\t\t\t\t<\/a>\n\t\t\t\t\t\t\t<a class=\"e-gallery-item elementor-gallery-item elementor-animated-content\" href=\"https:\/\/uniagraria.edu.co\/wp-content\/uploads\/2026\/09\/Camara-comercio-Faca4.jpeg\" data-elementor-open-lightbox=\"yes\" data-elementor-lightbox-slideshow=\"9888af3\" data-elementor-lightbox-title=\"4\" data-e-action-hash=\"#elementor-action%3Aaction%3Dlightbox%26settings%3DeyJpZCI6OTA5NDYsInVybCI6Imh0dHBzOlwvXC91bmlhZ3JhcmlhLmVkdS5jb1wvd3AtY29udGVudFwvdXBsb2Fkc1wvMjAyNlwvMDlcL0NhbWFyYS1jb21lcmNpby1GYWNhNC5qcGVnIiwic2xpZGVzaG93IjoiOTg4OGFmMyJ9\">\n\t\t\t\t\t<div class=\"e-gallery-image elementor-gallery-item__image\" data-thumbnail=\"https:\/\/uniagraria.edu.co\/wp-content\/uploads\/2026\/09\/Camara-comercio-Faca4-1024x768.jpeg\" data-width=\"1024\" data-height=\"768\" aria-label=\"\" role=\"img\" ><\/div>\n\t\t\t\t\t\t\t\t\t\t\t<div class=\"elementor-gallery-item__overlay\"><\/div>\n\t\t\t\t\t\t\t\t\t\t\t\t\t\t<\/a>\n\t\t\t\t\t\t\t<a class=\"e-gallery-item elementor-gallery-item elementor-animated-content\" href=\"https:\/\/uniagraria.edu.co\/wp-content\/uploads\/2026\/09\/Camara-comercio-Faca5.jpeg\" data-elementor-open-lightbox=\"yes\" data-elementor-lightbox-slideshow=\"9888af3\" data-elementor-lightbox-title=\"5\" data-e-action-hash=\"#elementor-action%3Aaction%3Dlightbox%26settings%3DeyJpZCI6OTA5NDUsInVybCI6Imh0dHBzOlwvXC91bmlhZ3JhcmlhLmVkdS5jb1wvd3AtY29udGVudFwvdXBsb2Fkc1wvMjAyNlwvMDlcL0NhbWFyYS1jb21lcmNpby1GYWNhNS5qcGVnIiwic2xpZGVzaG93IjoiOTg4OGFmMyJ9\">\n\t\t\t\t\t<div class=\"e-gallery-image elementor-gallery-item__image\" data-thumbnail=\"https:\/\/uniagraria.edu.co\/wp-content\/uploads\/2026\/09\/Camara-comercio-Faca5-768x1024.jpeg\" data-width=\"768\" data-height=\"1024\" aria-label=\"\" role=\"img\" ><\/div>\n\t\t\t\t\t\t\t\t\t\t\t<div class=\"elementor-gallery-item__overlay\"><\/div>\n\t\t\t\t\t\t\t\t\t\t\t\t\t\t<\/a>\n\t\t\t\t\t\t\t<a class=\"e-gallery-item elementor-gallery-item elementor-animated-content\" href=\"https:\/\/uniagraria.edu.co\/wp-content\/uploads\/2026\/09\/Camara-comercio-Faca6.jpeg\" data-elementor-open-lightbox=\"yes\" data-elementor-lightbox-slideshow=\"9888af3\" data-elementor-lightbox-title=\"6\" data-e-action-hash=\"#elementor-action%3Aaction%3Dlightbox%26settings%3DeyJpZCI6OTA5NDQsInVybCI6Imh0dHBzOlwvXC91bmlhZ3JhcmlhLmVkdS5jb1wvd3AtY29udGVudFwvdXBsb2Fkc1wvMjAyNlwvMDlcL0NhbWFyYS1jb21lcmNpby1GYWNhNi5qcGVnIiwic2xpZGVzaG93IjoiOTg4OGFmMyJ9\">\n\t\t\t\t\t<div class=\"e-gallery-image elementor-gallery-item__image\" data-thumbnail=\"https:\/\/uniagraria.edu.co\/wp-content\/uploads\/2026\/09\/Camara-comercio-Faca6-1024x768.jpeg\" data-width=\"1024\" data-height=\"768\" aria-label=\"\" role=\"img\" ><\/div>\n\t\t\t\t\t\t\t\t\t\t\t<div class=\"elementor-gallery-item__overlay\"><\/div>\n\t\t\t\t\t\t\t\t\t\t\t\t\t\t<\/a>\n\t\t\t\t\t<\/div>\n\t\t\t\t\t<\/div>\n\t\t\t\t\t<\/div>\n\t\t\t\t<\/div>\n\t\t\t\t<\/div>\n\t\t","protected":false},"excerpt":{"rendered":"<p>Ingenier\u00eda de Alimentos acompa\u00f1a a emprendedores de la regi\u00f3n en el cumplimiento de requisitos sanitarios y fortalece su compromiso con el desarrollo empresarial del territorio. En el marco del proceso de fortalecimiento de los v\u00ednculos institucionales con la C\u00e1mara de Comercio de Facatativ\u00e1, la Fundaci\u00f3n Universitaria Agraria de Colombia \u2013 UNIAGRARIA, a trav\u00e9s de su [&hellip;]<\/p>\n","protected":false},"author":18,"featured_media":90949,"comment_status":"closed","ping_status":"open","sticky":false,"template":"","format":"standard","meta":{"_acf_changed":false,"site-sidebar-layout":"default","site-content-layout":"","ast-site-content-layout":"default","site-content-style":"default","site-sidebar-style":"default","ast-global-header-display":"","ast-banner-title-visibility":"","ast-main-header-display":"","ast-hfb-above-header-display":"","ast-hfb-below-header-display":"","ast-hfb-mobile-header-display":"","site-post-title":"","ast-breadcrumbs-content":"","ast-featured-img":"","footer-sml-layout":"","ast-disable-related-posts":"","theme-transparent-header-meta":"default","adv-header-id-meta":"","stick-header-meta":"","header-above-stick-meta":"","header-main-stick-meta":"","header-below-stick-meta":"","astra-migrate-meta-layouts":"set","ast-page-background-enabled":"default","ast-page-background-meta":{"desktop":{"background-color":"var(--ast-global-color-4)","background-image":"","background-repeat":"repeat","background-position":"center center","background-size":"auto","background-attachment":"scroll","background-type":"","background-media":"","overlay-type":"","overlay-color":"","overlay-opacity":"","overlay-gradient":""},"tablet":{"background-color":"","background-image":"","background-repeat":"repeat","background-position":"center center","background-size":"auto","background-attachment":"scroll","background-type":"","background-media":"","overlay-type":"","overlay-color":"","overlay-opacity":"","overlay-gradient":""},"mobile":{"background-color":"","background-image":"","background-repeat":"repeat","background-position":"center center","background-size":"auto","background-attachment":"scroll","background-type":"","background-media":"","overlay-type":"","overlay-color":"","overlay-opacity":"","overlay-gradient":""}},"ast-content-background-meta":{"desktop":{"background-color":"var(--ast-global-color-5)","background-image":"","background-repeat":"repeat","background-position":"center center","background-size":"auto","background-attachment":"scroll","background-type":"","background-media":"","overlay-type":"","overlay-color":"","overlay-opacity":"","overlay-gradient":""},"tablet":{"background-color":"var(--ast-global-color-5)","background-image":"","background-repeat":"repeat","background-position":"center center","background-size":"auto","background-attachment":"scroll","background-type":"","background-media":"","overlay-type":"","overlay-color":"","overlay-opacity":"","overlay-gradient":""},"mobile":{"background-color":"var(--ast-global-color-5)","background-image":"","background-repeat":"repeat","background-position":"center center","background-size":"auto","background-attachment":"scroll","background-type":"","background-media":"","overlay-type":"","overlay-color":"","overlay-opacity":"","overlay-gradient":""}},"footnotes":""},"categories":[35,137],"tags":[],"class_list":["post-90943","post","type-post","status-publish","format-standard","has-post-thumbnail","hentry","category-noticias","category-noticias-de-ingenieria-de-alimentos"],"acf":[],"yoast_head":"<!-- This site is optimized with the Yoast SEO plugin v28.4 - https:\/\/yoast.com\/product\/yoast-seo-wordpress\/ -->\n<title>UNIAGRARIA afianza su articulaci\u00f3n con la C\u00e1mara de Comercio de Facatativ\u00e1 para acompa\u00f1ar la formalizaci\u00f3n de emprendimientos alimentarios - UNIAGRARIA<\/title>\n<meta name=\"robots\" content=\"index, follow, max-snippet:-1, max-image-preview:large, max-video-preview:-1\" \/>\n<link rel=\"canonical\" href=\"https:\/\/uniagraria.edu.co\/es\/uniagraria-afianza-su-articulacion-con-la-camara-de-comercio-de-facatativa-para-acompanar-la-formalizacion-de-emprendimientos-alimentarios\/\" \/>\n<meta property=\"og:locale\" content=\"es_ES\" \/>\n<meta property=\"og:type\" content=\"article\" \/>\n<meta property=\"og:title\" content=\"UNIAGRARIA afianza su articulaci\u00f3n con la C\u00e1mara de Comercio de Facatativ\u00e1 para acompa\u00f1ar la formalizaci\u00f3n de emprendimientos alimentarios - UNIAGRARIA\" \/>\n<meta property=\"og:description\" content=\"Ingenier\u00eda de Alimentos acompa\u00f1a a emprendedores de la regi\u00f3n en el cumplimiento de requisitos sanitarios y fortalece su compromiso con el desarrollo empresarial del territorio. En el marco del proceso de fortalecimiento de los v\u00ednculos institucionales con la C\u00e1mara de Comercio de Facatativ\u00e1, la Fundaci\u00f3n Universitaria Agraria de Colombia \u2013 UNIAGRARIA, a trav\u00e9s de su [&hellip;]\" \/>\n<meta property=\"og:url\" content=\"https:\/\/uniagraria.edu.co\/es\/uniagraria-afianza-su-articulacion-con-la-camara-de-comercio-de-facatativa-para-acompanar-la-formalizacion-de-emprendimientos-alimentarios\/\" \/>\n<meta property=\"og:site_name\" content=\"UNIAGRARIA\" \/>\n<meta property=\"article:publisher\" content=\"https:\/\/www.facebook.com\/uagraria\/?locale=es_LA\" \/>\n<meta property=\"article:published_time\" content=\"2026-09-02T17:29:13+00:00\" \/>\n<meta property=\"article:modified_time\" content=\"2026-09-02T17:31:19+00:00\" \/>\n<meta property=\"og:image\" content=\"https:\/\/uniagraria.edu.co\/wp-content\/uploads\/2026\/09\/Camara-comercio-Faca1.jpeg\" \/>\n\t<meta property=\"og:image:width\" content=\"1600\" \/>\n\t<meta property=\"og:image:height\" content=\"1200\" \/>\n\t<meta property=\"og:image:type\" content=\"image\/jpeg\" \/>\n<meta name=\"author\" content=\"Comunicaciones UNIAGRARIA\" \/>\n<meta name=\"twitter:card\" content=\"summary_large_image\" \/>\n<meta name=\"twitter:creator\" content=\"@UNIAGRARIA\" \/>\n<meta name=\"twitter:site\" content=\"@UNIAGRARIA\" \/>\n<meta name=\"twitter:label1\" content=\"Escrito por\" \/>\n\t<meta name=\"twitter:data1\" content=\"Comunicaciones UNIAGRARIA\" \/>\n\t<meta name=\"twitter:label2\" content=\"Tiempo de lectura\" \/>\n\t<meta name=\"twitter:data2\" content=\"3 minutos\" \/>\n<script type=\"application\/ld+json\" class=\"yoast-schema-graph\">{\"@context\":\"https:\\\/\\\/schema.org\",\"@graph\":[{\"@type\":\"Article\",\"@id\":\"https:\\\/\\\/uniagraria.edu.co\\\/uniagraria-afianza-su-articulacion-con-la-camara-de-comercio-de-facatativa-para-acompanar-la-formalizacion-de-emprendimientos-alimentarios\\\/#article\",\"isPartOf\":{\"@id\":\"https:\\\/\\\/uniagraria.edu.co\\\/uniagraria-afianza-su-articulacion-con-la-camara-de-comercio-de-facatativa-para-acompanar-la-formalizacion-de-emprendimientos-alimentarios\\\/\"},\"author\":{\"name\":\"Comunicaciones UNIAGRARIA\",\"@id\":\"https:\\\/\\\/uniagraria.edu.co\\\/es\\\/#\\\/schema\\\/person\\\/984baff61d5afdf305d86cb15f4003df\"},\"headline\":\"UNIAGRARIA afianza su articulaci\u00f3n con la C\u00e1mara de Comercio de Facatativ\u00e1 para acompa\u00f1ar la formalizaci\u00f3n de emprendimientos alimentarios\",\"datePublished\":\"2026-09-02T17:29:13+00:00\",\"dateModified\":\"2026-09-02T17:31:19+00:00\",\"mainEntityOfPage\":{\"@id\":\"https:\\\/\\\/uniagraria.edu.co\\\/uniagraria-afianza-su-articulacion-con-la-camara-de-comercio-de-facatativa-para-acompanar-la-formalizacion-de-emprendimientos-alimentarios\\\/\"},\"wordCount\":611,\"publisher\":{\"@id\":\"https:\\\/\\\/uniagraria.edu.co\\\/es\\\/#organization\"},\"image\":{\"@id\":\"https:\\\/\\\/uniagraria.edu.co\\\/uniagraria-afianza-su-articulacion-con-la-camara-de-comercio-de-facatativa-para-acompanar-la-formalizacion-de-emprendimientos-alimentarios\\\/#primaryimage\"},\"thumbnailUrl\":\"https:\\\/\\\/uniagraria.edu.co\\\/wp-content\\\/uploads\\\/2026\\\/09\\\/Camara-comercio-Faca1.jpeg\",\"articleSection\":[\"Noticias\",\"Noticias de Ingenier\u00eda de Alimentos\"],\"inLanguage\":\"es-CO\"},{\"@type\":\"WebPage\",\"@id\":\"https:\\\/\\\/uniagraria.edu.co\\\/uniagraria-afianza-su-articulacion-con-la-camara-de-comercio-de-facatativa-para-acompanar-la-formalizacion-de-emprendimientos-alimentarios\\\/\",\"url\":\"https:\\\/\\\/uniagraria.edu.co\\\/uniagraria-afianza-su-articulacion-con-la-camara-de-comercio-de-facatativa-para-acompanar-la-formalizacion-de-emprendimientos-alimentarios\\\/\",\"name\":\"UNIAGRARIA afianza su articulaci\u00f3n con la C\u00e1mara de Comercio de Facatativ\u00e1 para acompa\u00f1ar la formalizaci\u00f3n de emprendimientos alimentarios - UNIAGRARIA\",\"isPartOf\":{\"@id\":\"https:\\\/\\\/uniagraria.edu.co\\\/es\\\/#website\"},\"primaryImageOfPage\":{\"@id\":\"https:\\\/\\\/uniagraria.edu.co\\\/uniagraria-afianza-su-articulacion-con-la-camara-de-comercio-de-facatativa-para-acompanar-la-formalizacion-de-emprendimientos-alimentarios\\\/#primaryimage\"},\"image\":{\"@id\":\"https:\\\/\\\/uniagraria.edu.co\\\/uniagraria-afianza-su-articulacion-con-la-camara-de-comercio-de-facatativa-para-acompanar-la-formalizacion-de-emprendimientos-alimentarios\\\/#primaryimage\"},\"thumbnailUrl\":\"https:\\\/\\\/uniagraria.edu.co\\\/wp-content\\\/uploads\\\/2026\\\/09\\\/Camara-comercio-Faca1.jpeg\",\"datePublished\":\"2026-09-02T17:29:13+00:00\",\"dateModified\":\"2026-09-02T17:31:19+00:00\",\"breadcrumb\":{\"@id\":\"https:\\\/\\\/uniagraria.edu.co\\\/uniagraria-afianza-su-articulacion-con-la-camara-de-comercio-de-facatativa-para-acompanar-la-formalizacion-de-emprendimientos-alimentarios\\\/#breadcrumb\"},\"inLanguage\":\"es-CO\",\"potentialAction\":[{\"@type\":\"ReadAction\",\"target\":[\"https:\\\/\\\/uniagraria.edu.co\\\/uniagraria-afianza-su-articulacion-con-la-camara-de-comercio-de-facatativa-para-acompanar-la-formalizacion-de-emprendimientos-alimentarios\\\/\"]}]},{\"@type\":\"ImageObject\",\"inLanguage\":\"es-CO\",\"@id\":\"https:\\\/\\\/uniagraria.edu.co\\\/uniagraria-afianza-su-articulacion-con-la-camara-de-comercio-de-facatativa-para-acompanar-la-formalizacion-de-emprendimientos-alimentarios\\\/#primaryimage\",\"url\":\"https:\\\/\\\/uniagraria.edu.co\\\/wp-content\\\/uploads\\\/2026\\\/09\\\/Camara-comercio-Faca1.jpeg\",\"contentUrl\":\"https:\\\/\\\/uniagraria.edu.co\\\/wp-content\\\/uploads\\\/2026\\\/09\\\/Camara-comercio-Faca1.jpeg\",\"width\":1600,\"height\":1200},{\"@type\":\"BreadcrumbList\",\"@id\":\"https:\\\/\\\/uniagraria.edu.co\\\/uniagraria-afianza-su-articulacion-con-la-camara-de-comercio-de-facatativa-para-acompanar-la-formalizacion-de-emprendimientos-alimentarios\\\/#breadcrumb\",\"itemListElement\":[{\"@type\":\"ListItem\",\"position\":1,\"name\":\"Inicio\",\"item\":\"https:\\\/\\\/uniagraria.edu.co\\\/\"},{\"@type\":\"ListItem\",\"position\":2,\"name\":\"Noticias\",\"item\":\"https:\\\/\\\/uniagraria.edu.co\\\/es\\\/category\\\/noticias\\\/\"},{\"@type\":\"ListItem\",\"position\":3,\"name\":\"UNIAGRARIA afianza su articulaci\u00f3n con la C\u00e1mara de Comercio de Facatativ\u00e1 para acompa\u00f1ar la formalizaci\u00f3n de emprendimientos alimentarios\"}]},{\"@type\":\"WebSite\",\"@id\":\"https:\\\/\\\/uniagraria.edu.co\\\/es\\\/#website\",\"url\":\"https:\\\/\\\/uniagraria.edu.co\\\/es\\\/\",\"name\":\"UNIAGRARIA\",\"description\":\"FUNDACION UNIVERSITARIA AGRARIA DE COLOMBIA\",\"publisher\":{\"@id\":\"https:\\\/\\\/uniagraria.edu.co\\\/es\\\/#organization\"},\"potentialAction\":[{\"@type\":\"SearchAction\",\"target\":{\"@type\":\"EntryPoint\",\"urlTemplate\":\"https:\\\/\\\/uniagraria.edu.co\\\/es\\\/?s={search_term_string}\"},\"query-input\":{\"@type\":\"PropertyValueSpecification\",\"valueRequired\":true,\"valueName\":\"search_term_string\"}}],\"inLanguage\":\"es-CO\"},{\"@type\":\"Organization\",\"@id\":\"https:\\\/\\\/uniagraria.edu.co\\\/es\\\/#organization\",\"name\":\"UNIAGRARIA\",\"url\":\"https:\\\/\\\/uniagraria.edu.co\\\/es\\\/\",\"logo\":{\"@type\":\"ImageObject\",\"inLanguage\":\"es-CO\",\"@id\":\"https:\\\/\\\/uniagraria.edu.co\\\/es\\\/#\\\/schema\\\/logo\\\/image\\\/\",\"url\":\"https:\\\/\\\/novawebmaster.com\\\/uniagraria\\\/wp-content\\\/uploads\\\/2025\\\/02\\\/LogoUa2023Vertical.png\",\"contentUrl\":\"https:\\\/\\\/novawebmaster.com\\\/uniagraria\\\/wp-content\\\/uploads\\\/2025\\\/02\\\/LogoUa2023Vertical.png\",\"width\":3300,\"height\":2550,\"caption\":\"UNIAGRARIA\"},\"image\":{\"@id\":\"https:\\\/\\\/uniagraria.edu.co\\\/es\\\/#\\\/schema\\\/logo\\\/image\\\/\"},\"sameAs\":[\"https:\\\/\\\/www.facebook.com\\\/uagraria\\\/?locale=es_LA\",\"https:\\\/\\\/x.com\\\/UNIAGRARIA\",\"https:\\\/\\\/www.instagram.com\\\/uniagraria\\\/profilecard\\\/?igsh=MXI2bTFlMWsxNzNjOA\",\"https:\\\/\\\/www.tiktok.com\\\/discover\\\/uniagraria?lang=es\",\"https:\\\/\\\/www.linkedin.com\\\/school\\\/uniagraria\\\/?originalSubdomain=co\",\"https:\\\/\\\/www.youtube.com\\\/user\\\/UniagrariaUverde?themeRefresh=1\",\"https:\\\/\\\/api.whatsapp.com\\\/send?phone=3134230649\"]},{\"@type\":\"Person\",\"@id\":\"https:\\\/\\\/uniagraria.edu.co\\\/es\\\/#\\\/schema\\\/person\\\/984baff61d5afdf305d86cb15f4003df\",\"name\":\"Comunicaciones UNIAGRARIA\",\"image\":{\"@type\":\"ImageObject\",\"inLanguage\":\"es-CO\",\"@id\":\"https:\\\/\\\/secure.gravatar.com\\\/avatar\\\/3c69f4f1e34bab3955e0d8fa0d59a1a3c3830637a1190d707a2d9e9e54240cbd?s=96&d=mm&r=g\",\"url\":\"https:\\\/\\\/secure.gravatar.com\\\/avatar\\\/3c69f4f1e34bab3955e0d8fa0d59a1a3c3830637a1190d707a2d9e9e54240cbd?s=96&d=mm&r=g\",\"contentUrl\":\"https:\\\/\\\/secure.gravatar.com\\\/avatar\\\/3c69f4f1e34bab3955e0d8fa0d59a1a3c3830637a1190d707a2d9e9e54240cbd?s=96&d=mm&r=g\",\"caption\":\"Comunicaciones UNIAGRARIA\"},\"url\":\"https:\\\/\\\/uniagraria.edu.co\\\/es\\\/author\\\/victor-webmaster\\\/\"}]}<\/script>\n<!-- \/ Yoast SEO plugin. -->","yoast_head_json":{"title":"UNIAGRARIA afianza su articulaci\u00f3n con la C\u00e1mara de Comercio de Facatativ\u00e1 para acompa\u00f1ar la formalizaci\u00f3n de emprendimientos alimentarios - UNIAGRARIA","robots":{"index":"index","follow":"follow","max-snippet":"max-snippet:-1","max-image-preview":"max-image-preview:large","max-video-preview":"max-video-preview:-1"},"canonical":"https:\/\/uniagraria.edu.co\/es\/uniagraria-afianza-su-articulacion-con-la-camara-de-comercio-de-facatativa-para-acompanar-la-formalizacion-de-emprendimientos-alimentarios\/","og_locale":"es_ES","og_type":"article","og_title":"UNIAGRARIA afianza su articulaci\u00f3n con la C\u00e1mara de Comercio de Facatativ\u00e1 para acompa\u00f1ar la formalizaci\u00f3n de emprendimientos alimentarios - UNIAGRARIA","og_description":"Ingenier\u00eda de Alimentos acompa\u00f1a a emprendedores de la regi\u00f3n en el cumplimiento de requisitos sanitarios y fortalece su compromiso con el desarrollo empresarial del territorio. En el marco del proceso de fortalecimiento de los v\u00ednculos institucionales con la C\u00e1mara de Comercio de Facatativ\u00e1, la Fundaci\u00f3n Universitaria Agraria de Colombia \u2013 UNIAGRARIA, a trav\u00e9s de su [&hellip;]","og_url":"https:\/\/uniagraria.edu.co\/es\/uniagraria-afianza-su-articulacion-con-la-camara-de-comercio-de-facatativa-para-acompanar-la-formalizacion-de-emprendimientos-alimentarios\/","og_site_name":"UNIAGRARIA","article_publisher":"https:\/\/www.facebook.com\/uagraria\/?locale=es_LA","article_published_time":"2026-09-02T17:29:13+00:00","article_modified_time":"2026-09-02T17:31:19+00:00","og_image":[{"width":1600,"height":1200,"url":"https:\/\/uniagraria.edu.co\/wp-content\/uploads\/2026\/09\/Camara-comercio-Faca1.jpeg","type":"image\/jpeg"}],"author":"Comunicaciones UNIAGRARIA","twitter_card":"summary_large_image","twitter_creator":"@UNIAGRARIA","twitter_site":"@UNIAGRARIA","twitter_misc":{"Escrito por":"Comunicaciones UNIAGRARIA","Tiempo de lectura":"3 minutos"},"schema":{"@context":"https:\/\/schema.org","@graph":[{"@type":"Article","@id":"https:\/\/uniagraria.edu.co\/uniagraria-afianza-su-articulacion-con-la-camara-de-comercio-de-facatativa-para-acompanar-la-formalizacion-de-emprendimientos-alimentarios\/#article","isPartOf":{"@id":"https:\/\/uniagraria.edu.co\/uniagraria-afianza-su-articulacion-con-la-camara-de-comercio-de-facatativa-para-acompanar-la-formalizacion-de-emprendimientos-alimentarios\/"},"author":{"name":"Comunicaciones UNIAGRARIA","@id":"https:\/\/uniagraria.edu.co\/es\/#\/schema\/person\/984baff61d5afdf305d86cb15f4003df"},"headline":"UNIAGRARIA afianza su articulaci\u00f3n con la C\u00e1mara de Comercio de Facatativ\u00e1 para acompa\u00f1ar la formalizaci\u00f3n de emprendimientos alimentarios","datePublished":"2026-09-02T17:29:13+00:00","dateModified":"2026-09-02T17:31:19+00:00","mainEntityOfPage":{"@id":"https:\/\/uniagraria.edu.co\/uniagraria-afianza-su-articulacion-con-la-camara-de-comercio-de-facatativa-para-acompanar-la-formalizacion-de-emprendimientos-alimentarios\/"},"wordCount":611,"publisher":{"@id":"https:\/\/uniagraria.edu.co\/es\/#organization"},"image":{"@id":"https:\/\/uniagraria.edu.co\/uniagraria-afianza-su-articulacion-con-la-camara-de-comercio-de-facatativa-para-acompanar-la-formalizacion-de-emprendimientos-alimentarios\/#primaryimage"},"thumbnailUrl":"https:\/\/uniagraria.edu.co\/wp-content\/uploads\/2026\/09\/Camara-comercio-Faca1.jpeg","articleSection":["Noticias","Noticias de Ingenier\u00eda de Alimentos"],"inLanguage":"es-CO"},{"@type":"WebPage","@id":"https:\/\/uniagraria.edu.co\/uniagraria-afianza-su-articulacion-con-la-camara-de-comercio-de-facatativa-para-acompanar-la-formalizacion-de-emprendimientos-alimentarios\/","url":"https:\/\/uniagraria.edu.co\/uniagraria-afianza-su-articulacion-con-la-camara-de-comercio-de-facatativa-para-acompanar-la-formalizacion-de-emprendimientos-alimentarios\/","name":"UNIAGRARIA afianza su articulaci\u00f3n con la C\u00e1mara de Comercio de Facatativ\u00e1 para acompa\u00f1ar la formalizaci\u00f3n de emprendimientos alimentarios - UNIAGRARIA","isPartOf":{"@id":"https:\/\/uniagraria.edu.co\/es\/#website"},"primaryImageOfPage":{"@id":"https:\/\/uniagraria.edu.co\/uniagraria-afianza-su-articulacion-con-la-camara-de-comercio-de-facatativa-para-acompanar-la-formalizacion-de-emprendimientos-alimentarios\/#primaryimage"},"image":{"@id":"https:\/\/uniagraria.edu.co\/uniagraria-afianza-su-articulacion-con-la-camara-de-comercio-de-facatativa-para-acompanar-la-formalizacion-de-emprendimientos-alimentarios\/#primaryimage"},"thumbnailUrl":"https:\/\/uniagraria.edu.co\/wp-content\/uploads\/2026\/09\/Camara-comercio-Faca1.jpeg","datePublished":"2026-09-02T17:29:13+00:00","dateModified":"2026-09-02T17:31:19+00:00","breadcrumb":{"@id":"https:\/\/uniagraria.edu.co\/uniagraria-afianza-su-articulacion-con-la-camara-de-comercio-de-facatativa-para-acompanar-la-formalizacion-de-emprendimientos-alimentarios\/#breadcrumb"},"inLanguage":"es-CO","potentialAction":[{"@type":"ReadAction","target":["https:\/\/uniagraria.edu.co\/uniagraria-afianza-su-articulacion-con-la-camara-de-comercio-de-facatativa-para-acompanar-la-formalizacion-de-emprendimientos-alimentarios\/"]}]},{"@type":"ImageObject","inLanguage":"es-CO","@id":"https:\/\/uniagraria.edu.co\/uniagraria-afianza-su-articulacion-con-la-camara-de-comercio-de-facatativa-para-acompanar-la-formalizacion-de-emprendimientos-alimentarios\/#primaryimage","url":"https:\/\/uniagraria.edu.co\/wp-content\/uploads\/2026\/09\/Camara-comercio-Faca1.jpeg","contentUrl":"https:\/\/uniagraria.edu.co\/wp-content\/uploads\/2026\/09\/Camara-comercio-Faca1.jpeg","width":1600,"height":1200},{"@type":"BreadcrumbList","@id":"https:\/\/uniagraria.edu.co\/uniagraria-afianza-su-articulacion-con-la-camara-de-comercio-de-facatativa-para-acompanar-la-formalizacion-de-emprendimientos-alimentarios\/#breadcrumb","itemListElement":[{"@type":"ListItem","position":1,"name":"Inicio","item":"https:\/\/uniagraria.edu.co\/"},{"@type":"ListItem","position":2,"name":"Noticias","item":"https:\/\/uniagraria.edu.co\/es\/category\/noticias\/"},{"@type":"ListItem","position":3,"name":"UNIAGRARIA afianza su articulaci\u00f3n con la C\u00e1mara de Comercio de Facatativ\u00e1 para acompa\u00f1ar la formalizaci\u00f3n de emprendimientos alimentarios"}]},{"@type":"WebSite","@id":"https:\/\/uniagraria.edu.co\/es\/#website","url":"https:\/\/uniagraria.edu.co\/es\/","name":"UNIAGRARIA","description":"FUNDACION UNIVERSITARIA AGRARIA DE COLOMBIA","publisher":{"@id":"https:\/\/uniagraria.edu.co\/es\/#organization"},"potentialAction":[{"@type":"SearchAction","target":{"@type":"EntryPoint","urlTemplate":"https:\/\/uniagraria.edu.co\/es\/?s={search_term_string}"},"query-input":{"@type":"PropertyValueSpecification","valueRequired":true,"valueName":"search_term_string"}}],"inLanguage":"es-CO"},{"@type":"Organization","@id":"https:\/\/uniagraria.edu.co\/es\/#organization","name":"UNIAGRARIA","url":"https:\/\/uniagraria.edu.co\/es\/","logo":{"@type":"ImageObject","inLanguage":"es-CO","@id":"https:\/\/uniagraria.edu.co\/es\/#\/schema\/logo\/image\/","url":"https:\/\/novawebmaster.com\/uniagraria\/wp-content\/uploads\/2025\/02\/LogoUa2023Vertical.png","contentUrl":"https:\/\/novawebmaster.com\/uniagraria\/wp-content\/uploads\/2025\/02\/LogoUa2023Vertical.png","width":3300,"height":2550,"caption":"UNIAGRARIA"},"image":{"@id":"https:\/\/uniagraria.edu.co\/es\/#\/schema\/logo\/image\/"},"sameAs":["https:\/\/www.facebook.com\/uagraria\/?locale=es_LA","https:\/\/x.com\/UNIAGRARIA","https:\/\/www.instagram.com\/uniagraria\/profilecard\/?igsh=MXI2bTFlMWsxNzNjOA","https:\/\/www.tiktok.com\/discover\/uniagraria?lang=es","https:\/\/www.linkedin.com\/school\/uniagraria\/?originalSubdomain=co","https:\/\/www.youtube.com\/user\/UniagrariaUverde?themeRefresh=1","https:\/\/api.whatsapp.com\/send?phone=3134230649"]},{"@type":"Person","@id":"https:\/\/uniagraria.edu.co\/es\/#\/schema\/person\/984baff61d5afdf305d86cb15f4003df","name":"Comunicaciones UNIAGRARIA","image":{"@type":"ImageObject","inLanguage":"es-CO","@id":"https:\/\/secure.gravatar.com\/avatar\/3c69f4f1e34bab3955e0d8fa0d59a1a3c3830637a1190d707a2d9e9e54240cbd?s=96&d=mm&r=g","url":"https:\/\/secure.gravatar.com\/avatar\/3c69f4f1e34bab3955e0d8fa0d59a1a3c3830637a1190d707a2d9e9e54240cbd?s=96&d=mm&r=g","contentUrl":"https:\/\/secure.gravatar.com\/avatar\/3c69f4f1e34bab3955e0d8fa0d59a1a3c3830637a1190d707a2d9e9e54240cbd?s=96&d=mm&r=g","caption":"Comunicaciones UNIAGRARIA"},"url":"https:\/\/uniagraria.edu.co\/es\/author\/victor-webmaster\/"}]}},"_links":{"self":[{"href":"https:\/\/uniagraria.edu.co\/es\/wp-json\/wp\/v2\/posts\/90943","targetHints":{"allow":["GET"]}}],"collection":[{"href":"https:\/\/uniagraria.edu.co\/es\/wp-json\/wp\/v2\/posts"}],"about":[{"href":"https:\/\/uniagraria.edu.co\/es\/wp-json\/wp\/v2\/types\/post"}],"author":[{"embeddable":true,"href":"https:\/\/uniagraria.edu.co\/es\/wp-json\/wp\/v2\/users\/18"}],"replies":[{"embeddable":true,"href":"https:\/\/uniagraria.edu.co\/es\/wp-json\/wp\/v2\/comments?post=90943"}],"version-history":[{"count":7,"href":"https:\/\/uniagraria.edu.co\/es\/wp-json\/wp\/v2\/posts\/90943\/revisions"}],"predecessor-version":[{"id":90956,"href":"https:\/\/uniagraria.edu.co\/es\/wp-json\/wp\/v2\/posts\/90943\/revisions\/90956"}],"wp:featuredmedia":[{"embeddable":true,"href":"https:\/\/uniagraria.edu.co\/es\/wp-json\/wp\/v2\/media\/90949"}],"wp:attachment":[{"href":"https:\/\/uniagraria.edu.co\/es\/wp-json\/wp\/v2\/media?parent=90943"}],"wp:term":[{"taxonomy":"category","embeddable":true,"href":"https:\/\/uniagraria.edu.co\/es\/wp-json\/wp\/v2\/categories?post=90943"},{"taxonomy":"post_tag","embeddable":true,"href":"https:\/\/uniagraria.edu.co\/es\/wp-json\/wp\/v2\/tags?post=90943"}],"curies":[{"name":"wp","href":"https:\/\/api.w.org\/{rel}","templated":true}]}}