{"id":91002,"date":"2026-09-03T15:10:53","date_gmt":"2026-09-03T20:10:53","guid":{"rendered":"https:\/\/uniagraria.edu.co\/?p=91002"},"modified":"2026-09-03T15:32:31","modified_gmt":"2026-09-03T20:32:31","slug":"uniagraria-amplia-sus-oportunidades-de-internacionalizacion-academica-con-la-camara-colombo-panamena","status":"publish","type":"post","link":"https:\/\/uniagraria.edu.co\/es\/uniagraria-amplia-sus-oportunidades-de-internacionalizacion-academica-con-la-camara-colombo-panamena\/","title":{"rendered":"UNIAGRARIA ampl\u00eda sus oportunidades de internacionalizaci\u00f3n acad\u00e9mica con la C\u00e1mara Colombo Paname\u00f1a"},"content":{"rendered":"\t\t<div data-elementor-type=\"wp-post\" data-elementor-id=\"91002\" class=\"elementor elementor-91002\" data-elementor-post-type=\"post\">\n\t\t\t\t<div class=\"elementor-element elementor-element-6efdb4f e-flex e-con-boxed e-con e-parent\" data-id=\"6efdb4f\" data-element_type=\"container\" data-e-type=\"container\">\n\t\t\t\t\t<div class=\"e-con-inner\">\n\t\t\t\t<div class=\"elementor-element elementor-element-ab345bb elementor-widget elementor-widget-text-editor\" data-id=\"ab345bb\" data-element_type=\"widget\" data-e-type=\"widget\" data-widget_type=\"text-editor.default\">\n\t\t\t\t\t\t\t\t\t<p><span style=\"color: #000000;\">La alianza en curso permitir\u00e1 ampliar las oportunidades de formaci\u00f3n, movilidad y proyecci\u00f3n internacional para estudiantes y docentes de la Instituci\u00f3n.<\/span><\/p><p><span style=\"color: #000000;\">UNIAGRARIA, la U Verde de Colombia, contin\u00faa consolidando estrategias que conectan a su comunidad acad\u00e9mica con nuevas oportunidades de formaci\u00f3n y desarrollo profesional en escenarios internacionales. En esta l\u00ednea, la Instituci\u00f3n avanza en una alianza estrat\u00e9gica con la C\u00e1mara Colombo Paname\u00f1a, orientada a fortalecer la internacionalizaci\u00f3n acad\u00e9mica y generar nuevos espacios de articulaci\u00f3n con el sector empresarial de Panam\u00e1 y Centroam\u00e9rica.<\/span><\/p><p><span style=\"color: #000000;\">Esta iniciativa es posible gracias al trabajo articulado entre las direcciones de los programas de Administraci\u00f3n de Empresas, Contadur\u00eda P\u00fablica e Ingenier\u00eda Industrial, junto con la Oficina de Relaciones Internacionales (ORI) de UNIAGRARIA, que unen esfuerzos para brindar a estudiantes y docentes experiencias que contribuyan a ampliar su visi\u00f3n profesional y fortalecer sus competencias en contextos globales.<\/span><\/p><p><span style=\"color: #000000;\"><b>M\u00e1s oportunidades para una formaci\u00f3n sin fronteras<\/b><\/span><\/p><p><span style=\"color: #000000;\">La alianza contempla el desarrollo de diferentes iniciativas de cooperaci\u00f3n acad\u00e9mica y empresarial, entre las que se destacan:<\/span><\/p><p><span style=\"color: #000000;\">\u2022\u2060 \u2060Pasant\u00edas y pr\u00e1cticas acad\u00e9micas internacionales, que permitir\u00e1n a los estudiantes adquirir experiencia en contextos profesionales diferentes al nacional.<\/span><br \/><span style=\"color: #000000;\">\u2022\u2060 \u2060Misiones acad\u00e9micas y empresariales hacia Panam\u00e1 y otros destinos de Centroam\u00e9rica, como espacios de acercamiento a nuevas realidades econ\u00f3micas y empresariales.<\/span><br \/><span style=\"color: #000000;\">\u2022\u2060 \u2060Seminarios, talleres y capacitaciones especializadas , con la participaci\u00f3n de expertos y actores del sector productivo.<\/span><br \/><span style=\"color: #000000;\">\u2022\u2060 \u2060Proyectos conjuntos, consultor\u00edas y asesor\u00edas t\u00e9cnicas, orientados a la aplicaci\u00f3n pr\u00e1ctica del conocimiento y al fortalecimiento de los v\u00ednculos entre academia y empresa.<\/span><br \/><span style=\"color: #000000;\">\u2022\u2060 \u2060Intercambio de experiencias en docencia y formaci\u00f3n continua, promoviendo la cooperaci\u00f3n y el aprendizaje entre docentes, estudiantes y organizaciones.<\/span><\/p><p><span style=\"color: #000000;\">De esta manera, UNIAGRARIA contin\u00faa trabajando para que la internacionalizaci\u00f3n sea una experiencia cercana y significativa para su comunidad, conectando el conocimiento acad\u00e9mico con las din\u00e1micas empresariales y profesionales de otros pa\u00edses.<\/span><\/p><p><span style=\"color: #000000;\"><b>Panam\u00e1, una nueva ventana para el talento UNIAGRARISTA<\/b><\/span><\/p><p><span style=\"color: #000000;\">Esta articulaci\u00f3n con la C\u00e1mara Colombo Paname\u00f1a representa una oportunidad para que los estudiantes de los programas participantes conozcan nuevos mercados, culturas y modelos empresariales, al tiempo que desarrollan habilidades interculturales y profesionales cada vez m\u00e1s necesarias en un mundo globalizado.<\/span><\/p><p><span style=\"color: #000000;\">Para UNIAGRARIA, fortalecer estos v\u00ednculos significa seguir construyendo una educaci\u00f3n con perspectiva internacional, en la que el talento, el conocimiento y la capacidad de innovaci\u00f3n de sus estudiantes puedan trascender fronteras.<\/span><\/p><p><span style=\"color: #000000;\">La Instituci\u00f3n invita a los estudiantes y docentes interesados en participar en estas iniciativas a acercarse a la Oficina de Relaciones Internacionales (ORI) o consultar con la direcci\u00f3n de su programa para conocer las oportunidades, requisitos y pr\u00f3ximas actividades.<\/span><\/p><p><span style=\"color: #000000;\">\u00a1El mundo est\u00e1 esperando por el talento UNIAGRARISTA!<\/span><\/p>\t\t\t\t\t\t\t\t<\/div>\n\t\t\t\t<div class=\"elementor-element elementor-element-71bb3a9 elementor-widget elementor-widget-heading\" data-id=\"71bb3a9\" data-element_type=\"widget\" data-e-type=\"widget\" data-widget_type=\"heading.default\">\n\t\t\t\t\t<h5 class=\"elementor-heading-title elementor-size-default\">Galer\u00eda<\/h5>\t\t\t\t<\/div>\n\t\t\t\t<div class=\"elementor-element elementor-element-89e5391 elementor-widget elementor-widget-gallery\" data-id=\"89e5391\" data-element_type=\"widget\" data-e-type=\"widget\" data-settings=\"{&quot;gap&quot;:{&quot;unit&quot;:&quot;px&quot;,&quot;size&quot;:15,&quot;sizes&quot;:[]},&quot;columns&quot;:3,&quot;lazyload&quot;:&quot;yes&quot;,&quot;gallery_layout&quot;:&quot;grid&quot;,&quot;columns_tablet&quot;:2,&quot;columns_mobile&quot;:1,&quot;gap_tablet&quot;:{&quot;unit&quot;:&quot;px&quot;,&quot;size&quot;:10,&quot;sizes&quot;:[]},&quot;gap_mobile&quot;:{&quot;unit&quot;:&quot;px&quot;,&quot;size&quot;:10,&quot;sizes&quot;:[]},&quot;link_to&quot;:&quot;file&quot;,&quot;aspect_ratio&quot;:&quot;3:2&quot;,&quot;overlay_background&quot;:&quot;yes&quot;,&quot;content_hover_animation&quot;:&quot;fade-in&quot;}\" data-widget_type=\"gallery.default\">\n\t\t\t\t\t\t\t<div class=\"elementor-gallery__container\">\n\t\t\t\t\t\t\t<a class=\"e-gallery-item elementor-gallery-item elementor-animated-content\" href=\"https:\/\/uniagraria.edu.co\/wp-content\/uploads\/2026\/09\/Camara-Colombo-Panamena-1.jpeg\" data-elementor-open-lightbox=\"yes\" data-elementor-lightbox-slideshow=\"89e5391\" data-elementor-lightbox-title=\"1\" data-e-action-hash=\"#elementor-action%3Aaction%3Dlightbox%26settings%3DeyJpZCI6OTEwMDUsInVybCI6Imh0dHBzOlwvXC91bmlhZ3JhcmlhLmVkdS5jb1wvd3AtY29udGVudFwvdXBsb2Fkc1wvMjAyNlwvMDlcL0NhbWFyYS1Db2xvbWJvLVBhbmFtZW5hLTEuanBlZyIsInNsaWRlc2hvdyI6Ijg5ZTUzOTEifQ%3D%3D\">\n\t\t\t\t\t<div class=\"e-gallery-image elementor-gallery-item__image\" data-thumbnail=\"https:\/\/uniagraria.edu.co\/wp-content\/uploads\/2026\/09\/Camara-Colombo-Panamena-1-1024x768.jpeg\" data-width=\"1024\" data-height=\"768\" aria-label=\"\" role=\"img\" ><\/div>\n\t\t\t\t\t\t\t\t\t\t\t<div class=\"elementor-gallery-item__overlay\"><\/div>\n\t\t\t\t\t\t\t\t\t\t\t\t\t\t<\/a>\n\t\t\t\t\t\t\t<a class=\"e-gallery-item elementor-gallery-item elementor-animated-content\" href=\"https:\/\/uniagraria.edu.co\/wp-content\/uploads\/2026\/09\/Camara-Colombo-Panamena-2.jpeg\" data-elementor-open-lightbox=\"yes\" data-elementor-lightbox-slideshow=\"89e5391\" data-elementor-lightbox-title=\"2\" data-e-action-hash=\"#elementor-action%3Aaction%3Dlightbox%26settings%3DeyJpZCI6OTEwMDQsInVybCI6Imh0dHBzOlwvXC91bmlhZ3JhcmlhLmVkdS5jb1wvd3AtY29udGVudFwvdXBsb2Fkc1wvMjAyNlwvMDlcL0NhbWFyYS1Db2xvbWJvLVBhbmFtZW5hLTIuanBlZyIsInNsaWRlc2hvdyI6Ijg5ZTUzOTEifQ%3D%3D\">\n\t\t\t\t\t<div class=\"e-gallery-image elementor-gallery-item__image\" data-thumbnail=\"https:\/\/uniagraria.edu.co\/wp-content\/uploads\/2026\/09\/Camara-Colombo-Panamena-2-1024x768.jpeg\" data-width=\"1024\" data-height=\"768\" aria-label=\"\" role=\"img\" ><\/div>\n\t\t\t\t\t\t\t\t\t\t\t<div class=\"elementor-gallery-item__overlay\"><\/div>\n\t\t\t\t\t\t\t\t\t\t\t\t\t\t<\/a>\n\t\t\t\t\t\t\t<a class=\"e-gallery-item elementor-gallery-item elementor-animated-content\" href=\"https:\/\/uniagraria.edu.co\/wp-content\/uploads\/2026\/09\/Camara-Colombo-Panamena-3.jpeg\" data-elementor-open-lightbox=\"yes\" data-elementor-lightbox-slideshow=\"89e5391\" data-elementor-lightbox-title=\"3\" data-e-action-hash=\"#elementor-action%3Aaction%3Dlightbox%26settings%3DeyJpZCI6OTEwMDMsInVybCI6Imh0dHBzOlwvXC91bmlhZ3JhcmlhLmVkdS5jb1wvd3AtY29udGVudFwvdXBsb2Fkc1wvMjAyNlwvMDlcL0NhbWFyYS1Db2xvbWJvLVBhbmFtZW5hLTMuanBlZyIsInNsaWRlc2hvdyI6Ijg5ZTUzOTEifQ%3D%3D\">\n\t\t\t\t\t<div class=\"e-gallery-image elementor-gallery-item__image\" data-thumbnail=\"https:\/\/uniagraria.edu.co\/wp-content\/uploads\/2026\/09\/Camara-Colombo-Panamena-3-1024x768.jpeg\" data-width=\"1024\" data-height=\"768\" aria-label=\"\" role=\"img\" ><\/div>\n\t\t\t\t\t\t\t\t\t\t\t<div class=\"elementor-gallery-item__overlay\"><\/div>\n\t\t\t\t\t\t\t\t\t\t\t\t\t\t<\/a>\n\t\t\t\t\t<\/div>\n\t\t\t\t\t<\/div>\n\t\t\t\t\t<\/div>\n\t\t\t\t<\/div>\n\t\t\t\t<\/div>\n\t\t","protected":false},"excerpt":{"rendered":"<p>La alianza en curso permitir\u00e1 ampliar las oportunidades de formaci\u00f3n, movilidad y proyecci\u00f3n internacional para estudiantes y docentes de la Instituci\u00f3n. UNIAGRARIA, la U Verde de Colombia, contin\u00faa consolidando estrategias que conectan a su comunidad acad\u00e9mica con nuevas oportunidades de formaci\u00f3n y desarrollo profesional en escenarios internacionales. En esta l\u00ednea, la Instituci\u00f3n avanza en una [&hellip;]<\/p>\n","protected":false},"author":18,"featured_media":91005,"comment_status":"closed","ping_status":"open","sticky":false,"template":"","format":"standard","meta":{"_acf_changed":false,"site-sidebar-layout":"default","site-content-layout":"","ast-site-content-layout":"default","site-content-style":"default","site-sidebar-style":"default","ast-global-header-display":"","ast-banner-title-visibility":"","ast-main-header-display":"","ast-hfb-above-header-display":"","ast-hfb-below-header-display":"","ast-hfb-mobile-header-display":"","site-post-title":"","ast-breadcrumbs-content":"","ast-featured-img":"","footer-sml-layout":"","ast-disable-related-posts":"","theme-transparent-header-meta":"default","adv-header-id-meta":"","stick-header-meta":"","header-above-stick-meta":"","header-main-stick-meta":"","header-below-stick-meta":"","astra-migrate-meta-layouts":"set","ast-page-background-enabled":"default","ast-page-background-meta":{"desktop":{"background-color":"var(--ast-global-color-4)","background-image":"","background-repeat":"repeat","background-position":"center center","background-size":"auto","background-attachment":"scroll","background-type":"","background-media":"","overlay-type":"","overlay-color":"","overlay-opacity":"","overlay-gradient":""},"tablet":{"background-color":"","background-image":"","background-repeat":"repeat","background-position":"center center","background-size":"auto","background-attachment":"scroll","background-type":"","background-media":"","overlay-type":"","overlay-color":"","overlay-opacity":"","overlay-gradient":""},"mobile":{"background-color":"","background-image":"","background-repeat":"repeat","background-position":"center center","background-size":"auto","background-attachment":"scroll","background-type":"","background-media":"","overlay-type":"","overlay-color":"","overlay-opacity":"","overlay-gradient":""}},"ast-content-background-meta":{"desktop":{"background-color":"var(--ast-global-color-5)","background-image":"","background-repeat":"repeat","background-position":"center center","background-size":"auto","background-attachment":"scroll","background-type":"","background-media":"","overlay-type":"","overlay-color":"","overlay-opacity":"","overlay-gradient":""},"tablet":{"background-color":"var(--ast-global-color-5)","background-image":"","background-repeat":"repeat","background-position":"center center","background-size":"auto","background-attachment":"scroll","background-type":"","background-media":"","overlay-type":"","overlay-color":"","overlay-opacity":"","overlay-gradient":""},"mobile":{"background-color":"var(--ast-global-color-5)","background-image":"","background-repeat":"repeat","background-position":"center center","background-size":"auto","background-attachment":"scroll","background-type":"","background-media":"","overlay-type":"","overlay-color":"","overlay-opacity":"","overlay-gradient":""}},"footnotes":""},"categories":[35],"tags":[],"class_list":["post-91002","post","type-post","status-publish","format-standard","has-post-thumbnail","hentry","category-noticias"],"acf":[],"yoast_head":"<!-- This site is optimized with the Yoast SEO plugin v28.4 - https:\/\/yoast.com\/product\/yoast-seo-wordpress\/ -->\n<title>UNIAGRARIA ampl\u00eda sus oportunidades de internacionalizaci\u00f3n acad\u00e9mica con la C\u00e1mara Colombo Paname\u00f1a - UNIAGRARIA<\/title>\n<meta name=\"robots\" content=\"index, follow, max-snippet:-1, max-image-preview:large, max-video-preview:-1\" \/>\n<link rel=\"canonical\" href=\"https:\/\/uniagraria.edu.co\/es\/uniagraria-amplia-sus-oportunidades-de-internacionalizacion-academica-con-la-camara-colombo-panamena\/\" \/>\n<meta property=\"og:locale\" content=\"es_ES\" \/>\n<meta property=\"og:type\" content=\"article\" \/>\n<meta property=\"og:title\" content=\"UNIAGRARIA ampl\u00eda sus oportunidades de internacionalizaci\u00f3n acad\u00e9mica con la C\u00e1mara Colombo Paname\u00f1a - UNIAGRARIA\" \/>\n<meta property=\"og:description\" content=\"La alianza en curso permitir\u00e1 ampliar las oportunidades de formaci\u00f3n, movilidad y proyecci\u00f3n internacional para estudiantes y docentes de la Instituci\u00f3n. UNIAGRARIA, la U Verde de Colombia, contin\u00faa consolidando estrategias que conectan a su comunidad acad\u00e9mica con nuevas oportunidades de formaci\u00f3n y desarrollo profesional en escenarios internacionales. En esta l\u00ednea, la Instituci\u00f3n avanza en una [&hellip;]\" \/>\n<meta property=\"og:url\" content=\"https:\/\/uniagraria.edu.co\/es\/uniagraria-amplia-sus-oportunidades-de-internacionalizacion-academica-con-la-camara-colombo-panamena\/\" \/>\n<meta property=\"og:site_name\" content=\"UNIAGRARIA\" \/>\n<meta property=\"article:publisher\" content=\"https:\/\/www.facebook.com\/uagraria\/?locale=es_LA\" \/>\n<meta property=\"article:published_time\" content=\"2026-09-03T20:10:53+00:00\" \/>\n<meta property=\"article:modified_time\" content=\"2026-09-03T20:32:31+00:00\" \/>\n<meta property=\"og:image\" content=\"https:\/\/uniagraria.edu.co\/wp-content\/uploads\/2026\/09\/Camara-Colombo-Panamena-1.jpeg\" \/>\n\t<meta property=\"og:image:width\" content=\"1600\" \/>\n\t<meta property=\"og:image:height\" content=\"1200\" \/>\n\t<meta property=\"og:image:type\" content=\"image\/jpeg\" \/>\n<meta name=\"author\" content=\"Comunicaciones UNIAGRARIA\" \/>\n<meta name=\"twitter:card\" content=\"summary_large_image\" \/>\n<meta name=\"twitter:creator\" content=\"@UNIAGRARIA\" \/>\n<meta name=\"twitter:site\" content=\"@UNIAGRARIA\" \/>\n<meta name=\"twitter:label1\" content=\"Escrito por\" \/>\n\t<meta name=\"twitter:data1\" content=\"Comunicaciones UNIAGRARIA\" \/>\n\t<meta name=\"twitter:label2\" content=\"Tiempo de lectura\" \/>\n\t<meta name=\"twitter:data2\" content=\"2 minutos\" \/>\n<script type=\"application\/ld+json\" class=\"yoast-schema-graph\">{\"@context\":\"https:\\\/\\\/schema.org\",\"@graph\":[{\"@type\":\"Article\",\"@id\":\"https:\\\/\\\/uniagraria.edu.co\\\/uniagraria-amplia-sus-oportunidades-de-internacionalizacion-academica-con-la-camara-colombo-panamena\\\/#article\",\"isPartOf\":{\"@id\":\"https:\\\/\\\/uniagraria.edu.co\\\/uniagraria-amplia-sus-oportunidades-de-internacionalizacion-academica-con-la-camara-colombo-panamena\\\/\"},\"author\":{\"name\":\"Comunicaciones UNIAGRARIA\",\"@id\":\"https:\\\/\\\/uniagraria.edu.co\\\/es\\\/#\\\/schema\\\/person\\\/984baff61d5afdf305d86cb15f4003df\"},\"headline\":\"UNIAGRARIA ampl\u00eda sus oportunidades de internacionalizaci\u00f3n acad\u00e9mica con la C\u00e1mara Colombo Paname\u00f1a\",\"datePublished\":\"2026-09-03T20:10:53+00:00\",\"dateModified\":\"2026-09-03T20:32:31+00:00\",\"mainEntityOfPage\":{\"@id\":\"https:\\\/\\\/uniagraria.edu.co\\\/uniagraria-amplia-sus-oportunidades-de-internacionalizacion-academica-con-la-camara-colombo-panamena\\\/\"},\"wordCount\":493,\"publisher\":{\"@id\":\"https:\\\/\\\/uniagraria.edu.co\\\/es\\\/#organization\"},\"image\":{\"@id\":\"https:\\\/\\\/uniagraria.edu.co\\\/uniagraria-amplia-sus-oportunidades-de-internacionalizacion-academica-con-la-camara-colombo-panamena\\\/#primaryimage\"},\"thumbnailUrl\":\"https:\\\/\\\/uniagraria.edu.co\\\/wp-content\\\/uploads\\\/2026\\\/09\\\/Camara-Colombo-Panamena-1.jpeg\",\"articleSection\":[\"Noticias\"],\"inLanguage\":\"es-CO\"},{\"@type\":\"WebPage\",\"@id\":\"https:\\\/\\\/uniagraria.edu.co\\\/uniagraria-amplia-sus-oportunidades-de-internacionalizacion-academica-con-la-camara-colombo-panamena\\\/\",\"url\":\"https:\\\/\\\/uniagraria.edu.co\\\/uniagraria-amplia-sus-oportunidades-de-internacionalizacion-academica-con-la-camara-colombo-panamena\\\/\",\"name\":\"UNIAGRARIA ampl\u00eda sus oportunidades de internacionalizaci\u00f3n acad\u00e9mica con la C\u00e1mara Colombo Paname\u00f1a - UNIAGRARIA\",\"isPartOf\":{\"@id\":\"https:\\\/\\\/uniagraria.edu.co\\\/es\\\/#website\"},\"primaryImageOfPage\":{\"@id\":\"https:\\\/\\\/uniagraria.edu.co\\\/uniagraria-amplia-sus-oportunidades-de-internacionalizacion-academica-con-la-camara-colombo-panamena\\\/#primaryimage\"},\"image\":{\"@id\":\"https:\\\/\\\/uniagraria.edu.co\\\/uniagraria-amplia-sus-oportunidades-de-internacionalizacion-academica-con-la-camara-colombo-panamena\\\/#primaryimage\"},\"thumbnailUrl\":\"https:\\\/\\\/uniagraria.edu.co\\\/wp-content\\\/uploads\\\/2026\\\/09\\\/Camara-Colombo-Panamena-1.jpeg\",\"datePublished\":\"2026-09-03T20:10:53+00:00\",\"dateModified\":\"2026-09-03T20:32:31+00:00\",\"breadcrumb\":{\"@id\":\"https:\\\/\\\/uniagraria.edu.co\\\/uniagraria-amplia-sus-oportunidades-de-internacionalizacion-academica-con-la-camara-colombo-panamena\\\/#breadcrumb\"},\"inLanguage\":\"es-CO\",\"potentialAction\":[{\"@type\":\"ReadAction\",\"target\":[\"https:\\\/\\\/uniagraria.edu.co\\\/uniagraria-amplia-sus-oportunidades-de-internacionalizacion-academica-con-la-camara-colombo-panamena\\\/\"]}]},{\"@type\":\"ImageObject\",\"inLanguage\":\"es-CO\",\"@id\":\"https:\\\/\\\/uniagraria.edu.co\\\/uniagraria-amplia-sus-oportunidades-de-internacionalizacion-academica-con-la-camara-colombo-panamena\\\/#primaryimage\",\"url\":\"https:\\\/\\\/uniagraria.edu.co\\\/wp-content\\\/uploads\\\/2026\\\/09\\\/Camara-Colombo-Panamena-1.jpeg\",\"contentUrl\":\"https:\\\/\\\/uniagraria.edu.co\\\/wp-content\\\/uploads\\\/2026\\\/09\\\/Camara-Colombo-Panamena-1.jpeg\",\"width\":1600,\"height\":1200},{\"@type\":\"BreadcrumbList\",\"@id\":\"https:\\\/\\\/uniagraria.edu.co\\\/uniagraria-amplia-sus-oportunidades-de-internacionalizacion-academica-con-la-camara-colombo-panamena\\\/#breadcrumb\",\"itemListElement\":[{\"@type\":\"ListItem\",\"position\":1,\"name\":\"Inicio\",\"item\":\"https:\\\/\\\/uniagraria.edu.co\\\/\"},{\"@type\":\"ListItem\",\"position\":2,\"name\":\"Noticias\",\"item\":\"https:\\\/\\\/uniagraria.edu.co\\\/es\\\/category\\\/noticias\\\/\"},{\"@type\":\"ListItem\",\"position\":3,\"name\":\"UNIAGRARIA ampl\u00eda sus oportunidades de internacionalizaci\u00f3n acad\u00e9mica con la C\u00e1mara Colombo Paname\u00f1a\"}]},{\"@type\":\"WebSite\",\"@id\":\"https:\\\/\\\/uniagraria.edu.co\\\/es\\\/#website\",\"url\":\"https:\\\/\\\/uniagraria.edu.co\\\/es\\\/\",\"name\":\"UNIAGRARIA\",\"description\":\"FUNDACION UNIVERSITARIA AGRARIA DE COLOMBIA\",\"publisher\":{\"@id\":\"https:\\\/\\\/uniagraria.edu.co\\\/es\\\/#organization\"},\"potentialAction\":[{\"@type\":\"SearchAction\",\"target\":{\"@type\":\"EntryPoint\",\"urlTemplate\":\"https:\\\/\\\/uniagraria.edu.co\\\/es\\\/?s={search_term_string}\"},\"query-input\":{\"@type\":\"PropertyValueSpecification\",\"valueRequired\":true,\"valueName\":\"search_term_string\"}}],\"inLanguage\":\"es-CO\"},{\"@type\":\"Organization\",\"@id\":\"https:\\\/\\\/uniagraria.edu.co\\\/es\\\/#organization\",\"name\":\"UNIAGRARIA\",\"url\":\"https:\\\/\\\/uniagraria.edu.co\\\/es\\\/\",\"logo\":{\"@type\":\"ImageObject\",\"inLanguage\":\"es-CO\",\"@id\":\"https:\\\/\\\/uniagraria.edu.co\\\/es\\\/#\\\/schema\\\/logo\\\/image\\\/\",\"url\":\"https:\\\/\\\/novawebmaster.com\\\/uniagraria\\\/wp-content\\\/uploads\\\/2025\\\/02\\\/LogoUa2023Vertical.png\",\"contentUrl\":\"https:\\\/\\\/novawebmaster.com\\\/uniagraria\\\/wp-content\\\/uploads\\\/2025\\\/02\\\/LogoUa2023Vertical.png\",\"width\":3300,\"height\":2550,\"caption\":\"UNIAGRARIA\"},\"image\":{\"@id\":\"https:\\\/\\\/uniagraria.edu.co\\\/es\\\/#\\\/schema\\\/logo\\\/image\\\/\"},\"sameAs\":[\"https:\\\/\\\/www.facebook.com\\\/uagraria\\\/?locale=es_LA\",\"https:\\\/\\\/x.com\\\/UNIAGRARIA\",\"https:\\\/\\\/www.instagram.com\\\/uniagraria\\\/profilecard\\\/?igsh=MXI2bTFlMWsxNzNjOA\",\"https:\\\/\\\/www.tiktok.com\\\/discover\\\/uniagraria?lang=es\",\"https:\\\/\\\/www.linkedin.com\\\/school\\\/uniagraria\\\/?originalSubdomain=co\",\"https:\\\/\\\/www.youtube.com\\\/user\\\/UniagrariaUverde?themeRefresh=1\",\"https:\\\/\\\/api.whatsapp.com\\\/send?phone=3134230649\"]},{\"@type\":\"Person\",\"@id\":\"https:\\\/\\\/uniagraria.edu.co\\\/es\\\/#\\\/schema\\\/person\\\/984baff61d5afdf305d86cb15f4003df\",\"name\":\"Comunicaciones UNIAGRARIA\",\"image\":{\"@type\":\"ImageObject\",\"inLanguage\":\"es-CO\",\"@id\":\"https:\\\/\\\/secure.gravatar.com\\\/avatar\\\/3c69f4f1e34bab3955e0d8fa0d59a1a3c3830637a1190d707a2d9e9e54240cbd?s=96&d=mm&r=g\",\"url\":\"https:\\\/\\\/secure.gravatar.com\\\/avatar\\\/3c69f4f1e34bab3955e0d8fa0d59a1a3c3830637a1190d707a2d9e9e54240cbd?s=96&d=mm&r=g\",\"contentUrl\":\"https:\\\/\\\/secure.gravatar.com\\\/avatar\\\/3c69f4f1e34bab3955e0d8fa0d59a1a3c3830637a1190d707a2d9e9e54240cbd?s=96&d=mm&r=g\",\"caption\":\"Comunicaciones UNIAGRARIA\"},\"url\":\"https:\\\/\\\/uniagraria.edu.co\\\/es\\\/author\\\/victor-webmaster\\\/\"}]}<\/script>\n<!-- \/ Yoast SEO plugin. -->","yoast_head_json":{"title":"UNIAGRARIA ampl\u00eda sus oportunidades de internacionalizaci\u00f3n acad\u00e9mica con la C\u00e1mara Colombo Paname\u00f1a - UNIAGRARIA","robots":{"index":"index","follow":"follow","max-snippet":"max-snippet:-1","max-image-preview":"max-image-preview:large","max-video-preview":"max-video-preview:-1"},"canonical":"https:\/\/uniagraria.edu.co\/es\/uniagraria-amplia-sus-oportunidades-de-internacionalizacion-academica-con-la-camara-colombo-panamena\/","og_locale":"es_ES","og_type":"article","og_title":"UNIAGRARIA ampl\u00eda sus oportunidades de internacionalizaci\u00f3n acad\u00e9mica con la C\u00e1mara Colombo Paname\u00f1a - UNIAGRARIA","og_description":"La alianza en curso permitir\u00e1 ampliar las oportunidades de formaci\u00f3n, movilidad y proyecci\u00f3n internacional para estudiantes y docentes de la Instituci\u00f3n. UNIAGRARIA, la U Verde de Colombia, contin\u00faa consolidando estrategias que conectan a su comunidad acad\u00e9mica con nuevas oportunidades de formaci\u00f3n y desarrollo profesional en escenarios internacionales. En esta l\u00ednea, la Instituci\u00f3n avanza en una [&hellip;]","og_url":"https:\/\/uniagraria.edu.co\/es\/uniagraria-amplia-sus-oportunidades-de-internacionalizacion-academica-con-la-camara-colombo-panamena\/","og_site_name":"UNIAGRARIA","article_publisher":"https:\/\/www.facebook.com\/uagraria\/?locale=es_LA","article_published_time":"2026-09-03T20:10:53+00:00","article_modified_time":"2026-09-03T20:32:31+00:00","og_image":[{"width":1600,"height":1200,"url":"https:\/\/uniagraria.edu.co\/wp-content\/uploads\/2026\/09\/Camara-Colombo-Panamena-1.jpeg","type":"image\/jpeg"}],"author":"Comunicaciones UNIAGRARIA","twitter_card":"summary_large_image","twitter_creator":"@UNIAGRARIA","twitter_site":"@UNIAGRARIA","twitter_misc":{"Escrito por":"Comunicaciones UNIAGRARIA","Tiempo de lectura":"2 minutos"},"schema":{"@context":"https:\/\/schema.org","@graph":[{"@type":"Article","@id":"https:\/\/uniagraria.edu.co\/uniagraria-amplia-sus-oportunidades-de-internacionalizacion-academica-con-la-camara-colombo-panamena\/#article","isPartOf":{"@id":"https:\/\/uniagraria.edu.co\/uniagraria-amplia-sus-oportunidades-de-internacionalizacion-academica-con-la-camara-colombo-panamena\/"},"author":{"name":"Comunicaciones UNIAGRARIA","@id":"https:\/\/uniagraria.edu.co\/es\/#\/schema\/person\/984baff61d5afdf305d86cb15f4003df"},"headline":"UNIAGRARIA ampl\u00eda sus oportunidades de internacionalizaci\u00f3n acad\u00e9mica con la C\u00e1mara Colombo Paname\u00f1a","datePublished":"2026-09-03T20:10:53+00:00","dateModified":"2026-09-03T20:32:31+00:00","mainEntityOfPage":{"@id":"https:\/\/uniagraria.edu.co\/uniagraria-amplia-sus-oportunidades-de-internacionalizacion-academica-con-la-camara-colombo-panamena\/"},"wordCount":493,"publisher":{"@id":"https:\/\/uniagraria.edu.co\/es\/#organization"},"image":{"@id":"https:\/\/uniagraria.edu.co\/uniagraria-amplia-sus-oportunidades-de-internacionalizacion-academica-con-la-camara-colombo-panamena\/#primaryimage"},"thumbnailUrl":"https:\/\/uniagraria.edu.co\/wp-content\/uploads\/2026\/09\/Camara-Colombo-Panamena-1.jpeg","articleSection":["Noticias"],"inLanguage":"es-CO"},{"@type":"WebPage","@id":"https:\/\/uniagraria.edu.co\/uniagraria-amplia-sus-oportunidades-de-internacionalizacion-academica-con-la-camara-colombo-panamena\/","url":"https:\/\/uniagraria.edu.co\/uniagraria-amplia-sus-oportunidades-de-internacionalizacion-academica-con-la-camara-colombo-panamena\/","name":"UNIAGRARIA ampl\u00eda sus oportunidades de internacionalizaci\u00f3n acad\u00e9mica con la C\u00e1mara Colombo Paname\u00f1a - UNIAGRARIA","isPartOf":{"@id":"https:\/\/uniagraria.edu.co\/es\/#website"},"primaryImageOfPage":{"@id":"https:\/\/uniagraria.edu.co\/uniagraria-amplia-sus-oportunidades-de-internacionalizacion-academica-con-la-camara-colombo-panamena\/#primaryimage"},"image":{"@id":"https:\/\/uniagraria.edu.co\/uniagraria-amplia-sus-oportunidades-de-internacionalizacion-academica-con-la-camara-colombo-panamena\/#primaryimage"},"thumbnailUrl":"https:\/\/uniagraria.edu.co\/wp-content\/uploads\/2026\/09\/Camara-Colombo-Panamena-1.jpeg","datePublished":"2026-09-03T20:10:53+00:00","dateModified":"2026-09-03T20:32:31+00:00","breadcrumb":{"@id":"https:\/\/uniagraria.edu.co\/uniagraria-amplia-sus-oportunidades-de-internacionalizacion-academica-con-la-camara-colombo-panamena\/#breadcrumb"},"inLanguage":"es-CO","potentialAction":[{"@type":"ReadAction","target":["https:\/\/uniagraria.edu.co\/uniagraria-amplia-sus-oportunidades-de-internacionalizacion-academica-con-la-camara-colombo-panamena\/"]}]},{"@type":"ImageObject","inLanguage":"es-CO","@id":"https:\/\/uniagraria.edu.co\/uniagraria-amplia-sus-oportunidades-de-internacionalizacion-academica-con-la-camara-colombo-panamena\/#primaryimage","url":"https:\/\/uniagraria.edu.co\/wp-content\/uploads\/2026\/09\/Camara-Colombo-Panamena-1.jpeg","contentUrl":"https:\/\/uniagraria.edu.co\/wp-content\/uploads\/2026\/09\/Camara-Colombo-Panamena-1.jpeg","width":1600,"height":1200},{"@type":"BreadcrumbList","@id":"https:\/\/uniagraria.edu.co\/uniagraria-amplia-sus-oportunidades-de-internacionalizacion-academica-con-la-camara-colombo-panamena\/#breadcrumb","itemListElement":[{"@type":"ListItem","position":1,"name":"Inicio","item":"https:\/\/uniagraria.edu.co\/"},{"@type":"ListItem","position":2,"name":"Noticias","item":"https:\/\/uniagraria.edu.co\/es\/category\/noticias\/"},{"@type":"ListItem","position":3,"name":"UNIAGRARIA ampl\u00eda sus oportunidades de internacionalizaci\u00f3n acad\u00e9mica con la C\u00e1mara Colombo Paname\u00f1a"}]},{"@type":"WebSite","@id":"https:\/\/uniagraria.edu.co\/es\/#website","url":"https:\/\/uniagraria.edu.co\/es\/","name":"UNIAGRARIA","description":"FUNDACION UNIVERSITARIA AGRARIA DE COLOMBIA","publisher":{"@id":"https:\/\/uniagraria.edu.co\/es\/#organization"},"potentialAction":[{"@type":"SearchAction","target":{"@type":"EntryPoint","urlTemplate":"https:\/\/uniagraria.edu.co\/es\/?s={search_term_string}"},"query-input":{"@type":"PropertyValueSpecification","valueRequired":true,"valueName":"search_term_string"}}],"inLanguage":"es-CO"},{"@type":"Organization","@id":"https:\/\/uniagraria.edu.co\/es\/#organization","name":"UNIAGRARIA","url":"https:\/\/uniagraria.edu.co\/es\/","logo":{"@type":"ImageObject","inLanguage":"es-CO","@id":"https:\/\/uniagraria.edu.co\/es\/#\/schema\/logo\/image\/","url":"https:\/\/novawebmaster.com\/uniagraria\/wp-content\/uploads\/2025\/02\/LogoUa2023Vertical.png","contentUrl":"https:\/\/novawebmaster.com\/uniagraria\/wp-content\/uploads\/2025\/02\/LogoUa2023Vertical.png","width":3300,"height":2550,"caption":"UNIAGRARIA"},"image":{"@id":"https:\/\/uniagraria.edu.co\/es\/#\/schema\/logo\/image\/"},"sameAs":["https:\/\/www.facebook.com\/uagraria\/?locale=es_LA","https:\/\/x.com\/UNIAGRARIA","https:\/\/www.instagram.com\/uniagraria\/profilecard\/?igsh=MXI2bTFlMWsxNzNjOA","https:\/\/www.tiktok.com\/discover\/uniagraria?lang=es","https:\/\/www.linkedin.com\/school\/uniagraria\/?originalSubdomain=co","https:\/\/www.youtube.com\/user\/UniagrariaUverde?themeRefresh=1","https:\/\/api.whatsapp.com\/send?phone=3134230649"]},{"@type":"Person","@id":"https:\/\/uniagraria.edu.co\/es\/#\/schema\/person\/984baff61d5afdf305d86cb15f4003df","name":"Comunicaciones UNIAGRARIA","image":{"@type":"ImageObject","inLanguage":"es-CO","@id":"https:\/\/secure.gravatar.com\/avatar\/3c69f4f1e34bab3955e0d8fa0d59a1a3c3830637a1190d707a2d9e9e54240cbd?s=96&d=mm&r=g","url":"https:\/\/secure.gravatar.com\/avatar\/3c69f4f1e34bab3955e0d8fa0d59a1a3c3830637a1190d707a2d9e9e54240cbd?s=96&d=mm&r=g","contentUrl":"https:\/\/secure.gravatar.com\/avatar\/3c69f4f1e34bab3955e0d8fa0d59a1a3c3830637a1190d707a2d9e9e54240cbd?s=96&d=mm&r=g","caption":"Comunicaciones UNIAGRARIA"},"url":"https:\/\/uniagraria.edu.co\/es\/author\/victor-webmaster\/"}]}},"_links":{"self":[{"href":"https:\/\/uniagraria.edu.co\/es\/wp-json\/wp\/v2\/posts\/91002","targetHints":{"allow":["GET"]}}],"collection":[{"href":"https:\/\/uniagraria.edu.co\/es\/wp-json\/wp\/v2\/posts"}],"about":[{"href":"https:\/\/uniagraria.edu.co\/es\/wp-json\/wp\/v2\/types\/post"}],"author":[{"embeddable":true,"href":"https:\/\/uniagraria.edu.co\/es\/wp-json\/wp\/v2\/users\/18"}],"replies":[{"embeddable":true,"href":"https:\/\/uniagraria.edu.co\/es\/wp-json\/wp\/v2\/comments?post=91002"}],"version-history":[{"count":7,"href":"https:\/\/uniagraria.edu.co\/es\/wp-json\/wp\/v2\/posts\/91002\/revisions"}],"predecessor-version":[{"id":91013,"href":"https:\/\/uniagraria.edu.co\/es\/wp-json\/wp\/v2\/posts\/91002\/revisions\/91013"}],"wp:featuredmedia":[{"embeddable":true,"href":"https:\/\/uniagraria.edu.co\/es\/wp-json\/wp\/v2\/media\/91005"}],"wp:attachment":[{"href":"https:\/\/uniagraria.edu.co\/es\/wp-json\/wp\/v2\/media?parent=91002"}],"wp:term":[{"taxonomy":"category","embeddable":true,"href":"https:\/\/uniagraria.edu.co\/es\/wp-json\/wp\/v2\/categories?post=91002"},{"taxonomy":"post_tag","embeddable":true,"href":"https:\/\/uniagraria.edu.co\/es\/wp-json\/wp\/v2\/tags?post=91002"}],"curies":[{"name":"wp","href":"https:\/\/api.w.org\/{rel}","templated":true}]}}